{"id":944,"date":"2019-11-01T14:51:53","date_gmt":"2019-11-01T14:51:53","guid":{"rendered":"https:\/\/pilt.com.ar\/parque-industrial\/?p=944"},"modified":"2019-11-01T14:51:53","modified_gmt":"2019-11-01T14:51:53","slug":"el-pilt-firmo-convenio-de-beneficios-con-el-hotel-amerian","status":"publish","type":"post","link":"https:\/\/pilt.com.ar\/parque-industrial\/el-pilt-firmo-convenio-de-beneficios-con-el-hotel-amerian\/","title":{"rendered":"El PILT firm\u00f3 convenio de beneficios con el hotel Amerian"},"content":{"rendered":"\n<p>Con el objetivo de generar una alianza que\npermita gestar y potenciar v\u00ednculos entre las distintas partes, que conllevan a\nuna asociaci\u00f3n de trabajo mancomunado, el <strong><em>PILT<\/em><\/strong> decidi\u00f3 incorporar una serie de\nconvenios y beneficios con distintas empresas proveedoras de productos y servicios.\nEn este caso, se firm\u00f3 un convenio de beneficios con <strong><em>Amerian Villa Mar\u00eda Park Hotel<\/em><\/strong>,\npropiedad de Sociedad Hotelera Villa Mar\u00eda S.A, domiciliado en Ruta Nacional\n158 Km 156.<\/p>\n\n\n\n<p>&nbsp;&nbsp;&nbsp;&nbsp;&nbsp;&nbsp;&nbsp;&nbsp;&nbsp;&nbsp;&nbsp;&nbsp;&nbsp;&nbsp;&nbsp; El\nmismo contiene una oferta de beneficios para los asociados del PILT, que consiste\nen un descuento sobre el precio de lista de los servicios o productos que esta\ncadena hotelera ofrece. <\/p>\n","protected":false},"excerpt":{"rendered":"<p>Con el objetivo de generar una alianza que permita gestar y potenciar v\u00ednculos entre las distintas partes, que conllevan a una asociaci\u00f3n de trabajo mancomunado, el PILT decidi\u00f3 incorporar una serie de convenios y beneficios con distintas empresas proveedoras de productos y servicios. En este caso, se firm\u00f3 un convenio de beneficios con Amerian Villa [&hellip;]<\/p>\n","protected":false},"author":3,"featured_media":0,"comment_status":"open","ping_status":"open","sticky":false,"template":"","format":"standard","meta":{"_jetpack_memberships_contains_paid_content":false,"footnotes":""},"categories":[2],"tags":[],"class_list":["post-944","post","type-post","status-publish","format-standard","hentry","category-noticias"],"yoast_head":"<!-- This site is optimized with the Yoast SEO plugin v27.5 - https:\/\/yoast.com\/product\/yoast-seo-wordpress\/ -->\n<title>El PILT firm\u00f3 convenio de beneficios con el hotel Amerian - PILT.com.ar<\/title>\n<meta name=\"robots\" content=\"index, follow, max-snippet:-1, max-image-preview:large, max-video-preview:-1\" \/>\n<link rel=\"canonical\" href=\"https:\/\/pilt.com.ar\/parque-industrial\/el-pilt-firmo-convenio-de-beneficios-con-el-hotel-amerian\/\" \/>\n<meta property=\"og:locale\" content=\"es_ES\" \/>\n<meta property=\"og:type\" content=\"article\" \/>\n<meta property=\"og:title\" content=\"El PILT firm\u00f3 convenio de beneficios con el hotel Amerian - PILT.com.ar\" \/>\n<meta property=\"og:description\" content=\"Con el objetivo de generar una alianza que permita gestar y potenciar v\u00ednculos entre las distintas partes, que conllevan a una asociaci\u00f3n de trabajo mancomunado, el PILT decidi\u00f3 incorporar una serie de convenios y beneficios con distintas empresas proveedoras de productos y servicios. En este caso, se firm\u00f3 un convenio de beneficios con Amerian Villa [&hellip;]\" \/>\n<meta property=\"og:url\" content=\"https:\/\/pilt.com.ar\/parque-industrial\/el-pilt-firmo-convenio-de-beneficios-con-el-hotel-amerian\/\" \/>\n<meta property=\"og:site_name\" content=\"PILT.com.ar\" \/>\n<meta property=\"article:published_time\" content=\"2019-11-01T14:51:53+00:00\" \/>\n<meta name=\"author\" content=\"PILT\" \/>\n<meta name=\"twitter:card\" content=\"summary_large_image\" \/>\n<meta name=\"twitter:label1\" content=\"Escrito por\" \/>\n\t<meta name=\"twitter:data1\" content=\"PILT\" \/>\n\t<meta name=\"twitter:label2\" content=\"Tiempo de lectura\" \/>\n\t<meta name=\"twitter:data2\" content=\"1 minuto\" \/>\n<script type=\"application\/ld+json\" class=\"yoast-schema-graph\">{\"@context\":\"https:\\\/\\\/schema.org\",\"@graph\":[{\"@type\":\"Article\",\"@id\":\"https:\\\/\\\/pilt.com.ar\\\/parque-industrial\\\/el-pilt-firmo-convenio-de-beneficios-con-el-hotel-amerian\\\/#article\",\"isPartOf\":{\"@id\":\"https:\\\/\\\/pilt.com.ar\\\/parque-industrial\\\/el-pilt-firmo-convenio-de-beneficios-con-el-hotel-amerian\\\/\"},\"author\":{\"name\":\"PILT\",\"@id\":\"https:\\\/\\\/pilt.com.ar\\\/parque-industrial\\\/#\\\/schema\\\/person\\\/2dfb9e2464de1c3deef20c25c30a8306\"},\"headline\":\"El PILT firm\u00f3 convenio de beneficios con el hotel Amerian\",\"datePublished\":\"2019-11-01T14:51:53+00:00\",\"mainEntityOfPage\":{\"@id\":\"https:\\\/\\\/pilt.com.ar\\\/parque-industrial\\\/el-pilt-firmo-convenio-de-beneficios-con-el-hotel-amerian\\\/\"},\"wordCount\":132,\"commentCount\":0,\"articleSection\":[\"Noticias\"],\"inLanguage\":\"es\",\"potentialAction\":[{\"@type\":\"CommentAction\",\"name\":\"Comment\",\"target\":[\"https:\\\/\\\/pilt.com.ar\\\/parque-industrial\\\/el-pilt-firmo-convenio-de-beneficios-con-el-hotel-amerian\\\/#respond\"]}]},{\"@type\":\"WebPage\",\"@id\":\"https:\\\/\\\/pilt.com.ar\\\/parque-industrial\\\/el-pilt-firmo-convenio-de-beneficios-con-el-hotel-amerian\\\/\",\"url\":\"https:\\\/\\\/pilt.com.ar\\\/parque-industrial\\\/el-pilt-firmo-convenio-de-beneficios-con-el-hotel-amerian\\\/\",\"name\":\"El PILT firm\u00f3 convenio de beneficios con el hotel Amerian - PILT.com.ar\",\"isPartOf\":{\"@id\":\"https:\\\/\\\/pilt.com.ar\\\/parque-industrial\\\/#website\"},\"datePublished\":\"2019-11-01T14:51:53+00:00\",\"author\":{\"@id\":\"https:\\\/\\\/pilt.com.ar\\\/parque-industrial\\\/#\\\/schema\\\/person\\\/2dfb9e2464de1c3deef20c25c30a8306\"},\"inLanguage\":\"es\",\"potentialAction\":[{\"@type\":\"ReadAction\",\"target\":[\"https:\\\/\\\/pilt.com.ar\\\/parque-industrial\\\/el-pilt-firmo-convenio-de-beneficios-con-el-hotel-amerian\\\/\"]}]},{\"@type\":\"WebSite\",\"@id\":\"https:\\\/\\\/pilt.com.ar\\\/parque-industrial\\\/#website\",\"url\":\"https:\\\/\\\/pilt.com.ar\\\/parque-industrial\\\/\",\"name\":\"PILT.com.ar\",\"description\":\"Parque Industrial, Log\u00edstico y Tecnol\u00f3gico Villa Mar\u00eda\",\"potentialAction\":[{\"@type\":\"SearchAction\",\"target\":{\"@type\":\"EntryPoint\",\"urlTemplate\":\"https:\\\/\\\/pilt.com.ar\\\/parque-industrial\\\/?s={search_term_string}\"},\"query-input\":{\"@type\":\"PropertyValueSpecification\",\"valueRequired\":true,\"valueName\":\"search_term_string\"}}],\"inLanguage\":\"es\"},{\"@type\":\"Person\",\"@id\":\"https:\\\/\\\/pilt.com.ar\\\/parque-industrial\\\/#\\\/schema\\\/person\\\/2dfb9e2464de1c3deef20c25c30a8306\",\"name\":\"PILT\",\"image\":{\"@type\":\"ImageObject\",\"inLanguage\":\"es\",\"@id\":\"https:\\\/\\\/secure.gravatar.com\\\/avatar\\\/5e3734c8d8c8e0b0d45f923c14a14d7b90521d573d02f0d91360a777095ee42b?s=96&d=mm&r=g\",\"url\":\"https:\\\/\\\/secure.gravatar.com\\\/avatar\\\/5e3734c8d8c8e0b0d45f923c14a14d7b90521d573d02f0d91360a777095ee42b?s=96&d=mm&r=g\",\"contentUrl\":\"https:\\\/\\\/secure.gravatar.com\\\/avatar\\\/5e3734c8d8c8e0b0d45f923c14a14d7b90521d573d02f0d91360a777095ee42b?s=96&d=mm&r=g\",\"caption\":\"PILT\"},\"url\":\"https:\\\/\\\/pilt.com.ar\\\/parque-industrial\\\/author\\\/pilt\\\/\"}]}<\/script>\n<!-- \/ Yoast SEO plugin. -->","yoast_head_json":{"title":"El PILT firm\u00f3 convenio de beneficios con el hotel Amerian - PILT.com.ar","robots":{"index":"index","follow":"follow","max-snippet":"max-snippet:-1","max-image-preview":"max-image-preview:large","max-video-preview":"max-video-preview:-1"},"canonical":"https:\/\/pilt.com.ar\/parque-industrial\/el-pilt-firmo-convenio-de-beneficios-con-el-hotel-amerian\/","og_locale":"es_ES","og_type":"article","og_title":"El PILT firm\u00f3 convenio de beneficios con el hotel Amerian - PILT.com.ar","og_description":"Con el objetivo de generar una alianza que permita gestar y potenciar v\u00ednculos entre las distintas partes, que conllevan a una asociaci\u00f3n de trabajo mancomunado, el PILT decidi\u00f3 incorporar una serie de convenios y beneficios con distintas empresas proveedoras de productos y servicios. En este caso, se firm\u00f3 un convenio de beneficios con Amerian Villa [&hellip;]","og_url":"https:\/\/pilt.com.ar\/parque-industrial\/el-pilt-firmo-convenio-de-beneficios-con-el-hotel-amerian\/","og_site_name":"PILT.com.ar","article_published_time":"2019-11-01T14:51:53+00:00","author":"PILT","twitter_card":"summary_large_image","twitter_misc":{"Escrito por":"PILT","Tiempo de lectura":"1 minuto"},"schema":{"@context":"https:\/\/schema.org","@graph":[{"@type":"Article","@id":"https:\/\/pilt.com.ar\/parque-industrial\/el-pilt-firmo-convenio-de-beneficios-con-el-hotel-amerian\/#article","isPartOf":{"@id":"https:\/\/pilt.com.ar\/parque-industrial\/el-pilt-firmo-convenio-de-beneficios-con-el-hotel-amerian\/"},"author":{"name":"PILT","@id":"https:\/\/pilt.com.ar\/parque-industrial\/#\/schema\/person\/2dfb9e2464de1c3deef20c25c30a8306"},"headline":"El PILT firm\u00f3 convenio de beneficios con el hotel Amerian","datePublished":"2019-11-01T14:51:53+00:00","mainEntityOfPage":{"@id":"https:\/\/pilt.com.ar\/parque-industrial\/el-pilt-firmo-convenio-de-beneficios-con-el-hotel-amerian\/"},"wordCount":132,"commentCount":0,"articleSection":["Noticias"],"inLanguage":"es","potentialAction":[{"@type":"CommentAction","name":"Comment","target":["https:\/\/pilt.com.ar\/parque-industrial\/el-pilt-firmo-convenio-de-beneficios-con-el-hotel-amerian\/#respond"]}]},{"@type":"WebPage","@id":"https:\/\/pilt.com.ar\/parque-industrial\/el-pilt-firmo-convenio-de-beneficios-con-el-hotel-amerian\/","url":"https:\/\/pilt.com.ar\/parque-industrial\/el-pilt-firmo-convenio-de-beneficios-con-el-hotel-amerian\/","name":"El PILT firm\u00f3 convenio de beneficios con el hotel Amerian - PILT.com.ar","isPartOf":{"@id":"https:\/\/pilt.com.ar\/parque-industrial\/#website"},"datePublished":"2019-11-01T14:51:53+00:00","author":{"@id":"https:\/\/pilt.com.ar\/parque-industrial\/#\/schema\/person\/2dfb9e2464de1c3deef20c25c30a8306"},"inLanguage":"es","potentialAction":[{"@type":"ReadAction","target":["https:\/\/pilt.com.ar\/parque-industrial\/el-pilt-firmo-convenio-de-beneficios-con-el-hotel-amerian\/"]}]},{"@type":"WebSite","@id":"https:\/\/pilt.com.ar\/parque-industrial\/#website","url":"https:\/\/pilt.com.ar\/parque-industrial\/","name":"PILT.com.ar","description":"Parque Industrial, Log\u00edstico y Tecnol\u00f3gico Villa Mar\u00eda","potentialAction":[{"@type":"SearchAction","target":{"@type":"EntryPoint","urlTemplate":"https:\/\/pilt.com.ar\/parque-industrial\/?s={search_term_string}"},"query-input":{"@type":"PropertyValueSpecification","valueRequired":true,"valueName":"search_term_string"}}],"inLanguage":"es"},{"@type":"Person","@id":"https:\/\/pilt.com.ar\/parque-industrial\/#\/schema\/person\/2dfb9e2464de1c3deef20c25c30a8306","name":"PILT","image":{"@type":"ImageObject","inLanguage":"es","@id":"https:\/\/secure.gravatar.com\/avatar\/5e3734c8d8c8e0b0d45f923c14a14d7b90521d573d02f0d91360a777095ee42b?s=96&d=mm&r=g","url":"https:\/\/secure.gravatar.com\/avatar\/5e3734c8d8c8e0b0d45f923c14a14d7b90521d573d02f0d91360a777095ee42b?s=96&d=mm&r=g","contentUrl":"https:\/\/secure.gravatar.com\/avatar\/5e3734c8d8c8e0b0d45f923c14a14d7b90521d573d02f0d91360a777095ee42b?s=96&d=mm&r=g","caption":"PILT"},"url":"https:\/\/pilt.com.ar\/parque-industrial\/author\/pilt\/"}]}},"jetpack_featured_media_url":"","jetpack_sharing_enabled":true,"_links":{"self":[{"href":"https:\/\/pilt.com.ar\/parque-industrial\/wp-json\/wp\/v2\/posts\/944","targetHints":{"allow":["GET"]}}],"collection":[{"href":"https:\/\/pilt.com.ar\/parque-industrial\/wp-json\/wp\/v2\/posts"}],"about":[{"href":"https:\/\/pilt.com.ar\/parque-industrial\/wp-json\/wp\/v2\/types\/post"}],"author":[{"embeddable":true,"href":"https:\/\/pilt.com.ar\/parque-industrial\/wp-json\/wp\/v2\/users\/3"}],"replies":[{"embeddable":true,"href":"https:\/\/pilt.com.ar\/parque-industrial\/wp-json\/wp\/v2\/comments?post=944"}],"version-history":[{"count":0,"href":"https:\/\/pilt.com.ar\/parque-industrial\/wp-json\/wp\/v2\/posts\/944\/revisions"}],"wp:attachment":[{"href":"https:\/\/pilt.com.ar\/parque-industrial\/wp-json\/wp\/v2\/media?parent=944"}],"wp:term":[{"taxonomy":"category","embeddable":true,"href":"https:\/\/pilt.com.ar\/parque-industrial\/wp-json\/wp\/v2\/categories?post=944"},{"taxonomy":"post_tag","embeddable":true,"href":"https:\/\/pilt.com.ar\/parque-industrial\/wp-json\/wp\/v2\/tags?post=944"}],"curies":[{"name":"wp","href":"https:\/\/api.w.org\/{rel}","templated":true}]}}