{"id":936,"date":"2019-10-18T14:36:11","date_gmt":"2019-10-18T14:36:11","guid":{"rendered":"https:\/\/pilt.com.ar\/parque-industrial\/?p=936"},"modified":"2019-10-18T14:36:11","modified_gmt":"2019-10-18T14:36:11","slug":"renovacion-de-la-verificacion-de-la-balanza-publica-del-pilt","status":"publish","type":"post","link":"https:\/\/pilt.com.ar\/parque-industrial\/renovacion-de-la-verificacion-de-la-balanza-publica-del-pilt\/","title":{"rendered":"Renovaci\u00f3n de la verificaci\u00f3n de la Balanza P\u00fablica del PILT"},"content":{"rendered":"\n<p>El d\u00eda mi\u00e9rcoles 16 del corriente mes, se realiz\u00f3 en la balanza p\u00fablica ubicada dentro del predio del PILT, la verificaci\u00f3n anual por parte del INTI (Instituto Nacional de Tecnolog\u00eda Industrial). Esta nos permitir\u00e1 brindar el servicio con un m\u00e1ximo nivel de precisi\u00f3n e inclusive atender las necesidades de actividades vinculadas al comercio exterior, ya que la misma ser\u00e1 revalidada por la Direcci\u00f3n General de Aduanas. La b\u00e1scula para camiones es full electr\u00f3nica, apta para bitrenes. <\/p>\n\n\n\n<p>El Sistema de Calidad es de B\u00e1sculas Casilda SA, basado en las normas ISO 9001, auditado y certificado por el INTI, y por Bureau Veritas Certificaci\u00f3n \u2013 O.A.A. (Organismo Argentino de Acreditaci\u00f3n) ininterrumpidamente desde el a\u00f1o 2004. <\/p>\n","protected":false},"excerpt":{"rendered":"<p>El d\u00eda mi\u00e9rcoles 16 del corriente mes, se realiz\u00f3 en la balanza p\u00fablica ubicada dentro del predio del PILT, la verificaci\u00f3n anual por parte del INTI (Instituto Nacional de Tecnolog\u00eda Industrial). Esta nos permitir\u00e1 brindar el servicio con un m\u00e1ximo nivel de precisi\u00f3n e inclusive atender las necesidades de actividades vinculadas al comercio exterior, ya [&hellip;]<\/p>\n","protected":false},"author":3,"featured_media":937,"comment_status":"open","ping_status":"open","sticky":false,"template":"","format":"standard","meta":{"_jetpack_memberships_contains_paid_content":false,"footnotes":""},"categories":[2],"tags":[],"class_list":["post-936","post","type-post","status-publish","format-standard","has-post-thumbnail","hentry","category-noticias"],"yoast_head":"<!-- This site is optimized with the Yoast SEO plugin v27.5 - https:\/\/yoast.com\/product\/yoast-seo-wordpress\/ -->\n<title>Renovaci\u00f3n de la verificaci\u00f3n de la Balanza P\u00fablica del PILT - PILT.com.ar<\/title>\n<meta name=\"robots\" content=\"index, follow, max-snippet:-1, max-image-preview:large, max-video-preview:-1\" \/>\n<link rel=\"canonical\" href=\"https:\/\/pilt.com.ar\/parque-industrial\/renovacion-de-la-verificacion-de-la-balanza-publica-del-pilt\/\" \/>\n<meta property=\"og:locale\" content=\"es_ES\" \/>\n<meta property=\"og:type\" content=\"article\" \/>\n<meta property=\"og:title\" content=\"Renovaci\u00f3n de la verificaci\u00f3n de la Balanza P\u00fablica del PILT - PILT.com.ar\" \/>\n<meta property=\"og:description\" content=\"El d\u00eda mi\u00e9rcoles 16 del corriente mes, se realiz\u00f3 en la balanza p\u00fablica ubicada dentro del predio del PILT, la verificaci\u00f3n anual por parte del INTI (Instituto Nacional de Tecnolog\u00eda Industrial). Esta nos permitir\u00e1 brindar el servicio con un m\u00e1ximo nivel de precisi\u00f3n e inclusive atender las necesidades de actividades vinculadas al comercio exterior, ya [&hellip;]\" \/>\n<meta property=\"og:url\" content=\"https:\/\/pilt.com.ar\/parque-industrial\/renovacion-de-la-verificacion-de-la-balanza-publica-del-pilt\/\" \/>\n<meta property=\"og:site_name\" content=\"PILT.com.ar\" \/>\n<meta property=\"article:published_time\" content=\"2019-10-18T14:36:11+00:00\" \/>\n<meta property=\"og:image\" content=\"https:\/\/pilt.com.ar\/parque-industrial\/wp-content\/uploads\/2019\/10\/20191016_093723-1024x768.jpg\" \/>\n\t<meta property=\"og:image:width\" content=\"1024\" \/>\n\t<meta property=\"og:image:height\" content=\"768\" \/>\n\t<meta property=\"og:image:type\" content=\"image\/jpeg\" \/>\n<meta name=\"author\" content=\"PILT\" \/>\n<meta name=\"twitter:card\" content=\"summary_large_image\" \/>\n<meta name=\"twitter:label1\" content=\"Escrito por\" \/>\n\t<meta name=\"twitter:data1\" content=\"PILT\" \/>\n\t<meta name=\"twitter:label2\" content=\"Tiempo de lectura\" \/>\n\t<meta name=\"twitter:data2\" content=\"1 minuto\" \/>\n<script type=\"application\/ld+json\" class=\"yoast-schema-graph\">{\"@context\":\"https:\\\/\\\/schema.org\",\"@graph\":[{\"@type\":\"Article\",\"@id\":\"https:\\\/\\\/pilt.com.ar\\\/parque-industrial\\\/renovacion-de-la-verificacion-de-la-balanza-publica-del-pilt\\\/#article\",\"isPartOf\":{\"@id\":\"https:\\\/\\\/pilt.com.ar\\\/parque-industrial\\\/renovacion-de-la-verificacion-de-la-balanza-publica-del-pilt\\\/\"},\"author\":{\"name\":\"PILT\",\"@id\":\"https:\\\/\\\/pilt.com.ar\\\/parque-industrial\\\/#\\\/schema\\\/person\\\/2dfb9e2464de1c3deef20c25c30a8306\"},\"headline\":\"Renovaci\u00f3n de la verificaci\u00f3n de la Balanza P\u00fablica del PILT\",\"datePublished\":\"2019-10-18T14:36:11+00:00\",\"mainEntityOfPage\":{\"@id\":\"https:\\\/\\\/pilt.com.ar\\\/parque-industrial\\\/renovacion-de-la-verificacion-de-la-balanza-publica-del-pilt\\\/\"},\"wordCount\":138,\"commentCount\":0,\"image\":{\"@id\":\"https:\\\/\\\/pilt.com.ar\\\/parque-industrial\\\/renovacion-de-la-verificacion-de-la-balanza-publica-del-pilt\\\/#primaryimage\"},\"thumbnailUrl\":\"https:\\\/\\\/i0.wp.com\\\/pilt.com.ar\\\/parque-industrial\\\/wp-content\\\/uploads\\\/2019\\\/10\\\/20191016_093723.jpg?fit=4128%2C3096&ssl=1\",\"articleSection\":[\"Noticias\"],\"inLanguage\":\"es\",\"potentialAction\":[{\"@type\":\"CommentAction\",\"name\":\"Comment\",\"target\":[\"https:\\\/\\\/pilt.com.ar\\\/parque-industrial\\\/renovacion-de-la-verificacion-de-la-balanza-publica-del-pilt\\\/#respond\"]}]},{\"@type\":\"WebPage\",\"@id\":\"https:\\\/\\\/pilt.com.ar\\\/parque-industrial\\\/renovacion-de-la-verificacion-de-la-balanza-publica-del-pilt\\\/\",\"url\":\"https:\\\/\\\/pilt.com.ar\\\/parque-industrial\\\/renovacion-de-la-verificacion-de-la-balanza-publica-del-pilt\\\/\",\"name\":\"Renovaci\u00f3n de la verificaci\u00f3n de la Balanza P\u00fablica del PILT - PILT.com.ar\",\"isPartOf\":{\"@id\":\"https:\\\/\\\/pilt.com.ar\\\/parque-industrial\\\/#website\"},\"primaryImageOfPage\":{\"@id\":\"https:\\\/\\\/pilt.com.ar\\\/parque-industrial\\\/renovacion-de-la-verificacion-de-la-balanza-publica-del-pilt\\\/#primaryimage\"},\"image\":{\"@id\":\"https:\\\/\\\/pilt.com.ar\\\/parque-industrial\\\/renovacion-de-la-verificacion-de-la-balanza-publica-del-pilt\\\/#primaryimage\"},\"thumbnailUrl\":\"https:\\\/\\\/i0.wp.com\\\/pilt.com.ar\\\/parque-industrial\\\/wp-content\\\/uploads\\\/2019\\\/10\\\/20191016_093723.jpg?fit=4128%2C3096&ssl=1\",\"datePublished\":\"2019-10-18T14:36:11+00:00\",\"author\":{\"@id\":\"https:\\\/\\\/pilt.com.ar\\\/parque-industrial\\\/#\\\/schema\\\/person\\\/2dfb9e2464de1c3deef20c25c30a8306\"},\"inLanguage\":\"es\",\"potentialAction\":[{\"@type\":\"ReadAction\",\"target\":[\"https:\\\/\\\/pilt.com.ar\\\/parque-industrial\\\/renovacion-de-la-verificacion-de-la-balanza-publica-del-pilt\\\/\"]}]},{\"@type\":\"ImageObject\",\"inLanguage\":\"es\",\"@id\":\"https:\\\/\\\/pilt.com.ar\\\/parque-industrial\\\/renovacion-de-la-verificacion-de-la-balanza-publica-del-pilt\\\/#primaryimage\",\"url\":\"https:\\\/\\\/i0.wp.com\\\/pilt.com.ar\\\/parque-industrial\\\/wp-content\\\/uploads\\\/2019\\\/10\\\/20191016_093723.jpg?fit=4128%2C3096&ssl=1\",\"contentUrl\":\"https:\\\/\\\/i0.wp.com\\\/pilt.com.ar\\\/parque-industrial\\\/wp-content\\\/uploads\\\/2019\\\/10\\\/20191016_093723.jpg?fit=4128%2C3096&ssl=1\",\"width\":4128,\"height\":3096},{\"@type\":\"WebSite\",\"@id\":\"https:\\\/\\\/pilt.com.ar\\\/parque-industrial\\\/#website\",\"url\":\"https:\\\/\\\/pilt.com.ar\\\/parque-industrial\\\/\",\"name\":\"PILT.com.ar\",\"description\":\"Parque Industrial, Log\u00edstico y Tecnol\u00f3gico Villa Mar\u00eda\",\"potentialAction\":[{\"@type\":\"SearchAction\",\"target\":{\"@type\":\"EntryPoint\",\"urlTemplate\":\"https:\\\/\\\/pilt.com.ar\\\/parque-industrial\\\/?s={search_term_string}\"},\"query-input\":{\"@type\":\"PropertyValueSpecification\",\"valueRequired\":true,\"valueName\":\"search_term_string\"}}],\"inLanguage\":\"es\"},{\"@type\":\"Person\",\"@id\":\"https:\\\/\\\/pilt.com.ar\\\/parque-industrial\\\/#\\\/schema\\\/person\\\/2dfb9e2464de1c3deef20c25c30a8306\",\"name\":\"PILT\",\"image\":{\"@type\":\"ImageObject\",\"inLanguage\":\"es\",\"@id\":\"https:\\\/\\\/secure.gravatar.com\\\/avatar\\\/5e3734c8d8c8e0b0d45f923c14a14d7b90521d573d02f0d91360a777095ee42b?s=96&d=mm&r=g\",\"url\":\"https:\\\/\\\/secure.gravatar.com\\\/avatar\\\/5e3734c8d8c8e0b0d45f923c14a14d7b90521d573d02f0d91360a777095ee42b?s=96&d=mm&r=g\",\"contentUrl\":\"https:\\\/\\\/secure.gravatar.com\\\/avatar\\\/5e3734c8d8c8e0b0d45f923c14a14d7b90521d573d02f0d91360a777095ee42b?s=96&d=mm&r=g\",\"caption\":\"PILT\"},\"url\":\"https:\\\/\\\/pilt.com.ar\\\/parque-industrial\\\/author\\\/pilt\\\/\"}]}<\/script>\n<!-- \/ Yoast SEO plugin. -->","yoast_head_json":{"title":"Renovaci\u00f3n de la verificaci\u00f3n de la Balanza P\u00fablica del PILT - PILT.com.ar","robots":{"index":"index","follow":"follow","max-snippet":"max-snippet:-1","max-image-preview":"max-image-preview:large","max-video-preview":"max-video-preview:-1"},"canonical":"https:\/\/pilt.com.ar\/parque-industrial\/renovacion-de-la-verificacion-de-la-balanza-publica-del-pilt\/","og_locale":"es_ES","og_type":"article","og_title":"Renovaci\u00f3n de la verificaci\u00f3n de la Balanza P\u00fablica del PILT - PILT.com.ar","og_description":"El d\u00eda mi\u00e9rcoles 16 del corriente mes, se realiz\u00f3 en la balanza p\u00fablica ubicada dentro del predio del PILT, la verificaci\u00f3n anual por parte del INTI (Instituto Nacional de Tecnolog\u00eda Industrial). Esta nos permitir\u00e1 brindar el servicio con un m\u00e1ximo nivel de precisi\u00f3n e inclusive atender las necesidades de actividades vinculadas al comercio exterior, ya [&hellip;]","og_url":"https:\/\/pilt.com.ar\/parque-industrial\/renovacion-de-la-verificacion-de-la-balanza-publica-del-pilt\/","og_site_name":"PILT.com.ar","article_published_time":"2019-10-18T14:36:11+00:00","og_image":[{"width":1024,"height":768,"url":"https:\/\/pilt.com.ar\/parque-industrial\/wp-content\/uploads\/2019\/10\/20191016_093723-1024x768.jpg","type":"image\/jpeg"}],"author":"PILT","twitter_card":"summary_large_image","twitter_misc":{"Escrito por":"PILT","Tiempo de lectura":"1 minuto"},"schema":{"@context":"https:\/\/schema.org","@graph":[{"@type":"Article","@id":"https:\/\/pilt.com.ar\/parque-industrial\/renovacion-de-la-verificacion-de-la-balanza-publica-del-pilt\/#article","isPartOf":{"@id":"https:\/\/pilt.com.ar\/parque-industrial\/renovacion-de-la-verificacion-de-la-balanza-publica-del-pilt\/"},"author":{"name":"PILT","@id":"https:\/\/pilt.com.ar\/parque-industrial\/#\/schema\/person\/2dfb9e2464de1c3deef20c25c30a8306"},"headline":"Renovaci\u00f3n de la verificaci\u00f3n de la Balanza P\u00fablica del PILT","datePublished":"2019-10-18T14:36:11+00:00","mainEntityOfPage":{"@id":"https:\/\/pilt.com.ar\/parque-industrial\/renovacion-de-la-verificacion-de-la-balanza-publica-del-pilt\/"},"wordCount":138,"commentCount":0,"image":{"@id":"https:\/\/pilt.com.ar\/parque-industrial\/renovacion-de-la-verificacion-de-la-balanza-publica-del-pilt\/#primaryimage"},"thumbnailUrl":"https:\/\/i0.wp.com\/pilt.com.ar\/parque-industrial\/wp-content\/uploads\/2019\/10\/20191016_093723.jpg?fit=4128%2C3096&ssl=1","articleSection":["Noticias"],"inLanguage":"es","potentialAction":[{"@type":"CommentAction","name":"Comment","target":["https:\/\/pilt.com.ar\/parque-industrial\/renovacion-de-la-verificacion-de-la-balanza-publica-del-pilt\/#respond"]}]},{"@type":"WebPage","@id":"https:\/\/pilt.com.ar\/parque-industrial\/renovacion-de-la-verificacion-de-la-balanza-publica-del-pilt\/","url":"https:\/\/pilt.com.ar\/parque-industrial\/renovacion-de-la-verificacion-de-la-balanza-publica-del-pilt\/","name":"Renovaci\u00f3n de la verificaci\u00f3n de la Balanza P\u00fablica del PILT - PILT.com.ar","isPartOf":{"@id":"https:\/\/pilt.com.ar\/parque-industrial\/#website"},"primaryImageOfPage":{"@id":"https:\/\/pilt.com.ar\/parque-industrial\/renovacion-de-la-verificacion-de-la-balanza-publica-del-pilt\/#primaryimage"},"image":{"@id":"https:\/\/pilt.com.ar\/parque-industrial\/renovacion-de-la-verificacion-de-la-balanza-publica-del-pilt\/#primaryimage"},"thumbnailUrl":"https:\/\/i0.wp.com\/pilt.com.ar\/parque-industrial\/wp-content\/uploads\/2019\/10\/20191016_093723.jpg?fit=4128%2C3096&ssl=1","datePublished":"2019-10-18T14:36:11+00:00","author":{"@id":"https:\/\/pilt.com.ar\/parque-industrial\/#\/schema\/person\/2dfb9e2464de1c3deef20c25c30a8306"},"inLanguage":"es","potentialAction":[{"@type":"ReadAction","target":["https:\/\/pilt.com.ar\/parque-industrial\/renovacion-de-la-verificacion-de-la-balanza-publica-del-pilt\/"]}]},{"@type":"ImageObject","inLanguage":"es","@id":"https:\/\/pilt.com.ar\/parque-industrial\/renovacion-de-la-verificacion-de-la-balanza-publica-del-pilt\/#primaryimage","url":"https:\/\/i0.wp.com\/pilt.com.ar\/parque-industrial\/wp-content\/uploads\/2019\/10\/20191016_093723.jpg?fit=4128%2C3096&ssl=1","contentUrl":"https:\/\/i0.wp.com\/pilt.com.ar\/parque-industrial\/wp-content\/uploads\/2019\/10\/20191016_093723.jpg?fit=4128%2C3096&ssl=1","width":4128,"height":3096},{"@type":"WebSite","@id":"https:\/\/pilt.com.ar\/parque-industrial\/#website","url":"https:\/\/pilt.com.ar\/parque-industrial\/","name":"PILT.com.ar","description":"Parque Industrial, Log\u00edstico y Tecnol\u00f3gico Villa Mar\u00eda","potentialAction":[{"@type":"SearchAction","target":{"@type":"EntryPoint","urlTemplate":"https:\/\/pilt.com.ar\/parque-industrial\/?s={search_term_string}"},"query-input":{"@type":"PropertyValueSpecification","valueRequired":true,"valueName":"search_term_string"}}],"inLanguage":"es"},{"@type":"Person","@id":"https:\/\/pilt.com.ar\/parque-industrial\/#\/schema\/person\/2dfb9e2464de1c3deef20c25c30a8306","name":"PILT","image":{"@type":"ImageObject","inLanguage":"es","@id":"https:\/\/secure.gravatar.com\/avatar\/5e3734c8d8c8e0b0d45f923c14a14d7b90521d573d02f0d91360a777095ee42b?s=96&d=mm&r=g","url":"https:\/\/secure.gravatar.com\/avatar\/5e3734c8d8c8e0b0d45f923c14a14d7b90521d573d02f0d91360a777095ee42b?s=96&d=mm&r=g","contentUrl":"https:\/\/secure.gravatar.com\/avatar\/5e3734c8d8c8e0b0d45f923c14a14d7b90521d573d02f0d91360a777095ee42b?s=96&d=mm&r=g","caption":"PILT"},"url":"https:\/\/pilt.com.ar\/parque-industrial\/author\/pilt\/"}]}},"jetpack_featured_media_url":"https:\/\/i0.wp.com\/pilt.com.ar\/parque-industrial\/wp-content\/uploads\/2019\/10\/20191016_093723.jpg?fit=4128%2C3096&ssl=1","jetpack_sharing_enabled":true,"_links":{"self":[{"href":"https:\/\/pilt.com.ar\/parque-industrial\/wp-json\/wp\/v2\/posts\/936","targetHints":{"allow":["GET"]}}],"collection":[{"href":"https:\/\/pilt.com.ar\/parque-industrial\/wp-json\/wp\/v2\/posts"}],"about":[{"href":"https:\/\/pilt.com.ar\/parque-industrial\/wp-json\/wp\/v2\/types\/post"}],"author":[{"embeddable":true,"href":"https:\/\/pilt.com.ar\/parque-industrial\/wp-json\/wp\/v2\/users\/3"}],"replies":[{"embeddable":true,"href":"https:\/\/pilt.com.ar\/parque-industrial\/wp-json\/wp\/v2\/comments?post=936"}],"version-history":[{"count":0,"href":"https:\/\/pilt.com.ar\/parque-industrial\/wp-json\/wp\/v2\/posts\/936\/revisions"}],"wp:featuredmedia":[{"embeddable":true,"href":"https:\/\/pilt.com.ar\/parque-industrial\/wp-json\/wp\/v2\/media\/937"}],"wp:attachment":[{"href":"https:\/\/pilt.com.ar\/parque-industrial\/wp-json\/wp\/v2\/media?parent=936"}],"wp:term":[{"taxonomy":"category","embeddable":true,"href":"https:\/\/pilt.com.ar\/parque-industrial\/wp-json\/wp\/v2\/categories?post=936"},{"taxonomy":"post_tag","embeddable":true,"href":"https:\/\/pilt.com.ar\/parque-industrial\/wp-json\/wp\/v2\/tags?post=936"}],"curies":[{"name":"wp","href":"https:\/\/api.w.org\/{rel}","templated":true}]}}