{"id":919,"date":"2019-10-04T11:35:56","date_gmt":"2019-10-04T11:35:56","guid":{"rendered":"https:\/\/pilt.com.ar\/parque-industrial\/?p=919"},"modified":"2019-10-04T11:39:16","modified_gmt":"2019-10-04T11:39:16","slug":"gestion-de-la-energia-en-la-industria","status":"publish","type":"post","link":"https:\/\/pilt.com.ar\/parque-industrial\/gestion-de-la-energia-en-la-industria\/","title":{"rendered":"GESTI\u00d3N DE LA ENERG\u00cdA EN LA INDUSTRIA"},"content":{"rendered":"\n<p>Durante el d\u00eda jueves 03\/10, en el SUM del Parque Industrial se realiz\u00f3\nuna charla de sensibilizaci\u00f3n sobre la gesti\u00f3n de la energ\u00eda en la industria. La\nmisma estuvo a cargo del Ing. Daniel F\u00f3rmica y la Lic. Martha Gim\u00e9nez, ambos\npertenecientes al INTI (Instituto Nacional de Tecnolog\u00eda Industrial. <\/p>\n\n\n\n<p>Gesti\u00f3n de la Energ\u00eda: un&nbsp;modelo sistem\u00e1tico con la&nbsp;finalidad de mejorar la competitividad de\nlas industrias&nbsp;a trav\u00e9s de una mayor eficiencia de sus instalaciones,\nreducci\u00f3n de costos y disminuci\u00f3n de contingencias en materia energ\u00e9tica,\ndentro del marco de la Sustentabilidad y la Responsabilidad Social Empresaria.<\/p>\n\n\n\n<p>La gesti\u00f3n de la energ\u00eda\nes una pr\u00e1ctica de mejora continua del desempe\u00f1o energ\u00e9tico que debiera\nincluirse dentro de las acciones habituales de la organizaci\u00f3n, lo cual implica\nel desarrollo de capacidades y el consiguiente cambio de comportamientos.<\/p>\n","protected":false},"excerpt":{"rendered":"<p>Durante el d\u00eda jueves 03\/10, en el SUM del Parque Industrial se realiz\u00f3 una charla de sensibilizaci\u00f3n sobre la gesti\u00f3n de la energ\u00eda en la industria. La misma estuvo a cargo del Ing. Daniel F\u00f3rmica y la Lic. Martha Gim\u00e9nez, ambos pertenecientes al INTI (Instituto Nacional de Tecnolog\u00eda Industrial. Gesti\u00f3n de la Energ\u00eda: un&nbsp;modelo sistem\u00e1tico [&hellip;]<\/p>\n","protected":false},"author":3,"featured_media":921,"comment_status":"open","ping_status":"open","sticky":false,"template":"","format":"standard","meta":{"_jetpack_memberships_contains_paid_content":false,"footnotes":""},"categories":[2],"tags":[],"class_list":["post-919","post","type-post","status-publish","format-standard","has-post-thumbnail","hentry","category-noticias"],"yoast_head":"<!-- This site is optimized with the Yoast SEO plugin v27.5 - https:\/\/yoast.com\/product\/yoast-seo-wordpress\/ -->\n<title>GESTI\u00d3N DE LA ENERG\u00cdA EN LA INDUSTRIA - PILT.com.ar<\/title>\n<meta name=\"robots\" content=\"index, follow, max-snippet:-1, max-image-preview:large, max-video-preview:-1\" \/>\n<link rel=\"canonical\" href=\"https:\/\/pilt.com.ar\/parque-industrial\/gestion-de-la-energia-en-la-industria\/\" \/>\n<meta property=\"og:locale\" content=\"es_ES\" \/>\n<meta property=\"og:type\" content=\"article\" \/>\n<meta property=\"og:title\" content=\"GESTI\u00d3N DE LA ENERG\u00cdA EN LA INDUSTRIA - PILT.com.ar\" \/>\n<meta property=\"og:description\" content=\"Durante el d\u00eda jueves 03\/10, en el SUM del Parque Industrial se realiz\u00f3 una charla de sensibilizaci\u00f3n sobre la gesti\u00f3n de la energ\u00eda en la industria. La misma estuvo a cargo del Ing. Daniel F\u00f3rmica y la Lic. Martha Gim\u00e9nez, ambos pertenecientes al INTI (Instituto Nacional de Tecnolog\u00eda Industrial. Gesti\u00f3n de la Energ\u00eda: un&nbsp;modelo sistem\u00e1tico [&hellip;]\" \/>\n<meta property=\"og:url\" content=\"https:\/\/pilt.com.ar\/parque-industrial\/gestion-de-la-energia-en-la-industria\/\" \/>\n<meta property=\"og:site_name\" content=\"PILT.com.ar\" \/>\n<meta property=\"article:published_time\" content=\"2019-10-04T11:35:56+00:00\" \/>\n<meta property=\"article:modified_time\" content=\"2019-10-04T11:39:16+00:00\" \/>\n<meta property=\"og:image\" content=\"https:\/\/pilt.com.ar\/parque-industrial\/wp-content\/uploads\/2019\/10\/20191003_142807-1024x768.jpg\" \/>\n\t<meta property=\"og:image:width\" content=\"1024\" \/>\n\t<meta property=\"og:image:height\" content=\"768\" \/>\n\t<meta property=\"og:image:type\" content=\"image\/jpeg\" \/>\n<meta name=\"author\" content=\"PILT\" \/>\n<meta name=\"twitter:card\" content=\"summary_large_image\" \/>\n<meta name=\"twitter:label1\" content=\"Escrito por\" \/>\n\t<meta name=\"twitter:data1\" content=\"PILT\" \/>\n\t<meta name=\"twitter:label2\" content=\"Tiempo de lectura\" \/>\n\t<meta name=\"twitter:data2\" content=\"1 minuto\" \/>\n<script type=\"application\/ld+json\" class=\"yoast-schema-graph\">{\"@context\":\"https:\\\/\\\/schema.org\",\"@graph\":[{\"@type\":\"Article\",\"@id\":\"https:\\\/\\\/pilt.com.ar\\\/parque-industrial\\\/gestion-de-la-energia-en-la-industria\\\/#article\",\"isPartOf\":{\"@id\":\"https:\\\/\\\/pilt.com.ar\\\/parque-industrial\\\/gestion-de-la-energia-en-la-industria\\\/\"},\"author\":{\"name\":\"PILT\",\"@id\":\"https:\\\/\\\/pilt.com.ar\\\/parque-industrial\\\/#\\\/schema\\\/person\\\/2dfb9e2464de1c3deef20c25c30a8306\"},\"headline\":\"GESTI\u00d3N DE LA ENERG\u00cdA EN LA INDUSTRIA\",\"datePublished\":\"2019-10-04T11:35:56+00:00\",\"dateModified\":\"2019-10-04T11:39:16+00:00\",\"mainEntityOfPage\":{\"@id\":\"https:\\\/\\\/pilt.com.ar\\\/parque-industrial\\\/gestion-de-la-energia-en-la-industria\\\/\"},\"wordCount\":165,\"commentCount\":0,\"image\":{\"@id\":\"https:\\\/\\\/pilt.com.ar\\\/parque-industrial\\\/gestion-de-la-energia-en-la-industria\\\/#primaryimage\"},\"thumbnailUrl\":\"https:\\\/\\\/i0.wp.com\\\/pilt.com.ar\\\/parque-industrial\\\/wp-content\\\/uploads\\\/2019\\\/10\\\/20191003_142807.jpg?fit=4128%2C3096&ssl=1\",\"articleSection\":[\"Noticias\"],\"inLanguage\":\"es\",\"potentialAction\":[{\"@type\":\"CommentAction\",\"name\":\"Comment\",\"target\":[\"https:\\\/\\\/pilt.com.ar\\\/parque-industrial\\\/gestion-de-la-energia-en-la-industria\\\/#respond\"]}]},{\"@type\":\"WebPage\",\"@id\":\"https:\\\/\\\/pilt.com.ar\\\/parque-industrial\\\/gestion-de-la-energia-en-la-industria\\\/\",\"url\":\"https:\\\/\\\/pilt.com.ar\\\/parque-industrial\\\/gestion-de-la-energia-en-la-industria\\\/\",\"name\":\"GESTI\u00d3N DE LA ENERG\u00cdA EN LA INDUSTRIA - PILT.com.ar\",\"isPartOf\":{\"@id\":\"https:\\\/\\\/pilt.com.ar\\\/parque-industrial\\\/#website\"},\"primaryImageOfPage\":{\"@id\":\"https:\\\/\\\/pilt.com.ar\\\/parque-industrial\\\/gestion-de-la-energia-en-la-industria\\\/#primaryimage\"},\"image\":{\"@id\":\"https:\\\/\\\/pilt.com.ar\\\/parque-industrial\\\/gestion-de-la-energia-en-la-industria\\\/#primaryimage\"},\"thumbnailUrl\":\"https:\\\/\\\/i0.wp.com\\\/pilt.com.ar\\\/parque-industrial\\\/wp-content\\\/uploads\\\/2019\\\/10\\\/20191003_142807.jpg?fit=4128%2C3096&ssl=1\",\"datePublished\":\"2019-10-04T11:35:56+00:00\",\"dateModified\":\"2019-10-04T11:39:16+00:00\",\"author\":{\"@id\":\"https:\\\/\\\/pilt.com.ar\\\/parque-industrial\\\/#\\\/schema\\\/person\\\/2dfb9e2464de1c3deef20c25c30a8306\"},\"inLanguage\":\"es\",\"potentialAction\":[{\"@type\":\"ReadAction\",\"target\":[\"https:\\\/\\\/pilt.com.ar\\\/parque-industrial\\\/gestion-de-la-energia-en-la-industria\\\/\"]}]},{\"@type\":\"ImageObject\",\"inLanguage\":\"es\",\"@id\":\"https:\\\/\\\/pilt.com.ar\\\/parque-industrial\\\/gestion-de-la-energia-en-la-industria\\\/#primaryimage\",\"url\":\"https:\\\/\\\/i0.wp.com\\\/pilt.com.ar\\\/parque-industrial\\\/wp-content\\\/uploads\\\/2019\\\/10\\\/20191003_142807.jpg?fit=4128%2C3096&ssl=1\",\"contentUrl\":\"https:\\\/\\\/i0.wp.com\\\/pilt.com.ar\\\/parque-industrial\\\/wp-content\\\/uploads\\\/2019\\\/10\\\/20191003_142807.jpg?fit=4128%2C3096&ssl=1\",\"width\":4128,\"height\":3096},{\"@type\":\"WebSite\",\"@id\":\"https:\\\/\\\/pilt.com.ar\\\/parque-industrial\\\/#website\",\"url\":\"https:\\\/\\\/pilt.com.ar\\\/parque-industrial\\\/\",\"name\":\"PILT.com.ar\",\"description\":\"Parque Industrial, Log\u00edstico y Tecnol\u00f3gico Villa Mar\u00eda\",\"potentialAction\":[{\"@type\":\"SearchAction\",\"target\":{\"@type\":\"EntryPoint\",\"urlTemplate\":\"https:\\\/\\\/pilt.com.ar\\\/parque-industrial\\\/?s={search_term_string}\"},\"query-input\":{\"@type\":\"PropertyValueSpecification\",\"valueRequired\":true,\"valueName\":\"search_term_string\"}}],\"inLanguage\":\"es\"},{\"@type\":\"Person\",\"@id\":\"https:\\\/\\\/pilt.com.ar\\\/parque-industrial\\\/#\\\/schema\\\/person\\\/2dfb9e2464de1c3deef20c25c30a8306\",\"name\":\"PILT\",\"image\":{\"@type\":\"ImageObject\",\"inLanguage\":\"es\",\"@id\":\"https:\\\/\\\/secure.gravatar.com\\\/avatar\\\/5e3734c8d8c8e0b0d45f923c14a14d7b90521d573d02f0d91360a777095ee42b?s=96&d=mm&r=g\",\"url\":\"https:\\\/\\\/secure.gravatar.com\\\/avatar\\\/5e3734c8d8c8e0b0d45f923c14a14d7b90521d573d02f0d91360a777095ee42b?s=96&d=mm&r=g\",\"contentUrl\":\"https:\\\/\\\/secure.gravatar.com\\\/avatar\\\/5e3734c8d8c8e0b0d45f923c14a14d7b90521d573d02f0d91360a777095ee42b?s=96&d=mm&r=g\",\"caption\":\"PILT\"},\"url\":\"https:\\\/\\\/pilt.com.ar\\\/parque-industrial\\\/author\\\/pilt\\\/\"}]}<\/script>\n<!-- \/ Yoast SEO plugin. -->","yoast_head_json":{"title":"GESTI\u00d3N DE LA ENERG\u00cdA EN LA INDUSTRIA - PILT.com.ar","robots":{"index":"index","follow":"follow","max-snippet":"max-snippet:-1","max-image-preview":"max-image-preview:large","max-video-preview":"max-video-preview:-1"},"canonical":"https:\/\/pilt.com.ar\/parque-industrial\/gestion-de-la-energia-en-la-industria\/","og_locale":"es_ES","og_type":"article","og_title":"GESTI\u00d3N DE LA ENERG\u00cdA EN LA INDUSTRIA - PILT.com.ar","og_description":"Durante el d\u00eda jueves 03\/10, en el SUM del Parque Industrial se realiz\u00f3 una charla de sensibilizaci\u00f3n sobre la gesti\u00f3n de la energ\u00eda en la industria. La misma estuvo a cargo del Ing. Daniel F\u00f3rmica y la Lic. Martha Gim\u00e9nez, ambos pertenecientes al INTI (Instituto Nacional de Tecnolog\u00eda Industrial. Gesti\u00f3n de la Energ\u00eda: un&nbsp;modelo sistem\u00e1tico [&hellip;]","og_url":"https:\/\/pilt.com.ar\/parque-industrial\/gestion-de-la-energia-en-la-industria\/","og_site_name":"PILT.com.ar","article_published_time":"2019-10-04T11:35:56+00:00","article_modified_time":"2019-10-04T11:39:16+00:00","og_image":[{"width":1024,"height":768,"url":"https:\/\/pilt.com.ar\/parque-industrial\/wp-content\/uploads\/2019\/10\/20191003_142807-1024x768.jpg","type":"image\/jpeg"}],"author":"PILT","twitter_card":"summary_large_image","twitter_misc":{"Escrito por":"PILT","Tiempo de lectura":"1 minuto"},"schema":{"@context":"https:\/\/schema.org","@graph":[{"@type":"Article","@id":"https:\/\/pilt.com.ar\/parque-industrial\/gestion-de-la-energia-en-la-industria\/#article","isPartOf":{"@id":"https:\/\/pilt.com.ar\/parque-industrial\/gestion-de-la-energia-en-la-industria\/"},"author":{"name":"PILT","@id":"https:\/\/pilt.com.ar\/parque-industrial\/#\/schema\/person\/2dfb9e2464de1c3deef20c25c30a8306"},"headline":"GESTI\u00d3N DE LA ENERG\u00cdA EN LA INDUSTRIA","datePublished":"2019-10-04T11:35:56+00:00","dateModified":"2019-10-04T11:39:16+00:00","mainEntityOfPage":{"@id":"https:\/\/pilt.com.ar\/parque-industrial\/gestion-de-la-energia-en-la-industria\/"},"wordCount":165,"commentCount":0,"image":{"@id":"https:\/\/pilt.com.ar\/parque-industrial\/gestion-de-la-energia-en-la-industria\/#primaryimage"},"thumbnailUrl":"https:\/\/i0.wp.com\/pilt.com.ar\/parque-industrial\/wp-content\/uploads\/2019\/10\/20191003_142807.jpg?fit=4128%2C3096&ssl=1","articleSection":["Noticias"],"inLanguage":"es","potentialAction":[{"@type":"CommentAction","name":"Comment","target":["https:\/\/pilt.com.ar\/parque-industrial\/gestion-de-la-energia-en-la-industria\/#respond"]}]},{"@type":"WebPage","@id":"https:\/\/pilt.com.ar\/parque-industrial\/gestion-de-la-energia-en-la-industria\/","url":"https:\/\/pilt.com.ar\/parque-industrial\/gestion-de-la-energia-en-la-industria\/","name":"GESTI\u00d3N DE LA ENERG\u00cdA EN LA INDUSTRIA - PILT.com.ar","isPartOf":{"@id":"https:\/\/pilt.com.ar\/parque-industrial\/#website"},"primaryImageOfPage":{"@id":"https:\/\/pilt.com.ar\/parque-industrial\/gestion-de-la-energia-en-la-industria\/#primaryimage"},"image":{"@id":"https:\/\/pilt.com.ar\/parque-industrial\/gestion-de-la-energia-en-la-industria\/#primaryimage"},"thumbnailUrl":"https:\/\/i0.wp.com\/pilt.com.ar\/parque-industrial\/wp-content\/uploads\/2019\/10\/20191003_142807.jpg?fit=4128%2C3096&ssl=1","datePublished":"2019-10-04T11:35:56+00:00","dateModified":"2019-10-04T11:39:16+00:00","author":{"@id":"https:\/\/pilt.com.ar\/parque-industrial\/#\/schema\/person\/2dfb9e2464de1c3deef20c25c30a8306"},"inLanguage":"es","potentialAction":[{"@type":"ReadAction","target":["https:\/\/pilt.com.ar\/parque-industrial\/gestion-de-la-energia-en-la-industria\/"]}]},{"@type":"ImageObject","inLanguage":"es","@id":"https:\/\/pilt.com.ar\/parque-industrial\/gestion-de-la-energia-en-la-industria\/#primaryimage","url":"https:\/\/i0.wp.com\/pilt.com.ar\/parque-industrial\/wp-content\/uploads\/2019\/10\/20191003_142807.jpg?fit=4128%2C3096&ssl=1","contentUrl":"https:\/\/i0.wp.com\/pilt.com.ar\/parque-industrial\/wp-content\/uploads\/2019\/10\/20191003_142807.jpg?fit=4128%2C3096&ssl=1","width":4128,"height":3096},{"@type":"WebSite","@id":"https:\/\/pilt.com.ar\/parque-industrial\/#website","url":"https:\/\/pilt.com.ar\/parque-industrial\/","name":"PILT.com.ar","description":"Parque Industrial, Log\u00edstico y Tecnol\u00f3gico Villa Mar\u00eda","potentialAction":[{"@type":"SearchAction","target":{"@type":"EntryPoint","urlTemplate":"https:\/\/pilt.com.ar\/parque-industrial\/?s={search_term_string}"},"query-input":{"@type":"PropertyValueSpecification","valueRequired":true,"valueName":"search_term_string"}}],"inLanguage":"es"},{"@type":"Person","@id":"https:\/\/pilt.com.ar\/parque-industrial\/#\/schema\/person\/2dfb9e2464de1c3deef20c25c30a8306","name":"PILT","image":{"@type":"ImageObject","inLanguage":"es","@id":"https:\/\/secure.gravatar.com\/avatar\/5e3734c8d8c8e0b0d45f923c14a14d7b90521d573d02f0d91360a777095ee42b?s=96&d=mm&r=g","url":"https:\/\/secure.gravatar.com\/avatar\/5e3734c8d8c8e0b0d45f923c14a14d7b90521d573d02f0d91360a777095ee42b?s=96&d=mm&r=g","contentUrl":"https:\/\/secure.gravatar.com\/avatar\/5e3734c8d8c8e0b0d45f923c14a14d7b90521d573d02f0d91360a777095ee42b?s=96&d=mm&r=g","caption":"PILT"},"url":"https:\/\/pilt.com.ar\/parque-industrial\/author\/pilt\/"}]}},"jetpack_featured_media_url":"https:\/\/i0.wp.com\/pilt.com.ar\/parque-industrial\/wp-content\/uploads\/2019\/10\/20191003_142807.jpg?fit=4128%2C3096&ssl=1","jetpack_sharing_enabled":true,"_links":{"self":[{"href":"https:\/\/pilt.com.ar\/parque-industrial\/wp-json\/wp\/v2\/posts\/919","targetHints":{"allow":["GET"]}}],"collection":[{"href":"https:\/\/pilt.com.ar\/parque-industrial\/wp-json\/wp\/v2\/posts"}],"about":[{"href":"https:\/\/pilt.com.ar\/parque-industrial\/wp-json\/wp\/v2\/types\/post"}],"author":[{"embeddable":true,"href":"https:\/\/pilt.com.ar\/parque-industrial\/wp-json\/wp\/v2\/users\/3"}],"replies":[{"embeddable":true,"href":"https:\/\/pilt.com.ar\/parque-industrial\/wp-json\/wp\/v2\/comments?post=919"}],"version-history":[{"count":0,"href":"https:\/\/pilt.com.ar\/parque-industrial\/wp-json\/wp\/v2\/posts\/919\/revisions"}],"wp:featuredmedia":[{"embeddable":true,"href":"https:\/\/pilt.com.ar\/parque-industrial\/wp-json\/wp\/v2\/media\/921"}],"wp:attachment":[{"href":"https:\/\/pilt.com.ar\/parque-industrial\/wp-json\/wp\/v2\/media?parent=919"}],"wp:term":[{"taxonomy":"category","embeddable":true,"href":"https:\/\/pilt.com.ar\/parque-industrial\/wp-json\/wp\/v2\/categories?post=919"},{"taxonomy":"post_tag","embeddable":true,"href":"https:\/\/pilt.com.ar\/parque-industrial\/wp-json\/wp\/v2\/tags?post=919"}],"curies":[{"name":"wp","href":"https:\/\/api.w.org\/{rel}","templated":true}]}}