{"id":692,"date":"2019-09-20T15:28:38","date_gmt":"2019-09-20T15:28:38","guid":{"rendered":"https:\/\/pilt.com.ar\/parque-industrial\/?p=692"},"modified":"2019-09-23T13:08:17","modified_gmt":"2019-09-23T13:08:17","slug":"representantes-de-la-ciudad-de-rio-segundo-visitaron-las-instalaciones-del-pilt","status":"publish","type":"post","link":"https:\/\/pilt.com.ar\/parque-industrial\/representantes-de-la-ciudad-de-rio-segundo-visitaron-las-instalaciones-del-pilt\/","title":{"rendered":"Representantes de la ciudad de Rio Segundo visitaron las instalaciones del PILT"},"content":{"rendered":"\n<p>El d\u00eda martes 17 el PILT recibi\u00f3\nla visita del Sr. Intendente Electo de R\u00edo Segundo, Dar\u00edo Chesta, acompa\u00f1ado de\nsu equipo de gesti\u00f3n. El motivo de la visita estuvo enfocado en fortalecer la vinculaci\u00f3n\nproductiva entre las ciudades.&nbsp;&nbsp; <\/p>\n\n\n\n<p>&nbsp;&nbsp;&nbsp;&nbsp;&nbsp;&nbsp;&nbsp;&nbsp;&nbsp;&nbsp;&nbsp;&nbsp;&nbsp;&nbsp;&nbsp; Tras una interesante reuni\u00f3n\ndonde se debatieron situaciones espec\u00edficas de ambas ciudades, se\nintercambiaron ideas y experiencias con el objetivo de optimizar gestiones, el\ngrupo procedi\u00f3 a hacer un recorrido por las instalaciones de nuestro predio\ndesde donde continuaron su visita por la ciudad.<\/p>\n","protected":false},"excerpt":{"rendered":"<p>El d\u00eda martes 17 el PILT recibi\u00f3 la visita del Sr. Intendente Electo de R\u00edo Segundo, Dar\u00edo Chesta, acompa\u00f1ado de su equipo de gesti\u00f3n. El motivo de la visita estuvo enfocado en fortalecer la vinculaci\u00f3n productiva entre las ciudades.&nbsp;&nbsp; &nbsp;&nbsp;&nbsp;&nbsp;&nbsp;&nbsp;&nbsp;&nbsp;&nbsp;&nbsp;&nbsp;&nbsp;&nbsp;&nbsp;&nbsp; Tras una interesante reuni\u00f3n donde se debatieron situaciones espec\u00edficas de ambas ciudades, se intercambiaron ideas [&hellip;]<\/p>\n","protected":false},"author":3,"featured_media":694,"comment_status":"open","ping_status":"open","sticky":false,"template":"","format":"standard","meta":{"_jetpack_memberships_contains_paid_content":false,"footnotes":""},"categories":[2],"tags":[],"class_list":["post-692","post","type-post","status-publish","format-standard","has-post-thumbnail","hentry","category-noticias"],"yoast_head":"<!-- This site is optimized with the Yoast SEO plugin v27.5 - https:\/\/yoast.com\/product\/yoast-seo-wordpress\/ -->\n<title>Representantes de la ciudad de Rio Segundo visitaron las instalaciones del PILT - PILT.com.ar<\/title>\n<meta name=\"robots\" content=\"index, follow, max-snippet:-1, max-image-preview:large, max-video-preview:-1\" \/>\n<link rel=\"canonical\" href=\"https:\/\/pilt.com.ar\/parque-industrial\/representantes-de-la-ciudad-de-rio-segundo-visitaron-las-instalaciones-del-pilt\/\" \/>\n<meta property=\"og:locale\" content=\"es_ES\" \/>\n<meta property=\"og:type\" content=\"article\" \/>\n<meta property=\"og:title\" content=\"Representantes de la ciudad de Rio Segundo visitaron las instalaciones del PILT - PILT.com.ar\" \/>\n<meta property=\"og:description\" content=\"El d\u00eda martes 17 el PILT recibi\u00f3 la visita del Sr. Intendente Electo de R\u00edo Segundo, Dar\u00edo Chesta, acompa\u00f1ado de su equipo de gesti\u00f3n. El motivo de la visita estuvo enfocado en fortalecer la vinculaci\u00f3n productiva entre las ciudades.&nbsp;&nbsp; &nbsp;&nbsp;&nbsp;&nbsp;&nbsp;&nbsp;&nbsp;&nbsp;&nbsp;&nbsp;&nbsp;&nbsp;&nbsp;&nbsp;&nbsp; Tras una interesante reuni\u00f3n donde se debatieron situaciones espec\u00edficas de ambas ciudades, se intercambiaron ideas [&hellip;]\" \/>\n<meta property=\"og:url\" content=\"https:\/\/pilt.com.ar\/parque-industrial\/representantes-de-la-ciudad-de-rio-segundo-visitaron-las-instalaciones-del-pilt\/\" \/>\n<meta property=\"og:site_name\" content=\"PILT.com.ar\" \/>\n<meta property=\"article:published_time\" content=\"2019-09-20T15:28:38+00:00\" \/>\n<meta property=\"article:modified_time\" content=\"2019-09-23T13:08:17+00:00\" \/>\n<meta property=\"og:image\" content=\"https:\/\/i0.wp.com\/pilt.com.ar\/parque-industrial\/wp-content\/uploads\/2019\/09\/WhatsApp-Image-2019-09-19-at-10.41.18.jpeg?fit=1040%2C584&ssl=1\" \/>\n\t<meta property=\"og:image:width\" content=\"1040\" \/>\n\t<meta property=\"og:image:height\" content=\"584\" \/>\n\t<meta property=\"og:image:type\" content=\"image\/jpeg\" \/>\n<meta name=\"author\" content=\"PILT\" \/>\n<meta name=\"twitter:card\" content=\"summary_large_image\" \/>\n<meta name=\"twitter:label1\" content=\"Escrito por\" \/>\n\t<meta name=\"twitter:data1\" content=\"PILT\" \/>\n\t<meta name=\"twitter:label2\" content=\"Tiempo de lectura\" \/>\n\t<meta name=\"twitter:data2\" content=\"1 minuto\" \/>\n<script type=\"application\/ld+json\" class=\"yoast-schema-graph\">{\"@context\":\"https:\\\/\\\/schema.org\",\"@graph\":[{\"@type\":\"Article\",\"@id\":\"https:\\\/\\\/pilt.com.ar\\\/parque-industrial\\\/representantes-de-la-ciudad-de-rio-segundo-visitaron-las-instalaciones-del-pilt\\\/#article\",\"isPartOf\":{\"@id\":\"https:\\\/\\\/pilt.com.ar\\\/parque-industrial\\\/representantes-de-la-ciudad-de-rio-segundo-visitaron-las-instalaciones-del-pilt\\\/\"},\"author\":{\"name\":\"PILT\",\"@id\":\"https:\\\/\\\/pilt.com.ar\\\/parque-industrial\\\/#\\\/schema\\\/person\\\/2dfb9e2464de1c3deef20c25c30a8306\"},\"headline\":\"Representantes de la ciudad de Rio Segundo visitaron las instalaciones del PILT\",\"datePublished\":\"2019-09-20T15:28:38+00:00\",\"dateModified\":\"2019-09-23T13:08:17+00:00\",\"mainEntityOfPage\":{\"@id\":\"https:\\\/\\\/pilt.com.ar\\\/parque-industrial\\\/representantes-de-la-ciudad-de-rio-segundo-visitaron-las-instalaciones-del-pilt\\\/\"},\"wordCount\":119,\"commentCount\":0,\"image\":{\"@id\":\"https:\\\/\\\/pilt.com.ar\\\/parque-industrial\\\/representantes-de-la-ciudad-de-rio-segundo-visitaron-las-instalaciones-del-pilt\\\/#primaryimage\"},\"thumbnailUrl\":\"https:\\\/\\\/i0.wp.com\\\/pilt.com.ar\\\/parque-industrial\\\/wp-content\\\/uploads\\\/2019\\\/09\\\/WhatsApp-Image-2019-09-19-at-10.41.18.jpeg?fit=1040%2C584&ssl=1\",\"articleSection\":[\"Noticias\"],\"inLanguage\":\"es\",\"potentialAction\":[{\"@type\":\"CommentAction\",\"name\":\"Comment\",\"target\":[\"https:\\\/\\\/pilt.com.ar\\\/parque-industrial\\\/representantes-de-la-ciudad-de-rio-segundo-visitaron-las-instalaciones-del-pilt\\\/#respond\"]}]},{\"@type\":\"WebPage\",\"@id\":\"https:\\\/\\\/pilt.com.ar\\\/parque-industrial\\\/representantes-de-la-ciudad-de-rio-segundo-visitaron-las-instalaciones-del-pilt\\\/\",\"url\":\"https:\\\/\\\/pilt.com.ar\\\/parque-industrial\\\/representantes-de-la-ciudad-de-rio-segundo-visitaron-las-instalaciones-del-pilt\\\/\",\"name\":\"Representantes de la ciudad de Rio Segundo visitaron las instalaciones del PILT - PILT.com.ar\",\"isPartOf\":{\"@id\":\"https:\\\/\\\/pilt.com.ar\\\/parque-industrial\\\/#website\"},\"primaryImageOfPage\":{\"@id\":\"https:\\\/\\\/pilt.com.ar\\\/parque-industrial\\\/representantes-de-la-ciudad-de-rio-segundo-visitaron-las-instalaciones-del-pilt\\\/#primaryimage\"},\"image\":{\"@id\":\"https:\\\/\\\/pilt.com.ar\\\/parque-industrial\\\/representantes-de-la-ciudad-de-rio-segundo-visitaron-las-instalaciones-del-pilt\\\/#primaryimage\"},\"thumbnailUrl\":\"https:\\\/\\\/i0.wp.com\\\/pilt.com.ar\\\/parque-industrial\\\/wp-content\\\/uploads\\\/2019\\\/09\\\/WhatsApp-Image-2019-09-19-at-10.41.18.jpeg?fit=1040%2C584&ssl=1\",\"datePublished\":\"2019-09-20T15:28:38+00:00\",\"dateModified\":\"2019-09-23T13:08:17+00:00\",\"author\":{\"@id\":\"https:\\\/\\\/pilt.com.ar\\\/parque-industrial\\\/#\\\/schema\\\/person\\\/2dfb9e2464de1c3deef20c25c30a8306\"},\"inLanguage\":\"es\",\"potentialAction\":[{\"@type\":\"ReadAction\",\"target\":[\"https:\\\/\\\/pilt.com.ar\\\/parque-industrial\\\/representantes-de-la-ciudad-de-rio-segundo-visitaron-las-instalaciones-del-pilt\\\/\"]}]},{\"@type\":\"ImageObject\",\"inLanguage\":\"es\",\"@id\":\"https:\\\/\\\/pilt.com.ar\\\/parque-industrial\\\/representantes-de-la-ciudad-de-rio-segundo-visitaron-las-instalaciones-del-pilt\\\/#primaryimage\",\"url\":\"https:\\\/\\\/i0.wp.com\\\/pilt.com.ar\\\/parque-industrial\\\/wp-content\\\/uploads\\\/2019\\\/09\\\/WhatsApp-Image-2019-09-19-at-10.41.18.jpeg?fit=1040%2C584&ssl=1\",\"contentUrl\":\"https:\\\/\\\/i0.wp.com\\\/pilt.com.ar\\\/parque-industrial\\\/wp-content\\\/uploads\\\/2019\\\/09\\\/WhatsApp-Image-2019-09-19-at-10.41.18.jpeg?fit=1040%2C584&ssl=1\",\"width\":1040,\"height\":584},{\"@type\":\"WebSite\",\"@id\":\"https:\\\/\\\/pilt.com.ar\\\/parque-industrial\\\/#website\",\"url\":\"https:\\\/\\\/pilt.com.ar\\\/parque-industrial\\\/\",\"name\":\"PILT.com.ar\",\"description\":\"Parque Industrial, Log\u00edstico y Tecnol\u00f3gico Villa Mar\u00eda\",\"potentialAction\":[{\"@type\":\"SearchAction\",\"target\":{\"@type\":\"EntryPoint\",\"urlTemplate\":\"https:\\\/\\\/pilt.com.ar\\\/parque-industrial\\\/?s={search_term_string}\"},\"query-input\":{\"@type\":\"PropertyValueSpecification\",\"valueRequired\":true,\"valueName\":\"search_term_string\"}}],\"inLanguage\":\"es\"},{\"@type\":\"Person\",\"@id\":\"https:\\\/\\\/pilt.com.ar\\\/parque-industrial\\\/#\\\/schema\\\/person\\\/2dfb9e2464de1c3deef20c25c30a8306\",\"name\":\"PILT\",\"image\":{\"@type\":\"ImageObject\",\"inLanguage\":\"es\",\"@id\":\"https:\\\/\\\/secure.gravatar.com\\\/avatar\\\/5e3734c8d8c8e0b0d45f923c14a14d7b90521d573d02f0d91360a777095ee42b?s=96&d=mm&r=g\",\"url\":\"https:\\\/\\\/secure.gravatar.com\\\/avatar\\\/5e3734c8d8c8e0b0d45f923c14a14d7b90521d573d02f0d91360a777095ee42b?s=96&d=mm&r=g\",\"contentUrl\":\"https:\\\/\\\/secure.gravatar.com\\\/avatar\\\/5e3734c8d8c8e0b0d45f923c14a14d7b90521d573d02f0d91360a777095ee42b?s=96&d=mm&r=g\",\"caption\":\"PILT\"},\"url\":\"https:\\\/\\\/pilt.com.ar\\\/parque-industrial\\\/author\\\/pilt\\\/\"}]}<\/script>\n<!-- \/ Yoast SEO plugin. -->","yoast_head_json":{"title":"Representantes de la ciudad de Rio Segundo visitaron las instalaciones del PILT - PILT.com.ar","robots":{"index":"index","follow":"follow","max-snippet":"max-snippet:-1","max-image-preview":"max-image-preview:large","max-video-preview":"max-video-preview:-1"},"canonical":"https:\/\/pilt.com.ar\/parque-industrial\/representantes-de-la-ciudad-de-rio-segundo-visitaron-las-instalaciones-del-pilt\/","og_locale":"es_ES","og_type":"article","og_title":"Representantes de la ciudad de Rio Segundo visitaron las instalaciones del PILT - PILT.com.ar","og_description":"El d\u00eda martes 17 el PILT recibi\u00f3 la visita del Sr. Intendente Electo de R\u00edo Segundo, Dar\u00edo Chesta, acompa\u00f1ado de su equipo de gesti\u00f3n. El motivo de la visita estuvo enfocado en fortalecer la vinculaci\u00f3n productiva entre las ciudades.&nbsp;&nbsp; &nbsp;&nbsp;&nbsp;&nbsp;&nbsp;&nbsp;&nbsp;&nbsp;&nbsp;&nbsp;&nbsp;&nbsp;&nbsp;&nbsp;&nbsp; Tras una interesante reuni\u00f3n donde se debatieron situaciones espec\u00edficas de ambas ciudades, se intercambiaron ideas [&hellip;]","og_url":"https:\/\/pilt.com.ar\/parque-industrial\/representantes-de-la-ciudad-de-rio-segundo-visitaron-las-instalaciones-del-pilt\/","og_site_name":"PILT.com.ar","article_published_time":"2019-09-20T15:28:38+00:00","article_modified_time":"2019-09-23T13:08:17+00:00","og_image":[{"width":1040,"height":584,"url":"https:\/\/i0.wp.com\/pilt.com.ar\/parque-industrial\/wp-content\/uploads\/2019\/09\/WhatsApp-Image-2019-09-19-at-10.41.18.jpeg?fit=1040%2C584&ssl=1","type":"image\/jpeg"}],"author":"PILT","twitter_card":"summary_large_image","twitter_misc":{"Escrito por":"PILT","Tiempo de lectura":"1 minuto"},"schema":{"@context":"https:\/\/schema.org","@graph":[{"@type":"Article","@id":"https:\/\/pilt.com.ar\/parque-industrial\/representantes-de-la-ciudad-de-rio-segundo-visitaron-las-instalaciones-del-pilt\/#article","isPartOf":{"@id":"https:\/\/pilt.com.ar\/parque-industrial\/representantes-de-la-ciudad-de-rio-segundo-visitaron-las-instalaciones-del-pilt\/"},"author":{"name":"PILT","@id":"https:\/\/pilt.com.ar\/parque-industrial\/#\/schema\/person\/2dfb9e2464de1c3deef20c25c30a8306"},"headline":"Representantes de la ciudad de Rio Segundo visitaron las instalaciones del PILT","datePublished":"2019-09-20T15:28:38+00:00","dateModified":"2019-09-23T13:08:17+00:00","mainEntityOfPage":{"@id":"https:\/\/pilt.com.ar\/parque-industrial\/representantes-de-la-ciudad-de-rio-segundo-visitaron-las-instalaciones-del-pilt\/"},"wordCount":119,"commentCount":0,"image":{"@id":"https:\/\/pilt.com.ar\/parque-industrial\/representantes-de-la-ciudad-de-rio-segundo-visitaron-las-instalaciones-del-pilt\/#primaryimage"},"thumbnailUrl":"https:\/\/i0.wp.com\/pilt.com.ar\/parque-industrial\/wp-content\/uploads\/2019\/09\/WhatsApp-Image-2019-09-19-at-10.41.18.jpeg?fit=1040%2C584&ssl=1","articleSection":["Noticias"],"inLanguage":"es","potentialAction":[{"@type":"CommentAction","name":"Comment","target":["https:\/\/pilt.com.ar\/parque-industrial\/representantes-de-la-ciudad-de-rio-segundo-visitaron-las-instalaciones-del-pilt\/#respond"]}]},{"@type":"WebPage","@id":"https:\/\/pilt.com.ar\/parque-industrial\/representantes-de-la-ciudad-de-rio-segundo-visitaron-las-instalaciones-del-pilt\/","url":"https:\/\/pilt.com.ar\/parque-industrial\/representantes-de-la-ciudad-de-rio-segundo-visitaron-las-instalaciones-del-pilt\/","name":"Representantes de la ciudad de Rio Segundo visitaron las instalaciones del PILT - PILT.com.ar","isPartOf":{"@id":"https:\/\/pilt.com.ar\/parque-industrial\/#website"},"primaryImageOfPage":{"@id":"https:\/\/pilt.com.ar\/parque-industrial\/representantes-de-la-ciudad-de-rio-segundo-visitaron-las-instalaciones-del-pilt\/#primaryimage"},"image":{"@id":"https:\/\/pilt.com.ar\/parque-industrial\/representantes-de-la-ciudad-de-rio-segundo-visitaron-las-instalaciones-del-pilt\/#primaryimage"},"thumbnailUrl":"https:\/\/i0.wp.com\/pilt.com.ar\/parque-industrial\/wp-content\/uploads\/2019\/09\/WhatsApp-Image-2019-09-19-at-10.41.18.jpeg?fit=1040%2C584&ssl=1","datePublished":"2019-09-20T15:28:38+00:00","dateModified":"2019-09-23T13:08:17+00:00","author":{"@id":"https:\/\/pilt.com.ar\/parque-industrial\/#\/schema\/person\/2dfb9e2464de1c3deef20c25c30a8306"},"inLanguage":"es","potentialAction":[{"@type":"ReadAction","target":["https:\/\/pilt.com.ar\/parque-industrial\/representantes-de-la-ciudad-de-rio-segundo-visitaron-las-instalaciones-del-pilt\/"]}]},{"@type":"ImageObject","inLanguage":"es","@id":"https:\/\/pilt.com.ar\/parque-industrial\/representantes-de-la-ciudad-de-rio-segundo-visitaron-las-instalaciones-del-pilt\/#primaryimage","url":"https:\/\/i0.wp.com\/pilt.com.ar\/parque-industrial\/wp-content\/uploads\/2019\/09\/WhatsApp-Image-2019-09-19-at-10.41.18.jpeg?fit=1040%2C584&ssl=1","contentUrl":"https:\/\/i0.wp.com\/pilt.com.ar\/parque-industrial\/wp-content\/uploads\/2019\/09\/WhatsApp-Image-2019-09-19-at-10.41.18.jpeg?fit=1040%2C584&ssl=1","width":1040,"height":584},{"@type":"WebSite","@id":"https:\/\/pilt.com.ar\/parque-industrial\/#website","url":"https:\/\/pilt.com.ar\/parque-industrial\/","name":"PILT.com.ar","description":"Parque Industrial, Log\u00edstico y Tecnol\u00f3gico Villa Mar\u00eda","potentialAction":[{"@type":"SearchAction","target":{"@type":"EntryPoint","urlTemplate":"https:\/\/pilt.com.ar\/parque-industrial\/?s={search_term_string}"},"query-input":{"@type":"PropertyValueSpecification","valueRequired":true,"valueName":"search_term_string"}}],"inLanguage":"es"},{"@type":"Person","@id":"https:\/\/pilt.com.ar\/parque-industrial\/#\/schema\/person\/2dfb9e2464de1c3deef20c25c30a8306","name":"PILT","image":{"@type":"ImageObject","inLanguage":"es","@id":"https:\/\/secure.gravatar.com\/avatar\/5e3734c8d8c8e0b0d45f923c14a14d7b90521d573d02f0d91360a777095ee42b?s=96&d=mm&r=g","url":"https:\/\/secure.gravatar.com\/avatar\/5e3734c8d8c8e0b0d45f923c14a14d7b90521d573d02f0d91360a777095ee42b?s=96&d=mm&r=g","contentUrl":"https:\/\/secure.gravatar.com\/avatar\/5e3734c8d8c8e0b0d45f923c14a14d7b90521d573d02f0d91360a777095ee42b?s=96&d=mm&r=g","caption":"PILT"},"url":"https:\/\/pilt.com.ar\/parque-industrial\/author\/pilt\/"}]}},"jetpack_featured_media_url":"https:\/\/i0.wp.com\/pilt.com.ar\/parque-industrial\/wp-content\/uploads\/2019\/09\/WhatsApp-Image-2019-09-19-at-10.41.18.jpeg?fit=1040%2C584&ssl=1","jetpack_sharing_enabled":true,"_links":{"self":[{"href":"https:\/\/pilt.com.ar\/parque-industrial\/wp-json\/wp\/v2\/posts\/692","targetHints":{"allow":["GET"]}}],"collection":[{"href":"https:\/\/pilt.com.ar\/parque-industrial\/wp-json\/wp\/v2\/posts"}],"about":[{"href":"https:\/\/pilt.com.ar\/parque-industrial\/wp-json\/wp\/v2\/types\/post"}],"author":[{"embeddable":true,"href":"https:\/\/pilt.com.ar\/parque-industrial\/wp-json\/wp\/v2\/users\/3"}],"replies":[{"embeddable":true,"href":"https:\/\/pilt.com.ar\/parque-industrial\/wp-json\/wp\/v2\/comments?post=692"}],"version-history":[{"count":0,"href":"https:\/\/pilt.com.ar\/parque-industrial\/wp-json\/wp\/v2\/posts\/692\/revisions"}],"wp:featuredmedia":[{"embeddable":true,"href":"https:\/\/pilt.com.ar\/parque-industrial\/wp-json\/wp\/v2\/media\/694"}],"wp:attachment":[{"href":"https:\/\/pilt.com.ar\/parque-industrial\/wp-json\/wp\/v2\/media?parent=692"}],"wp:term":[{"taxonomy":"category","embeddable":true,"href":"https:\/\/pilt.com.ar\/parque-industrial\/wp-json\/wp\/v2\/categories?post=692"},{"taxonomy":"post_tag","embeddable":true,"href":"https:\/\/pilt.com.ar\/parque-industrial\/wp-json\/wp\/v2\/tags?post=692"}],"curies":[{"name":"wp","href":"https:\/\/api.w.org\/{rel}","templated":true}]}}