{"id":633,"date":"2019-08-16T16:27:18","date_gmt":"2019-08-16T16:27:18","guid":{"rendered":"https:\/\/pilt.com.ar\/parque-industrial\/?p=633"},"modified":"2019-09-23T13:08:34","modified_gmt":"2019-09-23T13:08:34","slug":"workshop-de-oratoria-y-liderazgo-en-el-pilt","status":"publish","type":"post","link":"https:\/\/pilt.com.ar\/parque-industrial\/workshop-de-oratoria-y-liderazgo-en-el-pilt\/","title":{"rendered":"Workshop de Oratoria y Liderazgo en el PILT"},"content":{"rendered":"\n<p><em>Vivimos en una sociedad y dependemos los\nunos de los otros en infinidad de aspectos. Es fundamental tener la capacidad\nde expresarnos y aprender a comunicarnos de forma eficiente con los dem\u00e1s<\/em>.<\/p>\n\n\n\n<p>&nbsp;&nbsp;&nbsp;&nbsp;&nbsp;&nbsp;&nbsp;&nbsp;&nbsp;&nbsp;&nbsp; Los d\u00edas mi\u00e9rcoles 07, martes 13 y\nmi\u00e9rcoles 14, se realiz\u00f3 un workshop de oratoria, liderazgo y empat\u00eda a cargo\nde la Lic. Silvia Pizzi. Los encuentros tuvieron lugar en la sede AERCA y en el\nSUM del PILT.<\/p>\n\n\n\n<p>&nbsp;&nbsp;&nbsp;&nbsp;&nbsp;&nbsp;&nbsp;&nbsp;&nbsp;&nbsp;&nbsp; Los objetivos del mismo fueron:\nconocer y manejar t\u00e9cnicas de voz para una exitosa presentaci\u00f3n oral, conocer y\nmanejar las t\u00e9cnicas de respiraci\u00f3n para controlar el miedo y la ansiedad,\nmanejo de las t\u00e9cnicas de respiraci\u00f3n para un mejor rendimiento vocal, la\nimportancia de las audiencias y como debe ser nuestra prioridad, emprender el\ncamino de la empat\u00eda como negociaci\u00f3n efectiva interna como externa en la\nempresa, conocer la importancia de la comunicaci\u00f3n tr\u00edpode, conocer en detalle\nlos actores intervinientes en cada proceso de comunicaci\u00f3n. \n\n&nbsp;&nbsp;&nbsp;&nbsp;&nbsp;&nbsp;&nbsp;&nbsp;&nbsp;&nbsp;&nbsp;&nbsp;&nbsp;&nbsp;&nbsp; La\ncomunicaci\u00f3n exitosa es un desaf\u00edo que enfrentamos a diario en nuestras\ndiversas actividades. Es bueno saber que podemos hacerlo m\u00e1s efectivamente,\naplicando las propias herramientas e incorporando nuevas para lograr una mejor\ninteracci\u00f3n social\n\n\n\n<\/p>\n","protected":false},"excerpt":{"rendered":"<p>Vivimos en una sociedad y dependemos los unos de los otros en infinidad de aspectos. Es fundamental tener la capacidad de expresarnos y aprender a comunicarnos de forma eficiente con los dem\u00e1s. &nbsp;&nbsp;&nbsp;&nbsp;&nbsp;&nbsp;&nbsp;&nbsp;&nbsp;&nbsp;&nbsp; Los d\u00edas mi\u00e9rcoles 07, martes 13 y mi\u00e9rcoles 14, se realiz\u00f3 un workshop de oratoria, liderazgo y empat\u00eda a cargo de la [&hellip;]<\/p>\n","protected":false},"author":3,"featured_media":634,"comment_status":"open","ping_status":"open","sticky":false,"template":"","format":"standard","meta":{"_jetpack_memberships_contains_paid_content":false,"footnotes":""},"categories":[2],"tags":[],"class_list":["post-633","post","type-post","status-publish","format-standard","has-post-thumbnail","hentry","category-noticias"],"yoast_head":"<!-- This site is optimized with the Yoast SEO plugin v27.5 - https:\/\/yoast.com\/product\/yoast-seo-wordpress\/ -->\n<title>Workshop de Oratoria y Liderazgo en el PILT - PILT.com.ar<\/title>\n<meta name=\"robots\" content=\"index, follow, max-snippet:-1, max-image-preview:large, max-video-preview:-1\" \/>\n<link rel=\"canonical\" href=\"https:\/\/pilt.com.ar\/parque-industrial\/workshop-de-oratoria-y-liderazgo-en-el-pilt\/\" \/>\n<meta property=\"og:locale\" content=\"es_ES\" \/>\n<meta property=\"og:type\" content=\"article\" \/>\n<meta property=\"og:title\" content=\"Workshop de Oratoria y Liderazgo en el PILT - PILT.com.ar\" \/>\n<meta property=\"og:description\" content=\"Vivimos en una sociedad y dependemos los unos de los otros en infinidad de aspectos. Es fundamental tener la capacidad de expresarnos y aprender a comunicarnos de forma eficiente con los dem\u00e1s. &nbsp;&nbsp;&nbsp;&nbsp;&nbsp;&nbsp;&nbsp;&nbsp;&nbsp;&nbsp;&nbsp; Los d\u00edas mi\u00e9rcoles 07, martes 13 y mi\u00e9rcoles 14, se realiz\u00f3 un workshop de oratoria, liderazgo y empat\u00eda a cargo de la [&hellip;]\" \/>\n<meta property=\"og:url\" content=\"https:\/\/pilt.com.ar\/parque-industrial\/workshop-de-oratoria-y-liderazgo-en-el-pilt\/\" \/>\n<meta property=\"og:site_name\" content=\"PILT.com.ar\" \/>\n<meta property=\"article:published_time\" content=\"2019-08-16T16:27:18+00:00\" \/>\n<meta property=\"article:modified_time\" content=\"2019-09-23T13:08:34+00:00\" \/>\n<meta property=\"og:image\" content=\"https:\/\/pilt.com.ar\/parque-industrial\/wp-content\/uploads\/2019\/08\/20190807_155951-768x1024.jpg\" \/>\n\t<meta property=\"og:image:width\" content=\"768\" \/>\n\t<meta property=\"og:image:height\" content=\"1024\" \/>\n\t<meta property=\"og:image:type\" content=\"image\/jpeg\" \/>\n<meta name=\"author\" content=\"PILT\" \/>\n<meta name=\"twitter:card\" content=\"summary_large_image\" \/>\n<meta name=\"twitter:label1\" content=\"Escrito por\" \/>\n\t<meta name=\"twitter:data1\" content=\"PILT\" \/>\n\t<meta name=\"twitter:label2\" content=\"Tiempo de lectura\" \/>\n\t<meta name=\"twitter:data2\" content=\"1 minuto\" \/>\n<script type=\"application\/ld+json\" class=\"yoast-schema-graph\">{\"@context\":\"https:\\\/\\\/schema.org\",\"@graph\":[{\"@type\":\"Article\",\"@id\":\"https:\\\/\\\/pilt.com.ar\\\/parque-industrial\\\/workshop-de-oratoria-y-liderazgo-en-el-pilt\\\/#article\",\"isPartOf\":{\"@id\":\"https:\\\/\\\/pilt.com.ar\\\/parque-industrial\\\/workshop-de-oratoria-y-liderazgo-en-el-pilt\\\/\"},\"author\":{\"name\":\"PILT\",\"@id\":\"https:\\\/\\\/pilt.com.ar\\\/parque-industrial\\\/#\\\/schema\\\/person\\\/2dfb9e2464de1c3deef20c25c30a8306\"},\"headline\":\"Workshop de Oratoria y Liderazgo en el PILT\",\"datePublished\":\"2019-08-16T16:27:18+00:00\",\"dateModified\":\"2019-09-23T13:08:34+00:00\",\"mainEntityOfPage\":{\"@id\":\"https:\\\/\\\/pilt.com.ar\\\/parque-industrial\\\/workshop-de-oratoria-y-liderazgo-en-el-pilt\\\/\"},\"wordCount\":253,\"commentCount\":0,\"image\":{\"@id\":\"https:\\\/\\\/pilt.com.ar\\\/parque-industrial\\\/workshop-de-oratoria-y-liderazgo-en-el-pilt\\\/#primaryimage\"},\"thumbnailUrl\":\"https:\\\/\\\/i0.wp.com\\\/pilt.com.ar\\\/parque-industrial\\\/wp-content\\\/uploads\\\/2019\\\/08\\\/20190807_155951.jpg?fit=3096%2C4128&ssl=1\",\"articleSection\":[\"Noticias\"],\"inLanguage\":\"es\",\"potentialAction\":[{\"@type\":\"CommentAction\",\"name\":\"Comment\",\"target\":[\"https:\\\/\\\/pilt.com.ar\\\/parque-industrial\\\/workshop-de-oratoria-y-liderazgo-en-el-pilt\\\/#respond\"]}]},{\"@type\":\"WebPage\",\"@id\":\"https:\\\/\\\/pilt.com.ar\\\/parque-industrial\\\/workshop-de-oratoria-y-liderazgo-en-el-pilt\\\/\",\"url\":\"https:\\\/\\\/pilt.com.ar\\\/parque-industrial\\\/workshop-de-oratoria-y-liderazgo-en-el-pilt\\\/\",\"name\":\"Workshop de Oratoria y Liderazgo en el PILT - PILT.com.ar\",\"isPartOf\":{\"@id\":\"https:\\\/\\\/pilt.com.ar\\\/parque-industrial\\\/#website\"},\"primaryImageOfPage\":{\"@id\":\"https:\\\/\\\/pilt.com.ar\\\/parque-industrial\\\/workshop-de-oratoria-y-liderazgo-en-el-pilt\\\/#primaryimage\"},\"image\":{\"@id\":\"https:\\\/\\\/pilt.com.ar\\\/parque-industrial\\\/workshop-de-oratoria-y-liderazgo-en-el-pilt\\\/#primaryimage\"},\"thumbnailUrl\":\"https:\\\/\\\/i0.wp.com\\\/pilt.com.ar\\\/parque-industrial\\\/wp-content\\\/uploads\\\/2019\\\/08\\\/20190807_155951.jpg?fit=3096%2C4128&ssl=1\",\"datePublished\":\"2019-08-16T16:27:18+00:00\",\"dateModified\":\"2019-09-23T13:08:34+00:00\",\"author\":{\"@id\":\"https:\\\/\\\/pilt.com.ar\\\/parque-industrial\\\/#\\\/schema\\\/person\\\/2dfb9e2464de1c3deef20c25c30a8306\"},\"inLanguage\":\"es\",\"potentialAction\":[{\"@type\":\"ReadAction\",\"target\":[\"https:\\\/\\\/pilt.com.ar\\\/parque-industrial\\\/workshop-de-oratoria-y-liderazgo-en-el-pilt\\\/\"]}]},{\"@type\":\"ImageObject\",\"inLanguage\":\"es\",\"@id\":\"https:\\\/\\\/pilt.com.ar\\\/parque-industrial\\\/workshop-de-oratoria-y-liderazgo-en-el-pilt\\\/#primaryimage\",\"url\":\"https:\\\/\\\/i0.wp.com\\\/pilt.com.ar\\\/parque-industrial\\\/wp-content\\\/uploads\\\/2019\\\/08\\\/20190807_155951.jpg?fit=3096%2C4128&ssl=1\",\"contentUrl\":\"https:\\\/\\\/i0.wp.com\\\/pilt.com.ar\\\/parque-industrial\\\/wp-content\\\/uploads\\\/2019\\\/08\\\/20190807_155951.jpg?fit=3096%2C4128&ssl=1\",\"width\":3096,\"height\":4128},{\"@type\":\"WebSite\",\"@id\":\"https:\\\/\\\/pilt.com.ar\\\/parque-industrial\\\/#website\",\"url\":\"https:\\\/\\\/pilt.com.ar\\\/parque-industrial\\\/\",\"name\":\"PILT.com.ar\",\"description\":\"Parque Industrial, Log\u00edstico y Tecnol\u00f3gico Villa Mar\u00eda\",\"potentialAction\":[{\"@type\":\"SearchAction\",\"target\":{\"@type\":\"EntryPoint\",\"urlTemplate\":\"https:\\\/\\\/pilt.com.ar\\\/parque-industrial\\\/?s={search_term_string}\"},\"query-input\":{\"@type\":\"PropertyValueSpecification\",\"valueRequired\":true,\"valueName\":\"search_term_string\"}}],\"inLanguage\":\"es\"},{\"@type\":\"Person\",\"@id\":\"https:\\\/\\\/pilt.com.ar\\\/parque-industrial\\\/#\\\/schema\\\/person\\\/2dfb9e2464de1c3deef20c25c30a8306\",\"name\":\"PILT\",\"image\":{\"@type\":\"ImageObject\",\"inLanguage\":\"es\",\"@id\":\"https:\\\/\\\/secure.gravatar.com\\\/avatar\\\/5e3734c8d8c8e0b0d45f923c14a14d7b90521d573d02f0d91360a777095ee42b?s=96&d=mm&r=g\",\"url\":\"https:\\\/\\\/secure.gravatar.com\\\/avatar\\\/5e3734c8d8c8e0b0d45f923c14a14d7b90521d573d02f0d91360a777095ee42b?s=96&d=mm&r=g\",\"contentUrl\":\"https:\\\/\\\/secure.gravatar.com\\\/avatar\\\/5e3734c8d8c8e0b0d45f923c14a14d7b90521d573d02f0d91360a777095ee42b?s=96&d=mm&r=g\",\"caption\":\"PILT\"},\"url\":\"https:\\\/\\\/pilt.com.ar\\\/parque-industrial\\\/author\\\/pilt\\\/\"}]}<\/script>\n<!-- \/ Yoast SEO plugin. -->","yoast_head_json":{"title":"Workshop de Oratoria y Liderazgo en el PILT - PILT.com.ar","robots":{"index":"index","follow":"follow","max-snippet":"max-snippet:-1","max-image-preview":"max-image-preview:large","max-video-preview":"max-video-preview:-1"},"canonical":"https:\/\/pilt.com.ar\/parque-industrial\/workshop-de-oratoria-y-liderazgo-en-el-pilt\/","og_locale":"es_ES","og_type":"article","og_title":"Workshop de Oratoria y Liderazgo en el PILT - PILT.com.ar","og_description":"Vivimos en una sociedad y dependemos los unos de los otros en infinidad de aspectos. Es fundamental tener la capacidad de expresarnos y aprender a comunicarnos de forma eficiente con los dem\u00e1s. &nbsp;&nbsp;&nbsp;&nbsp;&nbsp;&nbsp;&nbsp;&nbsp;&nbsp;&nbsp;&nbsp; Los d\u00edas mi\u00e9rcoles 07, martes 13 y mi\u00e9rcoles 14, se realiz\u00f3 un workshop de oratoria, liderazgo y empat\u00eda a cargo de la [&hellip;]","og_url":"https:\/\/pilt.com.ar\/parque-industrial\/workshop-de-oratoria-y-liderazgo-en-el-pilt\/","og_site_name":"PILT.com.ar","article_published_time":"2019-08-16T16:27:18+00:00","article_modified_time":"2019-09-23T13:08:34+00:00","og_image":[{"width":768,"height":1024,"url":"https:\/\/pilt.com.ar\/parque-industrial\/wp-content\/uploads\/2019\/08\/20190807_155951-768x1024.jpg","type":"image\/jpeg"}],"author":"PILT","twitter_card":"summary_large_image","twitter_misc":{"Escrito por":"PILT","Tiempo de lectura":"1 minuto"},"schema":{"@context":"https:\/\/schema.org","@graph":[{"@type":"Article","@id":"https:\/\/pilt.com.ar\/parque-industrial\/workshop-de-oratoria-y-liderazgo-en-el-pilt\/#article","isPartOf":{"@id":"https:\/\/pilt.com.ar\/parque-industrial\/workshop-de-oratoria-y-liderazgo-en-el-pilt\/"},"author":{"name":"PILT","@id":"https:\/\/pilt.com.ar\/parque-industrial\/#\/schema\/person\/2dfb9e2464de1c3deef20c25c30a8306"},"headline":"Workshop de Oratoria y Liderazgo en el PILT","datePublished":"2019-08-16T16:27:18+00:00","dateModified":"2019-09-23T13:08:34+00:00","mainEntityOfPage":{"@id":"https:\/\/pilt.com.ar\/parque-industrial\/workshop-de-oratoria-y-liderazgo-en-el-pilt\/"},"wordCount":253,"commentCount":0,"image":{"@id":"https:\/\/pilt.com.ar\/parque-industrial\/workshop-de-oratoria-y-liderazgo-en-el-pilt\/#primaryimage"},"thumbnailUrl":"https:\/\/i0.wp.com\/pilt.com.ar\/parque-industrial\/wp-content\/uploads\/2019\/08\/20190807_155951.jpg?fit=3096%2C4128&ssl=1","articleSection":["Noticias"],"inLanguage":"es","potentialAction":[{"@type":"CommentAction","name":"Comment","target":["https:\/\/pilt.com.ar\/parque-industrial\/workshop-de-oratoria-y-liderazgo-en-el-pilt\/#respond"]}]},{"@type":"WebPage","@id":"https:\/\/pilt.com.ar\/parque-industrial\/workshop-de-oratoria-y-liderazgo-en-el-pilt\/","url":"https:\/\/pilt.com.ar\/parque-industrial\/workshop-de-oratoria-y-liderazgo-en-el-pilt\/","name":"Workshop de Oratoria y Liderazgo en el PILT - PILT.com.ar","isPartOf":{"@id":"https:\/\/pilt.com.ar\/parque-industrial\/#website"},"primaryImageOfPage":{"@id":"https:\/\/pilt.com.ar\/parque-industrial\/workshop-de-oratoria-y-liderazgo-en-el-pilt\/#primaryimage"},"image":{"@id":"https:\/\/pilt.com.ar\/parque-industrial\/workshop-de-oratoria-y-liderazgo-en-el-pilt\/#primaryimage"},"thumbnailUrl":"https:\/\/i0.wp.com\/pilt.com.ar\/parque-industrial\/wp-content\/uploads\/2019\/08\/20190807_155951.jpg?fit=3096%2C4128&ssl=1","datePublished":"2019-08-16T16:27:18+00:00","dateModified":"2019-09-23T13:08:34+00:00","author":{"@id":"https:\/\/pilt.com.ar\/parque-industrial\/#\/schema\/person\/2dfb9e2464de1c3deef20c25c30a8306"},"inLanguage":"es","potentialAction":[{"@type":"ReadAction","target":["https:\/\/pilt.com.ar\/parque-industrial\/workshop-de-oratoria-y-liderazgo-en-el-pilt\/"]}]},{"@type":"ImageObject","inLanguage":"es","@id":"https:\/\/pilt.com.ar\/parque-industrial\/workshop-de-oratoria-y-liderazgo-en-el-pilt\/#primaryimage","url":"https:\/\/i0.wp.com\/pilt.com.ar\/parque-industrial\/wp-content\/uploads\/2019\/08\/20190807_155951.jpg?fit=3096%2C4128&ssl=1","contentUrl":"https:\/\/i0.wp.com\/pilt.com.ar\/parque-industrial\/wp-content\/uploads\/2019\/08\/20190807_155951.jpg?fit=3096%2C4128&ssl=1","width":3096,"height":4128},{"@type":"WebSite","@id":"https:\/\/pilt.com.ar\/parque-industrial\/#website","url":"https:\/\/pilt.com.ar\/parque-industrial\/","name":"PILT.com.ar","description":"Parque Industrial, Log\u00edstico y Tecnol\u00f3gico Villa Mar\u00eda","potentialAction":[{"@type":"SearchAction","target":{"@type":"EntryPoint","urlTemplate":"https:\/\/pilt.com.ar\/parque-industrial\/?s={search_term_string}"},"query-input":{"@type":"PropertyValueSpecification","valueRequired":true,"valueName":"search_term_string"}}],"inLanguage":"es"},{"@type":"Person","@id":"https:\/\/pilt.com.ar\/parque-industrial\/#\/schema\/person\/2dfb9e2464de1c3deef20c25c30a8306","name":"PILT","image":{"@type":"ImageObject","inLanguage":"es","@id":"https:\/\/secure.gravatar.com\/avatar\/5e3734c8d8c8e0b0d45f923c14a14d7b90521d573d02f0d91360a777095ee42b?s=96&d=mm&r=g","url":"https:\/\/secure.gravatar.com\/avatar\/5e3734c8d8c8e0b0d45f923c14a14d7b90521d573d02f0d91360a777095ee42b?s=96&d=mm&r=g","contentUrl":"https:\/\/secure.gravatar.com\/avatar\/5e3734c8d8c8e0b0d45f923c14a14d7b90521d573d02f0d91360a777095ee42b?s=96&d=mm&r=g","caption":"PILT"},"url":"https:\/\/pilt.com.ar\/parque-industrial\/author\/pilt\/"}]}},"jetpack_featured_media_url":"https:\/\/i0.wp.com\/pilt.com.ar\/parque-industrial\/wp-content\/uploads\/2019\/08\/20190807_155951.jpg?fit=3096%2C4128&ssl=1","jetpack_sharing_enabled":true,"_links":{"self":[{"href":"https:\/\/pilt.com.ar\/parque-industrial\/wp-json\/wp\/v2\/posts\/633","targetHints":{"allow":["GET"]}}],"collection":[{"href":"https:\/\/pilt.com.ar\/parque-industrial\/wp-json\/wp\/v2\/posts"}],"about":[{"href":"https:\/\/pilt.com.ar\/parque-industrial\/wp-json\/wp\/v2\/types\/post"}],"author":[{"embeddable":true,"href":"https:\/\/pilt.com.ar\/parque-industrial\/wp-json\/wp\/v2\/users\/3"}],"replies":[{"embeddable":true,"href":"https:\/\/pilt.com.ar\/parque-industrial\/wp-json\/wp\/v2\/comments?post=633"}],"version-history":[{"count":0,"href":"https:\/\/pilt.com.ar\/parque-industrial\/wp-json\/wp\/v2\/posts\/633\/revisions"}],"wp:featuredmedia":[{"embeddable":true,"href":"https:\/\/pilt.com.ar\/parque-industrial\/wp-json\/wp\/v2\/media\/634"}],"wp:attachment":[{"href":"https:\/\/pilt.com.ar\/parque-industrial\/wp-json\/wp\/v2\/media?parent=633"}],"wp:term":[{"taxonomy":"category","embeddable":true,"href":"https:\/\/pilt.com.ar\/parque-industrial\/wp-json\/wp\/v2\/categories?post=633"},{"taxonomy":"post_tag","embeddable":true,"href":"https:\/\/pilt.com.ar\/parque-industrial\/wp-json\/wp\/v2\/tags?post=633"}],"curies":[{"name":"wp","href":"https:\/\/api.w.org\/{rel}","templated":true}]}}