{"id":624,"date":"2019-08-01T14:13:43","date_gmt":"2019-08-01T14:13:43","guid":{"rendered":"https:\/\/pilt.com.ar\/parque-industrial\/?p=624"},"modified":"2019-09-23T13:09:28","modified_gmt":"2019-09-23T13:09:28","slug":"el-pilt-estuvo-presente-en-el-evento-argentina-exporta","status":"publish","type":"post","link":"https:\/\/pilt.com.ar\/parque-industrial\/el-pilt-estuvo-presente-en-el-evento-argentina-exporta\/","title":{"rendered":"El PILT ESTUVO PRESENTE EN EL EVENTO ARGENTINA EXPORTA"},"content":{"rendered":"\n\n\n<p>El pasado lunes se realiz\u00f3 el\nevento <strong><em>\u201cArgentina Exporta\u201d<\/em><\/strong> en la ciudad de C\u00f3rdoba, donde estuvieron\npresente el Sr. Gerente del PILT, Lic. Carlos Montoto Galiano y el Sr.\nDirector, Cr. Oscar Milanesio. El encuentro tuvo como principales oradores el\nSr. Ministro de Trabajo y Producci\u00f3n de la Naci\u00f3n, Dante Sica y el Ministerio\nde Producci\u00f3n, Comercio y Miner\u00eda de la Provincia de C\u00f3rdoba, Sr. Walter Avalle.\n<\/p>\n\n\n\n<p>Se trat\u00f3 de un encuentro dedicado\nal comercio internacional y a la cultura exportadora de las Pymes. Durante la\njornada hubo mesas de consultas y talleres para que las PYMES conozcan las herramientas\ndisponibles para empezar a exportar sus bienes y servicios o consolidar sus\nventas en los mercados internacionales. <\/p>\n","protected":false},"excerpt":{"rendered":"<p>El pasado lunes se realiz\u00f3 el evento \u201cArgentina Exporta\u201d en la ciudad de C\u00f3rdoba, donde estuvieron presente el Sr. Gerente del PILT, Lic. Carlos Montoto Galiano y el Sr. Director, Cr. Oscar Milanesio. El encuentro tuvo como principales oradores el Sr. Ministro de Trabajo y Producci\u00f3n de la Naci\u00f3n, Dante Sica y el Ministerio de [&hellip;]<\/p>\n","protected":false},"author":3,"featured_media":0,"comment_status":"open","ping_status":"open","sticky":false,"template":"","format":"standard","meta":{"_jetpack_memberships_contains_paid_content":false,"footnotes":""},"categories":[2],"tags":[],"class_list":["post-624","post","type-post","status-publish","format-standard","hentry","category-noticias"],"yoast_head":"<!-- This site is optimized with the Yoast SEO plugin v27.5 - https:\/\/yoast.com\/product\/yoast-seo-wordpress\/ -->\n<title>El PILT ESTUVO PRESENTE EN EL EVENTO ARGENTINA EXPORTA - PILT.com.ar<\/title>\n<meta name=\"robots\" content=\"index, follow, max-snippet:-1, max-image-preview:large, max-video-preview:-1\" \/>\n<link rel=\"canonical\" href=\"https:\/\/pilt.com.ar\/parque-industrial\/el-pilt-estuvo-presente-en-el-evento-argentina-exporta\/\" \/>\n<meta property=\"og:locale\" content=\"es_ES\" \/>\n<meta property=\"og:type\" content=\"article\" \/>\n<meta property=\"og:title\" content=\"El PILT ESTUVO PRESENTE EN EL EVENTO ARGENTINA EXPORTA - PILT.com.ar\" \/>\n<meta property=\"og:description\" content=\"El pasado lunes se realiz\u00f3 el evento \u201cArgentina Exporta\u201d en la ciudad de C\u00f3rdoba, donde estuvieron presente el Sr. Gerente del PILT, Lic. Carlos Montoto Galiano y el Sr. Director, Cr. Oscar Milanesio. El encuentro tuvo como principales oradores el Sr. Ministro de Trabajo y Producci\u00f3n de la Naci\u00f3n, Dante Sica y el Ministerio de [&hellip;]\" \/>\n<meta property=\"og:url\" content=\"https:\/\/pilt.com.ar\/parque-industrial\/el-pilt-estuvo-presente-en-el-evento-argentina-exporta\/\" \/>\n<meta property=\"og:site_name\" content=\"PILT.com.ar\" \/>\n<meta property=\"article:published_time\" content=\"2019-08-01T14:13:43+00:00\" \/>\n<meta property=\"article:modified_time\" content=\"2019-09-23T13:09:28+00:00\" \/>\n<meta name=\"author\" content=\"PILT\" \/>\n<meta name=\"twitter:card\" content=\"summary_large_image\" \/>\n<meta name=\"twitter:label1\" content=\"Escrito por\" \/>\n\t<meta name=\"twitter:data1\" content=\"PILT\" \/>\n\t<meta name=\"twitter:label2\" content=\"Tiempo de lectura\" \/>\n\t<meta name=\"twitter:data2\" content=\"1 minuto\" \/>\n<script type=\"application\/ld+json\" class=\"yoast-schema-graph\">{\"@context\":\"https:\\\/\\\/schema.org\",\"@graph\":[{\"@type\":\"Article\",\"@id\":\"https:\\\/\\\/pilt.com.ar\\\/parque-industrial\\\/el-pilt-estuvo-presente-en-el-evento-argentina-exporta\\\/#article\",\"isPartOf\":{\"@id\":\"https:\\\/\\\/pilt.com.ar\\\/parque-industrial\\\/el-pilt-estuvo-presente-en-el-evento-argentina-exporta\\\/\"},\"author\":{\"name\":\"PILT\",\"@id\":\"https:\\\/\\\/pilt.com.ar\\\/parque-industrial\\\/#\\\/schema\\\/person\\\/2dfb9e2464de1c3deef20c25c30a8306\"},\"headline\":\"El PILT ESTUVO PRESENTE EN EL EVENTO ARGENTINA EXPORTA\",\"datePublished\":\"2019-08-01T14:13:43+00:00\",\"dateModified\":\"2019-09-23T13:09:28+00:00\",\"mainEntityOfPage\":{\"@id\":\"https:\\\/\\\/pilt.com.ar\\\/parque-industrial\\\/el-pilt-estuvo-presente-en-el-evento-argentina-exporta\\\/\"},\"wordCount\":132,\"commentCount\":0,\"articleSection\":[\"Noticias\"],\"inLanguage\":\"es\",\"potentialAction\":[{\"@type\":\"CommentAction\",\"name\":\"Comment\",\"target\":[\"https:\\\/\\\/pilt.com.ar\\\/parque-industrial\\\/el-pilt-estuvo-presente-en-el-evento-argentina-exporta\\\/#respond\"]}]},{\"@type\":\"WebPage\",\"@id\":\"https:\\\/\\\/pilt.com.ar\\\/parque-industrial\\\/el-pilt-estuvo-presente-en-el-evento-argentina-exporta\\\/\",\"url\":\"https:\\\/\\\/pilt.com.ar\\\/parque-industrial\\\/el-pilt-estuvo-presente-en-el-evento-argentina-exporta\\\/\",\"name\":\"El PILT ESTUVO PRESENTE EN EL EVENTO ARGENTINA EXPORTA - PILT.com.ar\",\"isPartOf\":{\"@id\":\"https:\\\/\\\/pilt.com.ar\\\/parque-industrial\\\/#website\"},\"datePublished\":\"2019-08-01T14:13:43+00:00\",\"dateModified\":\"2019-09-23T13:09:28+00:00\",\"author\":{\"@id\":\"https:\\\/\\\/pilt.com.ar\\\/parque-industrial\\\/#\\\/schema\\\/person\\\/2dfb9e2464de1c3deef20c25c30a8306\"},\"inLanguage\":\"es\",\"potentialAction\":[{\"@type\":\"ReadAction\",\"target\":[\"https:\\\/\\\/pilt.com.ar\\\/parque-industrial\\\/el-pilt-estuvo-presente-en-el-evento-argentina-exporta\\\/\"]}]},{\"@type\":\"WebSite\",\"@id\":\"https:\\\/\\\/pilt.com.ar\\\/parque-industrial\\\/#website\",\"url\":\"https:\\\/\\\/pilt.com.ar\\\/parque-industrial\\\/\",\"name\":\"PILT.com.ar\",\"description\":\"Parque Industrial, Log\u00edstico y Tecnol\u00f3gico Villa Mar\u00eda\",\"potentialAction\":[{\"@type\":\"SearchAction\",\"target\":{\"@type\":\"EntryPoint\",\"urlTemplate\":\"https:\\\/\\\/pilt.com.ar\\\/parque-industrial\\\/?s={search_term_string}\"},\"query-input\":{\"@type\":\"PropertyValueSpecification\",\"valueRequired\":true,\"valueName\":\"search_term_string\"}}],\"inLanguage\":\"es\"},{\"@type\":\"Person\",\"@id\":\"https:\\\/\\\/pilt.com.ar\\\/parque-industrial\\\/#\\\/schema\\\/person\\\/2dfb9e2464de1c3deef20c25c30a8306\",\"name\":\"PILT\",\"image\":{\"@type\":\"ImageObject\",\"inLanguage\":\"es\",\"@id\":\"https:\\\/\\\/secure.gravatar.com\\\/avatar\\\/5e3734c8d8c8e0b0d45f923c14a14d7b90521d573d02f0d91360a777095ee42b?s=96&d=mm&r=g\",\"url\":\"https:\\\/\\\/secure.gravatar.com\\\/avatar\\\/5e3734c8d8c8e0b0d45f923c14a14d7b90521d573d02f0d91360a777095ee42b?s=96&d=mm&r=g\",\"contentUrl\":\"https:\\\/\\\/secure.gravatar.com\\\/avatar\\\/5e3734c8d8c8e0b0d45f923c14a14d7b90521d573d02f0d91360a777095ee42b?s=96&d=mm&r=g\",\"caption\":\"PILT\"},\"url\":\"https:\\\/\\\/pilt.com.ar\\\/parque-industrial\\\/author\\\/pilt\\\/\"}]}<\/script>\n<!-- \/ Yoast SEO plugin. -->","yoast_head_json":{"title":"El PILT ESTUVO PRESENTE EN EL EVENTO ARGENTINA EXPORTA - PILT.com.ar","robots":{"index":"index","follow":"follow","max-snippet":"max-snippet:-1","max-image-preview":"max-image-preview:large","max-video-preview":"max-video-preview:-1"},"canonical":"https:\/\/pilt.com.ar\/parque-industrial\/el-pilt-estuvo-presente-en-el-evento-argentina-exporta\/","og_locale":"es_ES","og_type":"article","og_title":"El PILT ESTUVO PRESENTE EN EL EVENTO ARGENTINA EXPORTA - PILT.com.ar","og_description":"El pasado lunes se realiz\u00f3 el evento \u201cArgentina Exporta\u201d en la ciudad de C\u00f3rdoba, donde estuvieron presente el Sr. Gerente del PILT, Lic. Carlos Montoto Galiano y el Sr. Director, Cr. Oscar Milanesio. El encuentro tuvo como principales oradores el Sr. Ministro de Trabajo y Producci\u00f3n de la Naci\u00f3n, Dante Sica y el Ministerio de [&hellip;]","og_url":"https:\/\/pilt.com.ar\/parque-industrial\/el-pilt-estuvo-presente-en-el-evento-argentina-exporta\/","og_site_name":"PILT.com.ar","article_published_time":"2019-08-01T14:13:43+00:00","article_modified_time":"2019-09-23T13:09:28+00:00","author":"PILT","twitter_card":"summary_large_image","twitter_misc":{"Escrito por":"PILT","Tiempo de lectura":"1 minuto"},"schema":{"@context":"https:\/\/schema.org","@graph":[{"@type":"Article","@id":"https:\/\/pilt.com.ar\/parque-industrial\/el-pilt-estuvo-presente-en-el-evento-argentina-exporta\/#article","isPartOf":{"@id":"https:\/\/pilt.com.ar\/parque-industrial\/el-pilt-estuvo-presente-en-el-evento-argentina-exporta\/"},"author":{"name":"PILT","@id":"https:\/\/pilt.com.ar\/parque-industrial\/#\/schema\/person\/2dfb9e2464de1c3deef20c25c30a8306"},"headline":"El PILT ESTUVO PRESENTE EN EL EVENTO ARGENTINA EXPORTA","datePublished":"2019-08-01T14:13:43+00:00","dateModified":"2019-09-23T13:09:28+00:00","mainEntityOfPage":{"@id":"https:\/\/pilt.com.ar\/parque-industrial\/el-pilt-estuvo-presente-en-el-evento-argentina-exporta\/"},"wordCount":132,"commentCount":0,"articleSection":["Noticias"],"inLanguage":"es","potentialAction":[{"@type":"CommentAction","name":"Comment","target":["https:\/\/pilt.com.ar\/parque-industrial\/el-pilt-estuvo-presente-en-el-evento-argentina-exporta\/#respond"]}]},{"@type":"WebPage","@id":"https:\/\/pilt.com.ar\/parque-industrial\/el-pilt-estuvo-presente-en-el-evento-argentina-exporta\/","url":"https:\/\/pilt.com.ar\/parque-industrial\/el-pilt-estuvo-presente-en-el-evento-argentina-exporta\/","name":"El PILT ESTUVO PRESENTE EN EL EVENTO ARGENTINA EXPORTA - PILT.com.ar","isPartOf":{"@id":"https:\/\/pilt.com.ar\/parque-industrial\/#website"},"datePublished":"2019-08-01T14:13:43+00:00","dateModified":"2019-09-23T13:09:28+00:00","author":{"@id":"https:\/\/pilt.com.ar\/parque-industrial\/#\/schema\/person\/2dfb9e2464de1c3deef20c25c30a8306"},"inLanguage":"es","potentialAction":[{"@type":"ReadAction","target":["https:\/\/pilt.com.ar\/parque-industrial\/el-pilt-estuvo-presente-en-el-evento-argentina-exporta\/"]}]},{"@type":"WebSite","@id":"https:\/\/pilt.com.ar\/parque-industrial\/#website","url":"https:\/\/pilt.com.ar\/parque-industrial\/","name":"PILT.com.ar","description":"Parque Industrial, Log\u00edstico y Tecnol\u00f3gico Villa Mar\u00eda","potentialAction":[{"@type":"SearchAction","target":{"@type":"EntryPoint","urlTemplate":"https:\/\/pilt.com.ar\/parque-industrial\/?s={search_term_string}"},"query-input":{"@type":"PropertyValueSpecification","valueRequired":true,"valueName":"search_term_string"}}],"inLanguage":"es"},{"@type":"Person","@id":"https:\/\/pilt.com.ar\/parque-industrial\/#\/schema\/person\/2dfb9e2464de1c3deef20c25c30a8306","name":"PILT","image":{"@type":"ImageObject","inLanguage":"es","@id":"https:\/\/secure.gravatar.com\/avatar\/5e3734c8d8c8e0b0d45f923c14a14d7b90521d573d02f0d91360a777095ee42b?s=96&d=mm&r=g","url":"https:\/\/secure.gravatar.com\/avatar\/5e3734c8d8c8e0b0d45f923c14a14d7b90521d573d02f0d91360a777095ee42b?s=96&d=mm&r=g","contentUrl":"https:\/\/secure.gravatar.com\/avatar\/5e3734c8d8c8e0b0d45f923c14a14d7b90521d573d02f0d91360a777095ee42b?s=96&d=mm&r=g","caption":"PILT"},"url":"https:\/\/pilt.com.ar\/parque-industrial\/author\/pilt\/"}]}},"jetpack_featured_media_url":"","jetpack_sharing_enabled":true,"_links":{"self":[{"href":"https:\/\/pilt.com.ar\/parque-industrial\/wp-json\/wp\/v2\/posts\/624","targetHints":{"allow":["GET"]}}],"collection":[{"href":"https:\/\/pilt.com.ar\/parque-industrial\/wp-json\/wp\/v2\/posts"}],"about":[{"href":"https:\/\/pilt.com.ar\/parque-industrial\/wp-json\/wp\/v2\/types\/post"}],"author":[{"embeddable":true,"href":"https:\/\/pilt.com.ar\/parque-industrial\/wp-json\/wp\/v2\/users\/3"}],"replies":[{"embeddable":true,"href":"https:\/\/pilt.com.ar\/parque-industrial\/wp-json\/wp\/v2\/comments?post=624"}],"version-history":[{"count":0,"href":"https:\/\/pilt.com.ar\/parque-industrial\/wp-json\/wp\/v2\/posts\/624\/revisions"}],"wp:attachment":[{"href":"https:\/\/pilt.com.ar\/parque-industrial\/wp-json\/wp\/v2\/media?parent=624"}],"wp:term":[{"taxonomy":"category","embeddable":true,"href":"https:\/\/pilt.com.ar\/parque-industrial\/wp-json\/wp\/v2\/categories?post=624"},{"taxonomy":"post_tag","embeddable":true,"href":"https:\/\/pilt.com.ar\/parque-industrial\/wp-json\/wp\/v2\/tags?post=624"}],"curies":[{"name":"wp","href":"https:\/\/api.w.org\/{rel}","templated":true}]}}