{"id":622,"date":"2019-08-01T14:12:06","date_gmt":"2019-08-01T14:12:06","guid":{"rendered":"https:\/\/pilt.com.ar\/parque-industrial\/?p=622"},"modified":"2019-09-23T13:09:23","modified_gmt":"2019-09-23T13:09:23","slug":"el-pilt-estuvo-presente-en-la-agroactiva-2019","status":"publish","type":"post","link":"https:\/\/pilt.com.ar\/parque-industrial\/el-pilt-estuvo-presente-en-la-agroactiva-2019\/","title":{"rendered":"EL PILT ESTUVO PRESENTE EN LA AGROACTIVA 2019"},"content":{"rendered":"\n<p>El\nDirector del PILT, Sr. Dante Urli, estuvo recorriendo la Agroactiva 2019 que se\nrealiz\u00f3 en la ciudad de Amstrong los d\u00edas 26, 27, 28 y 29 de junio; con el\nobjetivo de tomar contacto con las diversas empresas que participaron de la expo\ny establecer v\u00ednculos entre el Parque y los distintos sectores productivos. \n\nEntre\nlos rubros que participaron de dicha exposici\u00f3n se destacan el Cl\u00faster de\nCadena Porcina Oncativo; el sector de quesos, cerveza artesanal, entre otros\n\n\n\n<\/p>\n","protected":false},"excerpt":{"rendered":"<p>El Director del PILT, Sr. Dante Urli, estuvo recorriendo la Agroactiva 2019 que se realiz\u00f3 en la ciudad de Amstrong los d\u00edas 26, 27, 28 y 29 de junio; con el objetivo de tomar contacto con las diversas empresas que participaron de la expo y establecer v\u00ednculos entre el Parque y los distintos sectores productivos. [&hellip;]<\/p>\n","protected":false},"author":3,"featured_media":0,"comment_status":"open","ping_status":"open","sticky":false,"template":"","format":"standard","meta":{"_jetpack_memberships_contains_paid_content":false,"footnotes":""},"categories":[2],"tags":[],"class_list":["post-622","post","type-post","status-publish","format-standard","hentry","category-noticias"],"yoast_head":"<!-- This site is optimized with the Yoast SEO plugin v27.5 - https:\/\/yoast.com\/product\/yoast-seo-wordpress\/ -->\n<title>EL PILT ESTUVO PRESENTE EN LA AGROACTIVA 2019 - PILT.com.ar<\/title>\n<meta name=\"robots\" content=\"index, follow, max-snippet:-1, max-image-preview:large, max-video-preview:-1\" \/>\n<link rel=\"canonical\" href=\"https:\/\/pilt.com.ar\/parque-industrial\/el-pilt-estuvo-presente-en-la-agroactiva-2019\/\" \/>\n<meta property=\"og:locale\" content=\"es_ES\" \/>\n<meta property=\"og:type\" content=\"article\" \/>\n<meta property=\"og:title\" content=\"EL PILT ESTUVO PRESENTE EN LA AGROACTIVA 2019 - PILT.com.ar\" \/>\n<meta property=\"og:description\" content=\"El Director del PILT, Sr. Dante Urli, estuvo recorriendo la Agroactiva 2019 que se realiz\u00f3 en la ciudad de Amstrong los d\u00edas 26, 27, 28 y 29 de junio; con el objetivo de tomar contacto con las diversas empresas que participaron de la expo y establecer v\u00ednculos entre el Parque y los distintos sectores productivos. [&hellip;]\" \/>\n<meta property=\"og:url\" content=\"https:\/\/pilt.com.ar\/parque-industrial\/el-pilt-estuvo-presente-en-la-agroactiva-2019\/\" \/>\n<meta property=\"og:site_name\" content=\"PILT.com.ar\" \/>\n<meta property=\"article:published_time\" content=\"2019-08-01T14:12:06+00:00\" \/>\n<meta property=\"article:modified_time\" content=\"2019-09-23T13:09:23+00:00\" \/>\n<meta name=\"author\" content=\"PILT\" \/>\n<meta name=\"twitter:card\" content=\"summary_large_image\" \/>\n<meta name=\"twitter:label1\" content=\"Escrito por\" \/>\n\t<meta name=\"twitter:data1\" content=\"PILT\" \/>\n<script type=\"application\/ld+json\" class=\"yoast-schema-graph\">{\"@context\":\"https:\\\/\\\/schema.org\",\"@graph\":[{\"@type\":\"Article\",\"@id\":\"https:\\\/\\\/pilt.com.ar\\\/parque-industrial\\\/el-pilt-estuvo-presente-en-la-agroactiva-2019\\\/#article\",\"isPartOf\":{\"@id\":\"https:\\\/\\\/pilt.com.ar\\\/parque-industrial\\\/el-pilt-estuvo-presente-en-la-agroactiva-2019\\\/\"},\"author\":{\"name\":\"PILT\",\"@id\":\"https:\\\/\\\/pilt.com.ar\\\/parque-industrial\\\/#\\\/schema\\\/person\\\/2dfb9e2464de1c3deef20c25c30a8306\"},\"headline\":\"EL PILT ESTUVO PRESENTE EN LA AGROACTIVA 2019\",\"datePublished\":\"2019-08-01T14:12:06+00:00\",\"dateModified\":\"2019-09-23T13:09:23+00:00\",\"mainEntityOfPage\":{\"@id\":\"https:\\\/\\\/pilt.com.ar\\\/parque-industrial\\\/el-pilt-estuvo-presente-en-la-agroactiva-2019\\\/\"},\"wordCount\":85,\"commentCount\":0,\"articleSection\":[\"Noticias\"],\"inLanguage\":\"es\",\"potentialAction\":[{\"@type\":\"CommentAction\",\"name\":\"Comment\",\"target\":[\"https:\\\/\\\/pilt.com.ar\\\/parque-industrial\\\/el-pilt-estuvo-presente-en-la-agroactiva-2019\\\/#respond\"]}]},{\"@type\":\"WebPage\",\"@id\":\"https:\\\/\\\/pilt.com.ar\\\/parque-industrial\\\/el-pilt-estuvo-presente-en-la-agroactiva-2019\\\/\",\"url\":\"https:\\\/\\\/pilt.com.ar\\\/parque-industrial\\\/el-pilt-estuvo-presente-en-la-agroactiva-2019\\\/\",\"name\":\"EL PILT ESTUVO PRESENTE EN LA AGROACTIVA 2019 - PILT.com.ar\",\"isPartOf\":{\"@id\":\"https:\\\/\\\/pilt.com.ar\\\/parque-industrial\\\/#website\"},\"datePublished\":\"2019-08-01T14:12:06+00:00\",\"dateModified\":\"2019-09-23T13:09:23+00:00\",\"author\":{\"@id\":\"https:\\\/\\\/pilt.com.ar\\\/parque-industrial\\\/#\\\/schema\\\/person\\\/2dfb9e2464de1c3deef20c25c30a8306\"},\"inLanguage\":\"es\",\"potentialAction\":[{\"@type\":\"ReadAction\",\"target\":[\"https:\\\/\\\/pilt.com.ar\\\/parque-industrial\\\/el-pilt-estuvo-presente-en-la-agroactiva-2019\\\/\"]}]},{\"@type\":\"WebSite\",\"@id\":\"https:\\\/\\\/pilt.com.ar\\\/parque-industrial\\\/#website\",\"url\":\"https:\\\/\\\/pilt.com.ar\\\/parque-industrial\\\/\",\"name\":\"PILT.com.ar\",\"description\":\"Parque Industrial, Log\u00edstico y Tecnol\u00f3gico Villa Mar\u00eda\",\"potentialAction\":[{\"@type\":\"SearchAction\",\"target\":{\"@type\":\"EntryPoint\",\"urlTemplate\":\"https:\\\/\\\/pilt.com.ar\\\/parque-industrial\\\/?s={search_term_string}\"},\"query-input\":{\"@type\":\"PropertyValueSpecification\",\"valueRequired\":true,\"valueName\":\"search_term_string\"}}],\"inLanguage\":\"es\"},{\"@type\":\"Person\",\"@id\":\"https:\\\/\\\/pilt.com.ar\\\/parque-industrial\\\/#\\\/schema\\\/person\\\/2dfb9e2464de1c3deef20c25c30a8306\",\"name\":\"PILT\",\"image\":{\"@type\":\"ImageObject\",\"inLanguage\":\"es\",\"@id\":\"https:\\\/\\\/secure.gravatar.com\\\/avatar\\\/5e3734c8d8c8e0b0d45f923c14a14d7b90521d573d02f0d91360a777095ee42b?s=96&d=mm&r=g\",\"url\":\"https:\\\/\\\/secure.gravatar.com\\\/avatar\\\/5e3734c8d8c8e0b0d45f923c14a14d7b90521d573d02f0d91360a777095ee42b?s=96&d=mm&r=g\",\"contentUrl\":\"https:\\\/\\\/secure.gravatar.com\\\/avatar\\\/5e3734c8d8c8e0b0d45f923c14a14d7b90521d573d02f0d91360a777095ee42b?s=96&d=mm&r=g\",\"caption\":\"PILT\"},\"url\":\"https:\\\/\\\/pilt.com.ar\\\/parque-industrial\\\/author\\\/pilt\\\/\"}]}<\/script>\n<!-- \/ Yoast SEO plugin. -->","yoast_head_json":{"title":"EL PILT ESTUVO PRESENTE EN LA AGROACTIVA 2019 - PILT.com.ar","robots":{"index":"index","follow":"follow","max-snippet":"max-snippet:-1","max-image-preview":"max-image-preview:large","max-video-preview":"max-video-preview:-1"},"canonical":"https:\/\/pilt.com.ar\/parque-industrial\/el-pilt-estuvo-presente-en-la-agroactiva-2019\/","og_locale":"es_ES","og_type":"article","og_title":"EL PILT ESTUVO PRESENTE EN LA AGROACTIVA 2019 - PILT.com.ar","og_description":"El Director del PILT, Sr. Dante Urli, estuvo recorriendo la Agroactiva 2019 que se realiz\u00f3 en la ciudad de Amstrong los d\u00edas 26, 27, 28 y 29 de junio; con el objetivo de tomar contacto con las diversas empresas que participaron de la expo y establecer v\u00ednculos entre el Parque y los distintos sectores productivos. [&hellip;]","og_url":"https:\/\/pilt.com.ar\/parque-industrial\/el-pilt-estuvo-presente-en-la-agroactiva-2019\/","og_site_name":"PILT.com.ar","article_published_time":"2019-08-01T14:12:06+00:00","article_modified_time":"2019-09-23T13:09:23+00:00","author":"PILT","twitter_card":"summary_large_image","twitter_misc":{"Escrito por":"PILT"},"schema":{"@context":"https:\/\/schema.org","@graph":[{"@type":"Article","@id":"https:\/\/pilt.com.ar\/parque-industrial\/el-pilt-estuvo-presente-en-la-agroactiva-2019\/#article","isPartOf":{"@id":"https:\/\/pilt.com.ar\/parque-industrial\/el-pilt-estuvo-presente-en-la-agroactiva-2019\/"},"author":{"name":"PILT","@id":"https:\/\/pilt.com.ar\/parque-industrial\/#\/schema\/person\/2dfb9e2464de1c3deef20c25c30a8306"},"headline":"EL PILT ESTUVO PRESENTE EN LA AGROACTIVA 2019","datePublished":"2019-08-01T14:12:06+00:00","dateModified":"2019-09-23T13:09:23+00:00","mainEntityOfPage":{"@id":"https:\/\/pilt.com.ar\/parque-industrial\/el-pilt-estuvo-presente-en-la-agroactiva-2019\/"},"wordCount":85,"commentCount":0,"articleSection":["Noticias"],"inLanguage":"es","potentialAction":[{"@type":"CommentAction","name":"Comment","target":["https:\/\/pilt.com.ar\/parque-industrial\/el-pilt-estuvo-presente-en-la-agroactiva-2019\/#respond"]}]},{"@type":"WebPage","@id":"https:\/\/pilt.com.ar\/parque-industrial\/el-pilt-estuvo-presente-en-la-agroactiva-2019\/","url":"https:\/\/pilt.com.ar\/parque-industrial\/el-pilt-estuvo-presente-en-la-agroactiva-2019\/","name":"EL PILT ESTUVO PRESENTE EN LA AGROACTIVA 2019 - PILT.com.ar","isPartOf":{"@id":"https:\/\/pilt.com.ar\/parque-industrial\/#website"},"datePublished":"2019-08-01T14:12:06+00:00","dateModified":"2019-09-23T13:09:23+00:00","author":{"@id":"https:\/\/pilt.com.ar\/parque-industrial\/#\/schema\/person\/2dfb9e2464de1c3deef20c25c30a8306"},"inLanguage":"es","potentialAction":[{"@type":"ReadAction","target":["https:\/\/pilt.com.ar\/parque-industrial\/el-pilt-estuvo-presente-en-la-agroactiva-2019\/"]}]},{"@type":"WebSite","@id":"https:\/\/pilt.com.ar\/parque-industrial\/#website","url":"https:\/\/pilt.com.ar\/parque-industrial\/","name":"PILT.com.ar","description":"Parque Industrial, Log\u00edstico y Tecnol\u00f3gico Villa Mar\u00eda","potentialAction":[{"@type":"SearchAction","target":{"@type":"EntryPoint","urlTemplate":"https:\/\/pilt.com.ar\/parque-industrial\/?s={search_term_string}"},"query-input":{"@type":"PropertyValueSpecification","valueRequired":true,"valueName":"search_term_string"}}],"inLanguage":"es"},{"@type":"Person","@id":"https:\/\/pilt.com.ar\/parque-industrial\/#\/schema\/person\/2dfb9e2464de1c3deef20c25c30a8306","name":"PILT","image":{"@type":"ImageObject","inLanguage":"es","@id":"https:\/\/secure.gravatar.com\/avatar\/5e3734c8d8c8e0b0d45f923c14a14d7b90521d573d02f0d91360a777095ee42b?s=96&d=mm&r=g","url":"https:\/\/secure.gravatar.com\/avatar\/5e3734c8d8c8e0b0d45f923c14a14d7b90521d573d02f0d91360a777095ee42b?s=96&d=mm&r=g","contentUrl":"https:\/\/secure.gravatar.com\/avatar\/5e3734c8d8c8e0b0d45f923c14a14d7b90521d573d02f0d91360a777095ee42b?s=96&d=mm&r=g","caption":"PILT"},"url":"https:\/\/pilt.com.ar\/parque-industrial\/author\/pilt\/"}]}},"jetpack_featured_media_url":"","jetpack_sharing_enabled":true,"_links":{"self":[{"href":"https:\/\/pilt.com.ar\/parque-industrial\/wp-json\/wp\/v2\/posts\/622","targetHints":{"allow":["GET"]}}],"collection":[{"href":"https:\/\/pilt.com.ar\/parque-industrial\/wp-json\/wp\/v2\/posts"}],"about":[{"href":"https:\/\/pilt.com.ar\/parque-industrial\/wp-json\/wp\/v2\/types\/post"}],"author":[{"embeddable":true,"href":"https:\/\/pilt.com.ar\/parque-industrial\/wp-json\/wp\/v2\/users\/3"}],"replies":[{"embeddable":true,"href":"https:\/\/pilt.com.ar\/parque-industrial\/wp-json\/wp\/v2\/comments?post=622"}],"version-history":[{"count":0,"href":"https:\/\/pilt.com.ar\/parque-industrial\/wp-json\/wp\/v2\/posts\/622\/revisions"}],"wp:attachment":[{"href":"https:\/\/pilt.com.ar\/parque-industrial\/wp-json\/wp\/v2\/media?parent=622"}],"wp:term":[{"taxonomy":"category","embeddable":true,"href":"https:\/\/pilt.com.ar\/parque-industrial\/wp-json\/wp\/v2\/categories?post=622"},{"taxonomy":"post_tag","embeddable":true,"href":"https:\/\/pilt.com.ar\/parque-industrial\/wp-json\/wp\/v2\/tags?post=622"}],"curies":[{"name":"wp","href":"https:\/\/api.w.org\/{rel}","templated":true}]}}