{"id":4111,"date":"2026-04-30T12:19:03","date_gmt":"2026-04-30T15:19:03","guid":{"rendered":"https:\/\/pilt.com.ar\/parque-industrial\/?p=4111"},"modified":"2026-04-30T12:29:59","modified_gmt":"2026-04-30T15:29:59","slug":"el-pilt-participa-de-la-feria-educativa-conectando-saberes","status":"publish","type":"post","link":"https:\/\/pilt.com.ar\/parque-industrial\/el-pilt-participa-de-la-feria-educativa-conectando-saberes\/","title":{"rendered":"EL PILT PARTICIPA DE LA FERIA EDUCATIVA CONECTANDO SABERES"},"content":{"rendered":"\n<p><em>El Ente mont\u00f3 una carpa en el Parque de la Vida, de la que forman parte 27 empresas asociadas.<\/em><\/p>\n\n\n\n<p>Con el objetivo de mostrar los productos y servicios de las empresas que integran el Parque Industrial, Log\u00edstico y Tecnol\u00f3gico Villa Mar\u00eda (PILT), y al mismo tiempo dar a conocer su demanda laboral, la entidad participa de la Feria Educativa Conectando Saberes con una carpa de grandes dimensiones.<\/p>\n\n\n\n<p>Cabe mencionar que la iniciativa, impulsada por la Municipalidad de Villa Mar\u00eda, tiene por objetivo acercar la oferta acad\u00e9mica a estudiantes de la ciudad y la regi\u00f3n. En este sentido, la feria cuenta con la participaci\u00f3n de instituciones de nivel superior, adem\u00e1s de propuestas vinculadas a la orientaci\u00f3n vocacional, el desarrollo profesional y el acceso a distintas oportunidades de formaci\u00f3n.<\/p>\n\n\n\n<p>En el espacio, miembros del Ente y de las empresas asociadas reciben a estudiantes de diversas instituciones educativas para explicar las actividades que desarrollan y los perfiles de capacitaci\u00f3n que demanda el sector productivo.<\/p>\n\n\n\n<p>Vale destacar el importante acompa\u00f1amiento de las empresas, que cuentan con una destacada presencia en la carpa. Ellas son: Alpha Qu\u00edmica S.R.L, P&amp;L Neum\u00e1ticos, S.A Molinos F\u00e9nix, Mayo Transformadores, Terramar Log\u00edstica S.R.L, Caf\u00e9 Ruiz, Frulatti, Bolicrok S.A, Bello Export S.R.L, Arinco S.A, Cortech S.A.S, Avaro Hermanos S.R.L, Hidrocentro Servicios S.R.L, MJG Solar, Vill.cor, Industrias Cormetal, MC Sabor, FISA Todo Ingredientes, VM Distribuciones, Compromeisse, Poligar S.R.L, AMI, AyS Alimentos y Servicios, Insumos SAR, Grupo Ari, Vialparking y Loma Revestimientos.<\/p>\n\n\n\n<p><\/p>\n","protected":false},"excerpt":{"rendered":"<p>El Ente mont\u00f3 una carpa en el Parque de la Vida, de la que forman parte 27 empresas asociadas. Con el objetivo de mostrar los productos y servicios de las empresas que integran el Parque Industrial, Log\u00edstico y Tecnol\u00f3gico Villa Mar\u00eda (PILT), y al mismo tiempo dar a conocer su demanda laboral, la entidad participa [&hellip;]<\/p>\n","protected":false},"author":3,"featured_media":4112,"comment_status":"open","ping_status":"open","sticky":false,"template":"","format":"standard","meta":{"_jetpack_memberships_contains_paid_content":false,"footnotes":""},"categories":[2],"tags":[],"class_list":["post-4111","post","type-post","status-publish","format-standard","has-post-thumbnail","hentry","category-noticias"],"yoast_head":"<!-- This site is optimized with the Yoast SEO plugin v27.5 - https:\/\/yoast.com\/product\/yoast-seo-wordpress\/ -->\n<title>EL PILT PARTICIPA DE LA FERIA EDUCATIVA CONECTANDO SABERES - PILT.com.ar<\/title>\n<meta name=\"robots\" content=\"index, follow, max-snippet:-1, max-image-preview:large, max-video-preview:-1\" \/>\n<link rel=\"canonical\" href=\"https:\/\/pilt.com.ar\/parque-industrial\/el-pilt-participa-de-la-feria-educativa-conectando-saberes\/\" \/>\n<meta property=\"og:locale\" content=\"es_ES\" \/>\n<meta property=\"og:type\" content=\"article\" \/>\n<meta property=\"og:title\" content=\"EL PILT PARTICIPA DE LA FERIA EDUCATIVA CONECTANDO SABERES - PILT.com.ar\" \/>\n<meta property=\"og:description\" content=\"El Ente mont\u00f3 una carpa en el Parque de la Vida, de la que forman parte 27 empresas asociadas. Con el objetivo de mostrar los productos y servicios de las empresas que integran el Parque Industrial, Log\u00edstico y Tecnol\u00f3gico Villa Mar\u00eda (PILT), y al mismo tiempo dar a conocer su demanda laboral, la entidad participa [&hellip;]\" \/>\n<meta property=\"og:url\" content=\"https:\/\/pilt.com.ar\/parque-industrial\/el-pilt-participa-de-la-feria-educativa-conectando-saberes\/\" \/>\n<meta property=\"og:site_name\" content=\"PILT.com.ar\" \/>\n<meta property=\"article:published_time\" content=\"2026-04-30T15:19:03+00:00\" \/>\n<meta property=\"article:modified_time\" content=\"2026-04-30T15:29:59+00:00\" \/>\n<meta property=\"og:image\" content=\"https:\/\/i0.wp.com\/pilt.com.ar\/parque-industrial\/wp-content\/uploads\/2026\/04\/WhatsApp-Image-2026-04-30-at-11.57.54.jpeg?fit=1600%2C900&ssl=1\" \/>\n\t<meta property=\"og:image:width\" content=\"1600\" \/>\n\t<meta property=\"og:image:height\" content=\"900\" \/>\n\t<meta property=\"og:image:type\" content=\"image\/jpeg\" \/>\n<meta name=\"author\" content=\"PILT\" \/>\n<meta name=\"twitter:card\" content=\"summary_large_image\" \/>\n<meta name=\"twitter:label1\" content=\"Escrito por\" \/>\n\t<meta name=\"twitter:data1\" content=\"PILT\" \/>\n\t<meta name=\"twitter:label2\" content=\"Tiempo de lectura\" \/>\n\t<meta name=\"twitter:data2\" content=\"2 minutos\" \/>\n<script type=\"application\/ld+json\" class=\"yoast-schema-graph\">{\"@context\":\"https:\\\/\\\/schema.org\",\"@graph\":[{\"@type\":\"Article\",\"@id\":\"https:\\\/\\\/pilt.com.ar\\\/parque-industrial\\\/el-pilt-participa-de-la-feria-educativa-conectando-saberes\\\/#article\",\"isPartOf\":{\"@id\":\"https:\\\/\\\/pilt.com.ar\\\/parque-industrial\\\/el-pilt-participa-de-la-feria-educativa-conectando-saberes\\\/\"},\"author\":{\"name\":\"PILT\",\"@id\":\"https:\\\/\\\/pilt.com.ar\\\/parque-industrial\\\/#\\\/schema\\\/person\\\/2dfb9e2464de1c3deef20c25c30a8306\"},\"headline\":\"EL PILT PARTICIPA DE LA FERIA EDUCATIVA CONECTANDO SABERES\",\"datePublished\":\"2026-04-30T15:19:03+00:00\",\"dateModified\":\"2026-04-30T15:29:59+00:00\",\"mainEntityOfPage\":{\"@id\":\"https:\\\/\\\/pilt.com.ar\\\/parque-industrial\\\/el-pilt-participa-de-la-feria-educativa-conectando-saberes\\\/\"},\"wordCount\":283,\"commentCount\":0,\"image\":{\"@id\":\"https:\\\/\\\/pilt.com.ar\\\/parque-industrial\\\/el-pilt-participa-de-la-feria-educativa-conectando-saberes\\\/#primaryimage\"},\"thumbnailUrl\":\"https:\\\/\\\/i0.wp.com\\\/pilt.com.ar\\\/parque-industrial\\\/wp-content\\\/uploads\\\/2026\\\/04\\\/WhatsApp-Image-2026-04-30-at-11.57.54.jpeg?fit=1600%2C900&ssl=1\",\"articleSection\":[\"Noticias\"],\"inLanguage\":\"es\",\"potentialAction\":[{\"@type\":\"CommentAction\",\"name\":\"Comment\",\"target\":[\"https:\\\/\\\/pilt.com.ar\\\/parque-industrial\\\/el-pilt-participa-de-la-feria-educativa-conectando-saberes\\\/#respond\"]}]},{\"@type\":\"WebPage\",\"@id\":\"https:\\\/\\\/pilt.com.ar\\\/parque-industrial\\\/el-pilt-participa-de-la-feria-educativa-conectando-saberes\\\/\",\"url\":\"https:\\\/\\\/pilt.com.ar\\\/parque-industrial\\\/el-pilt-participa-de-la-feria-educativa-conectando-saberes\\\/\",\"name\":\"EL PILT PARTICIPA DE LA FERIA EDUCATIVA CONECTANDO SABERES - PILT.com.ar\",\"isPartOf\":{\"@id\":\"https:\\\/\\\/pilt.com.ar\\\/parque-industrial\\\/#website\"},\"primaryImageOfPage\":{\"@id\":\"https:\\\/\\\/pilt.com.ar\\\/parque-industrial\\\/el-pilt-participa-de-la-feria-educativa-conectando-saberes\\\/#primaryimage\"},\"image\":{\"@id\":\"https:\\\/\\\/pilt.com.ar\\\/parque-industrial\\\/el-pilt-participa-de-la-feria-educativa-conectando-saberes\\\/#primaryimage\"},\"thumbnailUrl\":\"https:\\\/\\\/i0.wp.com\\\/pilt.com.ar\\\/parque-industrial\\\/wp-content\\\/uploads\\\/2026\\\/04\\\/WhatsApp-Image-2026-04-30-at-11.57.54.jpeg?fit=1600%2C900&ssl=1\",\"datePublished\":\"2026-04-30T15:19:03+00:00\",\"dateModified\":\"2026-04-30T15:29:59+00:00\",\"author\":{\"@id\":\"https:\\\/\\\/pilt.com.ar\\\/parque-industrial\\\/#\\\/schema\\\/person\\\/2dfb9e2464de1c3deef20c25c30a8306\"},\"inLanguage\":\"es\",\"potentialAction\":[{\"@type\":\"ReadAction\",\"target\":[\"https:\\\/\\\/pilt.com.ar\\\/parque-industrial\\\/el-pilt-participa-de-la-feria-educativa-conectando-saberes\\\/\"]}]},{\"@type\":\"ImageObject\",\"inLanguage\":\"es\",\"@id\":\"https:\\\/\\\/pilt.com.ar\\\/parque-industrial\\\/el-pilt-participa-de-la-feria-educativa-conectando-saberes\\\/#primaryimage\",\"url\":\"https:\\\/\\\/i0.wp.com\\\/pilt.com.ar\\\/parque-industrial\\\/wp-content\\\/uploads\\\/2026\\\/04\\\/WhatsApp-Image-2026-04-30-at-11.57.54.jpeg?fit=1600%2C900&ssl=1\",\"contentUrl\":\"https:\\\/\\\/i0.wp.com\\\/pilt.com.ar\\\/parque-industrial\\\/wp-content\\\/uploads\\\/2026\\\/04\\\/WhatsApp-Image-2026-04-30-at-11.57.54.jpeg?fit=1600%2C900&ssl=1\",\"width\":1600,\"height\":900},{\"@type\":\"WebSite\",\"@id\":\"https:\\\/\\\/pilt.com.ar\\\/parque-industrial\\\/#website\",\"url\":\"https:\\\/\\\/pilt.com.ar\\\/parque-industrial\\\/\",\"name\":\"PILT.com.ar\",\"description\":\"Parque Industrial, Log\u00edstico y Tecnol\u00f3gico Villa Mar\u00eda\",\"potentialAction\":[{\"@type\":\"SearchAction\",\"target\":{\"@type\":\"EntryPoint\",\"urlTemplate\":\"https:\\\/\\\/pilt.com.ar\\\/parque-industrial\\\/?s={search_term_string}\"},\"query-input\":{\"@type\":\"PropertyValueSpecification\",\"valueRequired\":true,\"valueName\":\"search_term_string\"}}],\"inLanguage\":\"es\"},{\"@type\":\"Person\",\"@id\":\"https:\\\/\\\/pilt.com.ar\\\/parque-industrial\\\/#\\\/schema\\\/person\\\/2dfb9e2464de1c3deef20c25c30a8306\",\"name\":\"PILT\",\"image\":{\"@type\":\"ImageObject\",\"inLanguage\":\"es\",\"@id\":\"https:\\\/\\\/secure.gravatar.com\\\/avatar\\\/5e3734c8d8c8e0b0d45f923c14a14d7b90521d573d02f0d91360a777095ee42b?s=96&d=mm&r=g\",\"url\":\"https:\\\/\\\/secure.gravatar.com\\\/avatar\\\/5e3734c8d8c8e0b0d45f923c14a14d7b90521d573d02f0d91360a777095ee42b?s=96&d=mm&r=g\",\"contentUrl\":\"https:\\\/\\\/secure.gravatar.com\\\/avatar\\\/5e3734c8d8c8e0b0d45f923c14a14d7b90521d573d02f0d91360a777095ee42b?s=96&d=mm&r=g\",\"caption\":\"PILT\"},\"url\":\"https:\\\/\\\/pilt.com.ar\\\/parque-industrial\\\/author\\\/pilt\\\/\"}]}<\/script>\n<!-- \/ Yoast SEO plugin. -->","yoast_head_json":{"title":"EL PILT PARTICIPA DE LA FERIA EDUCATIVA CONECTANDO SABERES - PILT.com.ar","robots":{"index":"index","follow":"follow","max-snippet":"max-snippet:-1","max-image-preview":"max-image-preview:large","max-video-preview":"max-video-preview:-1"},"canonical":"https:\/\/pilt.com.ar\/parque-industrial\/el-pilt-participa-de-la-feria-educativa-conectando-saberes\/","og_locale":"es_ES","og_type":"article","og_title":"EL PILT PARTICIPA DE LA FERIA EDUCATIVA CONECTANDO SABERES - PILT.com.ar","og_description":"El Ente mont\u00f3 una carpa en el Parque de la Vida, de la que forman parte 27 empresas asociadas. Con el objetivo de mostrar los productos y servicios de las empresas que integran el Parque Industrial, Log\u00edstico y Tecnol\u00f3gico Villa Mar\u00eda (PILT), y al mismo tiempo dar a conocer su demanda laboral, la entidad participa [&hellip;]","og_url":"https:\/\/pilt.com.ar\/parque-industrial\/el-pilt-participa-de-la-feria-educativa-conectando-saberes\/","og_site_name":"PILT.com.ar","article_published_time":"2026-04-30T15:19:03+00:00","article_modified_time":"2026-04-30T15:29:59+00:00","og_image":[{"width":1600,"height":900,"url":"https:\/\/i0.wp.com\/pilt.com.ar\/parque-industrial\/wp-content\/uploads\/2026\/04\/WhatsApp-Image-2026-04-30-at-11.57.54.jpeg?fit=1600%2C900&ssl=1","type":"image\/jpeg"}],"author":"PILT","twitter_card":"summary_large_image","twitter_misc":{"Escrito por":"PILT","Tiempo de lectura":"2 minutos"},"schema":{"@context":"https:\/\/schema.org","@graph":[{"@type":"Article","@id":"https:\/\/pilt.com.ar\/parque-industrial\/el-pilt-participa-de-la-feria-educativa-conectando-saberes\/#article","isPartOf":{"@id":"https:\/\/pilt.com.ar\/parque-industrial\/el-pilt-participa-de-la-feria-educativa-conectando-saberes\/"},"author":{"name":"PILT","@id":"https:\/\/pilt.com.ar\/parque-industrial\/#\/schema\/person\/2dfb9e2464de1c3deef20c25c30a8306"},"headline":"EL PILT PARTICIPA DE LA FERIA EDUCATIVA CONECTANDO SABERES","datePublished":"2026-04-30T15:19:03+00:00","dateModified":"2026-04-30T15:29:59+00:00","mainEntityOfPage":{"@id":"https:\/\/pilt.com.ar\/parque-industrial\/el-pilt-participa-de-la-feria-educativa-conectando-saberes\/"},"wordCount":283,"commentCount":0,"image":{"@id":"https:\/\/pilt.com.ar\/parque-industrial\/el-pilt-participa-de-la-feria-educativa-conectando-saberes\/#primaryimage"},"thumbnailUrl":"https:\/\/i0.wp.com\/pilt.com.ar\/parque-industrial\/wp-content\/uploads\/2026\/04\/WhatsApp-Image-2026-04-30-at-11.57.54.jpeg?fit=1600%2C900&ssl=1","articleSection":["Noticias"],"inLanguage":"es","potentialAction":[{"@type":"CommentAction","name":"Comment","target":["https:\/\/pilt.com.ar\/parque-industrial\/el-pilt-participa-de-la-feria-educativa-conectando-saberes\/#respond"]}]},{"@type":"WebPage","@id":"https:\/\/pilt.com.ar\/parque-industrial\/el-pilt-participa-de-la-feria-educativa-conectando-saberes\/","url":"https:\/\/pilt.com.ar\/parque-industrial\/el-pilt-participa-de-la-feria-educativa-conectando-saberes\/","name":"EL PILT PARTICIPA DE LA FERIA EDUCATIVA CONECTANDO SABERES - PILT.com.ar","isPartOf":{"@id":"https:\/\/pilt.com.ar\/parque-industrial\/#website"},"primaryImageOfPage":{"@id":"https:\/\/pilt.com.ar\/parque-industrial\/el-pilt-participa-de-la-feria-educativa-conectando-saberes\/#primaryimage"},"image":{"@id":"https:\/\/pilt.com.ar\/parque-industrial\/el-pilt-participa-de-la-feria-educativa-conectando-saberes\/#primaryimage"},"thumbnailUrl":"https:\/\/i0.wp.com\/pilt.com.ar\/parque-industrial\/wp-content\/uploads\/2026\/04\/WhatsApp-Image-2026-04-30-at-11.57.54.jpeg?fit=1600%2C900&ssl=1","datePublished":"2026-04-30T15:19:03+00:00","dateModified":"2026-04-30T15:29:59+00:00","author":{"@id":"https:\/\/pilt.com.ar\/parque-industrial\/#\/schema\/person\/2dfb9e2464de1c3deef20c25c30a8306"},"inLanguage":"es","potentialAction":[{"@type":"ReadAction","target":["https:\/\/pilt.com.ar\/parque-industrial\/el-pilt-participa-de-la-feria-educativa-conectando-saberes\/"]}]},{"@type":"ImageObject","inLanguage":"es","@id":"https:\/\/pilt.com.ar\/parque-industrial\/el-pilt-participa-de-la-feria-educativa-conectando-saberes\/#primaryimage","url":"https:\/\/i0.wp.com\/pilt.com.ar\/parque-industrial\/wp-content\/uploads\/2026\/04\/WhatsApp-Image-2026-04-30-at-11.57.54.jpeg?fit=1600%2C900&ssl=1","contentUrl":"https:\/\/i0.wp.com\/pilt.com.ar\/parque-industrial\/wp-content\/uploads\/2026\/04\/WhatsApp-Image-2026-04-30-at-11.57.54.jpeg?fit=1600%2C900&ssl=1","width":1600,"height":900},{"@type":"WebSite","@id":"https:\/\/pilt.com.ar\/parque-industrial\/#website","url":"https:\/\/pilt.com.ar\/parque-industrial\/","name":"PILT.com.ar","description":"Parque Industrial, Log\u00edstico y Tecnol\u00f3gico Villa Mar\u00eda","potentialAction":[{"@type":"SearchAction","target":{"@type":"EntryPoint","urlTemplate":"https:\/\/pilt.com.ar\/parque-industrial\/?s={search_term_string}"},"query-input":{"@type":"PropertyValueSpecification","valueRequired":true,"valueName":"search_term_string"}}],"inLanguage":"es"},{"@type":"Person","@id":"https:\/\/pilt.com.ar\/parque-industrial\/#\/schema\/person\/2dfb9e2464de1c3deef20c25c30a8306","name":"PILT","image":{"@type":"ImageObject","inLanguage":"es","@id":"https:\/\/secure.gravatar.com\/avatar\/5e3734c8d8c8e0b0d45f923c14a14d7b90521d573d02f0d91360a777095ee42b?s=96&d=mm&r=g","url":"https:\/\/secure.gravatar.com\/avatar\/5e3734c8d8c8e0b0d45f923c14a14d7b90521d573d02f0d91360a777095ee42b?s=96&d=mm&r=g","contentUrl":"https:\/\/secure.gravatar.com\/avatar\/5e3734c8d8c8e0b0d45f923c14a14d7b90521d573d02f0d91360a777095ee42b?s=96&d=mm&r=g","caption":"PILT"},"url":"https:\/\/pilt.com.ar\/parque-industrial\/author\/pilt\/"}]}},"jetpack_featured_media_url":"https:\/\/i0.wp.com\/pilt.com.ar\/parque-industrial\/wp-content\/uploads\/2026\/04\/WhatsApp-Image-2026-04-30-at-11.57.54.jpeg?fit=1600%2C900&ssl=1","jetpack_sharing_enabled":true,"_links":{"self":[{"href":"https:\/\/pilt.com.ar\/parque-industrial\/wp-json\/wp\/v2\/posts\/4111","targetHints":{"allow":["GET"]}}],"collection":[{"href":"https:\/\/pilt.com.ar\/parque-industrial\/wp-json\/wp\/v2\/posts"}],"about":[{"href":"https:\/\/pilt.com.ar\/parque-industrial\/wp-json\/wp\/v2\/types\/post"}],"author":[{"embeddable":true,"href":"https:\/\/pilt.com.ar\/parque-industrial\/wp-json\/wp\/v2\/users\/3"}],"replies":[{"embeddable":true,"href":"https:\/\/pilt.com.ar\/parque-industrial\/wp-json\/wp\/v2\/comments?post=4111"}],"version-history":[{"count":2,"href":"https:\/\/pilt.com.ar\/parque-industrial\/wp-json\/wp\/v2\/posts\/4111\/revisions"}],"predecessor-version":[{"id":4115,"href":"https:\/\/pilt.com.ar\/parque-industrial\/wp-json\/wp\/v2\/posts\/4111\/revisions\/4115"}],"wp:featuredmedia":[{"embeddable":true,"href":"https:\/\/pilt.com.ar\/parque-industrial\/wp-json\/wp\/v2\/media\/4112"}],"wp:attachment":[{"href":"https:\/\/pilt.com.ar\/parque-industrial\/wp-json\/wp\/v2\/media?parent=4111"}],"wp:term":[{"taxonomy":"category","embeddable":true,"href":"https:\/\/pilt.com.ar\/parque-industrial\/wp-json\/wp\/v2\/categories?post=4111"},{"taxonomy":"post_tag","embeddable":true,"href":"https:\/\/pilt.com.ar\/parque-industrial\/wp-json\/wp\/v2\/tags?post=4111"}],"curies":[{"name":"wp","href":"https:\/\/api.w.org\/{rel}","templated":true}]}}