{"id":4100,"date":"2026-04-24T10:13:36","date_gmt":"2026-04-24T13:13:36","guid":{"rendered":"https:\/\/pilt.com.ar\/parque-industrial\/?p=4100"},"modified":"2026-04-24T10:14:15","modified_gmt":"2026-04-24T13:14:15","slug":"estudiantes-de-distintos-niveles-educativos-visitaron-el-pilt","status":"publish","type":"post","link":"https:\/\/pilt.com.ar\/parque-industrial\/estudiantes-de-distintos-niveles-educativos-visitaron-el-pilt\/","title":{"rendered":"ESTUDIANTES DE DISTINTOS NIVELES EDUCATIVOS VISITARON EL PILT"},"content":{"rendered":"\n<p><em>Las visitas se enmarcan en las acciones de vinculaci\u00f3n que promueve el Parque para acercar a los estudiantes al entramado productivo local.<\/em><\/p>\n\n\n\n<p>Como es habitual, estudiantes que cursan en instituciones educativas del medio eligen el Parque Industrial, Log\u00edstico y Tecnol\u00f3gico Villa Mar\u00eda (PILT) para interiorizarse sobre las estrategias que se impulsan para acompa\u00f1ar y potenciar el desarrollo industrial de las organizaciones, as\u00ed como tambi\u00e9n para observar in situ los procesos productivos de las industrias que integran el Ente.<\/p>\n\n\n\n<p>En ese sentido, recientemente estudiantes de la carrera Licenciatura en Administraci\u00f3n de la Universidad Nacional de Villa Mar\u00eda recorrieron el PILT y, adem\u00e1s de participar de una charla en la Administraci\u00f3n, se acercaron a las dos Naves para Emprendedores, particularmente a las empresas MC Sabor Artesanal, DyFma y Magno Tecnolog\u00eda L\u00e1ctea.<\/p>\n\n\n\n<p>Por otro lado, tambi\u00e9n participaron dos grupos de estudiantes de 5\u00b0 a\u00f1o del Instituto Secundario Bernardino Rivadavia, pertenecientes a la especialidad Gesti\u00f3n y Administraci\u00f3n. Uno de ellos se dirigi\u00f3 a la empresa MC Sabor Artesanal y el otro a la firma Terramar.<\/p>\n\n\n\n<p><\/p>\n","protected":false},"excerpt":{"rendered":"<p>Las visitas se enmarcan en las acciones de vinculaci\u00f3n que promueve el Parque para acercar a los estudiantes al entramado productivo local. Como es habitual, estudiantes que cursan en instituciones educativas del medio eligen el Parque Industrial, Log\u00edstico y Tecnol\u00f3gico Villa Mar\u00eda (PILT) para interiorizarse sobre las estrategias que se impulsan para acompa\u00f1ar y potenciar [&hellip;]<\/p>\n","protected":false},"author":3,"featured_media":4101,"comment_status":"open","ping_status":"open","sticky":false,"template":"","format":"standard","meta":{"_jetpack_memberships_contains_paid_content":false,"footnotes":""},"categories":[2],"tags":[],"class_list":["post-4100","post","type-post","status-publish","format-standard","has-post-thumbnail","hentry","category-noticias"],"yoast_head":"<!-- This site is optimized with the Yoast SEO plugin v27.5 - https:\/\/yoast.com\/product\/yoast-seo-wordpress\/ -->\n<title>ESTUDIANTES DE DISTINTOS NIVELES EDUCATIVOS VISITARON EL PILT - PILT.com.ar<\/title>\n<meta name=\"robots\" content=\"index, follow, max-snippet:-1, max-image-preview:large, max-video-preview:-1\" \/>\n<link rel=\"canonical\" href=\"https:\/\/pilt.com.ar\/parque-industrial\/estudiantes-de-distintos-niveles-educativos-visitaron-el-pilt\/\" \/>\n<meta property=\"og:locale\" content=\"es_ES\" \/>\n<meta property=\"og:type\" content=\"article\" \/>\n<meta property=\"og:title\" content=\"ESTUDIANTES DE DISTINTOS NIVELES EDUCATIVOS VISITARON EL PILT - PILT.com.ar\" \/>\n<meta property=\"og:description\" content=\"Las visitas se enmarcan en las acciones de vinculaci\u00f3n que promueve el Parque para acercar a los estudiantes al entramado productivo local. Como es habitual, estudiantes que cursan en instituciones educativas del medio eligen el Parque Industrial, Log\u00edstico y Tecnol\u00f3gico Villa Mar\u00eda (PILT) para interiorizarse sobre las estrategias que se impulsan para acompa\u00f1ar y potenciar [&hellip;]\" \/>\n<meta property=\"og:url\" content=\"https:\/\/pilt.com.ar\/parque-industrial\/estudiantes-de-distintos-niveles-educativos-visitaron-el-pilt\/\" \/>\n<meta property=\"og:site_name\" content=\"PILT.com.ar\" \/>\n<meta property=\"article:published_time\" content=\"2026-04-24T13:13:36+00:00\" \/>\n<meta property=\"article:modified_time\" content=\"2026-04-24T13:14:15+00:00\" \/>\n<meta property=\"og:image\" content=\"https:\/\/i0.wp.com\/pilt.com.ar\/parque-industrial\/wp-content\/uploads\/2026\/04\/RIVADAVIA-5-GESTION-Y-ADMIN.-1.jpeg?fit=1600%2C901&ssl=1\" \/>\n\t<meta property=\"og:image:width\" content=\"1600\" \/>\n\t<meta property=\"og:image:height\" content=\"901\" \/>\n\t<meta property=\"og:image:type\" content=\"image\/jpeg\" \/>\n<meta name=\"author\" content=\"PILT\" \/>\n<meta name=\"twitter:card\" content=\"summary_large_image\" \/>\n<meta name=\"twitter:label1\" content=\"Escrito por\" \/>\n\t<meta name=\"twitter:data1\" content=\"PILT\" \/>\n\t<meta name=\"twitter:label2\" content=\"Tiempo de lectura\" \/>\n\t<meta name=\"twitter:data2\" content=\"1 minuto\" \/>\n<script type=\"application\/ld+json\" class=\"yoast-schema-graph\">{\"@context\":\"https:\\\/\\\/schema.org\",\"@graph\":[{\"@type\":\"Article\",\"@id\":\"https:\\\/\\\/pilt.com.ar\\\/parque-industrial\\\/estudiantes-de-distintos-niveles-educativos-visitaron-el-pilt\\\/#article\",\"isPartOf\":{\"@id\":\"https:\\\/\\\/pilt.com.ar\\\/parque-industrial\\\/estudiantes-de-distintos-niveles-educativos-visitaron-el-pilt\\\/\"},\"author\":{\"name\":\"PILT\",\"@id\":\"https:\\\/\\\/pilt.com.ar\\\/parque-industrial\\\/#\\\/schema\\\/person\\\/2dfb9e2464de1c3deef20c25c30a8306\"},\"headline\":\"ESTUDIANTES DE DISTINTOS NIVELES EDUCATIVOS VISITARON EL PILT\",\"datePublished\":\"2026-04-24T13:13:36+00:00\",\"dateModified\":\"2026-04-24T13:14:15+00:00\",\"mainEntityOfPage\":{\"@id\":\"https:\\\/\\\/pilt.com.ar\\\/parque-industrial\\\/estudiantes-de-distintos-niveles-educativos-visitaron-el-pilt\\\/\"},\"wordCount\":194,\"commentCount\":0,\"image\":{\"@id\":\"https:\\\/\\\/pilt.com.ar\\\/parque-industrial\\\/estudiantes-de-distintos-niveles-educativos-visitaron-el-pilt\\\/#primaryimage\"},\"thumbnailUrl\":\"https:\\\/\\\/i0.wp.com\\\/pilt.com.ar\\\/parque-industrial\\\/wp-content\\\/uploads\\\/2026\\\/04\\\/RIVADAVIA-5-GESTION-Y-ADMIN.-1.jpeg?fit=1600%2C901&ssl=1\",\"articleSection\":[\"Noticias\"],\"inLanguage\":\"es\",\"potentialAction\":[{\"@type\":\"CommentAction\",\"name\":\"Comment\",\"target\":[\"https:\\\/\\\/pilt.com.ar\\\/parque-industrial\\\/estudiantes-de-distintos-niveles-educativos-visitaron-el-pilt\\\/#respond\"]}]},{\"@type\":\"WebPage\",\"@id\":\"https:\\\/\\\/pilt.com.ar\\\/parque-industrial\\\/estudiantes-de-distintos-niveles-educativos-visitaron-el-pilt\\\/\",\"url\":\"https:\\\/\\\/pilt.com.ar\\\/parque-industrial\\\/estudiantes-de-distintos-niveles-educativos-visitaron-el-pilt\\\/\",\"name\":\"ESTUDIANTES DE DISTINTOS NIVELES EDUCATIVOS VISITARON EL PILT - PILT.com.ar\",\"isPartOf\":{\"@id\":\"https:\\\/\\\/pilt.com.ar\\\/parque-industrial\\\/#website\"},\"primaryImageOfPage\":{\"@id\":\"https:\\\/\\\/pilt.com.ar\\\/parque-industrial\\\/estudiantes-de-distintos-niveles-educativos-visitaron-el-pilt\\\/#primaryimage\"},\"image\":{\"@id\":\"https:\\\/\\\/pilt.com.ar\\\/parque-industrial\\\/estudiantes-de-distintos-niveles-educativos-visitaron-el-pilt\\\/#primaryimage\"},\"thumbnailUrl\":\"https:\\\/\\\/i0.wp.com\\\/pilt.com.ar\\\/parque-industrial\\\/wp-content\\\/uploads\\\/2026\\\/04\\\/RIVADAVIA-5-GESTION-Y-ADMIN.-1.jpeg?fit=1600%2C901&ssl=1\",\"datePublished\":\"2026-04-24T13:13:36+00:00\",\"dateModified\":\"2026-04-24T13:14:15+00:00\",\"author\":{\"@id\":\"https:\\\/\\\/pilt.com.ar\\\/parque-industrial\\\/#\\\/schema\\\/person\\\/2dfb9e2464de1c3deef20c25c30a8306\"},\"inLanguage\":\"es\",\"potentialAction\":[{\"@type\":\"ReadAction\",\"target\":[\"https:\\\/\\\/pilt.com.ar\\\/parque-industrial\\\/estudiantes-de-distintos-niveles-educativos-visitaron-el-pilt\\\/\"]}]},{\"@type\":\"ImageObject\",\"inLanguage\":\"es\",\"@id\":\"https:\\\/\\\/pilt.com.ar\\\/parque-industrial\\\/estudiantes-de-distintos-niveles-educativos-visitaron-el-pilt\\\/#primaryimage\",\"url\":\"https:\\\/\\\/i0.wp.com\\\/pilt.com.ar\\\/parque-industrial\\\/wp-content\\\/uploads\\\/2026\\\/04\\\/RIVADAVIA-5-GESTION-Y-ADMIN.-1.jpeg?fit=1600%2C901&ssl=1\",\"contentUrl\":\"https:\\\/\\\/i0.wp.com\\\/pilt.com.ar\\\/parque-industrial\\\/wp-content\\\/uploads\\\/2026\\\/04\\\/RIVADAVIA-5-GESTION-Y-ADMIN.-1.jpeg?fit=1600%2C901&ssl=1\",\"width\":1600,\"height\":901},{\"@type\":\"WebSite\",\"@id\":\"https:\\\/\\\/pilt.com.ar\\\/parque-industrial\\\/#website\",\"url\":\"https:\\\/\\\/pilt.com.ar\\\/parque-industrial\\\/\",\"name\":\"PILT.com.ar\",\"description\":\"Parque Industrial, Log\u00edstico y Tecnol\u00f3gico Villa Mar\u00eda\",\"potentialAction\":[{\"@type\":\"SearchAction\",\"target\":{\"@type\":\"EntryPoint\",\"urlTemplate\":\"https:\\\/\\\/pilt.com.ar\\\/parque-industrial\\\/?s={search_term_string}\"},\"query-input\":{\"@type\":\"PropertyValueSpecification\",\"valueRequired\":true,\"valueName\":\"search_term_string\"}}],\"inLanguage\":\"es\"},{\"@type\":\"Person\",\"@id\":\"https:\\\/\\\/pilt.com.ar\\\/parque-industrial\\\/#\\\/schema\\\/person\\\/2dfb9e2464de1c3deef20c25c30a8306\",\"name\":\"PILT\",\"image\":{\"@type\":\"ImageObject\",\"inLanguage\":\"es\",\"@id\":\"https:\\\/\\\/secure.gravatar.com\\\/avatar\\\/5e3734c8d8c8e0b0d45f923c14a14d7b90521d573d02f0d91360a777095ee42b?s=96&d=mm&r=g\",\"url\":\"https:\\\/\\\/secure.gravatar.com\\\/avatar\\\/5e3734c8d8c8e0b0d45f923c14a14d7b90521d573d02f0d91360a777095ee42b?s=96&d=mm&r=g\",\"contentUrl\":\"https:\\\/\\\/secure.gravatar.com\\\/avatar\\\/5e3734c8d8c8e0b0d45f923c14a14d7b90521d573d02f0d91360a777095ee42b?s=96&d=mm&r=g\",\"caption\":\"PILT\"},\"url\":\"https:\\\/\\\/pilt.com.ar\\\/parque-industrial\\\/author\\\/pilt\\\/\"}]}<\/script>\n<!-- \/ Yoast SEO plugin. -->","yoast_head_json":{"title":"ESTUDIANTES DE DISTINTOS NIVELES EDUCATIVOS VISITARON EL PILT - PILT.com.ar","robots":{"index":"index","follow":"follow","max-snippet":"max-snippet:-1","max-image-preview":"max-image-preview:large","max-video-preview":"max-video-preview:-1"},"canonical":"https:\/\/pilt.com.ar\/parque-industrial\/estudiantes-de-distintos-niveles-educativos-visitaron-el-pilt\/","og_locale":"es_ES","og_type":"article","og_title":"ESTUDIANTES DE DISTINTOS NIVELES EDUCATIVOS VISITARON EL PILT - PILT.com.ar","og_description":"Las visitas se enmarcan en las acciones de vinculaci\u00f3n que promueve el Parque para acercar a los estudiantes al entramado productivo local. Como es habitual, estudiantes que cursan en instituciones educativas del medio eligen el Parque Industrial, Log\u00edstico y Tecnol\u00f3gico Villa Mar\u00eda (PILT) para interiorizarse sobre las estrategias que se impulsan para acompa\u00f1ar y potenciar [&hellip;]","og_url":"https:\/\/pilt.com.ar\/parque-industrial\/estudiantes-de-distintos-niveles-educativos-visitaron-el-pilt\/","og_site_name":"PILT.com.ar","article_published_time":"2026-04-24T13:13:36+00:00","article_modified_time":"2026-04-24T13:14:15+00:00","og_image":[{"width":1600,"height":901,"url":"https:\/\/i0.wp.com\/pilt.com.ar\/parque-industrial\/wp-content\/uploads\/2026\/04\/RIVADAVIA-5-GESTION-Y-ADMIN.-1.jpeg?fit=1600%2C901&ssl=1","type":"image\/jpeg"}],"author":"PILT","twitter_card":"summary_large_image","twitter_misc":{"Escrito por":"PILT","Tiempo de lectura":"1 minuto"},"schema":{"@context":"https:\/\/schema.org","@graph":[{"@type":"Article","@id":"https:\/\/pilt.com.ar\/parque-industrial\/estudiantes-de-distintos-niveles-educativos-visitaron-el-pilt\/#article","isPartOf":{"@id":"https:\/\/pilt.com.ar\/parque-industrial\/estudiantes-de-distintos-niveles-educativos-visitaron-el-pilt\/"},"author":{"name":"PILT","@id":"https:\/\/pilt.com.ar\/parque-industrial\/#\/schema\/person\/2dfb9e2464de1c3deef20c25c30a8306"},"headline":"ESTUDIANTES DE DISTINTOS NIVELES EDUCATIVOS VISITARON EL PILT","datePublished":"2026-04-24T13:13:36+00:00","dateModified":"2026-04-24T13:14:15+00:00","mainEntityOfPage":{"@id":"https:\/\/pilt.com.ar\/parque-industrial\/estudiantes-de-distintos-niveles-educativos-visitaron-el-pilt\/"},"wordCount":194,"commentCount":0,"image":{"@id":"https:\/\/pilt.com.ar\/parque-industrial\/estudiantes-de-distintos-niveles-educativos-visitaron-el-pilt\/#primaryimage"},"thumbnailUrl":"https:\/\/i0.wp.com\/pilt.com.ar\/parque-industrial\/wp-content\/uploads\/2026\/04\/RIVADAVIA-5-GESTION-Y-ADMIN.-1.jpeg?fit=1600%2C901&ssl=1","articleSection":["Noticias"],"inLanguage":"es","potentialAction":[{"@type":"CommentAction","name":"Comment","target":["https:\/\/pilt.com.ar\/parque-industrial\/estudiantes-de-distintos-niveles-educativos-visitaron-el-pilt\/#respond"]}]},{"@type":"WebPage","@id":"https:\/\/pilt.com.ar\/parque-industrial\/estudiantes-de-distintos-niveles-educativos-visitaron-el-pilt\/","url":"https:\/\/pilt.com.ar\/parque-industrial\/estudiantes-de-distintos-niveles-educativos-visitaron-el-pilt\/","name":"ESTUDIANTES DE DISTINTOS NIVELES EDUCATIVOS VISITARON EL PILT - PILT.com.ar","isPartOf":{"@id":"https:\/\/pilt.com.ar\/parque-industrial\/#website"},"primaryImageOfPage":{"@id":"https:\/\/pilt.com.ar\/parque-industrial\/estudiantes-de-distintos-niveles-educativos-visitaron-el-pilt\/#primaryimage"},"image":{"@id":"https:\/\/pilt.com.ar\/parque-industrial\/estudiantes-de-distintos-niveles-educativos-visitaron-el-pilt\/#primaryimage"},"thumbnailUrl":"https:\/\/i0.wp.com\/pilt.com.ar\/parque-industrial\/wp-content\/uploads\/2026\/04\/RIVADAVIA-5-GESTION-Y-ADMIN.-1.jpeg?fit=1600%2C901&ssl=1","datePublished":"2026-04-24T13:13:36+00:00","dateModified":"2026-04-24T13:14:15+00:00","author":{"@id":"https:\/\/pilt.com.ar\/parque-industrial\/#\/schema\/person\/2dfb9e2464de1c3deef20c25c30a8306"},"inLanguage":"es","potentialAction":[{"@type":"ReadAction","target":["https:\/\/pilt.com.ar\/parque-industrial\/estudiantes-de-distintos-niveles-educativos-visitaron-el-pilt\/"]}]},{"@type":"ImageObject","inLanguage":"es","@id":"https:\/\/pilt.com.ar\/parque-industrial\/estudiantes-de-distintos-niveles-educativos-visitaron-el-pilt\/#primaryimage","url":"https:\/\/i0.wp.com\/pilt.com.ar\/parque-industrial\/wp-content\/uploads\/2026\/04\/RIVADAVIA-5-GESTION-Y-ADMIN.-1.jpeg?fit=1600%2C901&ssl=1","contentUrl":"https:\/\/i0.wp.com\/pilt.com.ar\/parque-industrial\/wp-content\/uploads\/2026\/04\/RIVADAVIA-5-GESTION-Y-ADMIN.-1.jpeg?fit=1600%2C901&ssl=1","width":1600,"height":901},{"@type":"WebSite","@id":"https:\/\/pilt.com.ar\/parque-industrial\/#website","url":"https:\/\/pilt.com.ar\/parque-industrial\/","name":"PILT.com.ar","description":"Parque Industrial, Log\u00edstico y Tecnol\u00f3gico Villa Mar\u00eda","potentialAction":[{"@type":"SearchAction","target":{"@type":"EntryPoint","urlTemplate":"https:\/\/pilt.com.ar\/parque-industrial\/?s={search_term_string}"},"query-input":{"@type":"PropertyValueSpecification","valueRequired":true,"valueName":"search_term_string"}}],"inLanguage":"es"},{"@type":"Person","@id":"https:\/\/pilt.com.ar\/parque-industrial\/#\/schema\/person\/2dfb9e2464de1c3deef20c25c30a8306","name":"PILT","image":{"@type":"ImageObject","inLanguage":"es","@id":"https:\/\/secure.gravatar.com\/avatar\/5e3734c8d8c8e0b0d45f923c14a14d7b90521d573d02f0d91360a777095ee42b?s=96&d=mm&r=g","url":"https:\/\/secure.gravatar.com\/avatar\/5e3734c8d8c8e0b0d45f923c14a14d7b90521d573d02f0d91360a777095ee42b?s=96&d=mm&r=g","contentUrl":"https:\/\/secure.gravatar.com\/avatar\/5e3734c8d8c8e0b0d45f923c14a14d7b90521d573d02f0d91360a777095ee42b?s=96&d=mm&r=g","caption":"PILT"},"url":"https:\/\/pilt.com.ar\/parque-industrial\/author\/pilt\/"}]}},"jetpack_featured_media_url":"https:\/\/i0.wp.com\/pilt.com.ar\/parque-industrial\/wp-content\/uploads\/2026\/04\/RIVADAVIA-5-GESTION-Y-ADMIN.-1.jpeg?fit=1600%2C901&ssl=1","jetpack_sharing_enabled":true,"_links":{"self":[{"href":"https:\/\/pilt.com.ar\/parque-industrial\/wp-json\/wp\/v2\/posts\/4100","targetHints":{"allow":["GET"]}}],"collection":[{"href":"https:\/\/pilt.com.ar\/parque-industrial\/wp-json\/wp\/v2\/posts"}],"about":[{"href":"https:\/\/pilt.com.ar\/parque-industrial\/wp-json\/wp\/v2\/types\/post"}],"author":[{"embeddable":true,"href":"https:\/\/pilt.com.ar\/parque-industrial\/wp-json\/wp\/v2\/users\/3"}],"replies":[{"embeddable":true,"href":"https:\/\/pilt.com.ar\/parque-industrial\/wp-json\/wp\/v2\/comments?post=4100"}],"version-history":[{"count":2,"href":"https:\/\/pilt.com.ar\/parque-industrial\/wp-json\/wp\/v2\/posts\/4100\/revisions"}],"predecessor-version":[{"id":4105,"href":"https:\/\/pilt.com.ar\/parque-industrial\/wp-json\/wp\/v2\/posts\/4100\/revisions\/4105"}],"wp:featuredmedia":[{"embeddable":true,"href":"https:\/\/pilt.com.ar\/parque-industrial\/wp-json\/wp\/v2\/media\/4101"}],"wp:attachment":[{"href":"https:\/\/pilt.com.ar\/parque-industrial\/wp-json\/wp\/v2\/media?parent=4100"}],"wp:term":[{"taxonomy":"category","embeddable":true,"href":"https:\/\/pilt.com.ar\/parque-industrial\/wp-json\/wp\/v2\/categories?post=4100"},{"taxonomy":"post_tag","embeddable":true,"href":"https:\/\/pilt.com.ar\/parque-industrial\/wp-json\/wp\/v2\/tags?post=4100"}],"curies":[{"name":"wp","href":"https:\/\/api.w.org\/{rel}","templated":true}]}}