{"id":4081,"date":"2026-04-17T13:45:07","date_gmt":"2026-04-17T16:45:07","guid":{"rendered":"https:\/\/pilt.com.ar\/parque-industrial\/?p=4081"},"modified":"2026-04-17T13:45:09","modified_gmt":"2026-04-17T16:45:09","slug":"expertos-en-logistica-y-rentabilidad-brindaran-una-charla-para-empresas-de-la-region-en-el-pilt","status":"publish","type":"post","link":"https:\/\/pilt.com.ar\/parque-industrial\/expertos-en-logistica-y-rentabilidad-brindaran-una-charla-para-empresas-de-la-region-en-el-pilt\/","title":{"rendered":"EXPERTOS EN LOG\u00cdSTICA Y RENTABILIDAD BRINDAR\u00c1N UNA CHARLA PARA EMPRESAS DE LA REGI\u00d3N EN EL PILT"},"content":{"rendered":"\n<p><em>Durante el encuentro especialistas presentar\u00e1n herramientas aplicables para reducir costos, optimizar dep\u00f3sitos y alinear las ventas con la producci\u00f3n. Se analizar\u00e1 adem\u00e1s el caso de \u00e9xito del Grupo Barbuy TEAM.<\/em><\/p>\n\n\n\n<p>El pr\u00f3ximo mi\u00e9rcoles 29 de abril, a partir de las 14:30 hs., el sal\u00f3n de usos m\u00faltiples del Parque Industrial, Log\u00edstico y Tecnol\u00f3gico Villa Mar\u00eda (PILT) ser\u00e1 sede de una jornada denominada \u00abRentabilidad Real y Operaci\u00f3n Previsible\u00bb.<\/p>\n\n\n\n<p>El evento propone brindar a las pymes industriales herramientas de campo y metodolog\u00edas probadas para optimizar su operaci\u00f3n, reducir urgencias diarias y mejorar la toma de decisiones sin necesidad de encarar grandes inversiones. La organizaci\u00f3n est\u00e1 a cargo de los consultores log\u00edsticos Diego Travaglino (DTA log\u00edstica), Alejandro Busquetz (Solver Team) y Gast\u00f3n Coassolo (DTA log\u00edstica \/ Solver Team).<\/p>\n\n\n\n<p>\u00abComo polo productivo, Villa Mar\u00eda tiene un potencial enorme, pero muchas veces la ineficiencia oculta en los dep\u00f3sitos se come los m\u00e1rgenes de ganancia. Buscamos que las empresas de la zona se lleven soluciones aplicables de manera inmediata para que su log\u00edstica sea un verdadero motor de rentabilidad y deje de ser un foco de urgencias constantes\u00bb, sostuvo Gast\u00f3n Coassolo.<\/p>\n\n\n\n<p>En un contexto donde la eficiencia define la competitividad, la jornada abordar\u00e1 temas cr\u00edticos para la log\u00edstica actual. Entre los ejes principales se destacan: la auditor\u00eda de stock para lograr inventarios 100% confiables, el dise\u00f1o de procesos sostenibles en planta, y la importancia del modelo S&amp;OP para alinear las proyecciones de ventas comerciales con la operaci\u00f3n en planta.<\/p>\n\n\n\n<p>Uno de los momentos m\u00e1s destacados del encuentro ser\u00e1 la presentaci\u00f3n de un caso de \u00e9xito regional. Mauro Pelletti, gerente de Log\u00edstica del Grupo Barbuy TEAM, compartir\u00e1 resultados concretos y la transformaci\u00f3n operativa lograda en esa firma tras la implementaci\u00f3n de las estrategias planteadas.<\/p>\n","protected":false},"excerpt":{"rendered":"<p>Durante el encuentro especialistas presentar\u00e1n herramientas aplicables para reducir costos, optimizar dep\u00f3sitos y alinear las ventas con la producci\u00f3n. Se analizar\u00e1 adem\u00e1s el caso de \u00e9xito del Grupo Barbuy TEAM. El pr\u00f3ximo mi\u00e9rcoles 29 de abril, a partir de las 14:30 hs., el sal\u00f3n de usos m\u00faltiples del Parque Industrial, Log\u00edstico y Tecnol\u00f3gico Villa Mar\u00eda [&hellip;]<\/p>\n","protected":false},"author":3,"featured_media":4082,"comment_status":"open","ping_status":"open","sticky":false,"template":"","format":"standard","meta":{"_jetpack_memberships_contains_paid_content":false,"footnotes":""},"categories":[2],"tags":[],"class_list":["post-4081","post","type-post","status-publish","format-standard","has-post-thumbnail","hentry","category-noticias"],"yoast_head":"<!-- This site is optimized with the Yoast SEO plugin v27.5 - https:\/\/yoast.com\/product\/yoast-seo-wordpress\/ -->\n<title>EXPERTOS EN LOG\u00cdSTICA Y RENTABILIDAD BRINDAR\u00c1N UNA CHARLA PARA EMPRESAS DE LA REGI\u00d3N EN EL PILT - PILT.com.ar<\/title>\n<meta name=\"robots\" content=\"index, follow, max-snippet:-1, max-image-preview:large, max-video-preview:-1\" \/>\n<link rel=\"canonical\" href=\"https:\/\/pilt.com.ar\/parque-industrial\/expertos-en-logistica-y-rentabilidad-brindaran-una-charla-para-empresas-de-la-region-en-el-pilt\/\" \/>\n<meta property=\"og:locale\" content=\"es_ES\" \/>\n<meta property=\"og:type\" content=\"article\" \/>\n<meta property=\"og:title\" content=\"EXPERTOS EN LOG\u00cdSTICA Y RENTABILIDAD BRINDAR\u00c1N UNA CHARLA PARA EMPRESAS DE LA REGI\u00d3N EN EL PILT - PILT.com.ar\" \/>\n<meta property=\"og:description\" content=\"Durante el encuentro especialistas presentar\u00e1n herramientas aplicables para reducir costos, optimizar dep\u00f3sitos y alinear las ventas con la producci\u00f3n. Se analizar\u00e1 adem\u00e1s el caso de \u00e9xito del Grupo Barbuy TEAM. El pr\u00f3ximo mi\u00e9rcoles 29 de abril, a partir de las 14:30 hs., el sal\u00f3n de usos m\u00faltiples del Parque Industrial, Log\u00edstico y Tecnol\u00f3gico Villa Mar\u00eda [&hellip;]\" \/>\n<meta property=\"og:url\" content=\"https:\/\/pilt.com.ar\/parque-industrial\/expertos-en-logistica-y-rentabilidad-brindaran-una-charla-para-empresas-de-la-region-en-el-pilt\/\" \/>\n<meta property=\"og:site_name\" content=\"PILT.com.ar\" \/>\n<meta property=\"article:published_time\" content=\"2026-04-17T16:45:07+00:00\" \/>\n<meta property=\"article:modified_time\" content=\"2026-04-17T16:45:09+00:00\" \/>\n<meta property=\"og:image\" content=\"https:\/\/i0.wp.com\/pilt.com.ar\/parque-industrial\/wp-content\/uploads\/2026\/04\/WhatsApp-Image-2026-04-13-at-12.58.24.jpeg?fit=1600%2C1131&ssl=1\" \/>\n\t<meta property=\"og:image:width\" content=\"1600\" \/>\n\t<meta property=\"og:image:height\" content=\"1131\" \/>\n\t<meta property=\"og:image:type\" content=\"image\/jpeg\" \/>\n<meta name=\"author\" content=\"PILT\" \/>\n<meta name=\"twitter:card\" content=\"summary_large_image\" \/>\n<meta name=\"twitter:label1\" content=\"Escrito por\" \/>\n\t<meta name=\"twitter:data1\" content=\"PILT\" \/>\n\t<meta name=\"twitter:label2\" content=\"Tiempo de lectura\" \/>\n\t<meta name=\"twitter:data2\" content=\"2 minutos\" \/>\n<script type=\"application\/ld+json\" class=\"yoast-schema-graph\">{\"@context\":\"https:\\\/\\\/schema.org\",\"@graph\":[{\"@type\":\"Article\",\"@id\":\"https:\\\/\\\/pilt.com.ar\\\/parque-industrial\\\/expertos-en-logistica-y-rentabilidad-brindaran-una-charla-para-empresas-de-la-region-en-el-pilt\\\/#article\",\"isPartOf\":{\"@id\":\"https:\\\/\\\/pilt.com.ar\\\/parque-industrial\\\/expertos-en-logistica-y-rentabilidad-brindaran-una-charla-para-empresas-de-la-region-en-el-pilt\\\/\"},\"author\":{\"name\":\"PILT\",\"@id\":\"https:\\\/\\\/pilt.com.ar\\\/parque-industrial\\\/#\\\/schema\\\/person\\\/2dfb9e2464de1c3deef20c25c30a8306\"},\"headline\":\"EXPERTOS EN LOG\u00cdSTICA Y RENTABILIDAD BRINDAR\u00c1N UNA CHARLA PARA EMPRESAS DE LA REGI\u00d3N EN EL PILT\",\"datePublished\":\"2026-04-17T16:45:07+00:00\",\"dateModified\":\"2026-04-17T16:45:09+00:00\",\"mainEntityOfPage\":{\"@id\":\"https:\\\/\\\/pilt.com.ar\\\/parque-industrial\\\/expertos-en-logistica-y-rentabilidad-brindaran-una-charla-para-empresas-de-la-region-en-el-pilt\\\/\"},\"wordCount\":338,\"commentCount\":0,\"image\":{\"@id\":\"https:\\\/\\\/pilt.com.ar\\\/parque-industrial\\\/expertos-en-logistica-y-rentabilidad-brindaran-una-charla-para-empresas-de-la-region-en-el-pilt\\\/#primaryimage\"},\"thumbnailUrl\":\"https:\\\/\\\/i0.wp.com\\\/pilt.com.ar\\\/parque-industrial\\\/wp-content\\\/uploads\\\/2026\\\/04\\\/WhatsApp-Image-2026-04-13-at-12.58.24.jpeg?fit=1600%2C1131&ssl=1\",\"articleSection\":[\"Noticias\"],\"inLanguage\":\"es\",\"potentialAction\":[{\"@type\":\"CommentAction\",\"name\":\"Comment\",\"target\":[\"https:\\\/\\\/pilt.com.ar\\\/parque-industrial\\\/expertos-en-logistica-y-rentabilidad-brindaran-una-charla-para-empresas-de-la-region-en-el-pilt\\\/#respond\"]}]},{\"@type\":\"WebPage\",\"@id\":\"https:\\\/\\\/pilt.com.ar\\\/parque-industrial\\\/expertos-en-logistica-y-rentabilidad-brindaran-una-charla-para-empresas-de-la-region-en-el-pilt\\\/\",\"url\":\"https:\\\/\\\/pilt.com.ar\\\/parque-industrial\\\/expertos-en-logistica-y-rentabilidad-brindaran-una-charla-para-empresas-de-la-region-en-el-pilt\\\/\",\"name\":\"EXPERTOS EN LOG\u00cdSTICA Y RENTABILIDAD BRINDAR\u00c1N UNA CHARLA PARA EMPRESAS DE LA REGI\u00d3N EN EL PILT - PILT.com.ar\",\"isPartOf\":{\"@id\":\"https:\\\/\\\/pilt.com.ar\\\/parque-industrial\\\/#website\"},\"primaryImageOfPage\":{\"@id\":\"https:\\\/\\\/pilt.com.ar\\\/parque-industrial\\\/expertos-en-logistica-y-rentabilidad-brindaran-una-charla-para-empresas-de-la-region-en-el-pilt\\\/#primaryimage\"},\"image\":{\"@id\":\"https:\\\/\\\/pilt.com.ar\\\/parque-industrial\\\/expertos-en-logistica-y-rentabilidad-brindaran-una-charla-para-empresas-de-la-region-en-el-pilt\\\/#primaryimage\"},\"thumbnailUrl\":\"https:\\\/\\\/i0.wp.com\\\/pilt.com.ar\\\/parque-industrial\\\/wp-content\\\/uploads\\\/2026\\\/04\\\/WhatsApp-Image-2026-04-13-at-12.58.24.jpeg?fit=1600%2C1131&ssl=1\",\"datePublished\":\"2026-04-17T16:45:07+00:00\",\"dateModified\":\"2026-04-17T16:45:09+00:00\",\"author\":{\"@id\":\"https:\\\/\\\/pilt.com.ar\\\/parque-industrial\\\/#\\\/schema\\\/person\\\/2dfb9e2464de1c3deef20c25c30a8306\"},\"inLanguage\":\"es\",\"potentialAction\":[{\"@type\":\"ReadAction\",\"target\":[\"https:\\\/\\\/pilt.com.ar\\\/parque-industrial\\\/expertos-en-logistica-y-rentabilidad-brindaran-una-charla-para-empresas-de-la-region-en-el-pilt\\\/\"]}]},{\"@type\":\"ImageObject\",\"inLanguage\":\"es\",\"@id\":\"https:\\\/\\\/pilt.com.ar\\\/parque-industrial\\\/expertos-en-logistica-y-rentabilidad-brindaran-una-charla-para-empresas-de-la-region-en-el-pilt\\\/#primaryimage\",\"url\":\"https:\\\/\\\/i0.wp.com\\\/pilt.com.ar\\\/parque-industrial\\\/wp-content\\\/uploads\\\/2026\\\/04\\\/WhatsApp-Image-2026-04-13-at-12.58.24.jpeg?fit=1600%2C1131&ssl=1\",\"contentUrl\":\"https:\\\/\\\/i0.wp.com\\\/pilt.com.ar\\\/parque-industrial\\\/wp-content\\\/uploads\\\/2026\\\/04\\\/WhatsApp-Image-2026-04-13-at-12.58.24.jpeg?fit=1600%2C1131&ssl=1\",\"width\":1600,\"height\":1131},{\"@type\":\"WebSite\",\"@id\":\"https:\\\/\\\/pilt.com.ar\\\/parque-industrial\\\/#website\",\"url\":\"https:\\\/\\\/pilt.com.ar\\\/parque-industrial\\\/\",\"name\":\"PILT.com.ar\",\"description\":\"Parque Industrial, Log\u00edstico y Tecnol\u00f3gico Villa Mar\u00eda\",\"potentialAction\":[{\"@type\":\"SearchAction\",\"target\":{\"@type\":\"EntryPoint\",\"urlTemplate\":\"https:\\\/\\\/pilt.com.ar\\\/parque-industrial\\\/?s={search_term_string}\"},\"query-input\":{\"@type\":\"PropertyValueSpecification\",\"valueRequired\":true,\"valueName\":\"search_term_string\"}}],\"inLanguage\":\"es\"},{\"@type\":\"Person\",\"@id\":\"https:\\\/\\\/pilt.com.ar\\\/parque-industrial\\\/#\\\/schema\\\/person\\\/2dfb9e2464de1c3deef20c25c30a8306\",\"name\":\"PILT\",\"image\":{\"@type\":\"ImageObject\",\"inLanguage\":\"es\",\"@id\":\"https:\\\/\\\/secure.gravatar.com\\\/avatar\\\/5e3734c8d8c8e0b0d45f923c14a14d7b90521d573d02f0d91360a777095ee42b?s=96&d=mm&r=g\",\"url\":\"https:\\\/\\\/secure.gravatar.com\\\/avatar\\\/5e3734c8d8c8e0b0d45f923c14a14d7b90521d573d02f0d91360a777095ee42b?s=96&d=mm&r=g\",\"contentUrl\":\"https:\\\/\\\/secure.gravatar.com\\\/avatar\\\/5e3734c8d8c8e0b0d45f923c14a14d7b90521d573d02f0d91360a777095ee42b?s=96&d=mm&r=g\",\"caption\":\"PILT\"},\"url\":\"https:\\\/\\\/pilt.com.ar\\\/parque-industrial\\\/author\\\/pilt\\\/\"}]}<\/script>\n<!-- \/ Yoast SEO plugin. -->","yoast_head_json":{"title":"EXPERTOS EN LOG\u00cdSTICA Y RENTABILIDAD BRINDAR\u00c1N UNA CHARLA PARA EMPRESAS DE LA REGI\u00d3N EN EL PILT - PILT.com.ar","robots":{"index":"index","follow":"follow","max-snippet":"max-snippet:-1","max-image-preview":"max-image-preview:large","max-video-preview":"max-video-preview:-1"},"canonical":"https:\/\/pilt.com.ar\/parque-industrial\/expertos-en-logistica-y-rentabilidad-brindaran-una-charla-para-empresas-de-la-region-en-el-pilt\/","og_locale":"es_ES","og_type":"article","og_title":"EXPERTOS EN LOG\u00cdSTICA Y RENTABILIDAD BRINDAR\u00c1N UNA CHARLA PARA EMPRESAS DE LA REGI\u00d3N EN EL PILT - PILT.com.ar","og_description":"Durante el encuentro especialistas presentar\u00e1n herramientas aplicables para reducir costos, optimizar dep\u00f3sitos y alinear las ventas con la producci\u00f3n. Se analizar\u00e1 adem\u00e1s el caso de \u00e9xito del Grupo Barbuy TEAM. El pr\u00f3ximo mi\u00e9rcoles 29 de abril, a partir de las 14:30 hs., el sal\u00f3n de usos m\u00faltiples del Parque Industrial, Log\u00edstico y Tecnol\u00f3gico Villa Mar\u00eda [&hellip;]","og_url":"https:\/\/pilt.com.ar\/parque-industrial\/expertos-en-logistica-y-rentabilidad-brindaran-una-charla-para-empresas-de-la-region-en-el-pilt\/","og_site_name":"PILT.com.ar","article_published_time":"2026-04-17T16:45:07+00:00","article_modified_time":"2026-04-17T16:45:09+00:00","og_image":[{"width":1600,"height":1131,"url":"https:\/\/i0.wp.com\/pilt.com.ar\/parque-industrial\/wp-content\/uploads\/2026\/04\/WhatsApp-Image-2026-04-13-at-12.58.24.jpeg?fit=1600%2C1131&ssl=1","type":"image\/jpeg"}],"author":"PILT","twitter_card":"summary_large_image","twitter_misc":{"Escrito por":"PILT","Tiempo de lectura":"2 minutos"},"schema":{"@context":"https:\/\/schema.org","@graph":[{"@type":"Article","@id":"https:\/\/pilt.com.ar\/parque-industrial\/expertos-en-logistica-y-rentabilidad-brindaran-una-charla-para-empresas-de-la-region-en-el-pilt\/#article","isPartOf":{"@id":"https:\/\/pilt.com.ar\/parque-industrial\/expertos-en-logistica-y-rentabilidad-brindaran-una-charla-para-empresas-de-la-region-en-el-pilt\/"},"author":{"name":"PILT","@id":"https:\/\/pilt.com.ar\/parque-industrial\/#\/schema\/person\/2dfb9e2464de1c3deef20c25c30a8306"},"headline":"EXPERTOS EN LOG\u00cdSTICA Y RENTABILIDAD BRINDAR\u00c1N UNA CHARLA PARA EMPRESAS DE LA REGI\u00d3N EN EL PILT","datePublished":"2026-04-17T16:45:07+00:00","dateModified":"2026-04-17T16:45:09+00:00","mainEntityOfPage":{"@id":"https:\/\/pilt.com.ar\/parque-industrial\/expertos-en-logistica-y-rentabilidad-brindaran-una-charla-para-empresas-de-la-region-en-el-pilt\/"},"wordCount":338,"commentCount":0,"image":{"@id":"https:\/\/pilt.com.ar\/parque-industrial\/expertos-en-logistica-y-rentabilidad-brindaran-una-charla-para-empresas-de-la-region-en-el-pilt\/#primaryimage"},"thumbnailUrl":"https:\/\/i0.wp.com\/pilt.com.ar\/parque-industrial\/wp-content\/uploads\/2026\/04\/WhatsApp-Image-2026-04-13-at-12.58.24.jpeg?fit=1600%2C1131&ssl=1","articleSection":["Noticias"],"inLanguage":"es","potentialAction":[{"@type":"CommentAction","name":"Comment","target":["https:\/\/pilt.com.ar\/parque-industrial\/expertos-en-logistica-y-rentabilidad-brindaran-una-charla-para-empresas-de-la-region-en-el-pilt\/#respond"]}]},{"@type":"WebPage","@id":"https:\/\/pilt.com.ar\/parque-industrial\/expertos-en-logistica-y-rentabilidad-brindaran-una-charla-para-empresas-de-la-region-en-el-pilt\/","url":"https:\/\/pilt.com.ar\/parque-industrial\/expertos-en-logistica-y-rentabilidad-brindaran-una-charla-para-empresas-de-la-region-en-el-pilt\/","name":"EXPERTOS EN LOG\u00cdSTICA Y RENTABILIDAD BRINDAR\u00c1N UNA CHARLA PARA EMPRESAS DE LA REGI\u00d3N EN EL PILT - PILT.com.ar","isPartOf":{"@id":"https:\/\/pilt.com.ar\/parque-industrial\/#website"},"primaryImageOfPage":{"@id":"https:\/\/pilt.com.ar\/parque-industrial\/expertos-en-logistica-y-rentabilidad-brindaran-una-charla-para-empresas-de-la-region-en-el-pilt\/#primaryimage"},"image":{"@id":"https:\/\/pilt.com.ar\/parque-industrial\/expertos-en-logistica-y-rentabilidad-brindaran-una-charla-para-empresas-de-la-region-en-el-pilt\/#primaryimage"},"thumbnailUrl":"https:\/\/i0.wp.com\/pilt.com.ar\/parque-industrial\/wp-content\/uploads\/2026\/04\/WhatsApp-Image-2026-04-13-at-12.58.24.jpeg?fit=1600%2C1131&ssl=1","datePublished":"2026-04-17T16:45:07+00:00","dateModified":"2026-04-17T16:45:09+00:00","author":{"@id":"https:\/\/pilt.com.ar\/parque-industrial\/#\/schema\/person\/2dfb9e2464de1c3deef20c25c30a8306"},"inLanguage":"es","potentialAction":[{"@type":"ReadAction","target":["https:\/\/pilt.com.ar\/parque-industrial\/expertos-en-logistica-y-rentabilidad-brindaran-una-charla-para-empresas-de-la-region-en-el-pilt\/"]}]},{"@type":"ImageObject","inLanguage":"es","@id":"https:\/\/pilt.com.ar\/parque-industrial\/expertos-en-logistica-y-rentabilidad-brindaran-una-charla-para-empresas-de-la-region-en-el-pilt\/#primaryimage","url":"https:\/\/i0.wp.com\/pilt.com.ar\/parque-industrial\/wp-content\/uploads\/2026\/04\/WhatsApp-Image-2026-04-13-at-12.58.24.jpeg?fit=1600%2C1131&ssl=1","contentUrl":"https:\/\/i0.wp.com\/pilt.com.ar\/parque-industrial\/wp-content\/uploads\/2026\/04\/WhatsApp-Image-2026-04-13-at-12.58.24.jpeg?fit=1600%2C1131&ssl=1","width":1600,"height":1131},{"@type":"WebSite","@id":"https:\/\/pilt.com.ar\/parque-industrial\/#website","url":"https:\/\/pilt.com.ar\/parque-industrial\/","name":"PILT.com.ar","description":"Parque Industrial, Log\u00edstico y Tecnol\u00f3gico Villa Mar\u00eda","potentialAction":[{"@type":"SearchAction","target":{"@type":"EntryPoint","urlTemplate":"https:\/\/pilt.com.ar\/parque-industrial\/?s={search_term_string}"},"query-input":{"@type":"PropertyValueSpecification","valueRequired":true,"valueName":"search_term_string"}}],"inLanguage":"es"},{"@type":"Person","@id":"https:\/\/pilt.com.ar\/parque-industrial\/#\/schema\/person\/2dfb9e2464de1c3deef20c25c30a8306","name":"PILT","image":{"@type":"ImageObject","inLanguage":"es","@id":"https:\/\/secure.gravatar.com\/avatar\/5e3734c8d8c8e0b0d45f923c14a14d7b90521d573d02f0d91360a777095ee42b?s=96&d=mm&r=g","url":"https:\/\/secure.gravatar.com\/avatar\/5e3734c8d8c8e0b0d45f923c14a14d7b90521d573d02f0d91360a777095ee42b?s=96&d=mm&r=g","contentUrl":"https:\/\/secure.gravatar.com\/avatar\/5e3734c8d8c8e0b0d45f923c14a14d7b90521d573d02f0d91360a777095ee42b?s=96&d=mm&r=g","caption":"PILT"},"url":"https:\/\/pilt.com.ar\/parque-industrial\/author\/pilt\/"}]}},"jetpack_featured_media_url":"https:\/\/i0.wp.com\/pilt.com.ar\/parque-industrial\/wp-content\/uploads\/2026\/04\/WhatsApp-Image-2026-04-13-at-12.58.24.jpeg?fit=1600%2C1131&ssl=1","jetpack_sharing_enabled":true,"_links":{"self":[{"href":"https:\/\/pilt.com.ar\/parque-industrial\/wp-json\/wp\/v2\/posts\/4081","targetHints":{"allow":["GET"]}}],"collection":[{"href":"https:\/\/pilt.com.ar\/parque-industrial\/wp-json\/wp\/v2\/posts"}],"about":[{"href":"https:\/\/pilt.com.ar\/parque-industrial\/wp-json\/wp\/v2\/types\/post"}],"author":[{"embeddable":true,"href":"https:\/\/pilt.com.ar\/parque-industrial\/wp-json\/wp\/v2\/users\/3"}],"replies":[{"embeddable":true,"href":"https:\/\/pilt.com.ar\/parque-industrial\/wp-json\/wp\/v2\/comments?post=4081"}],"version-history":[{"count":1,"href":"https:\/\/pilt.com.ar\/parque-industrial\/wp-json\/wp\/v2\/posts\/4081\/revisions"}],"predecessor-version":[{"id":4083,"href":"https:\/\/pilt.com.ar\/parque-industrial\/wp-json\/wp\/v2\/posts\/4081\/revisions\/4083"}],"wp:featuredmedia":[{"embeddable":true,"href":"https:\/\/pilt.com.ar\/parque-industrial\/wp-json\/wp\/v2\/media\/4082"}],"wp:attachment":[{"href":"https:\/\/pilt.com.ar\/parque-industrial\/wp-json\/wp\/v2\/media?parent=4081"}],"wp:term":[{"taxonomy":"category","embeddable":true,"href":"https:\/\/pilt.com.ar\/parque-industrial\/wp-json\/wp\/v2\/categories?post=4081"},{"taxonomy":"post_tag","embeddable":true,"href":"https:\/\/pilt.com.ar\/parque-industrial\/wp-json\/wp\/v2\/tags?post=4081"}],"curies":[{"name":"wp","href":"https:\/\/api.w.org\/{rel}","templated":true}]}}