{"id":4001,"date":"2026-03-06T15:53:27","date_gmt":"2026-03-06T18:53:27","guid":{"rendered":"https:\/\/pilt.com.ar\/parque-industrial\/?p=4001"},"modified":"2026-03-06T15:53:28","modified_gmt":"2026-03-06T18:53:28","slug":"avanza-la-obra-de-extension-de-la-red-electrica-de-media-tension-en-el-parque-industrial-de-villa-maria","status":"publish","type":"post","link":"https:\/\/pilt.com.ar\/parque-industrial\/avanza-la-obra-de-extension-de-la-red-electrica-de-media-tension-en-el-parque-industrial-de-villa-maria\/","title":{"rendered":"AVANZA LA OBRA DE EXTENSI\u00d3N DE LA RED EL\u00c9CTRICA DE MEDIA TENSI\u00d3N EN EL PARQUE INDUSTRIAL DE VILLA MAR\u00cdA"},"content":{"rendered":"\n<p><em>Los trabajos se desarrollan entre la avenida Brigadier Juan Ignacio San Mart\u00edn y la obra que construye la Universidad Siglo 21, con el objetivo de ampliar la infraestructura energ\u00e9tica del sector.<\/em><\/p>\n\n\n\n<p>El Parque Industrial, Log\u00edstico y Tecnol\u00f3gico Villa Mar\u00eda (PILT) avanza con una obra de extensi\u00f3n de la l\u00ednea de media tensi\u00f3n de electricidad que se ejecuta desde la avenida Brigadier Juan Ignacio San Mart\u00edn hasta el predio donde se construye la sede de la Universidad Siglo 21.<\/p>\n\n\n\n<p>La intervenci\u00f3n se desarrolla de acuerdo con las especificaciones t\u00e9cnicas vigentes de la Empresa Provincial de Energ\u00eda de C\u00f3rdoba (EPEC) y en el marco de la Ley Provincial N\u00ba 10.281 de Seguridad El\u00e9ctrica.<\/p>\n\n\n\n<p>Seg\u00fan informaron los profesionales a cargo de las tareas, hasta el momento se han colocado 12 postes correspondientes al tramo de la l\u00ednea de media tensi\u00f3n comprendido entre la continuaci\u00f3n de la avenida Jos\u00e9 Ber Gelbard y el predio de la mencionada casa de altos estudios. Asimismo, en la vereda del lote donde actualmente avanzan las obras de la instituci\u00f3n educativa ya se complet\u00f3 el armado de la estructura civil de la subestaci\u00f3n transformadora que le brindar\u00e1 servicio.<\/p>\n\n\n\n<p>En tanto, resta completar el cavado de los pozos para las fundaciones del tramo comprendido entre la avenida Jos\u00e9 Ber Gelbard y la avenida Juan Ignacio San Mart\u00edn. Estas tareas registraron demoras debido a la presencia de interferencias subterr\u00e1neas y a las lluvias registradas durante la \u00faltima semana.<\/p>\n\n\n\n<p>La postaci\u00f3n ya izada, que cuenta con los herrajes para el soporte de los conductores, corresponde al tramo m\u00e1s extenso de la traza, con una longitud aproximada de 590 metros.<\/p>\n\n\n\n<p>Para la pr\u00f3xima semana est\u00e1 previsto avanzar con el llenado de las fundaciones de los piquetes faltantes, la ejecuci\u00f3n de la obra civil para el pilar correspondiente al punto de conexi\u00f3n y medici\u00f3n de la Universidad Siglo 21, y el montaje electromec\u00e1nico en la subestaci\u00f3n transformadora.<\/p>\n\n\n\n<p>Asimismo, se inform\u00f3 que para ma\u00f1ana est\u00e1 programado un corte de energ\u00eda el\u00e9ctrica en baja tensi\u00f3n en el sector. La interrupci\u00f3n del servicio afectar\u00e1 \u00fanicamente a la firma DNP S.A.S., cuya predisposici\u00f3n, junto con la de EPEC, permitir\u00e1 completar las tareas de cavado de los pozos necesarios para continuar con la obra.<\/p>\n","protected":false},"excerpt":{"rendered":"<p>Los trabajos se desarrollan entre la avenida Brigadier Juan Ignacio San Mart\u00edn y la obra que construye la Universidad Siglo 21, con el objetivo de ampliar la infraestructura energ\u00e9tica del sector. El Parque Industrial, Log\u00edstico y Tecnol\u00f3gico Villa Mar\u00eda (PILT) avanza con una obra de extensi\u00f3n de la l\u00ednea de media tensi\u00f3n de electricidad que [&hellip;]<\/p>\n","protected":false},"author":3,"featured_media":4002,"comment_status":"open","ping_status":"open","sticky":false,"template":"","format":"standard","meta":{"_jetpack_memberships_contains_paid_content":false,"footnotes":""},"categories":[2],"tags":[],"class_list":["post-4001","post","type-post","status-publish","format-standard","has-post-thumbnail","hentry","category-noticias"],"yoast_head":"<!-- This site is optimized with the Yoast SEO plugin v27.5 - https:\/\/yoast.com\/product\/yoast-seo-wordpress\/ -->\n<title>AVANZA LA OBRA DE EXTENSI\u00d3N DE LA RED EL\u00c9CTRICA DE MEDIA TENSI\u00d3N EN EL PARQUE INDUSTRIAL DE VILLA MAR\u00cdA - PILT.com.ar<\/title>\n<meta name=\"robots\" content=\"index, follow, max-snippet:-1, max-image-preview:large, max-video-preview:-1\" \/>\n<link rel=\"canonical\" href=\"https:\/\/pilt.com.ar\/parque-industrial\/avanza-la-obra-de-extension-de-la-red-electrica-de-media-tension-en-el-parque-industrial-de-villa-maria\/\" \/>\n<meta property=\"og:locale\" content=\"es_ES\" \/>\n<meta property=\"og:type\" content=\"article\" \/>\n<meta property=\"og:title\" content=\"AVANZA LA OBRA DE EXTENSI\u00d3N DE LA RED EL\u00c9CTRICA DE MEDIA TENSI\u00d3N EN EL PARQUE INDUSTRIAL DE VILLA MAR\u00cdA - PILT.com.ar\" \/>\n<meta property=\"og:description\" content=\"Los trabajos se desarrollan entre la avenida Brigadier Juan Ignacio San Mart\u00edn y la obra que construye la Universidad Siglo 21, con el objetivo de ampliar la infraestructura energ\u00e9tica del sector. El Parque Industrial, Log\u00edstico y Tecnol\u00f3gico Villa Mar\u00eda (PILT) avanza con una obra de extensi\u00f3n de la l\u00ednea de media tensi\u00f3n de electricidad que [&hellip;]\" \/>\n<meta property=\"og:url\" content=\"https:\/\/pilt.com.ar\/parque-industrial\/avanza-la-obra-de-extension-de-la-red-electrica-de-media-tension-en-el-parque-industrial-de-villa-maria\/\" \/>\n<meta property=\"og:site_name\" content=\"PILT.com.ar\" \/>\n<meta property=\"article:published_time\" content=\"2026-03-06T18:53:27+00:00\" \/>\n<meta property=\"article:modified_time\" content=\"2026-03-06T18:53:28+00:00\" \/>\n<meta property=\"og:image\" content=\"https:\/\/i0.wp.com\/pilt.com.ar\/parque-industrial\/wp-content\/uploads\/2026\/03\/WhatsApp-Image-2026-03-06-at-13.54.36.jpeg?fit=720%2C826&ssl=1\" \/>\n\t<meta property=\"og:image:width\" content=\"720\" \/>\n\t<meta property=\"og:image:height\" content=\"826\" \/>\n\t<meta property=\"og:image:type\" content=\"image\/jpeg\" \/>\n<meta name=\"author\" content=\"PILT\" \/>\n<meta name=\"twitter:card\" content=\"summary_large_image\" \/>\n<meta name=\"twitter:label1\" content=\"Escrito por\" \/>\n\t<meta name=\"twitter:data1\" content=\"PILT\" \/>\n\t<meta name=\"twitter:label2\" content=\"Tiempo de lectura\" \/>\n\t<meta name=\"twitter:data2\" content=\"2 minutos\" \/>\n<script type=\"application\/ld+json\" class=\"yoast-schema-graph\">{\"@context\":\"https:\\\/\\\/schema.org\",\"@graph\":[{\"@type\":\"Article\",\"@id\":\"https:\\\/\\\/pilt.com.ar\\\/parque-industrial\\\/avanza-la-obra-de-extension-de-la-red-electrica-de-media-tension-en-el-parque-industrial-de-villa-maria\\\/#article\",\"isPartOf\":{\"@id\":\"https:\\\/\\\/pilt.com.ar\\\/parque-industrial\\\/avanza-la-obra-de-extension-de-la-red-electrica-de-media-tension-en-el-parque-industrial-de-villa-maria\\\/\"},\"author\":{\"name\":\"PILT\",\"@id\":\"https:\\\/\\\/pilt.com.ar\\\/parque-industrial\\\/#\\\/schema\\\/person\\\/2dfb9e2464de1c3deef20c25c30a8306\"},\"headline\":\"AVANZA LA OBRA DE EXTENSI\u00d3N DE LA RED EL\u00c9CTRICA DE MEDIA TENSI\u00d3N EN EL PARQUE INDUSTRIAL DE VILLA MAR\u00cdA\",\"datePublished\":\"2026-03-06T18:53:27+00:00\",\"dateModified\":\"2026-03-06T18:53:28+00:00\",\"mainEntityOfPage\":{\"@id\":\"https:\\\/\\\/pilt.com.ar\\\/parque-industrial\\\/avanza-la-obra-de-extension-de-la-red-electrica-de-media-tension-en-el-parque-industrial-de-villa-maria\\\/\"},\"wordCount\":420,\"commentCount\":0,\"image\":{\"@id\":\"https:\\\/\\\/pilt.com.ar\\\/parque-industrial\\\/avanza-la-obra-de-extension-de-la-red-electrica-de-media-tension-en-el-parque-industrial-de-villa-maria\\\/#primaryimage\"},\"thumbnailUrl\":\"https:\\\/\\\/i0.wp.com\\\/pilt.com.ar\\\/parque-industrial\\\/wp-content\\\/uploads\\\/2026\\\/03\\\/WhatsApp-Image-2026-03-06-at-13.54.36.jpeg?fit=720%2C826&ssl=1\",\"articleSection\":[\"Noticias\"],\"inLanguage\":\"es\",\"potentialAction\":[{\"@type\":\"CommentAction\",\"name\":\"Comment\",\"target\":[\"https:\\\/\\\/pilt.com.ar\\\/parque-industrial\\\/avanza-la-obra-de-extension-de-la-red-electrica-de-media-tension-en-el-parque-industrial-de-villa-maria\\\/#respond\"]}]},{\"@type\":\"WebPage\",\"@id\":\"https:\\\/\\\/pilt.com.ar\\\/parque-industrial\\\/avanza-la-obra-de-extension-de-la-red-electrica-de-media-tension-en-el-parque-industrial-de-villa-maria\\\/\",\"url\":\"https:\\\/\\\/pilt.com.ar\\\/parque-industrial\\\/avanza-la-obra-de-extension-de-la-red-electrica-de-media-tension-en-el-parque-industrial-de-villa-maria\\\/\",\"name\":\"AVANZA LA OBRA DE EXTENSI\u00d3N DE LA RED EL\u00c9CTRICA DE MEDIA TENSI\u00d3N EN EL PARQUE INDUSTRIAL DE VILLA MAR\u00cdA - PILT.com.ar\",\"isPartOf\":{\"@id\":\"https:\\\/\\\/pilt.com.ar\\\/parque-industrial\\\/#website\"},\"primaryImageOfPage\":{\"@id\":\"https:\\\/\\\/pilt.com.ar\\\/parque-industrial\\\/avanza-la-obra-de-extension-de-la-red-electrica-de-media-tension-en-el-parque-industrial-de-villa-maria\\\/#primaryimage\"},\"image\":{\"@id\":\"https:\\\/\\\/pilt.com.ar\\\/parque-industrial\\\/avanza-la-obra-de-extension-de-la-red-electrica-de-media-tension-en-el-parque-industrial-de-villa-maria\\\/#primaryimage\"},\"thumbnailUrl\":\"https:\\\/\\\/i0.wp.com\\\/pilt.com.ar\\\/parque-industrial\\\/wp-content\\\/uploads\\\/2026\\\/03\\\/WhatsApp-Image-2026-03-06-at-13.54.36.jpeg?fit=720%2C826&ssl=1\",\"datePublished\":\"2026-03-06T18:53:27+00:00\",\"dateModified\":\"2026-03-06T18:53:28+00:00\",\"author\":{\"@id\":\"https:\\\/\\\/pilt.com.ar\\\/parque-industrial\\\/#\\\/schema\\\/person\\\/2dfb9e2464de1c3deef20c25c30a8306\"},\"inLanguage\":\"es\",\"potentialAction\":[{\"@type\":\"ReadAction\",\"target\":[\"https:\\\/\\\/pilt.com.ar\\\/parque-industrial\\\/avanza-la-obra-de-extension-de-la-red-electrica-de-media-tension-en-el-parque-industrial-de-villa-maria\\\/\"]}]},{\"@type\":\"ImageObject\",\"inLanguage\":\"es\",\"@id\":\"https:\\\/\\\/pilt.com.ar\\\/parque-industrial\\\/avanza-la-obra-de-extension-de-la-red-electrica-de-media-tension-en-el-parque-industrial-de-villa-maria\\\/#primaryimage\",\"url\":\"https:\\\/\\\/i0.wp.com\\\/pilt.com.ar\\\/parque-industrial\\\/wp-content\\\/uploads\\\/2026\\\/03\\\/WhatsApp-Image-2026-03-06-at-13.54.36.jpeg?fit=720%2C826&ssl=1\",\"contentUrl\":\"https:\\\/\\\/i0.wp.com\\\/pilt.com.ar\\\/parque-industrial\\\/wp-content\\\/uploads\\\/2026\\\/03\\\/WhatsApp-Image-2026-03-06-at-13.54.36.jpeg?fit=720%2C826&ssl=1\",\"width\":720,\"height\":826},{\"@type\":\"WebSite\",\"@id\":\"https:\\\/\\\/pilt.com.ar\\\/parque-industrial\\\/#website\",\"url\":\"https:\\\/\\\/pilt.com.ar\\\/parque-industrial\\\/\",\"name\":\"PILT.com.ar\",\"description\":\"Parque Industrial, Log\u00edstico y Tecnol\u00f3gico Villa Mar\u00eda\",\"potentialAction\":[{\"@type\":\"SearchAction\",\"target\":{\"@type\":\"EntryPoint\",\"urlTemplate\":\"https:\\\/\\\/pilt.com.ar\\\/parque-industrial\\\/?s={search_term_string}\"},\"query-input\":{\"@type\":\"PropertyValueSpecification\",\"valueRequired\":true,\"valueName\":\"search_term_string\"}}],\"inLanguage\":\"es\"},{\"@type\":\"Person\",\"@id\":\"https:\\\/\\\/pilt.com.ar\\\/parque-industrial\\\/#\\\/schema\\\/person\\\/2dfb9e2464de1c3deef20c25c30a8306\",\"name\":\"PILT\",\"image\":{\"@type\":\"ImageObject\",\"inLanguage\":\"es\",\"@id\":\"https:\\\/\\\/secure.gravatar.com\\\/avatar\\\/5e3734c8d8c8e0b0d45f923c14a14d7b90521d573d02f0d91360a777095ee42b?s=96&d=mm&r=g\",\"url\":\"https:\\\/\\\/secure.gravatar.com\\\/avatar\\\/5e3734c8d8c8e0b0d45f923c14a14d7b90521d573d02f0d91360a777095ee42b?s=96&d=mm&r=g\",\"contentUrl\":\"https:\\\/\\\/secure.gravatar.com\\\/avatar\\\/5e3734c8d8c8e0b0d45f923c14a14d7b90521d573d02f0d91360a777095ee42b?s=96&d=mm&r=g\",\"caption\":\"PILT\"},\"url\":\"https:\\\/\\\/pilt.com.ar\\\/parque-industrial\\\/author\\\/pilt\\\/\"}]}<\/script>\n<!-- \/ Yoast SEO plugin. -->","yoast_head_json":{"title":"AVANZA LA OBRA DE EXTENSI\u00d3N DE LA RED EL\u00c9CTRICA DE MEDIA TENSI\u00d3N EN EL PARQUE INDUSTRIAL DE VILLA MAR\u00cdA - PILT.com.ar","robots":{"index":"index","follow":"follow","max-snippet":"max-snippet:-1","max-image-preview":"max-image-preview:large","max-video-preview":"max-video-preview:-1"},"canonical":"https:\/\/pilt.com.ar\/parque-industrial\/avanza-la-obra-de-extension-de-la-red-electrica-de-media-tension-en-el-parque-industrial-de-villa-maria\/","og_locale":"es_ES","og_type":"article","og_title":"AVANZA LA OBRA DE EXTENSI\u00d3N DE LA RED EL\u00c9CTRICA DE MEDIA TENSI\u00d3N EN EL PARQUE INDUSTRIAL DE VILLA MAR\u00cdA - PILT.com.ar","og_description":"Los trabajos se desarrollan entre la avenida Brigadier Juan Ignacio San Mart\u00edn y la obra que construye la Universidad Siglo 21, con el objetivo de ampliar la infraestructura energ\u00e9tica del sector. El Parque Industrial, Log\u00edstico y Tecnol\u00f3gico Villa Mar\u00eda (PILT) avanza con una obra de extensi\u00f3n de la l\u00ednea de media tensi\u00f3n de electricidad que [&hellip;]","og_url":"https:\/\/pilt.com.ar\/parque-industrial\/avanza-la-obra-de-extension-de-la-red-electrica-de-media-tension-en-el-parque-industrial-de-villa-maria\/","og_site_name":"PILT.com.ar","article_published_time":"2026-03-06T18:53:27+00:00","article_modified_time":"2026-03-06T18:53:28+00:00","og_image":[{"width":720,"height":826,"url":"https:\/\/i0.wp.com\/pilt.com.ar\/parque-industrial\/wp-content\/uploads\/2026\/03\/WhatsApp-Image-2026-03-06-at-13.54.36.jpeg?fit=720%2C826&ssl=1","type":"image\/jpeg"}],"author":"PILT","twitter_card":"summary_large_image","twitter_misc":{"Escrito por":"PILT","Tiempo de lectura":"2 minutos"},"schema":{"@context":"https:\/\/schema.org","@graph":[{"@type":"Article","@id":"https:\/\/pilt.com.ar\/parque-industrial\/avanza-la-obra-de-extension-de-la-red-electrica-de-media-tension-en-el-parque-industrial-de-villa-maria\/#article","isPartOf":{"@id":"https:\/\/pilt.com.ar\/parque-industrial\/avanza-la-obra-de-extension-de-la-red-electrica-de-media-tension-en-el-parque-industrial-de-villa-maria\/"},"author":{"name":"PILT","@id":"https:\/\/pilt.com.ar\/parque-industrial\/#\/schema\/person\/2dfb9e2464de1c3deef20c25c30a8306"},"headline":"AVANZA LA OBRA DE EXTENSI\u00d3N DE LA RED EL\u00c9CTRICA DE MEDIA TENSI\u00d3N EN EL PARQUE INDUSTRIAL DE VILLA MAR\u00cdA","datePublished":"2026-03-06T18:53:27+00:00","dateModified":"2026-03-06T18:53:28+00:00","mainEntityOfPage":{"@id":"https:\/\/pilt.com.ar\/parque-industrial\/avanza-la-obra-de-extension-de-la-red-electrica-de-media-tension-en-el-parque-industrial-de-villa-maria\/"},"wordCount":420,"commentCount":0,"image":{"@id":"https:\/\/pilt.com.ar\/parque-industrial\/avanza-la-obra-de-extension-de-la-red-electrica-de-media-tension-en-el-parque-industrial-de-villa-maria\/#primaryimage"},"thumbnailUrl":"https:\/\/i0.wp.com\/pilt.com.ar\/parque-industrial\/wp-content\/uploads\/2026\/03\/WhatsApp-Image-2026-03-06-at-13.54.36.jpeg?fit=720%2C826&ssl=1","articleSection":["Noticias"],"inLanguage":"es","potentialAction":[{"@type":"CommentAction","name":"Comment","target":["https:\/\/pilt.com.ar\/parque-industrial\/avanza-la-obra-de-extension-de-la-red-electrica-de-media-tension-en-el-parque-industrial-de-villa-maria\/#respond"]}]},{"@type":"WebPage","@id":"https:\/\/pilt.com.ar\/parque-industrial\/avanza-la-obra-de-extension-de-la-red-electrica-de-media-tension-en-el-parque-industrial-de-villa-maria\/","url":"https:\/\/pilt.com.ar\/parque-industrial\/avanza-la-obra-de-extension-de-la-red-electrica-de-media-tension-en-el-parque-industrial-de-villa-maria\/","name":"AVANZA LA OBRA DE EXTENSI\u00d3N DE LA RED EL\u00c9CTRICA DE MEDIA TENSI\u00d3N EN EL PARQUE INDUSTRIAL DE VILLA MAR\u00cdA - PILT.com.ar","isPartOf":{"@id":"https:\/\/pilt.com.ar\/parque-industrial\/#website"},"primaryImageOfPage":{"@id":"https:\/\/pilt.com.ar\/parque-industrial\/avanza-la-obra-de-extension-de-la-red-electrica-de-media-tension-en-el-parque-industrial-de-villa-maria\/#primaryimage"},"image":{"@id":"https:\/\/pilt.com.ar\/parque-industrial\/avanza-la-obra-de-extension-de-la-red-electrica-de-media-tension-en-el-parque-industrial-de-villa-maria\/#primaryimage"},"thumbnailUrl":"https:\/\/i0.wp.com\/pilt.com.ar\/parque-industrial\/wp-content\/uploads\/2026\/03\/WhatsApp-Image-2026-03-06-at-13.54.36.jpeg?fit=720%2C826&ssl=1","datePublished":"2026-03-06T18:53:27+00:00","dateModified":"2026-03-06T18:53:28+00:00","author":{"@id":"https:\/\/pilt.com.ar\/parque-industrial\/#\/schema\/person\/2dfb9e2464de1c3deef20c25c30a8306"},"inLanguage":"es","potentialAction":[{"@type":"ReadAction","target":["https:\/\/pilt.com.ar\/parque-industrial\/avanza-la-obra-de-extension-de-la-red-electrica-de-media-tension-en-el-parque-industrial-de-villa-maria\/"]}]},{"@type":"ImageObject","inLanguage":"es","@id":"https:\/\/pilt.com.ar\/parque-industrial\/avanza-la-obra-de-extension-de-la-red-electrica-de-media-tension-en-el-parque-industrial-de-villa-maria\/#primaryimage","url":"https:\/\/i0.wp.com\/pilt.com.ar\/parque-industrial\/wp-content\/uploads\/2026\/03\/WhatsApp-Image-2026-03-06-at-13.54.36.jpeg?fit=720%2C826&ssl=1","contentUrl":"https:\/\/i0.wp.com\/pilt.com.ar\/parque-industrial\/wp-content\/uploads\/2026\/03\/WhatsApp-Image-2026-03-06-at-13.54.36.jpeg?fit=720%2C826&ssl=1","width":720,"height":826},{"@type":"WebSite","@id":"https:\/\/pilt.com.ar\/parque-industrial\/#website","url":"https:\/\/pilt.com.ar\/parque-industrial\/","name":"PILT.com.ar","description":"Parque Industrial, Log\u00edstico y Tecnol\u00f3gico Villa Mar\u00eda","potentialAction":[{"@type":"SearchAction","target":{"@type":"EntryPoint","urlTemplate":"https:\/\/pilt.com.ar\/parque-industrial\/?s={search_term_string}"},"query-input":{"@type":"PropertyValueSpecification","valueRequired":true,"valueName":"search_term_string"}}],"inLanguage":"es"},{"@type":"Person","@id":"https:\/\/pilt.com.ar\/parque-industrial\/#\/schema\/person\/2dfb9e2464de1c3deef20c25c30a8306","name":"PILT","image":{"@type":"ImageObject","inLanguage":"es","@id":"https:\/\/secure.gravatar.com\/avatar\/5e3734c8d8c8e0b0d45f923c14a14d7b90521d573d02f0d91360a777095ee42b?s=96&d=mm&r=g","url":"https:\/\/secure.gravatar.com\/avatar\/5e3734c8d8c8e0b0d45f923c14a14d7b90521d573d02f0d91360a777095ee42b?s=96&d=mm&r=g","contentUrl":"https:\/\/secure.gravatar.com\/avatar\/5e3734c8d8c8e0b0d45f923c14a14d7b90521d573d02f0d91360a777095ee42b?s=96&d=mm&r=g","caption":"PILT"},"url":"https:\/\/pilt.com.ar\/parque-industrial\/author\/pilt\/"}]}},"jetpack_featured_media_url":"https:\/\/i0.wp.com\/pilt.com.ar\/parque-industrial\/wp-content\/uploads\/2026\/03\/WhatsApp-Image-2026-03-06-at-13.54.36.jpeg?fit=720%2C826&ssl=1","jetpack_sharing_enabled":true,"_links":{"self":[{"href":"https:\/\/pilt.com.ar\/parque-industrial\/wp-json\/wp\/v2\/posts\/4001","targetHints":{"allow":["GET"]}}],"collection":[{"href":"https:\/\/pilt.com.ar\/parque-industrial\/wp-json\/wp\/v2\/posts"}],"about":[{"href":"https:\/\/pilt.com.ar\/parque-industrial\/wp-json\/wp\/v2\/types\/post"}],"author":[{"embeddable":true,"href":"https:\/\/pilt.com.ar\/parque-industrial\/wp-json\/wp\/v2\/users\/3"}],"replies":[{"embeddable":true,"href":"https:\/\/pilt.com.ar\/parque-industrial\/wp-json\/wp\/v2\/comments?post=4001"}],"version-history":[{"count":1,"href":"https:\/\/pilt.com.ar\/parque-industrial\/wp-json\/wp\/v2\/posts\/4001\/revisions"}],"predecessor-version":[{"id":4003,"href":"https:\/\/pilt.com.ar\/parque-industrial\/wp-json\/wp\/v2\/posts\/4001\/revisions\/4003"}],"wp:featuredmedia":[{"embeddable":true,"href":"https:\/\/pilt.com.ar\/parque-industrial\/wp-json\/wp\/v2\/media\/4002"}],"wp:attachment":[{"href":"https:\/\/pilt.com.ar\/parque-industrial\/wp-json\/wp\/v2\/media?parent=4001"}],"wp:term":[{"taxonomy":"category","embeddable":true,"href":"https:\/\/pilt.com.ar\/parque-industrial\/wp-json\/wp\/v2\/categories?post=4001"},{"taxonomy":"post_tag","embeddable":true,"href":"https:\/\/pilt.com.ar\/parque-industrial\/wp-json\/wp\/v2\/tags?post=4001"}],"curies":[{"name":"wp","href":"https:\/\/api.w.org\/{rel}","templated":true}]}}