{"id":3994,"date":"2026-02-27T13:26:24","date_gmt":"2026-02-27T16:26:24","guid":{"rendered":"https:\/\/pilt.com.ar\/parque-industrial\/?p=3994"},"modified":"2026-03-02T13:06:03","modified_gmt":"2026-03-02T16:06:03","slug":"el-pilt-amplia-su-red-de-beneficios-con-nuevos-convenios-para-empresas-asociadas","status":"publish","type":"post","link":"https:\/\/pilt.com.ar\/parque-industrial\/el-pilt-amplia-su-red-de-beneficios-con-nuevos-convenios-para-empresas-asociadas\/","title":{"rendered":"EL PILT AMPL\u00cdA SU RED DE BENEFICIOS CON NUEVOS CONVENIOS PARA EMPRESAS ASOCIADAS"},"content":{"rendered":"\n<p><em>Los acuerdos incluyen servicios de se\u00f1alizaci\u00f3n industrial, gesti\u00f3n social y asesoramiento financiero, orientados a fortalecer la competitividad y el desarrollo organizacional de las firmas del predio.<\/em><\/p>\n\n\n\n<p>Cada vez son m\u00e1s las organizaciones que presentan propuestas para concretar convenios de beneficios con el Parque Industrial, Log\u00edstico y Tecnol\u00f3gico Villa Mar\u00eda (PILT). En las \u00faltimas semanas, el gerente, Lic. Carlos Monototo Galiano, firm\u00f3 nuevos acuerdos con diversas empresas.<\/p>\n\n\n\n<p>Uno de ellos fue con Vial Parking S.A., firma que se compromete a desarrollar, proyectar y ejecutar integralmente sistemas de se\u00f1alizaci\u00f3n industrial, tanto interna como externa, en las plantas radicadas en el PILT, en coordinaci\u00f3n con profesionales matriculados en seguridad e higiene laboral.<\/p>\n\n\n\n<p>El alcance de los trabajos comprende el relevamiento t\u00e9cnico de cada establecimiento, el an\u00e1lisis de riesgos operativos y circulatorios, as\u00ed como el dise\u00f1o de soluciones de se\u00f1alizaci\u00f3n normalizadas orientadas a optimizar la seguridad vial interna, prevenir accidentes laborales, promover la correcta circulaci\u00f3n de personas y veh\u00edculos, y asegurar el cumplimiento de la normativa vigente en materia de seguridad industrial.<\/p>\n\n\n\n<p>Tambi\u00e9n se firm\u00f3 un convenio con Somos Parte Consultora, empresa dedicada a la gesti\u00f3n social en las organizaciones. Seg\u00fan indicaron, se trata de un modelo de crecimiento que coloca a la persona en el centro, impulsa el desarrollo del negocio desde la calidad humana y fortalece la relaci\u00f3n con los distintos p\u00fablicos de inter\u00e9s.<\/p>\n\n\n\n<p>En este marco, como parte del acuerdo, se ofrecer\u00e1n los siguientes beneficios:<\/p>\n\n\n\n<ul class=\"wp-block-list\">\n<li>Ciclo de conversatorios para empresas del PILT, dirigidos a mandos altos y medios.<\/li>\n\n\n\n<li>Encuentros de vinculaci\u00f3n y articulaci\u00f3n local.<\/li>\n\n\n\n<li>Espacios de orientaci\u00f3n y escucha.<\/li>\n\n\n\n<li>Certificaci\u00f3n de progreso en \u201cGesti\u00f3n Social Compartida (GSC)\u201d.<br><br><\/li>\n<\/ul>\n\n\n\n<p>Por otra parte, se suscribi\u00f3 un convenio con Portfolio Investment S.A., Agente de Liquidaci\u00f3n y Compensaci\u00f3n Integral que opera en los mercados BYMA, MAV, MAE y Matba Rofex. El acuerdo contempla servicios de asesoramiento financiero y acceso al mercado de capitales, incluyendo la estructuraci\u00f3n de alternativas de financiamiento, optimizaci\u00f3n de la gesti\u00f3n de tesorer\u00eda, cobertura de riesgos y asesoramiento en inversiones.<\/p>\n\n\n\n<p>Asimismo, la empresa acompa\u00f1ar\u00e1 a las firmas del PILT en el an\u00e1lisis de su situaci\u00f3n financiera, la preparaci\u00f3n para el acceso al mercado y la implementaci\u00f3n de soluciones orientadas a mejorar su capital de trabajo.<\/p>\n\n\n\n<p>Estos convenios de colaboraci\u00f3n se suman a los ya rubricados con Urce Perimetrales, Vanina Massola (ense\u00f1anza de ingl\u00e9s), Hotel Amerian y Le Parc Hotel, entre otros.<\/p>\n","protected":false},"excerpt":{"rendered":"<p>Los acuerdos incluyen servicios de se\u00f1alizaci\u00f3n industrial, gesti\u00f3n social y asesoramiento financiero, orientados a fortalecer la competitividad y el desarrollo organizacional de las firmas del predio. Cada vez son m\u00e1s las organizaciones que presentan propuestas para concretar convenios de beneficios con el Parque Industrial, Log\u00edstico y Tecnol\u00f3gico Villa Mar\u00eda (PILT). En las \u00faltimas semanas, el [&hellip;]<\/p>\n","protected":false},"author":3,"featured_media":3995,"comment_status":"open","ping_status":"open","sticky":false,"template":"","format":"standard","meta":{"_jetpack_memberships_contains_paid_content":false,"footnotes":""},"categories":[2],"tags":[],"class_list":["post-3994","post","type-post","status-publish","format-standard","has-post-thumbnail","hentry","category-noticias"],"yoast_head":"<!-- This site is optimized with the Yoast SEO plugin v27.5 - https:\/\/yoast.com\/product\/yoast-seo-wordpress\/ -->\n<title>EL PILT AMPL\u00cdA SU RED DE BENEFICIOS CON NUEVOS CONVENIOS PARA EMPRESAS ASOCIADAS - PILT.com.ar<\/title>\n<meta name=\"robots\" content=\"index, follow, max-snippet:-1, max-image-preview:large, max-video-preview:-1\" \/>\n<link rel=\"canonical\" href=\"https:\/\/pilt.com.ar\/parque-industrial\/el-pilt-amplia-su-red-de-beneficios-con-nuevos-convenios-para-empresas-asociadas\/\" \/>\n<meta property=\"og:locale\" content=\"es_ES\" \/>\n<meta property=\"og:type\" content=\"article\" \/>\n<meta property=\"og:title\" content=\"EL PILT AMPL\u00cdA SU RED DE BENEFICIOS CON NUEVOS CONVENIOS PARA EMPRESAS ASOCIADAS - PILT.com.ar\" \/>\n<meta property=\"og:description\" content=\"Los acuerdos incluyen servicios de se\u00f1alizaci\u00f3n industrial, gesti\u00f3n social y asesoramiento financiero, orientados a fortalecer la competitividad y el desarrollo organizacional de las firmas del predio. Cada vez son m\u00e1s las organizaciones que presentan propuestas para concretar convenios de beneficios con el Parque Industrial, Log\u00edstico y Tecnol\u00f3gico Villa Mar\u00eda (PILT). En las \u00faltimas semanas, el [&hellip;]\" \/>\n<meta property=\"og:url\" content=\"https:\/\/pilt.com.ar\/parque-industrial\/el-pilt-amplia-su-red-de-beneficios-con-nuevos-convenios-para-empresas-asociadas\/\" \/>\n<meta property=\"og:site_name\" content=\"PILT.com.ar\" \/>\n<meta property=\"article:published_time\" content=\"2026-02-27T16:26:24+00:00\" \/>\n<meta property=\"article:modified_time\" content=\"2026-03-02T16:06:03+00:00\" \/>\n<meta property=\"og:image\" content=\"https:\/\/i0.wp.com\/pilt.com.ar\/parque-industrial\/wp-content\/uploads\/2026\/02\/WhatsApp-Image-2026-02-27-at-13.25.47.jpeg?fit=1600%2C901&ssl=1\" \/>\n\t<meta property=\"og:image:width\" content=\"1600\" \/>\n\t<meta property=\"og:image:height\" content=\"901\" \/>\n\t<meta property=\"og:image:type\" content=\"image\/jpeg\" \/>\n<meta name=\"author\" content=\"PILT\" \/>\n<meta name=\"twitter:card\" content=\"summary_large_image\" \/>\n<meta name=\"twitter:label1\" content=\"Escrito por\" \/>\n\t<meta name=\"twitter:data1\" content=\"PILT\" \/>\n\t<meta name=\"twitter:label2\" content=\"Tiempo de lectura\" \/>\n\t<meta name=\"twitter:data2\" content=\"2 minutos\" \/>\n<script type=\"application\/ld+json\" class=\"yoast-schema-graph\">{\"@context\":\"https:\\\/\\\/schema.org\",\"@graph\":[{\"@type\":\"Article\",\"@id\":\"https:\\\/\\\/pilt.com.ar\\\/parque-industrial\\\/el-pilt-amplia-su-red-de-beneficios-con-nuevos-convenios-para-empresas-asociadas\\\/#article\",\"isPartOf\":{\"@id\":\"https:\\\/\\\/pilt.com.ar\\\/parque-industrial\\\/el-pilt-amplia-su-red-de-beneficios-con-nuevos-convenios-para-empresas-asociadas\\\/\"},\"author\":{\"name\":\"PILT\",\"@id\":\"https:\\\/\\\/pilt.com.ar\\\/parque-industrial\\\/#\\\/schema\\\/person\\\/2dfb9e2464de1c3deef20c25c30a8306\"},\"headline\":\"EL PILT AMPL\u00cdA SU RED DE BENEFICIOS CON NUEVOS CONVENIOS PARA EMPRESAS ASOCIADAS\",\"datePublished\":\"2026-02-27T16:26:24+00:00\",\"dateModified\":\"2026-03-02T16:06:03+00:00\",\"mainEntityOfPage\":{\"@id\":\"https:\\\/\\\/pilt.com.ar\\\/parque-industrial\\\/el-pilt-amplia-su-red-de-beneficios-con-nuevos-convenios-para-empresas-asociadas\\\/\"},\"wordCount\":447,\"commentCount\":0,\"image\":{\"@id\":\"https:\\\/\\\/pilt.com.ar\\\/parque-industrial\\\/el-pilt-amplia-su-red-de-beneficios-con-nuevos-convenios-para-empresas-asociadas\\\/#primaryimage\"},\"thumbnailUrl\":\"https:\\\/\\\/i0.wp.com\\\/pilt.com.ar\\\/parque-industrial\\\/wp-content\\\/uploads\\\/2026\\\/02\\\/WhatsApp-Image-2026-02-27-at-13.25.47.jpeg?fit=1600%2C901&ssl=1\",\"articleSection\":[\"Noticias\"],\"inLanguage\":\"es\",\"potentialAction\":[{\"@type\":\"CommentAction\",\"name\":\"Comment\",\"target\":[\"https:\\\/\\\/pilt.com.ar\\\/parque-industrial\\\/el-pilt-amplia-su-red-de-beneficios-con-nuevos-convenios-para-empresas-asociadas\\\/#respond\"]}]},{\"@type\":\"WebPage\",\"@id\":\"https:\\\/\\\/pilt.com.ar\\\/parque-industrial\\\/el-pilt-amplia-su-red-de-beneficios-con-nuevos-convenios-para-empresas-asociadas\\\/\",\"url\":\"https:\\\/\\\/pilt.com.ar\\\/parque-industrial\\\/el-pilt-amplia-su-red-de-beneficios-con-nuevos-convenios-para-empresas-asociadas\\\/\",\"name\":\"EL PILT AMPL\u00cdA SU RED DE BENEFICIOS CON NUEVOS CONVENIOS PARA EMPRESAS ASOCIADAS - PILT.com.ar\",\"isPartOf\":{\"@id\":\"https:\\\/\\\/pilt.com.ar\\\/parque-industrial\\\/#website\"},\"primaryImageOfPage\":{\"@id\":\"https:\\\/\\\/pilt.com.ar\\\/parque-industrial\\\/el-pilt-amplia-su-red-de-beneficios-con-nuevos-convenios-para-empresas-asociadas\\\/#primaryimage\"},\"image\":{\"@id\":\"https:\\\/\\\/pilt.com.ar\\\/parque-industrial\\\/el-pilt-amplia-su-red-de-beneficios-con-nuevos-convenios-para-empresas-asociadas\\\/#primaryimage\"},\"thumbnailUrl\":\"https:\\\/\\\/i0.wp.com\\\/pilt.com.ar\\\/parque-industrial\\\/wp-content\\\/uploads\\\/2026\\\/02\\\/WhatsApp-Image-2026-02-27-at-13.25.47.jpeg?fit=1600%2C901&ssl=1\",\"datePublished\":\"2026-02-27T16:26:24+00:00\",\"dateModified\":\"2026-03-02T16:06:03+00:00\",\"author\":{\"@id\":\"https:\\\/\\\/pilt.com.ar\\\/parque-industrial\\\/#\\\/schema\\\/person\\\/2dfb9e2464de1c3deef20c25c30a8306\"},\"inLanguage\":\"es\",\"potentialAction\":[{\"@type\":\"ReadAction\",\"target\":[\"https:\\\/\\\/pilt.com.ar\\\/parque-industrial\\\/el-pilt-amplia-su-red-de-beneficios-con-nuevos-convenios-para-empresas-asociadas\\\/\"]}]},{\"@type\":\"ImageObject\",\"inLanguage\":\"es\",\"@id\":\"https:\\\/\\\/pilt.com.ar\\\/parque-industrial\\\/el-pilt-amplia-su-red-de-beneficios-con-nuevos-convenios-para-empresas-asociadas\\\/#primaryimage\",\"url\":\"https:\\\/\\\/i0.wp.com\\\/pilt.com.ar\\\/parque-industrial\\\/wp-content\\\/uploads\\\/2026\\\/02\\\/WhatsApp-Image-2026-02-27-at-13.25.47.jpeg?fit=1600%2C901&ssl=1\",\"contentUrl\":\"https:\\\/\\\/i0.wp.com\\\/pilt.com.ar\\\/parque-industrial\\\/wp-content\\\/uploads\\\/2026\\\/02\\\/WhatsApp-Image-2026-02-27-at-13.25.47.jpeg?fit=1600%2C901&ssl=1\",\"width\":1600,\"height\":901},{\"@type\":\"WebSite\",\"@id\":\"https:\\\/\\\/pilt.com.ar\\\/parque-industrial\\\/#website\",\"url\":\"https:\\\/\\\/pilt.com.ar\\\/parque-industrial\\\/\",\"name\":\"PILT.com.ar\",\"description\":\"Parque Industrial, Log\u00edstico y Tecnol\u00f3gico Villa Mar\u00eda\",\"potentialAction\":[{\"@type\":\"SearchAction\",\"target\":{\"@type\":\"EntryPoint\",\"urlTemplate\":\"https:\\\/\\\/pilt.com.ar\\\/parque-industrial\\\/?s={search_term_string}\"},\"query-input\":{\"@type\":\"PropertyValueSpecification\",\"valueRequired\":true,\"valueName\":\"search_term_string\"}}],\"inLanguage\":\"es\"},{\"@type\":\"Person\",\"@id\":\"https:\\\/\\\/pilt.com.ar\\\/parque-industrial\\\/#\\\/schema\\\/person\\\/2dfb9e2464de1c3deef20c25c30a8306\",\"name\":\"PILT\",\"image\":{\"@type\":\"ImageObject\",\"inLanguage\":\"es\",\"@id\":\"https:\\\/\\\/secure.gravatar.com\\\/avatar\\\/5e3734c8d8c8e0b0d45f923c14a14d7b90521d573d02f0d91360a777095ee42b?s=96&d=mm&r=g\",\"url\":\"https:\\\/\\\/secure.gravatar.com\\\/avatar\\\/5e3734c8d8c8e0b0d45f923c14a14d7b90521d573d02f0d91360a777095ee42b?s=96&d=mm&r=g\",\"contentUrl\":\"https:\\\/\\\/secure.gravatar.com\\\/avatar\\\/5e3734c8d8c8e0b0d45f923c14a14d7b90521d573d02f0d91360a777095ee42b?s=96&d=mm&r=g\",\"caption\":\"PILT\"},\"url\":\"https:\\\/\\\/pilt.com.ar\\\/parque-industrial\\\/author\\\/pilt\\\/\"}]}<\/script>\n<!-- \/ Yoast SEO plugin. -->","yoast_head_json":{"title":"EL PILT AMPL\u00cdA SU RED DE BENEFICIOS CON NUEVOS CONVENIOS PARA EMPRESAS ASOCIADAS - PILT.com.ar","robots":{"index":"index","follow":"follow","max-snippet":"max-snippet:-1","max-image-preview":"max-image-preview:large","max-video-preview":"max-video-preview:-1"},"canonical":"https:\/\/pilt.com.ar\/parque-industrial\/el-pilt-amplia-su-red-de-beneficios-con-nuevos-convenios-para-empresas-asociadas\/","og_locale":"es_ES","og_type":"article","og_title":"EL PILT AMPL\u00cdA SU RED DE BENEFICIOS CON NUEVOS CONVENIOS PARA EMPRESAS ASOCIADAS - PILT.com.ar","og_description":"Los acuerdos incluyen servicios de se\u00f1alizaci\u00f3n industrial, gesti\u00f3n social y asesoramiento financiero, orientados a fortalecer la competitividad y el desarrollo organizacional de las firmas del predio. Cada vez son m\u00e1s las organizaciones que presentan propuestas para concretar convenios de beneficios con el Parque Industrial, Log\u00edstico y Tecnol\u00f3gico Villa Mar\u00eda (PILT). En las \u00faltimas semanas, el [&hellip;]","og_url":"https:\/\/pilt.com.ar\/parque-industrial\/el-pilt-amplia-su-red-de-beneficios-con-nuevos-convenios-para-empresas-asociadas\/","og_site_name":"PILT.com.ar","article_published_time":"2026-02-27T16:26:24+00:00","article_modified_time":"2026-03-02T16:06:03+00:00","og_image":[{"width":1600,"height":901,"url":"https:\/\/i0.wp.com\/pilt.com.ar\/parque-industrial\/wp-content\/uploads\/2026\/02\/WhatsApp-Image-2026-02-27-at-13.25.47.jpeg?fit=1600%2C901&ssl=1","type":"image\/jpeg"}],"author":"PILT","twitter_card":"summary_large_image","twitter_misc":{"Escrito por":"PILT","Tiempo de lectura":"2 minutos"},"schema":{"@context":"https:\/\/schema.org","@graph":[{"@type":"Article","@id":"https:\/\/pilt.com.ar\/parque-industrial\/el-pilt-amplia-su-red-de-beneficios-con-nuevos-convenios-para-empresas-asociadas\/#article","isPartOf":{"@id":"https:\/\/pilt.com.ar\/parque-industrial\/el-pilt-amplia-su-red-de-beneficios-con-nuevos-convenios-para-empresas-asociadas\/"},"author":{"name":"PILT","@id":"https:\/\/pilt.com.ar\/parque-industrial\/#\/schema\/person\/2dfb9e2464de1c3deef20c25c30a8306"},"headline":"EL PILT AMPL\u00cdA SU RED DE BENEFICIOS CON NUEVOS CONVENIOS PARA EMPRESAS ASOCIADAS","datePublished":"2026-02-27T16:26:24+00:00","dateModified":"2026-03-02T16:06:03+00:00","mainEntityOfPage":{"@id":"https:\/\/pilt.com.ar\/parque-industrial\/el-pilt-amplia-su-red-de-beneficios-con-nuevos-convenios-para-empresas-asociadas\/"},"wordCount":447,"commentCount":0,"image":{"@id":"https:\/\/pilt.com.ar\/parque-industrial\/el-pilt-amplia-su-red-de-beneficios-con-nuevos-convenios-para-empresas-asociadas\/#primaryimage"},"thumbnailUrl":"https:\/\/i0.wp.com\/pilt.com.ar\/parque-industrial\/wp-content\/uploads\/2026\/02\/WhatsApp-Image-2026-02-27-at-13.25.47.jpeg?fit=1600%2C901&ssl=1","articleSection":["Noticias"],"inLanguage":"es","potentialAction":[{"@type":"CommentAction","name":"Comment","target":["https:\/\/pilt.com.ar\/parque-industrial\/el-pilt-amplia-su-red-de-beneficios-con-nuevos-convenios-para-empresas-asociadas\/#respond"]}]},{"@type":"WebPage","@id":"https:\/\/pilt.com.ar\/parque-industrial\/el-pilt-amplia-su-red-de-beneficios-con-nuevos-convenios-para-empresas-asociadas\/","url":"https:\/\/pilt.com.ar\/parque-industrial\/el-pilt-amplia-su-red-de-beneficios-con-nuevos-convenios-para-empresas-asociadas\/","name":"EL PILT AMPL\u00cdA SU RED DE BENEFICIOS CON NUEVOS CONVENIOS PARA EMPRESAS ASOCIADAS - PILT.com.ar","isPartOf":{"@id":"https:\/\/pilt.com.ar\/parque-industrial\/#website"},"primaryImageOfPage":{"@id":"https:\/\/pilt.com.ar\/parque-industrial\/el-pilt-amplia-su-red-de-beneficios-con-nuevos-convenios-para-empresas-asociadas\/#primaryimage"},"image":{"@id":"https:\/\/pilt.com.ar\/parque-industrial\/el-pilt-amplia-su-red-de-beneficios-con-nuevos-convenios-para-empresas-asociadas\/#primaryimage"},"thumbnailUrl":"https:\/\/i0.wp.com\/pilt.com.ar\/parque-industrial\/wp-content\/uploads\/2026\/02\/WhatsApp-Image-2026-02-27-at-13.25.47.jpeg?fit=1600%2C901&ssl=1","datePublished":"2026-02-27T16:26:24+00:00","dateModified":"2026-03-02T16:06:03+00:00","author":{"@id":"https:\/\/pilt.com.ar\/parque-industrial\/#\/schema\/person\/2dfb9e2464de1c3deef20c25c30a8306"},"inLanguage":"es","potentialAction":[{"@type":"ReadAction","target":["https:\/\/pilt.com.ar\/parque-industrial\/el-pilt-amplia-su-red-de-beneficios-con-nuevos-convenios-para-empresas-asociadas\/"]}]},{"@type":"ImageObject","inLanguage":"es","@id":"https:\/\/pilt.com.ar\/parque-industrial\/el-pilt-amplia-su-red-de-beneficios-con-nuevos-convenios-para-empresas-asociadas\/#primaryimage","url":"https:\/\/i0.wp.com\/pilt.com.ar\/parque-industrial\/wp-content\/uploads\/2026\/02\/WhatsApp-Image-2026-02-27-at-13.25.47.jpeg?fit=1600%2C901&ssl=1","contentUrl":"https:\/\/i0.wp.com\/pilt.com.ar\/parque-industrial\/wp-content\/uploads\/2026\/02\/WhatsApp-Image-2026-02-27-at-13.25.47.jpeg?fit=1600%2C901&ssl=1","width":1600,"height":901},{"@type":"WebSite","@id":"https:\/\/pilt.com.ar\/parque-industrial\/#website","url":"https:\/\/pilt.com.ar\/parque-industrial\/","name":"PILT.com.ar","description":"Parque Industrial, Log\u00edstico y Tecnol\u00f3gico Villa Mar\u00eda","potentialAction":[{"@type":"SearchAction","target":{"@type":"EntryPoint","urlTemplate":"https:\/\/pilt.com.ar\/parque-industrial\/?s={search_term_string}"},"query-input":{"@type":"PropertyValueSpecification","valueRequired":true,"valueName":"search_term_string"}}],"inLanguage":"es"},{"@type":"Person","@id":"https:\/\/pilt.com.ar\/parque-industrial\/#\/schema\/person\/2dfb9e2464de1c3deef20c25c30a8306","name":"PILT","image":{"@type":"ImageObject","inLanguage":"es","@id":"https:\/\/secure.gravatar.com\/avatar\/5e3734c8d8c8e0b0d45f923c14a14d7b90521d573d02f0d91360a777095ee42b?s=96&d=mm&r=g","url":"https:\/\/secure.gravatar.com\/avatar\/5e3734c8d8c8e0b0d45f923c14a14d7b90521d573d02f0d91360a777095ee42b?s=96&d=mm&r=g","contentUrl":"https:\/\/secure.gravatar.com\/avatar\/5e3734c8d8c8e0b0d45f923c14a14d7b90521d573d02f0d91360a777095ee42b?s=96&d=mm&r=g","caption":"PILT"},"url":"https:\/\/pilt.com.ar\/parque-industrial\/author\/pilt\/"}]}},"jetpack_featured_media_url":"https:\/\/i0.wp.com\/pilt.com.ar\/parque-industrial\/wp-content\/uploads\/2026\/02\/WhatsApp-Image-2026-02-27-at-13.25.47.jpeg?fit=1600%2C901&ssl=1","jetpack_sharing_enabled":true,"_links":{"self":[{"href":"https:\/\/pilt.com.ar\/parque-industrial\/wp-json\/wp\/v2\/posts\/3994","targetHints":{"allow":["GET"]}}],"collection":[{"href":"https:\/\/pilt.com.ar\/parque-industrial\/wp-json\/wp\/v2\/posts"}],"about":[{"href":"https:\/\/pilt.com.ar\/parque-industrial\/wp-json\/wp\/v2\/types\/post"}],"author":[{"embeddable":true,"href":"https:\/\/pilt.com.ar\/parque-industrial\/wp-json\/wp\/v2\/users\/3"}],"replies":[{"embeddable":true,"href":"https:\/\/pilt.com.ar\/parque-industrial\/wp-json\/wp\/v2\/comments?post=3994"}],"version-history":[{"count":1,"href":"https:\/\/pilt.com.ar\/parque-industrial\/wp-json\/wp\/v2\/posts\/3994\/revisions"}],"predecessor-version":[{"id":3996,"href":"https:\/\/pilt.com.ar\/parque-industrial\/wp-json\/wp\/v2\/posts\/3994\/revisions\/3996"}],"wp:featuredmedia":[{"embeddable":true,"href":"https:\/\/pilt.com.ar\/parque-industrial\/wp-json\/wp\/v2\/media\/3995"}],"wp:attachment":[{"href":"https:\/\/pilt.com.ar\/parque-industrial\/wp-json\/wp\/v2\/media?parent=3994"}],"wp:term":[{"taxonomy":"category","embeddable":true,"href":"https:\/\/pilt.com.ar\/parque-industrial\/wp-json\/wp\/v2\/categories?post=3994"},{"taxonomy":"post_tag","embeddable":true,"href":"https:\/\/pilt.com.ar\/parque-industrial\/wp-json\/wp\/v2\/tags?post=3994"}],"curies":[{"name":"wp","href":"https:\/\/api.w.org\/{rel}","templated":true}]}}