{"id":3892,"date":"2025-12-05T11:46:01","date_gmt":"2025-12-05T14:46:01","guid":{"rendered":"https:\/\/pilt.com.ar\/parque-industrial\/?p=3892"},"modified":"2025-12-05T11:46:02","modified_gmt":"2025-12-05T14:46:02","slug":"en-pocos-meses-se-inaugurara-una-nueva-planta-en-el-pilt","status":"publish","type":"post","link":"https:\/\/pilt.com.ar\/parque-industrial\/en-pocos-meses-se-inaugurara-una-nueva-planta-en-el-pilt\/","title":{"rendered":"EN POCOS MESES SE INAUGURAR\u00c1 UNA NUEVA PLANTA EN EL PILT"},"content":{"rendered":"\n<p><em>El desarrollo corresponde a la empresa JAP Metal\u00fargica, que trasladar\u00e1 todas sus actividades al predio.<\/em><\/p>\n\n\n\n<p>Con un avance de obra cercano al 80%, se ejecuta en el Parque Industrial, Log\u00edstico y Tecnol\u00f3gico Villa Mar\u00eda (PILT) la nave de JAP Metal\u00fargica. La empresa fabrica carrocer\u00edas y carros para montacargas y minipalas, a la vez que ofrece diversos servicios para camiones, tales como reparaci\u00f3n de el\u00e1sticos, frenos, alineaci\u00f3n de ejes, cambios de bujes y tensores, arenado y pintura en general. Asimismo, el taller homologa certificados de modificaciones y reparaciones, adem\u00e1s de gestionar el cambio de tipo.<\/p>\n\n\n\n<p>La nave contar\u00e1 con 600 m\u00b2 cubiertos, emplazados sobre dos lotes de 1.000 m\u00b2 cada uno. En ese espacio se montar\u00e1n las instalaciones necesarias para el desarrollo de las tareas productivas y administrativas, incluyendo oficinas, vestuarios, ba\u00f1os y cocina.<\/p>\n\n\n\n<p>Desde la empresa indicaron que la inauguraci\u00f3n de la nueva planta se concretar\u00e1 en los pr\u00f3ximos meses.<\/p>\n","protected":false},"excerpt":{"rendered":"<p>El desarrollo corresponde a la empresa JAP Metal\u00fargica, que trasladar\u00e1 todas sus actividades al predio. Con un avance de obra cercano al 80%, se ejecuta en el Parque Industrial, Log\u00edstico y Tecnol\u00f3gico Villa Mar\u00eda (PILT) la nave de JAP Metal\u00fargica. La empresa fabrica carrocer\u00edas y carros para montacargas y minipalas, a la vez que ofrece [&hellip;]<\/p>\n","protected":false},"author":3,"featured_media":3893,"comment_status":"open","ping_status":"open","sticky":false,"template":"","format":"standard","meta":{"_jetpack_memberships_contains_paid_content":false,"footnotes":""},"categories":[2],"tags":[],"class_list":["post-3892","post","type-post","status-publish","format-standard","has-post-thumbnail","hentry","category-noticias"],"yoast_head":"<!-- This site is optimized with the Yoast SEO plugin v27.5 - https:\/\/yoast.com\/product\/yoast-seo-wordpress\/ -->\n<title>EN POCOS MESES SE INAUGURAR\u00c1 UNA NUEVA PLANTA EN EL PILT - PILT.com.ar<\/title>\n<meta name=\"robots\" content=\"index, follow, max-snippet:-1, max-image-preview:large, max-video-preview:-1\" \/>\n<link rel=\"canonical\" href=\"https:\/\/pilt.com.ar\/parque-industrial\/en-pocos-meses-se-inaugurara-una-nueva-planta-en-el-pilt\/\" \/>\n<meta property=\"og:locale\" content=\"es_ES\" \/>\n<meta property=\"og:type\" content=\"article\" \/>\n<meta property=\"og:title\" content=\"EN POCOS MESES SE INAUGURAR\u00c1 UNA NUEVA PLANTA EN EL PILT - PILT.com.ar\" \/>\n<meta property=\"og:description\" content=\"El desarrollo corresponde a la empresa JAP Metal\u00fargica, que trasladar\u00e1 todas sus actividades al predio. Con un avance de obra cercano al 80%, se ejecuta en el Parque Industrial, Log\u00edstico y Tecnol\u00f3gico Villa Mar\u00eda (PILT) la nave de JAP Metal\u00fargica. La empresa fabrica carrocer\u00edas y carros para montacargas y minipalas, a la vez que ofrece [&hellip;]\" \/>\n<meta property=\"og:url\" content=\"https:\/\/pilt.com.ar\/parque-industrial\/en-pocos-meses-se-inaugurara-una-nueva-planta-en-el-pilt\/\" \/>\n<meta property=\"og:site_name\" content=\"PILT.com.ar\" \/>\n<meta property=\"article:published_time\" content=\"2025-12-05T14:46:01+00:00\" \/>\n<meta property=\"article:modified_time\" content=\"2025-12-05T14:46:02+00:00\" \/>\n<meta property=\"og:image\" content=\"https:\/\/i0.wp.com\/pilt.com.ar\/parque-industrial\/wp-content\/uploads\/2025\/12\/WhatsApp-Image-2025-12-04-at-11.31.19.jpeg?fit=1280%2C720&ssl=1\" \/>\n\t<meta property=\"og:image:width\" content=\"1280\" \/>\n\t<meta property=\"og:image:height\" content=\"720\" \/>\n\t<meta property=\"og:image:type\" content=\"image\/jpeg\" \/>\n<meta name=\"author\" content=\"PILT\" \/>\n<meta name=\"twitter:card\" content=\"summary_large_image\" \/>\n<meta name=\"twitter:label1\" content=\"Escrito por\" \/>\n\t<meta name=\"twitter:data1\" content=\"PILT\" \/>\n\t<meta name=\"twitter:label2\" content=\"Tiempo de lectura\" \/>\n\t<meta name=\"twitter:data2\" content=\"1 minuto\" \/>\n<script type=\"application\/ld+json\" class=\"yoast-schema-graph\">{\"@context\":\"https:\\\/\\\/schema.org\",\"@graph\":[{\"@type\":\"Article\",\"@id\":\"https:\\\/\\\/pilt.com.ar\\\/parque-industrial\\\/en-pocos-meses-se-inaugurara-una-nueva-planta-en-el-pilt\\\/#article\",\"isPartOf\":{\"@id\":\"https:\\\/\\\/pilt.com.ar\\\/parque-industrial\\\/en-pocos-meses-se-inaugurara-una-nueva-planta-en-el-pilt\\\/\"},\"author\":{\"name\":\"PILT\",\"@id\":\"https:\\\/\\\/pilt.com.ar\\\/parque-industrial\\\/#\\\/schema\\\/person\\\/2dfb9e2464de1c3deef20c25c30a8306\"},\"headline\":\"EN POCOS MESES SE INAUGURAR\u00c1 UNA NUEVA PLANTA EN EL PILT\",\"datePublished\":\"2025-12-05T14:46:01+00:00\",\"dateModified\":\"2025-12-05T14:46:02+00:00\",\"mainEntityOfPage\":{\"@id\":\"https:\\\/\\\/pilt.com.ar\\\/parque-industrial\\\/en-pocos-meses-se-inaugurara-una-nueva-planta-en-el-pilt\\\/\"},\"wordCount\":172,\"commentCount\":0,\"image\":{\"@id\":\"https:\\\/\\\/pilt.com.ar\\\/parque-industrial\\\/en-pocos-meses-se-inaugurara-una-nueva-planta-en-el-pilt\\\/#primaryimage\"},\"thumbnailUrl\":\"https:\\\/\\\/i0.wp.com\\\/pilt.com.ar\\\/parque-industrial\\\/wp-content\\\/uploads\\\/2025\\\/12\\\/WhatsApp-Image-2025-12-04-at-11.31.19.jpeg?fit=1280%2C720&ssl=1\",\"articleSection\":[\"Noticias\"],\"inLanguage\":\"es\",\"potentialAction\":[{\"@type\":\"CommentAction\",\"name\":\"Comment\",\"target\":[\"https:\\\/\\\/pilt.com.ar\\\/parque-industrial\\\/en-pocos-meses-se-inaugurara-una-nueva-planta-en-el-pilt\\\/#respond\"]}]},{\"@type\":\"WebPage\",\"@id\":\"https:\\\/\\\/pilt.com.ar\\\/parque-industrial\\\/en-pocos-meses-se-inaugurara-una-nueva-planta-en-el-pilt\\\/\",\"url\":\"https:\\\/\\\/pilt.com.ar\\\/parque-industrial\\\/en-pocos-meses-se-inaugurara-una-nueva-planta-en-el-pilt\\\/\",\"name\":\"EN POCOS MESES SE INAUGURAR\u00c1 UNA NUEVA PLANTA EN EL PILT - PILT.com.ar\",\"isPartOf\":{\"@id\":\"https:\\\/\\\/pilt.com.ar\\\/parque-industrial\\\/#website\"},\"primaryImageOfPage\":{\"@id\":\"https:\\\/\\\/pilt.com.ar\\\/parque-industrial\\\/en-pocos-meses-se-inaugurara-una-nueva-planta-en-el-pilt\\\/#primaryimage\"},\"image\":{\"@id\":\"https:\\\/\\\/pilt.com.ar\\\/parque-industrial\\\/en-pocos-meses-se-inaugurara-una-nueva-planta-en-el-pilt\\\/#primaryimage\"},\"thumbnailUrl\":\"https:\\\/\\\/i0.wp.com\\\/pilt.com.ar\\\/parque-industrial\\\/wp-content\\\/uploads\\\/2025\\\/12\\\/WhatsApp-Image-2025-12-04-at-11.31.19.jpeg?fit=1280%2C720&ssl=1\",\"datePublished\":\"2025-12-05T14:46:01+00:00\",\"dateModified\":\"2025-12-05T14:46:02+00:00\",\"author\":{\"@id\":\"https:\\\/\\\/pilt.com.ar\\\/parque-industrial\\\/#\\\/schema\\\/person\\\/2dfb9e2464de1c3deef20c25c30a8306\"},\"inLanguage\":\"es\",\"potentialAction\":[{\"@type\":\"ReadAction\",\"target\":[\"https:\\\/\\\/pilt.com.ar\\\/parque-industrial\\\/en-pocos-meses-se-inaugurara-una-nueva-planta-en-el-pilt\\\/\"]}]},{\"@type\":\"ImageObject\",\"inLanguage\":\"es\",\"@id\":\"https:\\\/\\\/pilt.com.ar\\\/parque-industrial\\\/en-pocos-meses-se-inaugurara-una-nueva-planta-en-el-pilt\\\/#primaryimage\",\"url\":\"https:\\\/\\\/i0.wp.com\\\/pilt.com.ar\\\/parque-industrial\\\/wp-content\\\/uploads\\\/2025\\\/12\\\/WhatsApp-Image-2025-12-04-at-11.31.19.jpeg?fit=1280%2C720&ssl=1\",\"contentUrl\":\"https:\\\/\\\/i0.wp.com\\\/pilt.com.ar\\\/parque-industrial\\\/wp-content\\\/uploads\\\/2025\\\/12\\\/WhatsApp-Image-2025-12-04-at-11.31.19.jpeg?fit=1280%2C720&ssl=1\",\"width\":1280,\"height\":720},{\"@type\":\"WebSite\",\"@id\":\"https:\\\/\\\/pilt.com.ar\\\/parque-industrial\\\/#website\",\"url\":\"https:\\\/\\\/pilt.com.ar\\\/parque-industrial\\\/\",\"name\":\"PILT.com.ar\",\"description\":\"Parque Industrial, Log\u00edstico y Tecnol\u00f3gico Villa Mar\u00eda\",\"potentialAction\":[{\"@type\":\"SearchAction\",\"target\":{\"@type\":\"EntryPoint\",\"urlTemplate\":\"https:\\\/\\\/pilt.com.ar\\\/parque-industrial\\\/?s={search_term_string}\"},\"query-input\":{\"@type\":\"PropertyValueSpecification\",\"valueRequired\":true,\"valueName\":\"search_term_string\"}}],\"inLanguage\":\"es\"},{\"@type\":\"Person\",\"@id\":\"https:\\\/\\\/pilt.com.ar\\\/parque-industrial\\\/#\\\/schema\\\/person\\\/2dfb9e2464de1c3deef20c25c30a8306\",\"name\":\"PILT\",\"image\":{\"@type\":\"ImageObject\",\"inLanguage\":\"es\",\"@id\":\"https:\\\/\\\/secure.gravatar.com\\\/avatar\\\/5e3734c8d8c8e0b0d45f923c14a14d7b90521d573d02f0d91360a777095ee42b?s=96&d=mm&r=g\",\"url\":\"https:\\\/\\\/secure.gravatar.com\\\/avatar\\\/5e3734c8d8c8e0b0d45f923c14a14d7b90521d573d02f0d91360a777095ee42b?s=96&d=mm&r=g\",\"contentUrl\":\"https:\\\/\\\/secure.gravatar.com\\\/avatar\\\/5e3734c8d8c8e0b0d45f923c14a14d7b90521d573d02f0d91360a777095ee42b?s=96&d=mm&r=g\",\"caption\":\"PILT\"},\"url\":\"https:\\\/\\\/pilt.com.ar\\\/parque-industrial\\\/author\\\/pilt\\\/\"}]}<\/script>\n<!-- \/ Yoast SEO plugin. -->","yoast_head_json":{"title":"EN POCOS MESES SE INAUGURAR\u00c1 UNA NUEVA PLANTA EN EL PILT - PILT.com.ar","robots":{"index":"index","follow":"follow","max-snippet":"max-snippet:-1","max-image-preview":"max-image-preview:large","max-video-preview":"max-video-preview:-1"},"canonical":"https:\/\/pilt.com.ar\/parque-industrial\/en-pocos-meses-se-inaugurara-una-nueva-planta-en-el-pilt\/","og_locale":"es_ES","og_type":"article","og_title":"EN POCOS MESES SE INAUGURAR\u00c1 UNA NUEVA PLANTA EN EL PILT - PILT.com.ar","og_description":"El desarrollo corresponde a la empresa JAP Metal\u00fargica, que trasladar\u00e1 todas sus actividades al predio. Con un avance de obra cercano al 80%, se ejecuta en el Parque Industrial, Log\u00edstico y Tecnol\u00f3gico Villa Mar\u00eda (PILT) la nave de JAP Metal\u00fargica. La empresa fabrica carrocer\u00edas y carros para montacargas y minipalas, a la vez que ofrece [&hellip;]","og_url":"https:\/\/pilt.com.ar\/parque-industrial\/en-pocos-meses-se-inaugurara-una-nueva-planta-en-el-pilt\/","og_site_name":"PILT.com.ar","article_published_time":"2025-12-05T14:46:01+00:00","article_modified_time":"2025-12-05T14:46:02+00:00","og_image":[{"width":1280,"height":720,"url":"https:\/\/i0.wp.com\/pilt.com.ar\/parque-industrial\/wp-content\/uploads\/2025\/12\/WhatsApp-Image-2025-12-04-at-11.31.19.jpeg?fit=1280%2C720&ssl=1","type":"image\/jpeg"}],"author":"PILT","twitter_card":"summary_large_image","twitter_misc":{"Escrito por":"PILT","Tiempo de lectura":"1 minuto"},"schema":{"@context":"https:\/\/schema.org","@graph":[{"@type":"Article","@id":"https:\/\/pilt.com.ar\/parque-industrial\/en-pocos-meses-se-inaugurara-una-nueva-planta-en-el-pilt\/#article","isPartOf":{"@id":"https:\/\/pilt.com.ar\/parque-industrial\/en-pocos-meses-se-inaugurara-una-nueva-planta-en-el-pilt\/"},"author":{"name":"PILT","@id":"https:\/\/pilt.com.ar\/parque-industrial\/#\/schema\/person\/2dfb9e2464de1c3deef20c25c30a8306"},"headline":"EN POCOS MESES SE INAUGURAR\u00c1 UNA NUEVA PLANTA EN EL PILT","datePublished":"2025-12-05T14:46:01+00:00","dateModified":"2025-12-05T14:46:02+00:00","mainEntityOfPage":{"@id":"https:\/\/pilt.com.ar\/parque-industrial\/en-pocos-meses-se-inaugurara-una-nueva-planta-en-el-pilt\/"},"wordCount":172,"commentCount":0,"image":{"@id":"https:\/\/pilt.com.ar\/parque-industrial\/en-pocos-meses-se-inaugurara-una-nueva-planta-en-el-pilt\/#primaryimage"},"thumbnailUrl":"https:\/\/i0.wp.com\/pilt.com.ar\/parque-industrial\/wp-content\/uploads\/2025\/12\/WhatsApp-Image-2025-12-04-at-11.31.19.jpeg?fit=1280%2C720&ssl=1","articleSection":["Noticias"],"inLanguage":"es","potentialAction":[{"@type":"CommentAction","name":"Comment","target":["https:\/\/pilt.com.ar\/parque-industrial\/en-pocos-meses-se-inaugurara-una-nueva-planta-en-el-pilt\/#respond"]}]},{"@type":"WebPage","@id":"https:\/\/pilt.com.ar\/parque-industrial\/en-pocos-meses-se-inaugurara-una-nueva-planta-en-el-pilt\/","url":"https:\/\/pilt.com.ar\/parque-industrial\/en-pocos-meses-se-inaugurara-una-nueva-planta-en-el-pilt\/","name":"EN POCOS MESES SE INAUGURAR\u00c1 UNA NUEVA PLANTA EN EL PILT - PILT.com.ar","isPartOf":{"@id":"https:\/\/pilt.com.ar\/parque-industrial\/#website"},"primaryImageOfPage":{"@id":"https:\/\/pilt.com.ar\/parque-industrial\/en-pocos-meses-se-inaugurara-una-nueva-planta-en-el-pilt\/#primaryimage"},"image":{"@id":"https:\/\/pilt.com.ar\/parque-industrial\/en-pocos-meses-se-inaugurara-una-nueva-planta-en-el-pilt\/#primaryimage"},"thumbnailUrl":"https:\/\/i0.wp.com\/pilt.com.ar\/parque-industrial\/wp-content\/uploads\/2025\/12\/WhatsApp-Image-2025-12-04-at-11.31.19.jpeg?fit=1280%2C720&ssl=1","datePublished":"2025-12-05T14:46:01+00:00","dateModified":"2025-12-05T14:46:02+00:00","author":{"@id":"https:\/\/pilt.com.ar\/parque-industrial\/#\/schema\/person\/2dfb9e2464de1c3deef20c25c30a8306"},"inLanguage":"es","potentialAction":[{"@type":"ReadAction","target":["https:\/\/pilt.com.ar\/parque-industrial\/en-pocos-meses-se-inaugurara-una-nueva-planta-en-el-pilt\/"]}]},{"@type":"ImageObject","inLanguage":"es","@id":"https:\/\/pilt.com.ar\/parque-industrial\/en-pocos-meses-se-inaugurara-una-nueva-planta-en-el-pilt\/#primaryimage","url":"https:\/\/i0.wp.com\/pilt.com.ar\/parque-industrial\/wp-content\/uploads\/2025\/12\/WhatsApp-Image-2025-12-04-at-11.31.19.jpeg?fit=1280%2C720&ssl=1","contentUrl":"https:\/\/i0.wp.com\/pilt.com.ar\/parque-industrial\/wp-content\/uploads\/2025\/12\/WhatsApp-Image-2025-12-04-at-11.31.19.jpeg?fit=1280%2C720&ssl=1","width":1280,"height":720},{"@type":"WebSite","@id":"https:\/\/pilt.com.ar\/parque-industrial\/#website","url":"https:\/\/pilt.com.ar\/parque-industrial\/","name":"PILT.com.ar","description":"Parque Industrial, Log\u00edstico y Tecnol\u00f3gico Villa Mar\u00eda","potentialAction":[{"@type":"SearchAction","target":{"@type":"EntryPoint","urlTemplate":"https:\/\/pilt.com.ar\/parque-industrial\/?s={search_term_string}"},"query-input":{"@type":"PropertyValueSpecification","valueRequired":true,"valueName":"search_term_string"}}],"inLanguage":"es"},{"@type":"Person","@id":"https:\/\/pilt.com.ar\/parque-industrial\/#\/schema\/person\/2dfb9e2464de1c3deef20c25c30a8306","name":"PILT","image":{"@type":"ImageObject","inLanguage":"es","@id":"https:\/\/secure.gravatar.com\/avatar\/5e3734c8d8c8e0b0d45f923c14a14d7b90521d573d02f0d91360a777095ee42b?s=96&d=mm&r=g","url":"https:\/\/secure.gravatar.com\/avatar\/5e3734c8d8c8e0b0d45f923c14a14d7b90521d573d02f0d91360a777095ee42b?s=96&d=mm&r=g","contentUrl":"https:\/\/secure.gravatar.com\/avatar\/5e3734c8d8c8e0b0d45f923c14a14d7b90521d573d02f0d91360a777095ee42b?s=96&d=mm&r=g","caption":"PILT"},"url":"https:\/\/pilt.com.ar\/parque-industrial\/author\/pilt\/"}]}},"jetpack_featured_media_url":"https:\/\/i0.wp.com\/pilt.com.ar\/parque-industrial\/wp-content\/uploads\/2025\/12\/WhatsApp-Image-2025-12-04-at-11.31.19.jpeg?fit=1280%2C720&ssl=1","jetpack_sharing_enabled":true,"_links":{"self":[{"href":"https:\/\/pilt.com.ar\/parque-industrial\/wp-json\/wp\/v2\/posts\/3892","targetHints":{"allow":["GET"]}}],"collection":[{"href":"https:\/\/pilt.com.ar\/parque-industrial\/wp-json\/wp\/v2\/posts"}],"about":[{"href":"https:\/\/pilt.com.ar\/parque-industrial\/wp-json\/wp\/v2\/types\/post"}],"author":[{"embeddable":true,"href":"https:\/\/pilt.com.ar\/parque-industrial\/wp-json\/wp\/v2\/users\/3"}],"replies":[{"embeddable":true,"href":"https:\/\/pilt.com.ar\/parque-industrial\/wp-json\/wp\/v2\/comments?post=3892"}],"version-history":[{"count":1,"href":"https:\/\/pilt.com.ar\/parque-industrial\/wp-json\/wp\/v2\/posts\/3892\/revisions"}],"predecessor-version":[{"id":3894,"href":"https:\/\/pilt.com.ar\/parque-industrial\/wp-json\/wp\/v2\/posts\/3892\/revisions\/3894"}],"wp:featuredmedia":[{"embeddable":true,"href":"https:\/\/pilt.com.ar\/parque-industrial\/wp-json\/wp\/v2\/media\/3893"}],"wp:attachment":[{"href":"https:\/\/pilt.com.ar\/parque-industrial\/wp-json\/wp\/v2\/media?parent=3892"}],"wp:term":[{"taxonomy":"category","embeddable":true,"href":"https:\/\/pilt.com.ar\/parque-industrial\/wp-json\/wp\/v2\/categories?post=3892"},{"taxonomy":"post_tag","embeddable":true,"href":"https:\/\/pilt.com.ar\/parque-industrial\/wp-json\/wp\/v2\/tags?post=3892"}],"curies":[{"name":"wp","href":"https:\/\/api.w.org\/{rel}","templated":true}]}}