{"id":3889,"date":"2025-11-28T15:28:52","date_gmt":"2025-11-28T18:28:52","guid":{"rendered":"https:\/\/pilt.com.ar\/parque-industrial\/?p=3889"},"modified":"2025-11-28T15:28:53","modified_gmt":"2025-11-28T18:28:53","slug":"pilt-recibio-certificacion-por-la-medicion-de-su-huella-de-carbono","status":"publish","type":"post","link":"https:\/\/pilt.com.ar\/parque-industrial\/pilt-recibio-certificacion-por-la-medicion-de-su-huella-de-carbono\/","title":{"rendered":"PILT RECIBI\u00d3 CERTIFICACI\u00d3N POR LA MEDICI\u00d3N DE SU HUELLA DE CARBONO"},"content":{"rendered":"\n<p><em>La entrega se realiz\u00f3 en el marco de la presentaci\u00f3n de la tercera edici\u00f3n de la Expo Parques Industriales, que se concretar\u00e1 el pr\u00f3ximo a\u00f1o.<\/em><\/p>\n\n\n\n<p>El Parque Industrial, Log\u00edstico y Tecnol\u00f3gico Villa Mar\u00eda (PILT) recibi\u00f3 el certificado que acredita la medici\u00f3n de su huella de carbono, otorgado por la Secretar\u00eda de Cambio Clim\u00e1tico del Ministerio de Ambiente y Econom\u00eda Circular, conjuntamente con la Secretar\u00eda de Parques Industriales, dependiente del Ministerio de Producci\u00f3n, Ciencia e Innovaci\u00f3n Tecnol\u00f3gica de la Provincia de C\u00f3rdoba.<\/p>\n\n\n\n<p>La distinci\u00f3n corresponde a su inscripci\u00f3n en la secci\u00f3n \u201cPresentaci\u00f3n de C\u00e1lculo de Huella de Carbono y de Expectativas de Reducci\u00f3n y\/o Compensaci\u00f3n de Emisiones de Gases de Efecto Invernadero\u201d correspondiente al a\u00f1o 2023, instancia en la cual el PILT present\u00f3 el c\u00e1lculo de su huella de carbono. La entrega se llev\u00f3 a cabo durante el lanzamiento de la 3\u00aa Exposici\u00f3n de Parques Industriales, desarrollado en el auditorio del diario La Voz del Interior.<\/p>\n\n\n\n<p>Esta iniciativa \u2014pionera a nivel nacional\u2014 tuvo como objetivo medir la huella de carbono en los espacios comunes de ocho parques industriales de la provincia, entre ellos el PILT. El trabajo fue realizado junto al Consejo Federal de Inversiones (CFI) y un equipo t\u00e9cnico de la Universidad Nacional de C\u00f3rdoba, con el fin de obtener informaci\u00f3n precisa sobre las emisiones de gases de efecto invernadero (GEI) y dise\u00f1ar estrategias de mitigaci\u00f3n acordes a cada realidad territorial.<\/p>\n\n\n\n<p>El estudio permiti\u00f3 identificar las fuentes de emisi\u00f3n de GEI, cuantificar emisiones directas e indirectas mediante metodolog\u00edas internacionales adaptadas al contexto local, y dise\u00f1ar propuestas de mitigaci\u00f3n y compensaci\u00f3n a trav\u00e9s de acciones concretas y medibles. Asimismo, se elaboraron informes t\u00e9cnicos que acompa\u00f1ar\u00e1n la mejora continua en la gesti\u00f3n ambiental de cada parque.<\/p>\n\n\n\n<h3 class=\"wp-block-heading\"><a><\/a><strong>Expo Parques Industriales<\/strong><\/h3>\n\n\n\n<h3 class=\"wp-block-heading\"><a><\/a>El Gobierno de C\u00f3rdoba y La Voz del Interior realizaron la presentaci\u00f3n oficial de la Expo Parques Industriales C\u00f3rdoba 2026, que tendr\u00e1 lugar el 16 y 17 de septiembre del pr\u00f3ximo a\u00f1o en el nuevo auditorio Infinito Arena.<\/h3>\n\n\n\n<p>El evento, que contar\u00e1 con la participaci\u00f3n del Ente, busca consolidar a la provincia como un faro productivo del centro del pa\u00eds, reuniendo a parques industriales, empresas, desarrollistas e inversores en dos jornadas que combinar\u00e1n negocios, foros, disertaciones, networking y una amplia muestra con stands y propuestas innovadoras.<\/p>\n","protected":false},"excerpt":{"rendered":"<p>La entrega se realiz\u00f3 en el marco de la presentaci\u00f3n de la tercera edici\u00f3n de la Expo Parques Industriales, que se concretar\u00e1 el pr\u00f3ximo a\u00f1o. El Parque Industrial, Log\u00edstico y Tecnol\u00f3gico Villa Mar\u00eda (PILT) recibi\u00f3 el certificado que acredita la medici\u00f3n de su huella de carbono, otorgado por la Secretar\u00eda de Cambio Clim\u00e1tico del Ministerio [&hellip;]<\/p>\n","protected":false},"author":3,"featured_media":3890,"comment_status":"open","ping_status":"open","sticky":false,"template":"","format":"standard","meta":{"_jetpack_memberships_contains_paid_content":false,"footnotes":""},"categories":[2],"tags":[],"class_list":["post-3889","post","type-post","status-publish","format-standard","has-post-thumbnail","hentry","category-noticias"],"yoast_head":"<!-- This site is optimized with the Yoast SEO plugin v27.5 - https:\/\/yoast.com\/product\/yoast-seo-wordpress\/ -->\n<title>PILT RECIBI\u00d3 CERTIFICACI\u00d3N POR LA MEDICI\u00d3N DE SU HUELLA DE CARBONO - PILT.com.ar<\/title>\n<meta name=\"robots\" content=\"index, follow, max-snippet:-1, max-image-preview:large, max-video-preview:-1\" \/>\n<link rel=\"canonical\" href=\"https:\/\/pilt.com.ar\/parque-industrial\/pilt-recibio-certificacion-por-la-medicion-de-su-huella-de-carbono\/\" \/>\n<meta property=\"og:locale\" content=\"es_ES\" \/>\n<meta property=\"og:type\" content=\"article\" \/>\n<meta property=\"og:title\" content=\"PILT RECIBI\u00d3 CERTIFICACI\u00d3N POR LA MEDICI\u00d3N DE SU HUELLA DE CARBONO - PILT.com.ar\" \/>\n<meta property=\"og:description\" content=\"La entrega se realiz\u00f3 en el marco de la presentaci\u00f3n de la tercera edici\u00f3n de la Expo Parques Industriales, que se concretar\u00e1 el pr\u00f3ximo a\u00f1o. El Parque Industrial, Log\u00edstico y Tecnol\u00f3gico Villa Mar\u00eda (PILT) recibi\u00f3 el certificado que acredita la medici\u00f3n de su huella de carbono, otorgado por la Secretar\u00eda de Cambio Clim\u00e1tico del Ministerio [&hellip;]\" \/>\n<meta property=\"og:url\" content=\"https:\/\/pilt.com.ar\/parque-industrial\/pilt-recibio-certificacion-por-la-medicion-de-su-huella-de-carbono\/\" \/>\n<meta property=\"og:site_name\" content=\"PILT.com.ar\" \/>\n<meta property=\"article:published_time\" content=\"2025-11-28T18:28:52+00:00\" \/>\n<meta property=\"article:modified_time\" content=\"2025-11-28T18:28:53+00:00\" \/>\n<meta property=\"og:image\" content=\"https:\/\/i0.wp.com\/pilt.com.ar\/parque-industrial\/wp-content\/uploads\/2025\/11\/WhatsApp-Image-2025-11-28-at-10.09.43.jpeg?fit=1300%2C867&ssl=1\" \/>\n\t<meta property=\"og:image:width\" content=\"1300\" \/>\n\t<meta property=\"og:image:height\" content=\"867\" \/>\n\t<meta property=\"og:image:type\" content=\"image\/jpeg\" \/>\n<meta name=\"author\" content=\"PILT\" \/>\n<meta name=\"twitter:card\" content=\"summary_large_image\" \/>\n<meta name=\"twitter:label1\" content=\"Escrito por\" \/>\n\t<meta name=\"twitter:data1\" content=\"PILT\" \/>\n\t<meta name=\"twitter:label2\" content=\"Tiempo de lectura\" \/>\n\t<meta name=\"twitter:data2\" content=\"2 minutos\" \/>\n<script type=\"application\/ld+json\" class=\"yoast-schema-graph\">{\"@context\":\"https:\\\/\\\/schema.org\",\"@graph\":[{\"@type\":\"Article\",\"@id\":\"https:\\\/\\\/pilt.com.ar\\\/parque-industrial\\\/pilt-recibio-certificacion-por-la-medicion-de-su-huella-de-carbono\\\/#article\",\"isPartOf\":{\"@id\":\"https:\\\/\\\/pilt.com.ar\\\/parque-industrial\\\/pilt-recibio-certificacion-por-la-medicion-de-su-huella-de-carbono\\\/\"},\"author\":{\"name\":\"PILT\",\"@id\":\"https:\\\/\\\/pilt.com.ar\\\/parque-industrial\\\/#\\\/schema\\\/person\\\/2dfb9e2464de1c3deef20c25c30a8306\"},\"headline\":\"PILT RECIBI\u00d3 CERTIFICACI\u00d3N POR LA MEDICI\u00d3N DE SU HUELLA DE CARBONO\",\"datePublished\":\"2025-11-28T18:28:52+00:00\",\"dateModified\":\"2025-11-28T18:28:53+00:00\",\"mainEntityOfPage\":{\"@id\":\"https:\\\/\\\/pilt.com.ar\\\/parque-industrial\\\/pilt-recibio-certificacion-por-la-medicion-de-su-huella-de-carbono\\\/\"},\"wordCount\":431,\"commentCount\":0,\"image\":{\"@id\":\"https:\\\/\\\/pilt.com.ar\\\/parque-industrial\\\/pilt-recibio-certificacion-por-la-medicion-de-su-huella-de-carbono\\\/#primaryimage\"},\"thumbnailUrl\":\"https:\\\/\\\/i0.wp.com\\\/pilt.com.ar\\\/parque-industrial\\\/wp-content\\\/uploads\\\/2025\\\/11\\\/WhatsApp-Image-2025-11-28-at-10.09.43.jpeg?fit=1300%2C867&ssl=1\",\"articleSection\":[\"Noticias\"],\"inLanguage\":\"es\",\"potentialAction\":[{\"@type\":\"CommentAction\",\"name\":\"Comment\",\"target\":[\"https:\\\/\\\/pilt.com.ar\\\/parque-industrial\\\/pilt-recibio-certificacion-por-la-medicion-de-su-huella-de-carbono\\\/#respond\"]}]},{\"@type\":\"WebPage\",\"@id\":\"https:\\\/\\\/pilt.com.ar\\\/parque-industrial\\\/pilt-recibio-certificacion-por-la-medicion-de-su-huella-de-carbono\\\/\",\"url\":\"https:\\\/\\\/pilt.com.ar\\\/parque-industrial\\\/pilt-recibio-certificacion-por-la-medicion-de-su-huella-de-carbono\\\/\",\"name\":\"PILT RECIBI\u00d3 CERTIFICACI\u00d3N POR LA MEDICI\u00d3N DE SU HUELLA DE CARBONO - PILT.com.ar\",\"isPartOf\":{\"@id\":\"https:\\\/\\\/pilt.com.ar\\\/parque-industrial\\\/#website\"},\"primaryImageOfPage\":{\"@id\":\"https:\\\/\\\/pilt.com.ar\\\/parque-industrial\\\/pilt-recibio-certificacion-por-la-medicion-de-su-huella-de-carbono\\\/#primaryimage\"},\"image\":{\"@id\":\"https:\\\/\\\/pilt.com.ar\\\/parque-industrial\\\/pilt-recibio-certificacion-por-la-medicion-de-su-huella-de-carbono\\\/#primaryimage\"},\"thumbnailUrl\":\"https:\\\/\\\/i0.wp.com\\\/pilt.com.ar\\\/parque-industrial\\\/wp-content\\\/uploads\\\/2025\\\/11\\\/WhatsApp-Image-2025-11-28-at-10.09.43.jpeg?fit=1300%2C867&ssl=1\",\"datePublished\":\"2025-11-28T18:28:52+00:00\",\"dateModified\":\"2025-11-28T18:28:53+00:00\",\"author\":{\"@id\":\"https:\\\/\\\/pilt.com.ar\\\/parque-industrial\\\/#\\\/schema\\\/person\\\/2dfb9e2464de1c3deef20c25c30a8306\"},\"inLanguage\":\"es\",\"potentialAction\":[{\"@type\":\"ReadAction\",\"target\":[\"https:\\\/\\\/pilt.com.ar\\\/parque-industrial\\\/pilt-recibio-certificacion-por-la-medicion-de-su-huella-de-carbono\\\/\"]}]},{\"@type\":\"ImageObject\",\"inLanguage\":\"es\",\"@id\":\"https:\\\/\\\/pilt.com.ar\\\/parque-industrial\\\/pilt-recibio-certificacion-por-la-medicion-de-su-huella-de-carbono\\\/#primaryimage\",\"url\":\"https:\\\/\\\/i0.wp.com\\\/pilt.com.ar\\\/parque-industrial\\\/wp-content\\\/uploads\\\/2025\\\/11\\\/WhatsApp-Image-2025-11-28-at-10.09.43.jpeg?fit=1300%2C867&ssl=1\",\"contentUrl\":\"https:\\\/\\\/i0.wp.com\\\/pilt.com.ar\\\/parque-industrial\\\/wp-content\\\/uploads\\\/2025\\\/11\\\/WhatsApp-Image-2025-11-28-at-10.09.43.jpeg?fit=1300%2C867&ssl=1\",\"width\":1300,\"height\":867},{\"@type\":\"WebSite\",\"@id\":\"https:\\\/\\\/pilt.com.ar\\\/parque-industrial\\\/#website\",\"url\":\"https:\\\/\\\/pilt.com.ar\\\/parque-industrial\\\/\",\"name\":\"PILT.com.ar\",\"description\":\"Parque Industrial, Log\u00edstico y Tecnol\u00f3gico Villa Mar\u00eda\",\"potentialAction\":[{\"@type\":\"SearchAction\",\"target\":{\"@type\":\"EntryPoint\",\"urlTemplate\":\"https:\\\/\\\/pilt.com.ar\\\/parque-industrial\\\/?s={search_term_string}\"},\"query-input\":{\"@type\":\"PropertyValueSpecification\",\"valueRequired\":true,\"valueName\":\"search_term_string\"}}],\"inLanguage\":\"es\"},{\"@type\":\"Person\",\"@id\":\"https:\\\/\\\/pilt.com.ar\\\/parque-industrial\\\/#\\\/schema\\\/person\\\/2dfb9e2464de1c3deef20c25c30a8306\",\"name\":\"PILT\",\"image\":{\"@type\":\"ImageObject\",\"inLanguage\":\"es\",\"@id\":\"https:\\\/\\\/secure.gravatar.com\\\/avatar\\\/5e3734c8d8c8e0b0d45f923c14a14d7b90521d573d02f0d91360a777095ee42b?s=96&d=mm&r=g\",\"url\":\"https:\\\/\\\/secure.gravatar.com\\\/avatar\\\/5e3734c8d8c8e0b0d45f923c14a14d7b90521d573d02f0d91360a777095ee42b?s=96&d=mm&r=g\",\"contentUrl\":\"https:\\\/\\\/secure.gravatar.com\\\/avatar\\\/5e3734c8d8c8e0b0d45f923c14a14d7b90521d573d02f0d91360a777095ee42b?s=96&d=mm&r=g\",\"caption\":\"PILT\"},\"url\":\"https:\\\/\\\/pilt.com.ar\\\/parque-industrial\\\/author\\\/pilt\\\/\"}]}<\/script>\n<!-- \/ Yoast SEO plugin. -->","yoast_head_json":{"title":"PILT RECIBI\u00d3 CERTIFICACI\u00d3N POR LA MEDICI\u00d3N DE SU HUELLA DE CARBONO - PILT.com.ar","robots":{"index":"index","follow":"follow","max-snippet":"max-snippet:-1","max-image-preview":"max-image-preview:large","max-video-preview":"max-video-preview:-1"},"canonical":"https:\/\/pilt.com.ar\/parque-industrial\/pilt-recibio-certificacion-por-la-medicion-de-su-huella-de-carbono\/","og_locale":"es_ES","og_type":"article","og_title":"PILT RECIBI\u00d3 CERTIFICACI\u00d3N POR LA MEDICI\u00d3N DE SU HUELLA DE CARBONO - PILT.com.ar","og_description":"La entrega se realiz\u00f3 en el marco de la presentaci\u00f3n de la tercera edici\u00f3n de la Expo Parques Industriales, que se concretar\u00e1 el pr\u00f3ximo a\u00f1o. El Parque Industrial, Log\u00edstico y Tecnol\u00f3gico Villa Mar\u00eda (PILT) recibi\u00f3 el certificado que acredita la medici\u00f3n de su huella de carbono, otorgado por la Secretar\u00eda de Cambio Clim\u00e1tico del Ministerio [&hellip;]","og_url":"https:\/\/pilt.com.ar\/parque-industrial\/pilt-recibio-certificacion-por-la-medicion-de-su-huella-de-carbono\/","og_site_name":"PILT.com.ar","article_published_time":"2025-11-28T18:28:52+00:00","article_modified_time":"2025-11-28T18:28:53+00:00","og_image":[{"width":1300,"height":867,"url":"https:\/\/i0.wp.com\/pilt.com.ar\/parque-industrial\/wp-content\/uploads\/2025\/11\/WhatsApp-Image-2025-11-28-at-10.09.43.jpeg?fit=1300%2C867&ssl=1","type":"image\/jpeg"}],"author":"PILT","twitter_card":"summary_large_image","twitter_misc":{"Escrito por":"PILT","Tiempo de lectura":"2 minutos"},"schema":{"@context":"https:\/\/schema.org","@graph":[{"@type":"Article","@id":"https:\/\/pilt.com.ar\/parque-industrial\/pilt-recibio-certificacion-por-la-medicion-de-su-huella-de-carbono\/#article","isPartOf":{"@id":"https:\/\/pilt.com.ar\/parque-industrial\/pilt-recibio-certificacion-por-la-medicion-de-su-huella-de-carbono\/"},"author":{"name":"PILT","@id":"https:\/\/pilt.com.ar\/parque-industrial\/#\/schema\/person\/2dfb9e2464de1c3deef20c25c30a8306"},"headline":"PILT RECIBI\u00d3 CERTIFICACI\u00d3N POR LA MEDICI\u00d3N DE SU HUELLA DE CARBONO","datePublished":"2025-11-28T18:28:52+00:00","dateModified":"2025-11-28T18:28:53+00:00","mainEntityOfPage":{"@id":"https:\/\/pilt.com.ar\/parque-industrial\/pilt-recibio-certificacion-por-la-medicion-de-su-huella-de-carbono\/"},"wordCount":431,"commentCount":0,"image":{"@id":"https:\/\/pilt.com.ar\/parque-industrial\/pilt-recibio-certificacion-por-la-medicion-de-su-huella-de-carbono\/#primaryimage"},"thumbnailUrl":"https:\/\/i0.wp.com\/pilt.com.ar\/parque-industrial\/wp-content\/uploads\/2025\/11\/WhatsApp-Image-2025-11-28-at-10.09.43.jpeg?fit=1300%2C867&ssl=1","articleSection":["Noticias"],"inLanguage":"es","potentialAction":[{"@type":"CommentAction","name":"Comment","target":["https:\/\/pilt.com.ar\/parque-industrial\/pilt-recibio-certificacion-por-la-medicion-de-su-huella-de-carbono\/#respond"]}]},{"@type":"WebPage","@id":"https:\/\/pilt.com.ar\/parque-industrial\/pilt-recibio-certificacion-por-la-medicion-de-su-huella-de-carbono\/","url":"https:\/\/pilt.com.ar\/parque-industrial\/pilt-recibio-certificacion-por-la-medicion-de-su-huella-de-carbono\/","name":"PILT RECIBI\u00d3 CERTIFICACI\u00d3N POR LA MEDICI\u00d3N DE SU HUELLA DE CARBONO - PILT.com.ar","isPartOf":{"@id":"https:\/\/pilt.com.ar\/parque-industrial\/#website"},"primaryImageOfPage":{"@id":"https:\/\/pilt.com.ar\/parque-industrial\/pilt-recibio-certificacion-por-la-medicion-de-su-huella-de-carbono\/#primaryimage"},"image":{"@id":"https:\/\/pilt.com.ar\/parque-industrial\/pilt-recibio-certificacion-por-la-medicion-de-su-huella-de-carbono\/#primaryimage"},"thumbnailUrl":"https:\/\/i0.wp.com\/pilt.com.ar\/parque-industrial\/wp-content\/uploads\/2025\/11\/WhatsApp-Image-2025-11-28-at-10.09.43.jpeg?fit=1300%2C867&ssl=1","datePublished":"2025-11-28T18:28:52+00:00","dateModified":"2025-11-28T18:28:53+00:00","author":{"@id":"https:\/\/pilt.com.ar\/parque-industrial\/#\/schema\/person\/2dfb9e2464de1c3deef20c25c30a8306"},"inLanguage":"es","potentialAction":[{"@type":"ReadAction","target":["https:\/\/pilt.com.ar\/parque-industrial\/pilt-recibio-certificacion-por-la-medicion-de-su-huella-de-carbono\/"]}]},{"@type":"ImageObject","inLanguage":"es","@id":"https:\/\/pilt.com.ar\/parque-industrial\/pilt-recibio-certificacion-por-la-medicion-de-su-huella-de-carbono\/#primaryimage","url":"https:\/\/i0.wp.com\/pilt.com.ar\/parque-industrial\/wp-content\/uploads\/2025\/11\/WhatsApp-Image-2025-11-28-at-10.09.43.jpeg?fit=1300%2C867&ssl=1","contentUrl":"https:\/\/i0.wp.com\/pilt.com.ar\/parque-industrial\/wp-content\/uploads\/2025\/11\/WhatsApp-Image-2025-11-28-at-10.09.43.jpeg?fit=1300%2C867&ssl=1","width":1300,"height":867},{"@type":"WebSite","@id":"https:\/\/pilt.com.ar\/parque-industrial\/#website","url":"https:\/\/pilt.com.ar\/parque-industrial\/","name":"PILT.com.ar","description":"Parque Industrial, Log\u00edstico y Tecnol\u00f3gico Villa Mar\u00eda","potentialAction":[{"@type":"SearchAction","target":{"@type":"EntryPoint","urlTemplate":"https:\/\/pilt.com.ar\/parque-industrial\/?s={search_term_string}"},"query-input":{"@type":"PropertyValueSpecification","valueRequired":true,"valueName":"search_term_string"}}],"inLanguage":"es"},{"@type":"Person","@id":"https:\/\/pilt.com.ar\/parque-industrial\/#\/schema\/person\/2dfb9e2464de1c3deef20c25c30a8306","name":"PILT","image":{"@type":"ImageObject","inLanguage":"es","@id":"https:\/\/secure.gravatar.com\/avatar\/5e3734c8d8c8e0b0d45f923c14a14d7b90521d573d02f0d91360a777095ee42b?s=96&d=mm&r=g","url":"https:\/\/secure.gravatar.com\/avatar\/5e3734c8d8c8e0b0d45f923c14a14d7b90521d573d02f0d91360a777095ee42b?s=96&d=mm&r=g","contentUrl":"https:\/\/secure.gravatar.com\/avatar\/5e3734c8d8c8e0b0d45f923c14a14d7b90521d573d02f0d91360a777095ee42b?s=96&d=mm&r=g","caption":"PILT"},"url":"https:\/\/pilt.com.ar\/parque-industrial\/author\/pilt\/"}]}},"jetpack_featured_media_url":"https:\/\/i0.wp.com\/pilt.com.ar\/parque-industrial\/wp-content\/uploads\/2025\/11\/WhatsApp-Image-2025-11-28-at-10.09.43.jpeg?fit=1300%2C867&ssl=1","jetpack_sharing_enabled":true,"_links":{"self":[{"href":"https:\/\/pilt.com.ar\/parque-industrial\/wp-json\/wp\/v2\/posts\/3889","targetHints":{"allow":["GET"]}}],"collection":[{"href":"https:\/\/pilt.com.ar\/parque-industrial\/wp-json\/wp\/v2\/posts"}],"about":[{"href":"https:\/\/pilt.com.ar\/parque-industrial\/wp-json\/wp\/v2\/types\/post"}],"author":[{"embeddable":true,"href":"https:\/\/pilt.com.ar\/parque-industrial\/wp-json\/wp\/v2\/users\/3"}],"replies":[{"embeddable":true,"href":"https:\/\/pilt.com.ar\/parque-industrial\/wp-json\/wp\/v2\/comments?post=3889"}],"version-history":[{"count":1,"href":"https:\/\/pilt.com.ar\/parque-industrial\/wp-json\/wp\/v2\/posts\/3889\/revisions"}],"predecessor-version":[{"id":3891,"href":"https:\/\/pilt.com.ar\/parque-industrial\/wp-json\/wp\/v2\/posts\/3889\/revisions\/3891"}],"wp:featuredmedia":[{"embeddable":true,"href":"https:\/\/pilt.com.ar\/parque-industrial\/wp-json\/wp\/v2\/media\/3890"}],"wp:attachment":[{"href":"https:\/\/pilt.com.ar\/parque-industrial\/wp-json\/wp\/v2\/media?parent=3889"}],"wp:term":[{"taxonomy":"category","embeddable":true,"href":"https:\/\/pilt.com.ar\/parque-industrial\/wp-json\/wp\/v2\/categories?post=3889"},{"taxonomy":"post_tag","embeddable":true,"href":"https:\/\/pilt.com.ar\/parque-industrial\/wp-json\/wp\/v2\/tags?post=3889"}],"curies":[{"name":"wp","href":"https:\/\/api.w.org\/{rel}","templated":true}]}}