{"id":3825,"date":"2025-09-12T11:17:11","date_gmt":"2025-09-12T14:17:11","guid":{"rendered":"https:\/\/pilt.com.ar\/parque-industrial\/?p=3825"},"modified":"2025-09-12T11:17:13","modified_gmt":"2025-09-12T14:17:13","slug":"el-pilt-formo-parte-de-somos-industria-2025","status":"publish","type":"post","link":"https:\/\/pilt.com.ar\/parque-industrial\/el-pilt-formo-parte-de-somos-industria-2025\/","title":{"rendered":"EL PILT FORM\u00d3 PARTE DE \u201cSOMOS INDUSTRIA 2025\u201d"},"content":{"rendered":"\n<p><em>El evento, que reuni\u00f3 a empresarios, funcionarios y especialistas en temas vinculados a los predios fabriles, se concret\u00f3 en el Centro Costa Salguero de CABA.<\/em><\/p>\n\n\n\n<p>El Lic. Carlos Montoto Galiano, gerente del Parque Industrial, Log\u00edstico y Tecnol\u00f3gico Villa Mar\u00eda (PILT), particip\u00f3 recientemente del encuentro denominado \u201cSomos Industria 2025\u201d, organizado por la Uni\u00f3n Industrial de la Provincia de Buenos Aires (UIPBA) junto a RedPARQUES.<\/p>\n\n\n\n<p>En la oportunidad, en el Centro Costa Salguero se analizaron distintos aspectos que tienen que ver con el desarrollo de los parques industriales, espacios que van creciendo en todo el pa\u00eds para impulsar al sector, adem\u00e1s de acompa\u00f1ar y ordenar el desarrollo territorial de las ciudades. Vale mencionar que el Ministerio de Producci\u00f3n, Ciencia e Innovaci\u00f3n Tecnol\u00f3gica de la Provincia mont\u00f3 un stand en el lugar, al que tambi\u00e9n visit\u00f3 el secretario de Parques Industriales, Alvaro Garc\u00eda Defilippi.<\/p>\n\n\n\n<p>Cabe destacar que en la oportunidad la organizaci\u00f3n mont\u00f3 dos auditorios, en donde se pusieron en valor diversas tem\u00e1ticas, como eficiencia energ\u00e9tica, tecnolog\u00eda aplicada a los agrupamientos industriales, infraestructura, planificaci\u00f3n y sostenibilidad, entre otros. Asimismo, el evento cont\u00f3 con destacados oradores, entre ellos representantes del Banco Interamericano de Desarrollo (BID), del Instituto de Tecnolog\u00eda Industrial (INTI) y empresas desarrolladoras.<\/p>\n","protected":false},"excerpt":{"rendered":"<p>El evento, que reuni\u00f3 a empresarios, funcionarios y especialistas en temas vinculados a los predios fabriles, se concret\u00f3 en el Centro Costa Salguero de CABA. El Lic. Carlos Montoto Galiano, gerente del Parque Industrial, Log\u00edstico y Tecnol\u00f3gico Villa Mar\u00eda (PILT), particip\u00f3 recientemente del encuentro denominado \u201cSomos Industria 2025\u201d, organizado por la Uni\u00f3n Industrial de la [&hellip;]<\/p>\n","protected":false},"author":3,"featured_media":3826,"comment_status":"open","ping_status":"open","sticky":false,"template":"","format":"standard","meta":{"_jetpack_memberships_contains_paid_content":false,"footnotes":""},"categories":[2],"tags":[],"class_list":["post-3825","post","type-post","status-publish","format-standard","has-post-thumbnail","hentry","category-noticias"],"yoast_head":"<!-- This site is optimized with the Yoast SEO plugin v27.5 - https:\/\/yoast.com\/product\/yoast-seo-wordpress\/ -->\n<title>EL PILT FORM\u00d3 PARTE DE \u201cSOMOS INDUSTRIA 2025\u201d - PILT.com.ar<\/title>\n<meta name=\"robots\" content=\"index, follow, max-snippet:-1, max-image-preview:large, max-video-preview:-1\" \/>\n<link rel=\"canonical\" href=\"https:\/\/pilt.com.ar\/parque-industrial\/el-pilt-formo-parte-de-somos-industria-2025\/\" \/>\n<meta property=\"og:locale\" content=\"es_ES\" \/>\n<meta property=\"og:type\" content=\"article\" \/>\n<meta property=\"og:title\" content=\"EL PILT FORM\u00d3 PARTE DE \u201cSOMOS INDUSTRIA 2025\u201d - PILT.com.ar\" \/>\n<meta property=\"og:description\" content=\"El evento, que reuni\u00f3 a empresarios, funcionarios y especialistas en temas vinculados a los predios fabriles, se concret\u00f3 en el Centro Costa Salguero de CABA. El Lic. Carlos Montoto Galiano, gerente del Parque Industrial, Log\u00edstico y Tecnol\u00f3gico Villa Mar\u00eda (PILT), particip\u00f3 recientemente del encuentro denominado \u201cSomos Industria 2025\u201d, organizado por la Uni\u00f3n Industrial de la [&hellip;]\" \/>\n<meta property=\"og:url\" content=\"https:\/\/pilt.com.ar\/parque-industrial\/el-pilt-formo-parte-de-somos-industria-2025\/\" \/>\n<meta property=\"og:site_name\" content=\"PILT.com.ar\" \/>\n<meta property=\"article:published_time\" content=\"2025-09-12T14:17:11+00:00\" \/>\n<meta property=\"article:modified_time\" content=\"2025-09-12T14:17:13+00:00\" \/>\n<meta property=\"og:image\" content=\"https:\/\/i0.wp.com\/pilt.com.ar\/parque-industrial\/wp-content\/uploads\/2025\/09\/Somos-Industria.jpeg.jpg?fit=950%2C776&ssl=1\" \/>\n\t<meta property=\"og:image:width\" content=\"950\" \/>\n\t<meta property=\"og:image:height\" content=\"776\" \/>\n\t<meta property=\"og:image:type\" content=\"image\/jpeg\" \/>\n<meta name=\"author\" content=\"PILT\" \/>\n<meta name=\"twitter:card\" content=\"summary_large_image\" \/>\n<meta name=\"twitter:label1\" content=\"Escrito por\" \/>\n\t<meta name=\"twitter:data1\" content=\"PILT\" \/>\n\t<meta name=\"twitter:label2\" content=\"Tiempo de lectura\" \/>\n\t<meta name=\"twitter:data2\" content=\"2 minutos\" \/>\n<script type=\"application\/ld+json\" class=\"yoast-schema-graph\">{\"@context\":\"https:\\\/\\\/schema.org\",\"@graph\":[{\"@type\":\"Article\",\"@id\":\"https:\\\/\\\/pilt.com.ar\\\/parque-industrial\\\/el-pilt-formo-parte-de-somos-industria-2025\\\/#article\",\"isPartOf\":{\"@id\":\"https:\\\/\\\/pilt.com.ar\\\/parque-industrial\\\/el-pilt-formo-parte-de-somos-industria-2025\\\/\"},\"author\":{\"name\":\"PILT\",\"@id\":\"https:\\\/\\\/pilt.com.ar\\\/parque-industrial\\\/#\\\/schema\\\/person\\\/2dfb9e2464de1c3deef20c25c30a8306\"},\"headline\":\"EL PILT FORM\u00d3 PARTE DE \u201cSOMOS INDUSTRIA 2025\u201d\",\"datePublished\":\"2025-09-12T14:17:11+00:00\",\"dateModified\":\"2025-09-12T14:17:13+00:00\",\"mainEntityOfPage\":{\"@id\":\"https:\\\/\\\/pilt.com.ar\\\/parque-industrial\\\/el-pilt-formo-parte-de-somos-industria-2025\\\/\"},\"wordCount\":224,\"commentCount\":0,\"image\":{\"@id\":\"https:\\\/\\\/pilt.com.ar\\\/parque-industrial\\\/el-pilt-formo-parte-de-somos-industria-2025\\\/#primaryimage\"},\"thumbnailUrl\":\"https:\\\/\\\/i0.wp.com\\\/pilt.com.ar\\\/parque-industrial\\\/wp-content\\\/uploads\\\/2025\\\/09\\\/Somos-Industria.jpeg.jpg?fit=950%2C776&ssl=1\",\"articleSection\":[\"Noticias\"],\"inLanguage\":\"es\",\"potentialAction\":[{\"@type\":\"CommentAction\",\"name\":\"Comment\",\"target\":[\"https:\\\/\\\/pilt.com.ar\\\/parque-industrial\\\/el-pilt-formo-parte-de-somos-industria-2025\\\/#respond\"]}]},{\"@type\":\"WebPage\",\"@id\":\"https:\\\/\\\/pilt.com.ar\\\/parque-industrial\\\/el-pilt-formo-parte-de-somos-industria-2025\\\/\",\"url\":\"https:\\\/\\\/pilt.com.ar\\\/parque-industrial\\\/el-pilt-formo-parte-de-somos-industria-2025\\\/\",\"name\":\"EL PILT FORM\u00d3 PARTE DE \u201cSOMOS INDUSTRIA 2025\u201d - PILT.com.ar\",\"isPartOf\":{\"@id\":\"https:\\\/\\\/pilt.com.ar\\\/parque-industrial\\\/#website\"},\"primaryImageOfPage\":{\"@id\":\"https:\\\/\\\/pilt.com.ar\\\/parque-industrial\\\/el-pilt-formo-parte-de-somos-industria-2025\\\/#primaryimage\"},\"image\":{\"@id\":\"https:\\\/\\\/pilt.com.ar\\\/parque-industrial\\\/el-pilt-formo-parte-de-somos-industria-2025\\\/#primaryimage\"},\"thumbnailUrl\":\"https:\\\/\\\/i0.wp.com\\\/pilt.com.ar\\\/parque-industrial\\\/wp-content\\\/uploads\\\/2025\\\/09\\\/Somos-Industria.jpeg.jpg?fit=950%2C776&ssl=1\",\"datePublished\":\"2025-09-12T14:17:11+00:00\",\"dateModified\":\"2025-09-12T14:17:13+00:00\",\"author\":{\"@id\":\"https:\\\/\\\/pilt.com.ar\\\/parque-industrial\\\/#\\\/schema\\\/person\\\/2dfb9e2464de1c3deef20c25c30a8306\"},\"inLanguage\":\"es\",\"potentialAction\":[{\"@type\":\"ReadAction\",\"target\":[\"https:\\\/\\\/pilt.com.ar\\\/parque-industrial\\\/el-pilt-formo-parte-de-somos-industria-2025\\\/\"]}]},{\"@type\":\"ImageObject\",\"inLanguage\":\"es\",\"@id\":\"https:\\\/\\\/pilt.com.ar\\\/parque-industrial\\\/el-pilt-formo-parte-de-somos-industria-2025\\\/#primaryimage\",\"url\":\"https:\\\/\\\/i0.wp.com\\\/pilt.com.ar\\\/parque-industrial\\\/wp-content\\\/uploads\\\/2025\\\/09\\\/Somos-Industria.jpeg.jpg?fit=950%2C776&ssl=1\",\"contentUrl\":\"https:\\\/\\\/i0.wp.com\\\/pilt.com.ar\\\/parque-industrial\\\/wp-content\\\/uploads\\\/2025\\\/09\\\/Somos-Industria.jpeg.jpg?fit=950%2C776&ssl=1\",\"width\":950,\"height\":776},{\"@type\":\"WebSite\",\"@id\":\"https:\\\/\\\/pilt.com.ar\\\/parque-industrial\\\/#website\",\"url\":\"https:\\\/\\\/pilt.com.ar\\\/parque-industrial\\\/\",\"name\":\"PILT.com.ar\",\"description\":\"Parque Industrial, Log\u00edstico y Tecnol\u00f3gico Villa Mar\u00eda\",\"potentialAction\":[{\"@type\":\"SearchAction\",\"target\":{\"@type\":\"EntryPoint\",\"urlTemplate\":\"https:\\\/\\\/pilt.com.ar\\\/parque-industrial\\\/?s={search_term_string}\"},\"query-input\":{\"@type\":\"PropertyValueSpecification\",\"valueRequired\":true,\"valueName\":\"search_term_string\"}}],\"inLanguage\":\"es\"},{\"@type\":\"Person\",\"@id\":\"https:\\\/\\\/pilt.com.ar\\\/parque-industrial\\\/#\\\/schema\\\/person\\\/2dfb9e2464de1c3deef20c25c30a8306\",\"name\":\"PILT\",\"image\":{\"@type\":\"ImageObject\",\"inLanguage\":\"es\",\"@id\":\"https:\\\/\\\/secure.gravatar.com\\\/avatar\\\/5e3734c8d8c8e0b0d45f923c14a14d7b90521d573d02f0d91360a777095ee42b?s=96&d=mm&r=g\",\"url\":\"https:\\\/\\\/secure.gravatar.com\\\/avatar\\\/5e3734c8d8c8e0b0d45f923c14a14d7b90521d573d02f0d91360a777095ee42b?s=96&d=mm&r=g\",\"contentUrl\":\"https:\\\/\\\/secure.gravatar.com\\\/avatar\\\/5e3734c8d8c8e0b0d45f923c14a14d7b90521d573d02f0d91360a777095ee42b?s=96&d=mm&r=g\",\"caption\":\"PILT\"},\"url\":\"https:\\\/\\\/pilt.com.ar\\\/parque-industrial\\\/author\\\/pilt\\\/\"}]}<\/script>\n<!-- \/ Yoast SEO plugin. -->","yoast_head_json":{"title":"EL PILT FORM\u00d3 PARTE DE \u201cSOMOS INDUSTRIA 2025\u201d - PILT.com.ar","robots":{"index":"index","follow":"follow","max-snippet":"max-snippet:-1","max-image-preview":"max-image-preview:large","max-video-preview":"max-video-preview:-1"},"canonical":"https:\/\/pilt.com.ar\/parque-industrial\/el-pilt-formo-parte-de-somos-industria-2025\/","og_locale":"es_ES","og_type":"article","og_title":"EL PILT FORM\u00d3 PARTE DE \u201cSOMOS INDUSTRIA 2025\u201d - PILT.com.ar","og_description":"El evento, que reuni\u00f3 a empresarios, funcionarios y especialistas en temas vinculados a los predios fabriles, se concret\u00f3 en el Centro Costa Salguero de CABA. El Lic. Carlos Montoto Galiano, gerente del Parque Industrial, Log\u00edstico y Tecnol\u00f3gico Villa Mar\u00eda (PILT), particip\u00f3 recientemente del encuentro denominado \u201cSomos Industria 2025\u201d, organizado por la Uni\u00f3n Industrial de la [&hellip;]","og_url":"https:\/\/pilt.com.ar\/parque-industrial\/el-pilt-formo-parte-de-somos-industria-2025\/","og_site_name":"PILT.com.ar","article_published_time":"2025-09-12T14:17:11+00:00","article_modified_time":"2025-09-12T14:17:13+00:00","og_image":[{"width":950,"height":776,"url":"https:\/\/i0.wp.com\/pilt.com.ar\/parque-industrial\/wp-content\/uploads\/2025\/09\/Somos-Industria.jpeg.jpg?fit=950%2C776&ssl=1","type":"image\/jpeg"}],"author":"PILT","twitter_card":"summary_large_image","twitter_misc":{"Escrito por":"PILT","Tiempo de lectura":"2 minutos"},"schema":{"@context":"https:\/\/schema.org","@graph":[{"@type":"Article","@id":"https:\/\/pilt.com.ar\/parque-industrial\/el-pilt-formo-parte-de-somos-industria-2025\/#article","isPartOf":{"@id":"https:\/\/pilt.com.ar\/parque-industrial\/el-pilt-formo-parte-de-somos-industria-2025\/"},"author":{"name":"PILT","@id":"https:\/\/pilt.com.ar\/parque-industrial\/#\/schema\/person\/2dfb9e2464de1c3deef20c25c30a8306"},"headline":"EL PILT FORM\u00d3 PARTE DE \u201cSOMOS INDUSTRIA 2025\u201d","datePublished":"2025-09-12T14:17:11+00:00","dateModified":"2025-09-12T14:17:13+00:00","mainEntityOfPage":{"@id":"https:\/\/pilt.com.ar\/parque-industrial\/el-pilt-formo-parte-de-somos-industria-2025\/"},"wordCount":224,"commentCount":0,"image":{"@id":"https:\/\/pilt.com.ar\/parque-industrial\/el-pilt-formo-parte-de-somos-industria-2025\/#primaryimage"},"thumbnailUrl":"https:\/\/i0.wp.com\/pilt.com.ar\/parque-industrial\/wp-content\/uploads\/2025\/09\/Somos-Industria.jpeg.jpg?fit=950%2C776&ssl=1","articleSection":["Noticias"],"inLanguage":"es","potentialAction":[{"@type":"CommentAction","name":"Comment","target":["https:\/\/pilt.com.ar\/parque-industrial\/el-pilt-formo-parte-de-somos-industria-2025\/#respond"]}]},{"@type":"WebPage","@id":"https:\/\/pilt.com.ar\/parque-industrial\/el-pilt-formo-parte-de-somos-industria-2025\/","url":"https:\/\/pilt.com.ar\/parque-industrial\/el-pilt-formo-parte-de-somos-industria-2025\/","name":"EL PILT FORM\u00d3 PARTE DE \u201cSOMOS INDUSTRIA 2025\u201d - PILT.com.ar","isPartOf":{"@id":"https:\/\/pilt.com.ar\/parque-industrial\/#website"},"primaryImageOfPage":{"@id":"https:\/\/pilt.com.ar\/parque-industrial\/el-pilt-formo-parte-de-somos-industria-2025\/#primaryimage"},"image":{"@id":"https:\/\/pilt.com.ar\/parque-industrial\/el-pilt-formo-parte-de-somos-industria-2025\/#primaryimage"},"thumbnailUrl":"https:\/\/i0.wp.com\/pilt.com.ar\/parque-industrial\/wp-content\/uploads\/2025\/09\/Somos-Industria.jpeg.jpg?fit=950%2C776&ssl=1","datePublished":"2025-09-12T14:17:11+00:00","dateModified":"2025-09-12T14:17:13+00:00","author":{"@id":"https:\/\/pilt.com.ar\/parque-industrial\/#\/schema\/person\/2dfb9e2464de1c3deef20c25c30a8306"},"inLanguage":"es","potentialAction":[{"@type":"ReadAction","target":["https:\/\/pilt.com.ar\/parque-industrial\/el-pilt-formo-parte-de-somos-industria-2025\/"]}]},{"@type":"ImageObject","inLanguage":"es","@id":"https:\/\/pilt.com.ar\/parque-industrial\/el-pilt-formo-parte-de-somos-industria-2025\/#primaryimage","url":"https:\/\/i0.wp.com\/pilt.com.ar\/parque-industrial\/wp-content\/uploads\/2025\/09\/Somos-Industria.jpeg.jpg?fit=950%2C776&ssl=1","contentUrl":"https:\/\/i0.wp.com\/pilt.com.ar\/parque-industrial\/wp-content\/uploads\/2025\/09\/Somos-Industria.jpeg.jpg?fit=950%2C776&ssl=1","width":950,"height":776},{"@type":"WebSite","@id":"https:\/\/pilt.com.ar\/parque-industrial\/#website","url":"https:\/\/pilt.com.ar\/parque-industrial\/","name":"PILT.com.ar","description":"Parque Industrial, Log\u00edstico y Tecnol\u00f3gico Villa Mar\u00eda","potentialAction":[{"@type":"SearchAction","target":{"@type":"EntryPoint","urlTemplate":"https:\/\/pilt.com.ar\/parque-industrial\/?s={search_term_string}"},"query-input":{"@type":"PropertyValueSpecification","valueRequired":true,"valueName":"search_term_string"}}],"inLanguage":"es"},{"@type":"Person","@id":"https:\/\/pilt.com.ar\/parque-industrial\/#\/schema\/person\/2dfb9e2464de1c3deef20c25c30a8306","name":"PILT","image":{"@type":"ImageObject","inLanguage":"es","@id":"https:\/\/secure.gravatar.com\/avatar\/5e3734c8d8c8e0b0d45f923c14a14d7b90521d573d02f0d91360a777095ee42b?s=96&d=mm&r=g","url":"https:\/\/secure.gravatar.com\/avatar\/5e3734c8d8c8e0b0d45f923c14a14d7b90521d573d02f0d91360a777095ee42b?s=96&d=mm&r=g","contentUrl":"https:\/\/secure.gravatar.com\/avatar\/5e3734c8d8c8e0b0d45f923c14a14d7b90521d573d02f0d91360a777095ee42b?s=96&d=mm&r=g","caption":"PILT"},"url":"https:\/\/pilt.com.ar\/parque-industrial\/author\/pilt\/"}]}},"jetpack_featured_media_url":"https:\/\/i0.wp.com\/pilt.com.ar\/parque-industrial\/wp-content\/uploads\/2025\/09\/Somos-Industria.jpeg.jpg?fit=950%2C776&ssl=1","jetpack_sharing_enabled":true,"_links":{"self":[{"href":"https:\/\/pilt.com.ar\/parque-industrial\/wp-json\/wp\/v2\/posts\/3825","targetHints":{"allow":["GET"]}}],"collection":[{"href":"https:\/\/pilt.com.ar\/parque-industrial\/wp-json\/wp\/v2\/posts"}],"about":[{"href":"https:\/\/pilt.com.ar\/parque-industrial\/wp-json\/wp\/v2\/types\/post"}],"author":[{"embeddable":true,"href":"https:\/\/pilt.com.ar\/parque-industrial\/wp-json\/wp\/v2\/users\/3"}],"replies":[{"embeddable":true,"href":"https:\/\/pilt.com.ar\/parque-industrial\/wp-json\/wp\/v2\/comments?post=3825"}],"version-history":[{"count":1,"href":"https:\/\/pilt.com.ar\/parque-industrial\/wp-json\/wp\/v2\/posts\/3825\/revisions"}],"predecessor-version":[{"id":3827,"href":"https:\/\/pilt.com.ar\/parque-industrial\/wp-json\/wp\/v2\/posts\/3825\/revisions\/3827"}],"wp:featuredmedia":[{"embeddable":true,"href":"https:\/\/pilt.com.ar\/parque-industrial\/wp-json\/wp\/v2\/media\/3826"}],"wp:attachment":[{"href":"https:\/\/pilt.com.ar\/parque-industrial\/wp-json\/wp\/v2\/media?parent=3825"}],"wp:term":[{"taxonomy":"category","embeddable":true,"href":"https:\/\/pilt.com.ar\/parque-industrial\/wp-json\/wp\/v2\/categories?post=3825"},{"taxonomy":"post_tag","embeddable":true,"href":"https:\/\/pilt.com.ar\/parque-industrial\/wp-json\/wp\/v2\/tags?post=3825"}],"curies":[{"name":"wp","href":"https:\/\/api.w.org\/{rel}","templated":true}]}}