{"id":3822,"date":"2025-09-05T14:37:51","date_gmt":"2025-09-05T17:37:51","guid":{"rendered":"https:\/\/pilt.com.ar\/parque-industrial\/?p=3822"},"modified":"2025-09-05T14:37:52","modified_gmt":"2025-09-05T17:37:52","slug":"el-pilt-presente-en-el-coloquio-de-la-uic-2","status":"publish","type":"post","link":"https:\/\/pilt.com.ar\/parque-industrial\/el-pilt-presente-en-el-coloquio-de-la-uic-2\/","title":{"rendered":"EL PILT, PRESENTE EN EL COLOQUIO DE LA UIC"},"content":{"rendered":"\n<p class=\"has-text-align-center\"><em>Autoridades del Ente estuvieron en el encuentro realizado en la Capital provincial junto a miembros de la Asociaci\u00f3n de Empresarios Regi\u00f3n Centro Argentino (AERCA).<\/em><\/p>\n\n\n\n<p>El presidente del Parque Industrial, Log\u00edstico y Tecnol\u00f3gico Villa Mar\u00eda (PILT), Ing. Carlos Pizzorno, junto al gerente, Lic. Carlos Montoto Galiano, participaron recientemente de la 17\u00b0 Edici\u00f3n del Coloquio de la Uni\u00f3n Industrial de C\u00f3rdoba (UIC), que se concret\u00f3 en el D\u00eda de la Industria bajo el lema \u201cCompetir, invertir, integrar\u201d.<\/p>\n\n\n\n<p>El encuentro reuni\u00f3 a m\u00e1s de 900 dirigentes, empresarios y representantes sectoriales en el Centro de Convenciones C\u00f3rdoba, en donde referentes nacionales y provinciales coincidieron en la necesidad de generar consensos pol\u00edticos, reformas estructurales y una agenda com\u00fan para potenciar la competitividad y el desarrollo productivo del pa\u00eds.<\/p>\n\n\n\n<p>Cabe se\u00f1alar que en la apertura del Coloquio, el presidente de la UIC, Luis Macario, y el presidente de la UIA, Mart\u00edn Rappallini, delinearon los desaf\u00edos del sector; mientras que el jefe de Gabinete de la Naci\u00f3n, Guillermo Francos, reafirm\u00f3 el rumbo econ\u00f3mico del Gobierno nacional, y el Gobernador de la provincia de C\u00f3rdoba, Martin Llaryora<strong>, <\/strong>defendi\u00f3 a la industria como base del progreso.<\/p>\n\n\n\n<p>Tambi\u00e9n disertaron en el encuentro, que fue seguido de cerca por los representantes locales, economistas, especialistas en diversas tem\u00e1ticas vinculadas al sector, periodistas y dirigentes pol\u00edticos y sectoriales.<\/p>\n\n\n\n<p><strong>Participaci\u00f3n en MECA 2025<\/strong><\/p>\n\n\n\n<p>Por otra parte, el PILT forma parte de la Mega Exposici\u00f3n del Centro Argentino (MECA), que se realiza en la Sociedad Rural de Villa Mar\u00eda, organizada por esa entidad y el Grupo TodoAgro.<\/p>\n\n\n\n<p>All\u00ed, el Ente mont\u00f3 un stand en el sector institucional, en donde se explica a los interesados las actividades que lleva adelante para impulsar el desarrollo industrial regional, a la vez de presentar las caracter\u00edsticas e infraestructura que dispone en predio para potenciar a las empresas que lo conforman.<\/p>\n","protected":false},"excerpt":{"rendered":"<p>Autoridades del Ente estuvieron en el encuentro realizado en la Capital provincial junto a miembros de la Asociaci\u00f3n de Empresarios Regi\u00f3n Centro Argentino (AERCA). El presidente del Parque Industrial, Log\u00edstico y Tecnol\u00f3gico Villa Mar\u00eda (PILT), Ing. Carlos Pizzorno, junto al gerente, Lic. Carlos Montoto Galiano, participaron recientemente de la 17\u00b0 Edici\u00f3n del Coloquio de la [&hellip;]<\/p>\n","protected":false},"author":3,"featured_media":3823,"comment_status":"open","ping_status":"open","sticky":false,"template":"","format":"standard","meta":{"_jetpack_memberships_contains_paid_content":false,"footnotes":""},"categories":[2],"tags":[],"class_list":["post-3822","post","type-post","status-publish","format-standard","has-post-thumbnail","hentry","category-noticias"],"yoast_head":"<!-- This site is optimized with the Yoast SEO plugin v27.5 - https:\/\/yoast.com\/product\/yoast-seo-wordpress\/ -->\n<title>EL PILT, PRESENTE EN EL COLOQUIO DE LA UIC - PILT.com.ar<\/title>\n<meta name=\"robots\" content=\"index, follow, max-snippet:-1, max-image-preview:large, max-video-preview:-1\" \/>\n<link rel=\"canonical\" href=\"https:\/\/pilt.com.ar\/parque-industrial\/el-pilt-presente-en-el-coloquio-de-la-uic-2\/\" \/>\n<meta property=\"og:locale\" content=\"es_ES\" \/>\n<meta property=\"og:type\" content=\"article\" \/>\n<meta property=\"og:title\" content=\"EL PILT, PRESENTE EN EL COLOQUIO DE LA UIC - PILT.com.ar\" \/>\n<meta property=\"og:description\" content=\"Autoridades del Ente estuvieron en el encuentro realizado en la Capital provincial junto a miembros de la Asociaci\u00f3n de Empresarios Regi\u00f3n Centro Argentino (AERCA). El presidente del Parque Industrial, Log\u00edstico y Tecnol\u00f3gico Villa Mar\u00eda (PILT), Ing. Carlos Pizzorno, junto al gerente, Lic. Carlos Montoto Galiano, participaron recientemente de la 17\u00b0 Edici\u00f3n del Coloquio de la [&hellip;]\" \/>\n<meta property=\"og:url\" content=\"https:\/\/pilt.com.ar\/parque-industrial\/el-pilt-presente-en-el-coloquio-de-la-uic-2\/\" \/>\n<meta property=\"og:site_name\" content=\"PILT.com.ar\" \/>\n<meta property=\"article:published_time\" content=\"2025-09-05T17:37:51+00:00\" \/>\n<meta property=\"article:modified_time\" content=\"2025-09-05T17:37:52+00:00\" \/>\n<meta property=\"og:image\" content=\"https:\/\/i0.wp.com\/pilt.com.ar\/parque-industrial\/wp-content\/uploads\/2025\/09\/Coloquio-UIC.jpg?fit=1280%2C960&ssl=1\" \/>\n\t<meta property=\"og:image:width\" content=\"1280\" \/>\n\t<meta property=\"og:image:height\" content=\"960\" \/>\n\t<meta property=\"og:image:type\" content=\"image\/jpeg\" \/>\n<meta name=\"author\" content=\"PILT\" \/>\n<meta name=\"twitter:card\" content=\"summary_large_image\" \/>\n<meta name=\"twitter:label1\" content=\"Escrito por\" \/>\n\t<meta name=\"twitter:data1\" content=\"PILT\" \/>\n\t<meta name=\"twitter:label2\" content=\"Tiempo de lectura\" \/>\n\t<meta name=\"twitter:data2\" content=\"2 minutos\" \/>\n<script type=\"application\/ld+json\" class=\"yoast-schema-graph\">{\"@context\":\"https:\\\/\\\/schema.org\",\"@graph\":[{\"@type\":\"Article\",\"@id\":\"https:\\\/\\\/pilt.com.ar\\\/parque-industrial\\\/el-pilt-presente-en-el-coloquio-de-la-uic-2\\\/#article\",\"isPartOf\":{\"@id\":\"https:\\\/\\\/pilt.com.ar\\\/parque-industrial\\\/el-pilt-presente-en-el-coloquio-de-la-uic-2\\\/\"},\"author\":{\"name\":\"PILT\",\"@id\":\"https:\\\/\\\/pilt.com.ar\\\/parque-industrial\\\/#\\\/schema\\\/person\\\/2dfb9e2464de1c3deef20c25c30a8306\"},\"headline\":\"EL PILT, PRESENTE EN EL COLOQUIO DE LA UIC\",\"datePublished\":\"2025-09-05T17:37:51+00:00\",\"dateModified\":\"2025-09-05T17:37:52+00:00\",\"mainEntityOfPage\":{\"@id\":\"https:\\\/\\\/pilt.com.ar\\\/parque-industrial\\\/el-pilt-presente-en-el-coloquio-de-la-uic-2\\\/\"},\"wordCount\":334,\"commentCount\":0,\"image\":{\"@id\":\"https:\\\/\\\/pilt.com.ar\\\/parque-industrial\\\/el-pilt-presente-en-el-coloquio-de-la-uic-2\\\/#primaryimage\"},\"thumbnailUrl\":\"https:\\\/\\\/i0.wp.com\\\/pilt.com.ar\\\/parque-industrial\\\/wp-content\\\/uploads\\\/2025\\\/09\\\/Coloquio-UIC.jpg?fit=1280%2C960&ssl=1\",\"articleSection\":[\"Noticias\"],\"inLanguage\":\"es\",\"potentialAction\":[{\"@type\":\"CommentAction\",\"name\":\"Comment\",\"target\":[\"https:\\\/\\\/pilt.com.ar\\\/parque-industrial\\\/el-pilt-presente-en-el-coloquio-de-la-uic-2\\\/#respond\"]}]},{\"@type\":\"WebPage\",\"@id\":\"https:\\\/\\\/pilt.com.ar\\\/parque-industrial\\\/el-pilt-presente-en-el-coloquio-de-la-uic-2\\\/\",\"url\":\"https:\\\/\\\/pilt.com.ar\\\/parque-industrial\\\/el-pilt-presente-en-el-coloquio-de-la-uic-2\\\/\",\"name\":\"EL PILT, PRESENTE EN EL COLOQUIO DE LA UIC - PILT.com.ar\",\"isPartOf\":{\"@id\":\"https:\\\/\\\/pilt.com.ar\\\/parque-industrial\\\/#website\"},\"primaryImageOfPage\":{\"@id\":\"https:\\\/\\\/pilt.com.ar\\\/parque-industrial\\\/el-pilt-presente-en-el-coloquio-de-la-uic-2\\\/#primaryimage\"},\"image\":{\"@id\":\"https:\\\/\\\/pilt.com.ar\\\/parque-industrial\\\/el-pilt-presente-en-el-coloquio-de-la-uic-2\\\/#primaryimage\"},\"thumbnailUrl\":\"https:\\\/\\\/i0.wp.com\\\/pilt.com.ar\\\/parque-industrial\\\/wp-content\\\/uploads\\\/2025\\\/09\\\/Coloquio-UIC.jpg?fit=1280%2C960&ssl=1\",\"datePublished\":\"2025-09-05T17:37:51+00:00\",\"dateModified\":\"2025-09-05T17:37:52+00:00\",\"author\":{\"@id\":\"https:\\\/\\\/pilt.com.ar\\\/parque-industrial\\\/#\\\/schema\\\/person\\\/2dfb9e2464de1c3deef20c25c30a8306\"},\"inLanguage\":\"es\",\"potentialAction\":[{\"@type\":\"ReadAction\",\"target\":[\"https:\\\/\\\/pilt.com.ar\\\/parque-industrial\\\/el-pilt-presente-en-el-coloquio-de-la-uic-2\\\/\"]}]},{\"@type\":\"ImageObject\",\"inLanguage\":\"es\",\"@id\":\"https:\\\/\\\/pilt.com.ar\\\/parque-industrial\\\/el-pilt-presente-en-el-coloquio-de-la-uic-2\\\/#primaryimage\",\"url\":\"https:\\\/\\\/i0.wp.com\\\/pilt.com.ar\\\/parque-industrial\\\/wp-content\\\/uploads\\\/2025\\\/09\\\/Coloquio-UIC.jpg?fit=1280%2C960&ssl=1\",\"contentUrl\":\"https:\\\/\\\/i0.wp.com\\\/pilt.com.ar\\\/parque-industrial\\\/wp-content\\\/uploads\\\/2025\\\/09\\\/Coloquio-UIC.jpg?fit=1280%2C960&ssl=1\",\"width\":1280,\"height\":960},{\"@type\":\"WebSite\",\"@id\":\"https:\\\/\\\/pilt.com.ar\\\/parque-industrial\\\/#website\",\"url\":\"https:\\\/\\\/pilt.com.ar\\\/parque-industrial\\\/\",\"name\":\"PILT.com.ar\",\"description\":\"Parque Industrial, Log\u00edstico y Tecnol\u00f3gico Villa Mar\u00eda\",\"potentialAction\":[{\"@type\":\"SearchAction\",\"target\":{\"@type\":\"EntryPoint\",\"urlTemplate\":\"https:\\\/\\\/pilt.com.ar\\\/parque-industrial\\\/?s={search_term_string}\"},\"query-input\":{\"@type\":\"PropertyValueSpecification\",\"valueRequired\":true,\"valueName\":\"search_term_string\"}}],\"inLanguage\":\"es\"},{\"@type\":\"Person\",\"@id\":\"https:\\\/\\\/pilt.com.ar\\\/parque-industrial\\\/#\\\/schema\\\/person\\\/2dfb9e2464de1c3deef20c25c30a8306\",\"name\":\"PILT\",\"image\":{\"@type\":\"ImageObject\",\"inLanguage\":\"es\",\"@id\":\"https:\\\/\\\/secure.gravatar.com\\\/avatar\\\/5e3734c8d8c8e0b0d45f923c14a14d7b90521d573d02f0d91360a777095ee42b?s=96&d=mm&r=g\",\"url\":\"https:\\\/\\\/secure.gravatar.com\\\/avatar\\\/5e3734c8d8c8e0b0d45f923c14a14d7b90521d573d02f0d91360a777095ee42b?s=96&d=mm&r=g\",\"contentUrl\":\"https:\\\/\\\/secure.gravatar.com\\\/avatar\\\/5e3734c8d8c8e0b0d45f923c14a14d7b90521d573d02f0d91360a777095ee42b?s=96&d=mm&r=g\",\"caption\":\"PILT\"},\"url\":\"https:\\\/\\\/pilt.com.ar\\\/parque-industrial\\\/author\\\/pilt\\\/\"}]}<\/script>\n<!-- \/ Yoast SEO plugin. -->","yoast_head_json":{"title":"EL PILT, PRESENTE EN EL COLOQUIO DE LA UIC - PILT.com.ar","robots":{"index":"index","follow":"follow","max-snippet":"max-snippet:-1","max-image-preview":"max-image-preview:large","max-video-preview":"max-video-preview:-1"},"canonical":"https:\/\/pilt.com.ar\/parque-industrial\/el-pilt-presente-en-el-coloquio-de-la-uic-2\/","og_locale":"es_ES","og_type":"article","og_title":"EL PILT, PRESENTE EN EL COLOQUIO DE LA UIC - PILT.com.ar","og_description":"Autoridades del Ente estuvieron en el encuentro realizado en la Capital provincial junto a miembros de la Asociaci\u00f3n de Empresarios Regi\u00f3n Centro Argentino (AERCA). El presidente del Parque Industrial, Log\u00edstico y Tecnol\u00f3gico Villa Mar\u00eda (PILT), Ing. Carlos Pizzorno, junto al gerente, Lic. Carlos Montoto Galiano, participaron recientemente de la 17\u00b0 Edici\u00f3n del Coloquio de la [&hellip;]","og_url":"https:\/\/pilt.com.ar\/parque-industrial\/el-pilt-presente-en-el-coloquio-de-la-uic-2\/","og_site_name":"PILT.com.ar","article_published_time":"2025-09-05T17:37:51+00:00","article_modified_time":"2025-09-05T17:37:52+00:00","og_image":[{"width":1280,"height":960,"url":"https:\/\/i0.wp.com\/pilt.com.ar\/parque-industrial\/wp-content\/uploads\/2025\/09\/Coloquio-UIC.jpg?fit=1280%2C960&ssl=1","type":"image\/jpeg"}],"author":"PILT","twitter_card":"summary_large_image","twitter_misc":{"Escrito por":"PILT","Tiempo de lectura":"2 minutos"},"schema":{"@context":"https:\/\/schema.org","@graph":[{"@type":"Article","@id":"https:\/\/pilt.com.ar\/parque-industrial\/el-pilt-presente-en-el-coloquio-de-la-uic-2\/#article","isPartOf":{"@id":"https:\/\/pilt.com.ar\/parque-industrial\/el-pilt-presente-en-el-coloquio-de-la-uic-2\/"},"author":{"name":"PILT","@id":"https:\/\/pilt.com.ar\/parque-industrial\/#\/schema\/person\/2dfb9e2464de1c3deef20c25c30a8306"},"headline":"EL PILT, PRESENTE EN EL COLOQUIO DE LA UIC","datePublished":"2025-09-05T17:37:51+00:00","dateModified":"2025-09-05T17:37:52+00:00","mainEntityOfPage":{"@id":"https:\/\/pilt.com.ar\/parque-industrial\/el-pilt-presente-en-el-coloquio-de-la-uic-2\/"},"wordCount":334,"commentCount":0,"image":{"@id":"https:\/\/pilt.com.ar\/parque-industrial\/el-pilt-presente-en-el-coloquio-de-la-uic-2\/#primaryimage"},"thumbnailUrl":"https:\/\/i0.wp.com\/pilt.com.ar\/parque-industrial\/wp-content\/uploads\/2025\/09\/Coloquio-UIC.jpg?fit=1280%2C960&ssl=1","articleSection":["Noticias"],"inLanguage":"es","potentialAction":[{"@type":"CommentAction","name":"Comment","target":["https:\/\/pilt.com.ar\/parque-industrial\/el-pilt-presente-en-el-coloquio-de-la-uic-2\/#respond"]}]},{"@type":"WebPage","@id":"https:\/\/pilt.com.ar\/parque-industrial\/el-pilt-presente-en-el-coloquio-de-la-uic-2\/","url":"https:\/\/pilt.com.ar\/parque-industrial\/el-pilt-presente-en-el-coloquio-de-la-uic-2\/","name":"EL PILT, PRESENTE EN EL COLOQUIO DE LA UIC - PILT.com.ar","isPartOf":{"@id":"https:\/\/pilt.com.ar\/parque-industrial\/#website"},"primaryImageOfPage":{"@id":"https:\/\/pilt.com.ar\/parque-industrial\/el-pilt-presente-en-el-coloquio-de-la-uic-2\/#primaryimage"},"image":{"@id":"https:\/\/pilt.com.ar\/parque-industrial\/el-pilt-presente-en-el-coloquio-de-la-uic-2\/#primaryimage"},"thumbnailUrl":"https:\/\/i0.wp.com\/pilt.com.ar\/parque-industrial\/wp-content\/uploads\/2025\/09\/Coloquio-UIC.jpg?fit=1280%2C960&ssl=1","datePublished":"2025-09-05T17:37:51+00:00","dateModified":"2025-09-05T17:37:52+00:00","author":{"@id":"https:\/\/pilt.com.ar\/parque-industrial\/#\/schema\/person\/2dfb9e2464de1c3deef20c25c30a8306"},"inLanguage":"es","potentialAction":[{"@type":"ReadAction","target":["https:\/\/pilt.com.ar\/parque-industrial\/el-pilt-presente-en-el-coloquio-de-la-uic-2\/"]}]},{"@type":"ImageObject","inLanguage":"es","@id":"https:\/\/pilt.com.ar\/parque-industrial\/el-pilt-presente-en-el-coloquio-de-la-uic-2\/#primaryimage","url":"https:\/\/i0.wp.com\/pilt.com.ar\/parque-industrial\/wp-content\/uploads\/2025\/09\/Coloquio-UIC.jpg?fit=1280%2C960&ssl=1","contentUrl":"https:\/\/i0.wp.com\/pilt.com.ar\/parque-industrial\/wp-content\/uploads\/2025\/09\/Coloquio-UIC.jpg?fit=1280%2C960&ssl=1","width":1280,"height":960},{"@type":"WebSite","@id":"https:\/\/pilt.com.ar\/parque-industrial\/#website","url":"https:\/\/pilt.com.ar\/parque-industrial\/","name":"PILT.com.ar","description":"Parque Industrial, Log\u00edstico y Tecnol\u00f3gico Villa Mar\u00eda","potentialAction":[{"@type":"SearchAction","target":{"@type":"EntryPoint","urlTemplate":"https:\/\/pilt.com.ar\/parque-industrial\/?s={search_term_string}"},"query-input":{"@type":"PropertyValueSpecification","valueRequired":true,"valueName":"search_term_string"}}],"inLanguage":"es"},{"@type":"Person","@id":"https:\/\/pilt.com.ar\/parque-industrial\/#\/schema\/person\/2dfb9e2464de1c3deef20c25c30a8306","name":"PILT","image":{"@type":"ImageObject","inLanguage":"es","@id":"https:\/\/secure.gravatar.com\/avatar\/5e3734c8d8c8e0b0d45f923c14a14d7b90521d573d02f0d91360a777095ee42b?s=96&d=mm&r=g","url":"https:\/\/secure.gravatar.com\/avatar\/5e3734c8d8c8e0b0d45f923c14a14d7b90521d573d02f0d91360a777095ee42b?s=96&d=mm&r=g","contentUrl":"https:\/\/secure.gravatar.com\/avatar\/5e3734c8d8c8e0b0d45f923c14a14d7b90521d573d02f0d91360a777095ee42b?s=96&d=mm&r=g","caption":"PILT"},"url":"https:\/\/pilt.com.ar\/parque-industrial\/author\/pilt\/"}]}},"jetpack_featured_media_url":"https:\/\/i0.wp.com\/pilt.com.ar\/parque-industrial\/wp-content\/uploads\/2025\/09\/Coloquio-UIC.jpg?fit=1280%2C960&ssl=1","jetpack_sharing_enabled":true,"_links":{"self":[{"href":"https:\/\/pilt.com.ar\/parque-industrial\/wp-json\/wp\/v2\/posts\/3822","targetHints":{"allow":["GET"]}}],"collection":[{"href":"https:\/\/pilt.com.ar\/parque-industrial\/wp-json\/wp\/v2\/posts"}],"about":[{"href":"https:\/\/pilt.com.ar\/parque-industrial\/wp-json\/wp\/v2\/types\/post"}],"author":[{"embeddable":true,"href":"https:\/\/pilt.com.ar\/parque-industrial\/wp-json\/wp\/v2\/users\/3"}],"replies":[{"embeddable":true,"href":"https:\/\/pilt.com.ar\/parque-industrial\/wp-json\/wp\/v2\/comments?post=3822"}],"version-history":[{"count":1,"href":"https:\/\/pilt.com.ar\/parque-industrial\/wp-json\/wp\/v2\/posts\/3822\/revisions"}],"predecessor-version":[{"id":3824,"href":"https:\/\/pilt.com.ar\/parque-industrial\/wp-json\/wp\/v2\/posts\/3822\/revisions\/3824"}],"wp:featuredmedia":[{"embeddable":true,"href":"https:\/\/pilt.com.ar\/parque-industrial\/wp-json\/wp\/v2\/media\/3823"}],"wp:attachment":[{"href":"https:\/\/pilt.com.ar\/parque-industrial\/wp-json\/wp\/v2\/media?parent=3822"}],"wp:term":[{"taxonomy":"category","embeddable":true,"href":"https:\/\/pilt.com.ar\/parque-industrial\/wp-json\/wp\/v2\/categories?post=3822"},{"taxonomy":"post_tag","embeddable":true,"href":"https:\/\/pilt.com.ar\/parque-industrial\/wp-json\/wp\/v2\/tags?post=3822"}],"curies":[{"name":"wp","href":"https:\/\/api.w.org\/{rel}","templated":true}]}}