{"id":3819,"date":"2025-08-29T12:56:16","date_gmt":"2025-08-29T15:56:16","guid":{"rendered":"https:\/\/pilt.com.ar\/parque-industrial\/?p=3819"},"modified":"2025-08-29T12:56:17","modified_gmt":"2025-08-29T15:56:17","slug":"el-pilt-presente-en-la-segunda-edicion-de-la-expo-parques-industriales","status":"publish","type":"post","link":"https:\/\/pilt.com.ar\/parque-industrial\/el-pilt-presente-en-la-segunda-edicion-de-la-expo-parques-industriales\/","title":{"rendered":"EL PILT, PRESENTE EN LA SEGUNDA EDICI\u00d3N DE LA EXPO PARQUES INDUSTRIALES"},"content":{"rendered":"\n<p class=\"has-text-align-center\"><em>El Ente particip\u00f3 con un stand institucional en el encuentro que reuni\u00f3 a empresarios, inversores, autoridades y referentes productivos de todo el pa\u00eds.<\/em><\/p>\n\n\n\n<p>El pasado mi\u00e9rcoles y jueves se desarroll\u00f3 en el Centro de Convenciones C\u00f3rdoba la segunda edici\u00f3n de la Expo Parques Industriales, organizada por el Ministerio de Producci\u00f3n, Ciencia e Innovaci\u00f3n Tecnol\u00f3gica de C\u00f3rdoba, junto a la Asociaci\u00f3n de Parques Industriales Argentinos (APIA), el diario La Voz del Interior y la empresa DEYC\u00c9, especializada en la organizaci\u00f3n de este tipo de eventos.<\/p>\n\n\n\n<p>La muestra, que cont\u00f3 con la participaci\u00f3n del gobernador Mart\u00edn Llaryora, se enmarca en la pol\u00edtica provincial de promoci\u00f3n y consolidaci\u00f3n de parques industriales, considerados espacios estrat\u00e9gicos para la generaci\u00f3n de empleo, el fortalecimiento del entramado productivo y el desarrollo territorial equilibrado.<\/p>\n\n\n\n<p>En representaci\u00f3n del Parque Industrial, Log\u00edstico y Tecnol\u00f3gico Villa Mar\u00eda (PILT) asisti\u00f3 su gerente, Lic. Carlos Montoto Galiano, acompa\u00f1ado por colaboradores de la Administraci\u00f3n del Ente. Desde el stand institucional recibieron a empresarios y actores productivos interesados en conocer la propuesta y el funcionamiento del Parque.<\/p>\n\n\n\n<p>Durante las dos jornadas, las actividades y debates giraron en torno a tres ejes centrales: eficiencia energ\u00e9tica, econom\u00eda circular e innovaci\u00f3n. Entre las propuestas se destacaron las rondas de negocios y los espacios para startups; paneles con especialistas nacionales e internacionales sobre log\u00edstica, financiamiento, ecoparques y sustentabilidad; conversatorios y conferencias magistrales con referentes como Mart\u00edn Redrado y Dami\u00e1n Di Pace; adem\u00e1s de un Foro de Intendentes que reuni\u00f3 a autoridades de C\u00f3rdoba, Villa Mar\u00eda, San Francisco, Malague\u00f1o, Alvear (Santa Fe) y distintos referentes productivos.<\/p>\n\n\n\n<p>En ese marco, el intendente de Villa Mar\u00eda, Eduardo Accastello, subray\u00f3: \u201cEstamos avanzando en ser la primera ciudad en sumar una universidad dentro de un parque industrial. Esto demuestra que la educaci\u00f3n y el talento creativo tambi\u00e9n tienen un rol central en este proceso de crecimiento\u201d.<\/p>\n\n\n\n<p>La Expo Parques Industriales reuni\u00f3 a m\u00e1s de 3.000 visitantes durante sus dos d\u00edas de desarrollo, consolid\u00e1ndose como un espacio clave para el encuentro y el intercambio en torno al futuro del sector.<\/p>\n","protected":false},"excerpt":{"rendered":"<p>El Ente particip\u00f3 con un stand institucional en el encuentro que reuni\u00f3 a empresarios, inversores, autoridades y referentes productivos de todo el pa\u00eds. El pasado mi\u00e9rcoles y jueves se desarroll\u00f3 en el Centro de Convenciones C\u00f3rdoba la segunda edici\u00f3n de la Expo Parques Industriales, organizada por el Ministerio de Producci\u00f3n, Ciencia e Innovaci\u00f3n Tecnol\u00f3gica de [&hellip;]<\/p>\n","protected":false},"author":3,"featured_media":3820,"comment_status":"open","ping_status":"open","sticky":false,"template":"","format":"standard","meta":{"_jetpack_memberships_contains_paid_content":false,"footnotes":""},"categories":[2],"tags":[],"class_list":["post-3819","post","type-post","status-publish","format-standard","has-post-thumbnail","hentry","category-noticias"],"yoast_head":"<!-- This site is optimized with the Yoast SEO plugin v27.5 - https:\/\/yoast.com\/product\/yoast-seo-wordpress\/ -->\n<title>EL PILT, PRESENTE EN LA SEGUNDA EDICI\u00d3N DE LA EXPO PARQUES INDUSTRIALES - PILT.com.ar<\/title>\n<meta name=\"robots\" content=\"index, follow, max-snippet:-1, max-image-preview:large, max-video-preview:-1\" \/>\n<link rel=\"canonical\" href=\"https:\/\/pilt.com.ar\/parque-industrial\/el-pilt-presente-en-la-segunda-edicion-de-la-expo-parques-industriales\/\" \/>\n<meta property=\"og:locale\" content=\"es_ES\" \/>\n<meta property=\"og:type\" content=\"article\" \/>\n<meta property=\"og:title\" content=\"EL PILT, PRESENTE EN LA SEGUNDA EDICI\u00d3N DE LA EXPO PARQUES INDUSTRIALES - PILT.com.ar\" \/>\n<meta property=\"og:description\" content=\"El Ente particip\u00f3 con un stand institucional en el encuentro que reuni\u00f3 a empresarios, inversores, autoridades y referentes productivos de todo el pa\u00eds. El pasado mi\u00e9rcoles y jueves se desarroll\u00f3 en el Centro de Convenciones C\u00f3rdoba la segunda edici\u00f3n de la Expo Parques Industriales, organizada por el Ministerio de Producci\u00f3n, Ciencia e Innovaci\u00f3n Tecnol\u00f3gica de [&hellip;]\" \/>\n<meta property=\"og:url\" content=\"https:\/\/pilt.com.ar\/parque-industrial\/el-pilt-presente-en-la-segunda-edicion-de-la-expo-parques-industriales\/\" \/>\n<meta property=\"og:site_name\" content=\"PILT.com.ar\" \/>\n<meta property=\"article:published_time\" content=\"2025-08-29T15:56:16+00:00\" \/>\n<meta property=\"article:modified_time\" content=\"2025-08-29T15:56:17+00:00\" \/>\n<meta property=\"og:image\" content=\"https:\/\/i0.wp.com\/pilt.com.ar\/parque-industrial\/wp-content\/uploads\/2025\/08\/Imagen-de-WhatsApp-2025-08-29-a-las-10.54.47_dc13f0d5.jpg?fit=1600%2C1200&ssl=1\" \/>\n\t<meta property=\"og:image:width\" content=\"1600\" \/>\n\t<meta property=\"og:image:height\" content=\"1200\" \/>\n\t<meta property=\"og:image:type\" content=\"image\/jpeg\" \/>\n<meta name=\"author\" content=\"PILT\" \/>\n<meta name=\"twitter:card\" content=\"summary_large_image\" \/>\n<meta name=\"twitter:label1\" content=\"Escrito por\" \/>\n\t<meta name=\"twitter:data1\" content=\"PILT\" \/>\n\t<meta name=\"twitter:label2\" content=\"Tiempo de lectura\" \/>\n\t<meta name=\"twitter:data2\" content=\"2 minutos\" \/>\n<script type=\"application\/ld+json\" class=\"yoast-schema-graph\">{\"@context\":\"https:\\\/\\\/schema.org\",\"@graph\":[{\"@type\":\"Article\",\"@id\":\"https:\\\/\\\/pilt.com.ar\\\/parque-industrial\\\/el-pilt-presente-en-la-segunda-edicion-de-la-expo-parques-industriales\\\/#article\",\"isPartOf\":{\"@id\":\"https:\\\/\\\/pilt.com.ar\\\/parque-industrial\\\/el-pilt-presente-en-la-segunda-edicion-de-la-expo-parques-industriales\\\/\"},\"author\":{\"name\":\"PILT\",\"@id\":\"https:\\\/\\\/pilt.com.ar\\\/parque-industrial\\\/#\\\/schema\\\/person\\\/2dfb9e2464de1c3deef20c25c30a8306\"},\"headline\":\"EL PILT, PRESENTE EN LA SEGUNDA EDICI\u00d3N DE LA EXPO PARQUES INDUSTRIALES\",\"datePublished\":\"2025-08-29T15:56:16+00:00\",\"dateModified\":\"2025-08-29T15:56:17+00:00\",\"mainEntityOfPage\":{\"@id\":\"https:\\\/\\\/pilt.com.ar\\\/parque-industrial\\\/el-pilt-presente-en-la-segunda-edicion-de-la-expo-parques-industriales\\\/\"},\"wordCount\":386,\"commentCount\":0,\"image\":{\"@id\":\"https:\\\/\\\/pilt.com.ar\\\/parque-industrial\\\/el-pilt-presente-en-la-segunda-edicion-de-la-expo-parques-industriales\\\/#primaryimage\"},\"thumbnailUrl\":\"https:\\\/\\\/i0.wp.com\\\/pilt.com.ar\\\/parque-industrial\\\/wp-content\\\/uploads\\\/2025\\\/08\\\/Imagen-de-WhatsApp-2025-08-29-a-las-10.54.47_dc13f0d5.jpg?fit=1600%2C1200&ssl=1\",\"articleSection\":[\"Noticias\"],\"inLanguage\":\"es\",\"potentialAction\":[{\"@type\":\"CommentAction\",\"name\":\"Comment\",\"target\":[\"https:\\\/\\\/pilt.com.ar\\\/parque-industrial\\\/el-pilt-presente-en-la-segunda-edicion-de-la-expo-parques-industriales\\\/#respond\"]}]},{\"@type\":\"WebPage\",\"@id\":\"https:\\\/\\\/pilt.com.ar\\\/parque-industrial\\\/el-pilt-presente-en-la-segunda-edicion-de-la-expo-parques-industriales\\\/\",\"url\":\"https:\\\/\\\/pilt.com.ar\\\/parque-industrial\\\/el-pilt-presente-en-la-segunda-edicion-de-la-expo-parques-industriales\\\/\",\"name\":\"EL PILT, PRESENTE EN LA SEGUNDA EDICI\u00d3N DE LA EXPO PARQUES INDUSTRIALES - PILT.com.ar\",\"isPartOf\":{\"@id\":\"https:\\\/\\\/pilt.com.ar\\\/parque-industrial\\\/#website\"},\"primaryImageOfPage\":{\"@id\":\"https:\\\/\\\/pilt.com.ar\\\/parque-industrial\\\/el-pilt-presente-en-la-segunda-edicion-de-la-expo-parques-industriales\\\/#primaryimage\"},\"image\":{\"@id\":\"https:\\\/\\\/pilt.com.ar\\\/parque-industrial\\\/el-pilt-presente-en-la-segunda-edicion-de-la-expo-parques-industriales\\\/#primaryimage\"},\"thumbnailUrl\":\"https:\\\/\\\/i0.wp.com\\\/pilt.com.ar\\\/parque-industrial\\\/wp-content\\\/uploads\\\/2025\\\/08\\\/Imagen-de-WhatsApp-2025-08-29-a-las-10.54.47_dc13f0d5.jpg?fit=1600%2C1200&ssl=1\",\"datePublished\":\"2025-08-29T15:56:16+00:00\",\"dateModified\":\"2025-08-29T15:56:17+00:00\",\"author\":{\"@id\":\"https:\\\/\\\/pilt.com.ar\\\/parque-industrial\\\/#\\\/schema\\\/person\\\/2dfb9e2464de1c3deef20c25c30a8306\"},\"inLanguage\":\"es\",\"potentialAction\":[{\"@type\":\"ReadAction\",\"target\":[\"https:\\\/\\\/pilt.com.ar\\\/parque-industrial\\\/el-pilt-presente-en-la-segunda-edicion-de-la-expo-parques-industriales\\\/\"]}]},{\"@type\":\"ImageObject\",\"inLanguage\":\"es\",\"@id\":\"https:\\\/\\\/pilt.com.ar\\\/parque-industrial\\\/el-pilt-presente-en-la-segunda-edicion-de-la-expo-parques-industriales\\\/#primaryimage\",\"url\":\"https:\\\/\\\/i0.wp.com\\\/pilt.com.ar\\\/parque-industrial\\\/wp-content\\\/uploads\\\/2025\\\/08\\\/Imagen-de-WhatsApp-2025-08-29-a-las-10.54.47_dc13f0d5.jpg?fit=1600%2C1200&ssl=1\",\"contentUrl\":\"https:\\\/\\\/i0.wp.com\\\/pilt.com.ar\\\/parque-industrial\\\/wp-content\\\/uploads\\\/2025\\\/08\\\/Imagen-de-WhatsApp-2025-08-29-a-las-10.54.47_dc13f0d5.jpg?fit=1600%2C1200&ssl=1\",\"width\":1600,\"height\":1200},{\"@type\":\"WebSite\",\"@id\":\"https:\\\/\\\/pilt.com.ar\\\/parque-industrial\\\/#website\",\"url\":\"https:\\\/\\\/pilt.com.ar\\\/parque-industrial\\\/\",\"name\":\"PILT.com.ar\",\"description\":\"Parque Industrial, Log\u00edstico y Tecnol\u00f3gico Villa Mar\u00eda\",\"potentialAction\":[{\"@type\":\"SearchAction\",\"target\":{\"@type\":\"EntryPoint\",\"urlTemplate\":\"https:\\\/\\\/pilt.com.ar\\\/parque-industrial\\\/?s={search_term_string}\"},\"query-input\":{\"@type\":\"PropertyValueSpecification\",\"valueRequired\":true,\"valueName\":\"search_term_string\"}}],\"inLanguage\":\"es\"},{\"@type\":\"Person\",\"@id\":\"https:\\\/\\\/pilt.com.ar\\\/parque-industrial\\\/#\\\/schema\\\/person\\\/2dfb9e2464de1c3deef20c25c30a8306\",\"name\":\"PILT\",\"image\":{\"@type\":\"ImageObject\",\"inLanguage\":\"es\",\"@id\":\"https:\\\/\\\/secure.gravatar.com\\\/avatar\\\/5e3734c8d8c8e0b0d45f923c14a14d7b90521d573d02f0d91360a777095ee42b?s=96&d=mm&r=g\",\"url\":\"https:\\\/\\\/secure.gravatar.com\\\/avatar\\\/5e3734c8d8c8e0b0d45f923c14a14d7b90521d573d02f0d91360a777095ee42b?s=96&d=mm&r=g\",\"contentUrl\":\"https:\\\/\\\/secure.gravatar.com\\\/avatar\\\/5e3734c8d8c8e0b0d45f923c14a14d7b90521d573d02f0d91360a777095ee42b?s=96&d=mm&r=g\",\"caption\":\"PILT\"},\"url\":\"https:\\\/\\\/pilt.com.ar\\\/parque-industrial\\\/author\\\/pilt\\\/\"}]}<\/script>\n<!-- \/ Yoast SEO plugin. -->","yoast_head_json":{"title":"EL PILT, PRESENTE EN LA SEGUNDA EDICI\u00d3N DE LA EXPO PARQUES INDUSTRIALES - PILT.com.ar","robots":{"index":"index","follow":"follow","max-snippet":"max-snippet:-1","max-image-preview":"max-image-preview:large","max-video-preview":"max-video-preview:-1"},"canonical":"https:\/\/pilt.com.ar\/parque-industrial\/el-pilt-presente-en-la-segunda-edicion-de-la-expo-parques-industriales\/","og_locale":"es_ES","og_type":"article","og_title":"EL PILT, PRESENTE EN LA SEGUNDA EDICI\u00d3N DE LA EXPO PARQUES INDUSTRIALES - PILT.com.ar","og_description":"El Ente particip\u00f3 con un stand institucional en el encuentro que reuni\u00f3 a empresarios, inversores, autoridades y referentes productivos de todo el pa\u00eds. El pasado mi\u00e9rcoles y jueves se desarroll\u00f3 en el Centro de Convenciones C\u00f3rdoba la segunda edici\u00f3n de la Expo Parques Industriales, organizada por el Ministerio de Producci\u00f3n, Ciencia e Innovaci\u00f3n Tecnol\u00f3gica de [&hellip;]","og_url":"https:\/\/pilt.com.ar\/parque-industrial\/el-pilt-presente-en-la-segunda-edicion-de-la-expo-parques-industriales\/","og_site_name":"PILT.com.ar","article_published_time":"2025-08-29T15:56:16+00:00","article_modified_time":"2025-08-29T15:56:17+00:00","og_image":[{"width":1600,"height":1200,"url":"https:\/\/i0.wp.com\/pilt.com.ar\/parque-industrial\/wp-content\/uploads\/2025\/08\/Imagen-de-WhatsApp-2025-08-29-a-las-10.54.47_dc13f0d5.jpg?fit=1600%2C1200&ssl=1","type":"image\/jpeg"}],"author":"PILT","twitter_card":"summary_large_image","twitter_misc":{"Escrito por":"PILT","Tiempo de lectura":"2 minutos"},"schema":{"@context":"https:\/\/schema.org","@graph":[{"@type":"Article","@id":"https:\/\/pilt.com.ar\/parque-industrial\/el-pilt-presente-en-la-segunda-edicion-de-la-expo-parques-industriales\/#article","isPartOf":{"@id":"https:\/\/pilt.com.ar\/parque-industrial\/el-pilt-presente-en-la-segunda-edicion-de-la-expo-parques-industriales\/"},"author":{"name":"PILT","@id":"https:\/\/pilt.com.ar\/parque-industrial\/#\/schema\/person\/2dfb9e2464de1c3deef20c25c30a8306"},"headline":"EL PILT, PRESENTE EN LA SEGUNDA EDICI\u00d3N DE LA EXPO PARQUES INDUSTRIALES","datePublished":"2025-08-29T15:56:16+00:00","dateModified":"2025-08-29T15:56:17+00:00","mainEntityOfPage":{"@id":"https:\/\/pilt.com.ar\/parque-industrial\/el-pilt-presente-en-la-segunda-edicion-de-la-expo-parques-industriales\/"},"wordCount":386,"commentCount":0,"image":{"@id":"https:\/\/pilt.com.ar\/parque-industrial\/el-pilt-presente-en-la-segunda-edicion-de-la-expo-parques-industriales\/#primaryimage"},"thumbnailUrl":"https:\/\/i0.wp.com\/pilt.com.ar\/parque-industrial\/wp-content\/uploads\/2025\/08\/Imagen-de-WhatsApp-2025-08-29-a-las-10.54.47_dc13f0d5.jpg?fit=1600%2C1200&ssl=1","articleSection":["Noticias"],"inLanguage":"es","potentialAction":[{"@type":"CommentAction","name":"Comment","target":["https:\/\/pilt.com.ar\/parque-industrial\/el-pilt-presente-en-la-segunda-edicion-de-la-expo-parques-industriales\/#respond"]}]},{"@type":"WebPage","@id":"https:\/\/pilt.com.ar\/parque-industrial\/el-pilt-presente-en-la-segunda-edicion-de-la-expo-parques-industriales\/","url":"https:\/\/pilt.com.ar\/parque-industrial\/el-pilt-presente-en-la-segunda-edicion-de-la-expo-parques-industriales\/","name":"EL PILT, PRESENTE EN LA SEGUNDA EDICI\u00d3N DE LA EXPO PARQUES INDUSTRIALES - PILT.com.ar","isPartOf":{"@id":"https:\/\/pilt.com.ar\/parque-industrial\/#website"},"primaryImageOfPage":{"@id":"https:\/\/pilt.com.ar\/parque-industrial\/el-pilt-presente-en-la-segunda-edicion-de-la-expo-parques-industriales\/#primaryimage"},"image":{"@id":"https:\/\/pilt.com.ar\/parque-industrial\/el-pilt-presente-en-la-segunda-edicion-de-la-expo-parques-industriales\/#primaryimage"},"thumbnailUrl":"https:\/\/i0.wp.com\/pilt.com.ar\/parque-industrial\/wp-content\/uploads\/2025\/08\/Imagen-de-WhatsApp-2025-08-29-a-las-10.54.47_dc13f0d5.jpg?fit=1600%2C1200&ssl=1","datePublished":"2025-08-29T15:56:16+00:00","dateModified":"2025-08-29T15:56:17+00:00","author":{"@id":"https:\/\/pilt.com.ar\/parque-industrial\/#\/schema\/person\/2dfb9e2464de1c3deef20c25c30a8306"},"inLanguage":"es","potentialAction":[{"@type":"ReadAction","target":["https:\/\/pilt.com.ar\/parque-industrial\/el-pilt-presente-en-la-segunda-edicion-de-la-expo-parques-industriales\/"]}]},{"@type":"ImageObject","inLanguage":"es","@id":"https:\/\/pilt.com.ar\/parque-industrial\/el-pilt-presente-en-la-segunda-edicion-de-la-expo-parques-industriales\/#primaryimage","url":"https:\/\/i0.wp.com\/pilt.com.ar\/parque-industrial\/wp-content\/uploads\/2025\/08\/Imagen-de-WhatsApp-2025-08-29-a-las-10.54.47_dc13f0d5.jpg?fit=1600%2C1200&ssl=1","contentUrl":"https:\/\/i0.wp.com\/pilt.com.ar\/parque-industrial\/wp-content\/uploads\/2025\/08\/Imagen-de-WhatsApp-2025-08-29-a-las-10.54.47_dc13f0d5.jpg?fit=1600%2C1200&ssl=1","width":1600,"height":1200},{"@type":"WebSite","@id":"https:\/\/pilt.com.ar\/parque-industrial\/#website","url":"https:\/\/pilt.com.ar\/parque-industrial\/","name":"PILT.com.ar","description":"Parque Industrial, Log\u00edstico y Tecnol\u00f3gico Villa Mar\u00eda","potentialAction":[{"@type":"SearchAction","target":{"@type":"EntryPoint","urlTemplate":"https:\/\/pilt.com.ar\/parque-industrial\/?s={search_term_string}"},"query-input":{"@type":"PropertyValueSpecification","valueRequired":true,"valueName":"search_term_string"}}],"inLanguage":"es"},{"@type":"Person","@id":"https:\/\/pilt.com.ar\/parque-industrial\/#\/schema\/person\/2dfb9e2464de1c3deef20c25c30a8306","name":"PILT","image":{"@type":"ImageObject","inLanguage":"es","@id":"https:\/\/secure.gravatar.com\/avatar\/5e3734c8d8c8e0b0d45f923c14a14d7b90521d573d02f0d91360a777095ee42b?s=96&d=mm&r=g","url":"https:\/\/secure.gravatar.com\/avatar\/5e3734c8d8c8e0b0d45f923c14a14d7b90521d573d02f0d91360a777095ee42b?s=96&d=mm&r=g","contentUrl":"https:\/\/secure.gravatar.com\/avatar\/5e3734c8d8c8e0b0d45f923c14a14d7b90521d573d02f0d91360a777095ee42b?s=96&d=mm&r=g","caption":"PILT"},"url":"https:\/\/pilt.com.ar\/parque-industrial\/author\/pilt\/"}]}},"jetpack_featured_media_url":"https:\/\/i0.wp.com\/pilt.com.ar\/parque-industrial\/wp-content\/uploads\/2025\/08\/Imagen-de-WhatsApp-2025-08-29-a-las-10.54.47_dc13f0d5.jpg?fit=1600%2C1200&ssl=1","jetpack_sharing_enabled":true,"_links":{"self":[{"href":"https:\/\/pilt.com.ar\/parque-industrial\/wp-json\/wp\/v2\/posts\/3819","targetHints":{"allow":["GET"]}}],"collection":[{"href":"https:\/\/pilt.com.ar\/parque-industrial\/wp-json\/wp\/v2\/posts"}],"about":[{"href":"https:\/\/pilt.com.ar\/parque-industrial\/wp-json\/wp\/v2\/types\/post"}],"author":[{"embeddable":true,"href":"https:\/\/pilt.com.ar\/parque-industrial\/wp-json\/wp\/v2\/users\/3"}],"replies":[{"embeddable":true,"href":"https:\/\/pilt.com.ar\/parque-industrial\/wp-json\/wp\/v2\/comments?post=3819"}],"version-history":[{"count":1,"href":"https:\/\/pilt.com.ar\/parque-industrial\/wp-json\/wp\/v2\/posts\/3819\/revisions"}],"predecessor-version":[{"id":3821,"href":"https:\/\/pilt.com.ar\/parque-industrial\/wp-json\/wp\/v2\/posts\/3819\/revisions\/3821"}],"wp:featuredmedia":[{"embeddable":true,"href":"https:\/\/pilt.com.ar\/parque-industrial\/wp-json\/wp\/v2\/media\/3820"}],"wp:attachment":[{"href":"https:\/\/pilt.com.ar\/parque-industrial\/wp-json\/wp\/v2\/media?parent=3819"}],"wp:term":[{"taxonomy":"category","embeddable":true,"href":"https:\/\/pilt.com.ar\/parque-industrial\/wp-json\/wp\/v2\/categories?post=3819"},{"taxonomy":"post_tag","embeddable":true,"href":"https:\/\/pilt.com.ar\/parque-industrial\/wp-json\/wp\/v2\/tags?post=3819"}],"curies":[{"name":"wp","href":"https:\/\/api.w.org\/{rel}","templated":true}]}}