{"id":3815,"date":"2025-08-22T12:59:58","date_gmt":"2025-08-22T15:59:58","guid":{"rendered":"https:\/\/pilt.com.ar\/parque-industrial\/?p=3815"},"modified":"2025-08-22T12:59:59","modified_gmt":"2025-08-22T15:59:59","slug":"el-pilt-firmo-nuevos-convenios-de-cooperacion-con-organizaciones","status":"publish","type":"post","link":"https:\/\/pilt.com.ar\/parque-industrial\/el-pilt-firmo-nuevos-convenios-de-cooperacion-con-organizaciones\/","title":{"rendered":"EL PILT FIRM\u00d3 NUEVOS CONVENIOS DE COOPERACI\u00d3N CON ORGANIZACIONES"},"content":{"rendered":"\n<p><em>Los acuerdos permitir\u00e1n acceder a los socios a beneficios en capacitaci\u00f3n, hoteler\u00eda, gastronom\u00eda, equipamiento y actividades institucionales, fortaleciendo la integraci\u00f3n de la entidad con la comunidad.<\/em><\/p>\n\n\n\n<p>En el marco de su pol\u00edtica de generar v\u00ednculos estrat\u00e9gicos y acercar beneficios a los asociados, autoridades del Parque Industrial Log\u00edstico y Tecnol\u00f3gico Villa Mar\u00eda (PILT) suscribieron en las \u00faltimas semanas nuevos convenios de cooperaci\u00f3n con distintas organizaciones.<\/p>\n\n\n\n<p>Con JCI Argentina \u2013J\u00f3venes L\u00edderes\u2013, delegaci\u00f3n Villa Mar\u00eda, se acord\u00f3 facilitar el uso de instalaciones para actividades de inter\u00e9s com\u00fan y para las propias de la organizaci\u00f3n. A su vez, JCI otorgar\u00e1 un 20% de descuento en las actividades que desarrolle a los miembros, personal y socios del Parque. Ambas instituciones impulsar\u00e1n adem\u00e1s conferencias, seminarios, cursos y talleres con impacto en la comunidad.<\/p>\n\n\n\n<p>Asimismo, con los representantes de MindUp se concret\u00f3 un convenio mediante el cual la empresa se compromete a acompa\u00f1ar a las pymes a redescubrir su prop\u00f3sito, desarrollar equipos comprometidos y optimizar su funcionamiento desde lo humano a trav\u00e9s de un relevamiento organizacional, sin costo para detectar desaf\u00edos, capacidades y oportunidades.<\/p>\n\n\n\n<p>En cuanto al convenio con Hotel Le Parc, socios, familiares y empleados del Ente acceder\u00e1n a un 10% de descuento en reservas de habitaciones con tarifas corporativas, salones para eventos sociales y reuniones empresariales. El beneficio tambi\u00e9n se extiende al men\u00fa ejecutivo del Resto Bar Saint Tropez.<\/p>\n\n\n\n<p>Por su parte, el acuerdo firmado con Colombano Muebles SA incluye asesor\u00eda sin cargo, un 10% de descuento en toda la gama de productos a medida y est\u00e1ndar, y beneficios especiales para grandes obras, constructoras y arquitectos.<\/p>\n\n\n\n<p>Adem\u00e1s, el PILT mantiene vigentes convenios con diversas universidades nacionales y privadas \u2013entre ellas, Austral, Kennedy, UAI, UCEMA, UNCuyo, Belgrano, Siglo XXI, UNVM, UTN y Blas Pascal\u2013, que abarcan cursos, carreras de grado y posgrado.<\/p>\n","protected":false},"excerpt":{"rendered":"<p>Los acuerdos permitir\u00e1n acceder a los socios a beneficios en capacitaci\u00f3n, hoteler\u00eda, gastronom\u00eda, equipamiento y actividades institucionales, fortaleciendo la integraci\u00f3n de la entidad con la comunidad. En el marco de su pol\u00edtica de generar v\u00ednculos estrat\u00e9gicos y acercar beneficios a los asociados, autoridades del Parque Industrial Log\u00edstico y Tecnol\u00f3gico Villa Mar\u00eda (PILT) suscribieron en las [&hellip;]<\/p>\n","protected":false},"author":3,"featured_media":3816,"comment_status":"open","ping_status":"open","sticky":false,"template":"","format":"standard","meta":{"_jetpack_memberships_contains_paid_content":false,"footnotes":""},"categories":[2],"tags":[],"class_list":["post-3815","post","type-post","status-publish","format-standard","has-post-thumbnail","hentry","category-noticias"],"yoast_head":"<!-- This site is optimized with the Yoast SEO plugin v27.5 - https:\/\/yoast.com\/product\/yoast-seo-wordpress\/ -->\n<title>EL PILT FIRM\u00d3 NUEVOS CONVENIOS DE COOPERACI\u00d3N CON ORGANIZACIONES - PILT.com.ar<\/title>\n<meta name=\"robots\" content=\"index, follow, max-snippet:-1, max-image-preview:large, max-video-preview:-1\" \/>\n<link rel=\"canonical\" href=\"https:\/\/pilt.com.ar\/parque-industrial\/el-pilt-firmo-nuevos-convenios-de-cooperacion-con-organizaciones\/\" \/>\n<meta property=\"og:locale\" content=\"es_ES\" \/>\n<meta property=\"og:type\" content=\"article\" \/>\n<meta property=\"og:title\" content=\"EL PILT FIRM\u00d3 NUEVOS CONVENIOS DE COOPERACI\u00d3N CON ORGANIZACIONES - PILT.com.ar\" \/>\n<meta property=\"og:description\" content=\"Los acuerdos permitir\u00e1n acceder a los socios a beneficios en capacitaci\u00f3n, hoteler\u00eda, gastronom\u00eda, equipamiento y actividades institucionales, fortaleciendo la integraci\u00f3n de la entidad con la comunidad. En el marco de su pol\u00edtica de generar v\u00ednculos estrat\u00e9gicos y acercar beneficios a los asociados, autoridades del Parque Industrial Log\u00edstico y Tecnol\u00f3gico Villa Mar\u00eda (PILT) suscribieron en las [&hellip;]\" \/>\n<meta property=\"og:url\" content=\"https:\/\/pilt.com.ar\/parque-industrial\/el-pilt-firmo-nuevos-convenios-de-cooperacion-con-organizaciones\/\" \/>\n<meta property=\"og:site_name\" content=\"PILT.com.ar\" \/>\n<meta property=\"article:published_time\" content=\"2025-08-22T15:59:58+00:00\" \/>\n<meta property=\"article:modified_time\" content=\"2025-08-22T15:59:59+00:00\" \/>\n<meta property=\"og:image\" content=\"https:\/\/i0.wp.com\/pilt.com.ar\/parque-industrial\/wp-content\/uploads\/2025\/08\/Imagen-de-WhatsApp-2025-08-22-a-las-11.43.06_8577b063.jpg?fit=1600%2C901&ssl=1\" \/>\n\t<meta property=\"og:image:width\" content=\"1600\" \/>\n\t<meta property=\"og:image:height\" content=\"901\" \/>\n\t<meta property=\"og:image:type\" content=\"image\/jpeg\" \/>\n<meta name=\"author\" content=\"PILT\" \/>\n<meta name=\"twitter:card\" content=\"summary_large_image\" \/>\n<meta name=\"twitter:label1\" content=\"Escrito por\" \/>\n\t<meta name=\"twitter:data1\" content=\"PILT\" \/>\n\t<meta name=\"twitter:label2\" content=\"Tiempo de lectura\" \/>\n\t<meta name=\"twitter:data2\" content=\"2 minutos\" \/>\n<script type=\"application\/ld+json\" class=\"yoast-schema-graph\">{\"@context\":\"https:\\\/\\\/schema.org\",\"@graph\":[{\"@type\":\"Article\",\"@id\":\"https:\\\/\\\/pilt.com.ar\\\/parque-industrial\\\/el-pilt-firmo-nuevos-convenios-de-cooperacion-con-organizaciones\\\/#article\",\"isPartOf\":{\"@id\":\"https:\\\/\\\/pilt.com.ar\\\/parque-industrial\\\/el-pilt-firmo-nuevos-convenios-de-cooperacion-con-organizaciones\\\/\"},\"author\":{\"name\":\"PILT\",\"@id\":\"https:\\\/\\\/pilt.com.ar\\\/parque-industrial\\\/#\\\/schema\\\/person\\\/2dfb9e2464de1c3deef20c25c30a8306\"},\"headline\":\"EL PILT FIRM\u00d3 NUEVOS CONVENIOS DE COOPERACI\u00d3N CON ORGANIZACIONES\",\"datePublished\":\"2025-08-22T15:59:58+00:00\",\"dateModified\":\"2025-08-22T15:59:59+00:00\",\"mainEntityOfPage\":{\"@id\":\"https:\\\/\\\/pilt.com.ar\\\/parque-industrial\\\/el-pilt-firmo-nuevos-convenios-de-cooperacion-con-organizaciones\\\/\"},\"wordCount\":333,\"commentCount\":0,\"image\":{\"@id\":\"https:\\\/\\\/pilt.com.ar\\\/parque-industrial\\\/el-pilt-firmo-nuevos-convenios-de-cooperacion-con-organizaciones\\\/#primaryimage\"},\"thumbnailUrl\":\"https:\\\/\\\/i0.wp.com\\\/pilt.com.ar\\\/parque-industrial\\\/wp-content\\\/uploads\\\/2025\\\/08\\\/Imagen-de-WhatsApp-2025-08-22-a-las-11.43.06_8577b063.jpg?fit=1600%2C901&ssl=1\",\"articleSection\":[\"Noticias\"],\"inLanguage\":\"es\",\"potentialAction\":[{\"@type\":\"CommentAction\",\"name\":\"Comment\",\"target\":[\"https:\\\/\\\/pilt.com.ar\\\/parque-industrial\\\/el-pilt-firmo-nuevos-convenios-de-cooperacion-con-organizaciones\\\/#respond\"]}]},{\"@type\":\"WebPage\",\"@id\":\"https:\\\/\\\/pilt.com.ar\\\/parque-industrial\\\/el-pilt-firmo-nuevos-convenios-de-cooperacion-con-organizaciones\\\/\",\"url\":\"https:\\\/\\\/pilt.com.ar\\\/parque-industrial\\\/el-pilt-firmo-nuevos-convenios-de-cooperacion-con-organizaciones\\\/\",\"name\":\"EL PILT FIRM\u00d3 NUEVOS CONVENIOS DE COOPERACI\u00d3N CON ORGANIZACIONES - PILT.com.ar\",\"isPartOf\":{\"@id\":\"https:\\\/\\\/pilt.com.ar\\\/parque-industrial\\\/#website\"},\"primaryImageOfPage\":{\"@id\":\"https:\\\/\\\/pilt.com.ar\\\/parque-industrial\\\/el-pilt-firmo-nuevos-convenios-de-cooperacion-con-organizaciones\\\/#primaryimage\"},\"image\":{\"@id\":\"https:\\\/\\\/pilt.com.ar\\\/parque-industrial\\\/el-pilt-firmo-nuevos-convenios-de-cooperacion-con-organizaciones\\\/#primaryimage\"},\"thumbnailUrl\":\"https:\\\/\\\/i0.wp.com\\\/pilt.com.ar\\\/parque-industrial\\\/wp-content\\\/uploads\\\/2025\\\/08\\\/Imagen-de-WhatsApp-2025-08-22-a-las-11.43.06_8577b063.jpg?fit=1600%2C901&ssl=1\",\"datePublished\":\"2025-08-22T15:59:58+00:00\",\"dateModified\":\"2025-08-22T15:59:59+00:00\",\"author\":{\"@id\":\"https:\\\/\\\/pilt.com.ar\\\/parque-industrial\\\/#\\\/schema\\\/person\\\/2dfb9e2464de1c3deef20c25c30a8306\"},\"inLanguage\":\"es\",\"potentialAction\":[{\"@type\":\"ReadAction\",\"target\":[\"https:\\\/\\\/pilt.com.ar\\\/parque-industrial\\\/el-pilt-firmo-nuevos-convenios-de-cooperacion-con-organizaciones\\\/\"]}]},{\"@type\":\"ImageObject\",\"inLanguage\":\"es\",\"@id\":\"https:\\\/\\\/pilt.com.ar\\\/parque-industrial\\\/el-pilt-firmo-nuevos-convenios-de-cooperacion-con-organizaciones\\\/#primaryimage\",\"url\":\"https:\\\/\\\/i0.wp.com\\\/pilt.com.ar\\\/parque-industrial\\\/wp-content\\\/uploads\\\/2025\\\/08\\\/Imagen-de-WhatsApp-2025-08-22-a-las-11.43.06_8577b063.jpg?fit=1600%2C901&ssl=1\",\"contentUrl\":\"https:\\\/\\\/i0.wp.com\\\/pilt.com.ar\\\/parque-industrial\\\/wp-content\\\/uploads\\\/2025\\\/08\\\/Imagen-de-WhatsApp-2025-08-22-a-las-11.43.06_8577b063.jpg?fit=1600%2C901&ssl=1\",\"width\":1600,\"height\":901},{\"@type\":\"WebSite\",\"@id\":\"https:\\\/\\\/pilt.com.ar\\\/parque-industrial\\\/#website\",\"url\":\"https:\\\/\\\/pilt.com.ar\\\/parque-industrial\\\/\",\"name\":\"PILT.com.ar\",\"description\":\"Parque Industrial, Log\u00edstico y Tecnol\u00f3gico Villa Mar\u00eda\",\"potentialAction\":[{\"@type\":\"SearchAction\",\"target\":{\"@type\":\"EntryPoint\",\"urlTemplate\":\"https:\\\/\\\/pilt.com.ar\\\/parque-industrial\\\/?s={search_term_string}\"},\"query-input\":{\"@type\":\"PropertyValueSpecification\",\"valueRequired\":true,\"valueName\":\"search_term_string\"}}],\"inLanguage\":\"es\"},{\"@type\":\"Person\",\"@id\":\"https:\\\/\\\/pilt.com.ar\\\/parque-industrial\\\/#\\\/schema\\\/person\\\/2dfb9e2464de1c3deef20c25c30a8306\",\"name\":\"PILT\",\"image\":{\"@type\":\"ImageObject\",\"inLanguage\":\"es\",\"@id\":\"https:\\\/\\\/secure.gravatar.com\\\/avatar\\\/5e3734c8d8c8e0b0d45f923c14a14d7b90521d573d02f0d91360a777095ee42b?s=96&d=mm&r=g\",\"url\":\"https:\\\/\\\/secure.gravatar.com\\\/avatar\\\/5e3734c8d8c8e0b0d45f923c14a14d7b90521d573d02f0d91360a777095ee42b?s=96&d=mm&r=g\",\"contentUrl\":\"https:\\\/\\\/secure.gravatar.com\\\/avatar\\\/5e3734c8d8c8e0b0d45f923c14a14d7b90521d573d02f0d91360a777095ee42b?s=96&d=mm&r=g\",\"caption\":\"PILT\"},\"url\":\"https:\\\/\\\/pilt.com.ar\\\/parque-industrial\\\/author\\\/pilt\\\/\"}]}<\/script>\n<!-- \/ Yoast SEO plugin. -->","yoast_head_json":{"title":"EL PILT FIRM\u00d3 NUEVOS CONVENIOS DE COOPERACI\u00d3N CON ORGANIZACIONES - PILT.com.ar","robots":{"index":"index","follow":"follow","max-snippet":"max-snippet:-1","max-image-preview":"max-image-preview:large","max-video-preview":"max-video-preview:-1"},"canonical":"https:\/\/pilt.com.ar\/parque-industrial\/el-pilt-firmo-nuevos-convenios-de-cooperacion-con-organizaciones\/","og_locale":"es_ES","og_type":"article","og_title":"EL PILT FIRM\u00d3 NUEVOS CONVENIOS DE COOPERACI\u00d3N CON ORGANIZACIONES - PILT.com.ar","og_description":"Los acuerdos permitir\u00e1n acceder a los socios a beneficios en capacitaci\u00f3n, hoteler\u00eda, gastronom\u00eda, equipamiento y actividades institucionales, fortaleciendo la integraci\u00f3n de la entidad con la comunidad. En el marco de su pol\u00edtica de generar v\u00ednculos estrat\u00e9gicos y acercar beneficios a los asociados, autoridades del Parque Industrial Log\u00edstico y Tecnol\u00f3gico Villa Mar\u00eda (PILT) suscribieron en las [&hellip;]","og_url":"https:\/\/pilt.com.ar\/parque-industrial\/el-pilt-firmo-nuevos-convenios-de-cooperacion-con-organizaciones\/","og_site_name":"PILT.com.ar","article_published_time":"2025-08-22T15:59:58+00:00","article_modified_time":"2025-08-22T15:59:59+00:00","og_image":[{"width":1600,"height":901,"url":"https:\/\/i0.wp.com\/pilt.com.ar\/parque-industrial\/wp-content\/uploads\/2025\/08\/Imagen-de-WhatsApp-2025-08-22-a-las-11.43.06_8577b063.jpg?fit=1600%2C901&ssl=1","type":"image\/jpeg"}],"author":"PILT","twitter_card":"summary_large_image","twitter_misc":{"Escrito por":"PILT","Tiempo de lectura":"2 minutos"},"schema":{"@context":"https:\/\/schema.org","@graph":[{"@type":"Article","@id":"https:\/\/pilt.com.ar\/parque-industrial\/el-pilt-firmo-nuevos-convenios-de-cooperacion-con-organizaciones\/#article","isPartOf":{"@id":"https:\/\/pilt.com.ar\/parque-industrial\/el-pilt-firmo-nuevos-convenios-de-cooperacion-con-organizaciones\/"},"author":{"name":"PILT","@id":"https:\/\/pilt.com.ar\/parque-industrial\/#\/schema\/person\/2dfb9e2464de1c3deef20c25c30a8306"},"headline":"EL PILT FIRM\u00d3 NUEVOS CONVENIOS DE COOPERACI\u00d3N CON ORGANIZACIONES","datePublished":"2025-08-22T15:59:58+00:00","dateModified":"2025-08-22T15:59:59+00:00","mainEntityOfPage":{"@id":"https:\/\/pilt.com.ar\/parque-industrial\/el-pilt-firmo-nuevos-convenios-de-cooperacion-con-organizaciones\/"},"wordCount":333,"commentCount":0,"image":{"@id":"https:\/\/pilt.com.ar\/parque-industrial\/el-pilt-firmo-nuevos-convenios-de-cooperacion-con-organizaciones\/#primaryimage"},"thumbnailUrl":"https:\/\/i0.wp.com\/pilt.com.ar\/parque-industrial\/wp-content\/uploads\/2025\/08\/Imagen-de-WhatsApp-2025-08-22-a-las-11.43.06_8577b063.jpg?fit=1600%2C901&ssl=1","articleSection":["Noticias"],"inLanguage":"es","potentialAction":[{"@type":"CommentAction","name":"Comment","target":["https:\/\/pilt.com.ar\/parque-industrial\/el-pilt-firmo-nuevos-convenios-de-cooperacion-con-organizaciones\/#respond"]}]},{"@type":"WebPage","@id":"https:\/\/pilt.com.ar\/parque-industrial\/el-pilt-firmo-nuevos-convenios-de-cooperacion-con-organizaciones\/","url":"https:\/\/pilt.com.ar\/parque-industrial\/el-pilt-firmo-nuevos-convenios-de-cooperacion-con-organizaciones\/","name":"EL PILT FIRM\u00d3 NUEVOS CONVENIOS DE COOPERACI\u00d3N CON ORGANIZACIONES - PILT.com.ar","isPartOf":{"@id":"https:\/\/pilt.com.ar\/parque-industrial\/#website"},"primaryImageOfPage":{"@id":"https:\/\/pilt.com.ar\/parque-industrial\/el-pilt-firmo-nuevos-convenios-de-cooperacion-con-organizaciones\/#primaryimage"},"image":{"@id":"https:\/\/pilt.com.ar\/parque-industrial\/el-pilt-firmo-nuevos-convenios-de-cooperacion-con-organizaciones\/#primaryimage"},"thumbnailUrl":"https:\/\/i0.wp.com\/pilt.com.ar\/parque-industrial\/wp-content\/uploads\/2025\/08\/Imagen-de-WhatsApp-2025-08-22-a-las-11.43.06_8577b063.jpg?fit=1600%2C901&ssl=1","datePublished":"2025-08-22T15:59:58+00:00","dateModified":"2025-08-22T15:59:59+00:00","author":{"@id":"https:\/\/pilt.com.ar\/parque-industrial\/#\/schema\/person\/2dfb9e2464de1c3deef20c25c30a8306"},"inLanguage":"es","potentialAction":[{"@type":"ReadAction","target":["https:\/\/pilt.com.ar\/parque-industrial\/el-pilt-firmo-nuevos-convenios-de-cooperacion-con-organizaciones\/"]}]},{"@type":"ImageObject","inLanguage":"es","@id":"https:\/\/pilt.com.ar\/parque-industrial\/el-pilt-firmo-nuevos-convenios-de-cooperacion-con-organizaciones\/#primaryimage","url":"https:\/\/i0.wp.com\/pilt.com.ar\/parque-industrial\/wp-content\/uploads\/2025\/08\/Imagen-de-WhatsApp-2025-08-22-a-las-11.43.06_8577b063.jpg?fit=1600%2C901&ssl=1","contentUrl":"https:\/\/i0.wp.com\/pilt.com.ar\/parque-industrial\/wp-content\/uploads\/2025\/08\/Imagen-de-WhatsApp-2025-08-22-a-las-11.43.06_8577b063.jpg?fit=1600%2C901&ssl=1","width":1600,"height":901},{"@type":"WebSite","@id":"https:\/\/pilt.com.ar\/parque-industrial\/#website","url":"https:\/\/pilt.com.ar\/parque-industrial\/","name":"PILT.com.ar","description":"Parque Industrial, Log\u00edstico y Tecnol\u00f3gico Villa Mar\u00eda","potentialAction":[{"@type":"SearchAction","target":{"@type":"EntryPoint","urlTemplate":"https:\/\/pilt.com.ar\/parque-industrial\/?s={search_term_string}"},"query-input":{"@type":"PropertyValueSpecification","valueRequired":true,"valueName":"search_term_string"}}],"inLanguage":"es"},{"@type":"Person","@id":"https:\/\/pilt.com.ar\/parque-industrial\/#\/schema\/person\/2dfb9e2464de1c3deef20c25c30a8306","name":"PILT","image":{"@type":"ImageObject","inLanguage":"es","@id":"https:\/\/secure.gravatar.com\/avatar\/5e3734c8d8c8e0b0d45f923c14a14d7b90521d573d02f0d91360a777095ee42b?s=96&d=mm&r=g","url":"https:\/\/secure.gravatar.com\/avatar\/5e3734c8d8c8e0b0d45f923c14a14d7b90521d573d02f0d91360a777095ee42b?s=96&d=mm&r=g","contentUrl":"https:\/\/secure.gravatar.com\/avatar\/5e3734c8d8c8e0b0d45f923c14a14d7b90521d573d02f0d91360a777095ee42b?s=96&d=mm&r=g","caption":"PILT"},"url":"https:\/\/pilt.com.ar\/parque-industrial\/author\/pilt\/"}]}},"jetpack_featured_media_url":"https:\/\/i0.wp.com\/pilt.com.ar\/parque-industrial\/wp-content\/uploads\/2025\/08\/Imagen-de-WhatsApp-2025-08-22-a-las-11.43.06_8577b063.jpg?fit=1600%2C901&ssl=1","jetpack_sharing_enabled":true,"_links":{"self":[{"href":"https:\/\/pilt.com.ar\/parque-industrial\/wp-json\/wp\/v2\/posts\/3815","targetHints":{"allow":["GET"]}}],"collection":[{"href":"https:\/\/pilt.com.ar\/parque-industrial\/wp-json\/wp\/v2\/posts"}],"about":[{"href":"https:\/\/pilt.com.ar\/parque-industrial\/wp-json\/wp\/v2\/types\/post"}],"author":[{"embeddable":true,"href":"https:\/\/pilt.com.ar\/parque-industrial\/wp-json\/wp\/v2\/users\/3"}],"replies":[{"embeddable":true,"href":"https:\/\/pilt.com.ar\/parque-industrial\/wp-json\/wp\/v2\/comments?post=3815"}],"version-history":[{"count":1,"href":"https:\/\/pilt.com.ar\/parque-industrial\/wp-json\/wp\/v2\/posts\/3815\/revisions"}],"predecessor-version":[{"id":3817,"href":"https:\/\/pilt.com.ar\/parque-industrial\/wp-json\/wp\/v2\/posts\/3815\/revisions\/3817"}],"wp:featuredmedia":[{"embeddable":true,"href":"https:\/\/pilt.com.ar\/parque-industrial\/wp-json\/wp\/v2\/media\/3816"}],"wp:attachment":[{"href":"https:\/\/pilt.com.ar\/parque-industrial\/wp-json\/wp\/v2\/media?parent=3815"}],"wp:term":[{"taxonomy":"category","embeddable":true,"href":"https:\/\/pilt.com.ar\/parque-industrial\/wp-json\/wp\/v2\/categories?post=3815"},{"taxonomy":"post_tag","embeddable":true,"href":"https:\/\/pilt.com.ar\/parque-industrial\/wp-json\/wp\/v2\/tags?post=3815"}],"curies":[{"name":"wp","href":"https:\/\/api.w.org\/{rel}","templated":true}]}}