{"id":3802,"date":"2025-08-08T15:24:45","date_gmt":"2025-08-08T18:24:45","guid":{"rendered":"https:\/\/pilt.com.ar\/parque-industrial\/?p=3802"},"modified":"2025-08-08T15:24:46","modified_gmt":"2025-08-08T18:24:46","slug":"la-proxima-semana-se-concretara-el-dia-pyme-en-el-pilt","status":"publish","type":"post","link":"https:\/\/pilt.com.ar\/parque-industrial\/la-proxima-semana-se-concretara-el-dia-pyme-en-el-pilt\/","title":{"rendered":"LA PR\u00d3XIMA SEMANA SE CONCRETAR\u00c1 EL \u201cD\u00cdA PYME\u201d EN EL PILT"},"content":{"rendered":"\n<p><em>La actividad, organizada por la C\u00e1mara Argentina de Sociedades y Fondos de Garant\u00eda, se llevar\u00e1 a cabo el pr\u00f3ximo jueves 14 de agosto en el sal\u00f3n de usos m\u00faltiples de la entidad.<\/em><\/p>\n\n\n\n<p>Con el objetivo de brindar herramientas financieras a emprendedores y pymes, promoviendo el acceso al sistema de garant\u00edas rec\u00edprocas, los microcr\u00e9ditos y otros instrumentos de financiamiento productivo, se concretar\u00e1 el pr\u00f3ximo jueves 14 del corriente, entre las 9:00 y las 13:00, el denominado \u201cD\u00eda Pyme\u201d.<\/p>\n\n\n\n<p>La iniciativa cuenta con la organizaci\u00f3n de la C\u00e1mara Argentina de Sociedades y Fondos de Garant\u00eda (CASFOG) y Focus Investment Management, y el acompa\u00f1amiento del Gobierno de C\u00f3rdoba, la Municipalidad de Villa Mar\u00eda, SePyME (Ministerio de Industria), la Bolsa de Comercio de C\u00f3rdoba, y el Parque Industrial, Log\u00edstico y Tecnol\u00f3gico Villa Mar\u00eda (PILT).<\/p>\n\n\n\n<p>Vale la pena mencionar que los \u201cD\u00edas Pymes\u201d tienen por finalidad acercar el sistema de garant\u00edas a las empresas y emprendedores de todo el pa\u00eds, y al mismo tiempo generar instancias de relacionamiento y articulaci\u00f3n con actores claves del entramado productivo y financiero (sector p\u00fablico, c\u00e1maras empresarias, bancos, entidades del mercado de capitales, entre otras).<\/p>\n\n\n\n<p>La jornada tendr\u00e1 dos grandes momentos. En primer lugar, se realizar\u00e1n distintas presentaciones orientadas a mostrar el sistema de garant\u00edas y los beneficios para las pymes. Luego, habr\u00e1 una ronda de negocios para que las empresas puedan interactuar con SGR, fondos, bancos, entidades vinculadas al mercado de capitales e instituciones afines.<\/p>\n\n\n\n<p>La jornada est\u00e1 dirigida a:<\/p>\n\n\n\n<p>* Emprendedores y pymes locales que buscan expandir sus operaciones.<\/p>\n\n\n\n<p>* Referentes del sector industrial y comercial.<\/p>\n\n\n\n<p>* Instituciones financieras y entidades p\u00fablicas vinculadas al desarrollo productivo.<\/p>\n\n\n\n<p><strong>Empresas familiares<\/strong><\/p>\n\n\n\n<p>Por otra parte, el mi\u00e9rcoles 13 de agosto, a partir de las 9:00 hs., se desarrollar\u00e1 una charla abierta en el SUM del PILT sobre empresas de familia, organizada por el Instituto Argentino de la Empresa Familiar (IADEF) y el Ente.<\/p>\n\n\n\n<p>La misma se titula \u201c\u00bfC\u00f3mo evitar errores que cuestan generaciones?\u201d y estar\u00e1 a cargo de la Cra. Patricia Correa, directora de la sede Villa Mar\u00eda de IADEF.<\/p>\n\n\n\n<p>El espacio se propone reflexionar sobre la sucesi\u00f3n, el rol de cada integrante, los \u00f3rganos de gobierno, los conflictos comunes y c\u00f3mo fortalecer a la empresa familiar desde adentro.<\/p>\n","protected":false},"excerpt":{"rendered":"<p>La actividad, organizada por la C\u00e1mara Argentina de Sociedades y Fondos de Garant\u00eda, se llevar\u00e1 a cabo el pr\u00f3ximo jueves 14 de agosto en el sal\u00f3n de usos m\u00faltiples de la entidad. Con el objetivo de brindar herramientas financieras a emprendedores y pymes, promoviendo el acceso al sistema de garant\u00edas rec\u00edprocas, los microcr\u00e9ditos y otros [&hellip;]<\/p>\n","protected":false},"author":3,"featured_media":3803,"comment_status":"open","ping_status":"open","sticky":false,"template":"","format":"standard","meta":{"_jetpack_memberships_contains_paid_content":false,"footnotes":""},"categories":[2],"tags":[],"class_list":["post-3802","post","type-post","status-publish","format-standard","has-post-thumbnail","hentry","category-noticias"],"yoast_head":"<!-- This site is optimized with the Yoast SEO plugin v27.5 - https:\/\/yoast.com\/product\/yoast-seo-wordpress\/ -->\n<title>LA PR\u00d3XIMA SEMANA SE CONCRETAR\u00c1 EL \u201cD\u00cdA PYME\u201d EN EL PILT - PILT.com.ar<\/title>\n<meta name=\"robots\" content=\"index, follow, max-snippet:-1, max-image-preview:large, max-video-preview:-1\" \/>\n<link rel=\"canonical\" href=\"https:\/\/pilt.com.ar\/parque-industrial\/la-proxima-semana-se-concretara-el-dia-pyme-en-el-pilt\/\" \/>\n<meta property=\"og:locale\" content=\"es_ES\" \/>\n<meta property=\"og:type\" content=\"article\" \/>\n<meta property=\"og:title\" content=\"LA PR\u00d3XIMA SEMANA SE CONCRETAR\u00c1 EL \u201cD\u00cdA PYME\u201d EN EL PILT - PILT.com.ar\" \/>\n<meta property=\"og:description\" content=\"La actividad, organizada por la C\u00e1mara Argentina de Sociedades y Fondos de Garant\u00eda, se llevar\u00e1 a cabo el pr\u00f3ximo jueves 14 de agosto en el sal\u00f3n de usos m\u00faltiples de la entidad. Con el objetivo de brindar herramientas financieras a emprendedores y pymes, promoviendo el acceso al sistema de garant\u00edas rec\u00edprocas, los microcr\u00e9ditos y otros [&hellip;]\" \/>\n<meta property=\"og:url\" content=\"https:\/\/pilt.com.ar\/parque-industrial\/la-proxima-semana-se-concretara-el-dia-pyme-en-el-pilt\/\" \/>\n<meta property=\"og:site_name\" content=\"PILT.com.ar\" \/>\n<meta property=\"article:published_time\" content=\"2025-08-08T18:24:45+00:00\" \/>\n<meta property=\"article:modified_time\" content=\"2025-08-08T18:24:46+00:00\" \/>\n<meta property=\"og:image\" content=\"https:\/\/i0.wp.com\/pilt.com.ar\/parque-industrial\/wp-content\/uploads\/2025\/08\/Imagen-de-WhatsApp-2025-08-08-a-las-10.34.44_fe865e36.jpg?fit=1600%2C1066&ssl=1\" \/>\n\t<meta property=\"og:image:width\" content=\"1600\" \/>\n\t<meta property=\"og:image:height\" content=\"1066\" \/>\n\t<meta property=\"og:image:type\" content=\"image\/jpeg\" \/>\n<meta name=\"author\" content=\"PILT\" \/>\n<meta name=\"twitter:card\" content=\"summary_large_image\" \/>\n<meta name=\"twitter:label1\" content=\"Escrito por\" \/>\n\t<meta name=\"twitter:data1\" content=\"PILT\" \/>\n\t<meta name=\"twitter:label2\" content=\"Tiempo de lectura\" \/>\n\t<meta name=\"twitter:data2\" content=\"2 minutos\" \/>\n<script type=\"application\/ld+json\" class=\"yoast-schema-graph\">{\"@context\":\"https:\\\/\\\/schema.org\",\"@graph\":[{\"@type\":\"Article\",\"@id\":\"https:\\\/\\\/pilt.com.ar\\\/parque-industrial\\\/la-proxima-semana-se-concretara-el-dia-pyme-en-el-pilt\\\/#article\",\"isPartOf\":{\"@id\":\"https:\\\/\\\/pilt.com.ar\\\/parque-industrial\\\/la-proxima-semana-se-concretara-el-dia-pyme-en-el-pilt\\\/\"},\"author\":{\"name\":\"PILT\",\"@id\":\"https:\\\/\\\/pilt.com.ar\\\/parque-industrial\\\/#\\\/schema\\\/person\\\/2dfb9e2464de1c3deef20c25c30a8306\"},\"headline\":\"LA PR\u00d3XIMA SEMANA SE CONCRETAR\u00c1 EL \u201cD\u00cdA PYME\u201d EN EL PILT\",\"datePublished\":\"2025-08-08T18:24:45+00:00\",\"dateModified\":\"2025-08-08T18:24:46+00:00\",\"mainEntityOfPage\":{\"@id\":\"https:\\\/\\\/pilt.com.ar\\\/parque-industrial\\\/la-proxima-semana-se-concretara-el-dia-pyme-en-el-pilt\\\/\"},\"wordCount\":405,\"commentCount\":0,\"image\":{\"@id\":\"https:\\\/\\\/pilt.com.ar\\\/parque-industrial\\\/la-proxima-semana-se-concretara-el-dia-pyme-en-el-pilt\\\/#primaryimage\"},\"thumbnailUrl\":\"https:\\\/\\\/i0.wp.com\\\/pilt.com.ar\\\/parque-industrial\\\/wp-content\\\/uploads\\\/2025\\\/08\\\/Imagen-de-WhatsApp-2025-08-08-a-las-10.34.44_fe865e36.jpg?fit=1600%2C1066&ssl=1\",\"articleSection\":[\"Noticias\"],\"inLanguage\":\"es\",\"potentialAction\":[{\"@type\":\"CommentAction\",\"name\":\"Comment\",\"target\":[\"https:\\\/\\\/pilt.com.ar\\\/parque-industrial\\\/la-proxima-semana-se-concretara-el-dia-pyme-en-el-pilt\\\/#respond\"]}]},{\"@type\":\"WebPage\",\"@id\":\"https:\\\/\\\/pilt.com.ar\\\/parque-industrial\\\/la-proxima-semana-se-concretara-el-dia-pyme-en-el-pilt\\\/\",\"url\":\"https:\\\/\\\/pilt.com.ar\\\/parque-industrial\\\/la-proxima-semana-se-concretara-el-dia-pyme-en-el-pilt\\\/\",\"name\":\"LA PR\u00d3XIMA SEMANA SE CONCRETAR\u00c1 EL \u201cD\u00cdA PYME\u201d EN EL PILT - PILT.com.ar\",\"isPartOf\":{\"@id\":\"https:\\\/\\\/pilt.com.ar\\\/parque-industrial\\\/#website\"},\"primaryImageOfPage\":{\"@id\":\"https:\\\/\\\/pilt.com.ar\\\/parque-industrial\\\/la-proxima-semana-se-concretara-el-dia-pyme-en-el-pilt\\\/#primaryimage\"},\"image\":{\"@id\":\"https:\\\/\\\/pilt.com.ar\\\/parque-industrial\\\/la-proxima-semana-se-concretara-el-dia-pyme-en-el-pilt\\\/#primaryimage\"},\"thumbnailUrl\":\"https:\\\/\\\/i0.wp.com\\\/pilt.com.ar\\\/parque-industrial\\\/wp-content\\\/uploads\\\/2025\\\/08\\\/Imagen-de-WhatsApp-2025-08-08-a-las-10.34.44_fe865e36.jpg?fit=1600%2C1066&ssl=1\",\"datePublished\":\"2025-08-08T18:24:45+00:00\",\"dateModified\":\"2025-08-08T18:24:46+00:00\",\"author\":{\"@id\":\"https:\\\/\\\/pilt.com.ar\\\/parque-industrial\\\/#\\\/schema\\\/person\\\/2dfb9e2464de1c3deef20c25c30a8306\"},\"inLanguage\":\"es\",\"potentialAction\":[{\"@type\":\"ReadAction\",\"target\":[\"https:\\\/\\\/pilt.com.ar\\\/parque-industrial\\\/la-proxima-semana-se-concretara-el-dia-pyme-en-el-pilt\\\/\"]}]},{\"@type\":\"ImageObject\",\"inLanguage\":\"es\",\"@id\":\"https:\\\/\\\/pilt.com.ar\\\/parque-industrial\\\/la-proxima-semana-se-concretara-el-dia-pyme-en-el-pilt\\\/#primaryimage\",\"url\":\"https:\\\/\\\/i0.wp.com\\\/pilt.com.ar\\\/parque-industrial\\\/wp-content\\\/uploads\\\/2025\\\/08\\\/Imagen-de-WhatsApp-2025-08-08-a-las-10.34.44_fe865e36.jpg?fit=1600%2C1066&ssl=1\",\"contentUrl\":\"https:\\\/\\\/i0.wp.com\\\/pilt.com.ar\\\/parque-industrial\\\/wp-content\\\/uploads\\\/2025\\\/08\\\/Imagen-de-WhatsApp-2025-08-08-a-las-10.34.44_fe865e36.jpg?fit=1600%2C1066&ssl=1\",\"width\":1600,\"height\":1066},{\"@type\":\"WebSite\",\"@id\":\"https:\\\/\\\/pilt.com.ar\\\/parque-industrial\\\/#website\",\"url\":\"https:\\\/\\\/pilt.com.ar\\\/parque-industrial\\\/\",\"name\":\"PILT.com.ar\",\"description\":\"Parque Industrial, Log\u00edstico y Tecnol\u00f3gico Villa Mar\u00eda\",\"potentialAction\":[{\"@type\":\"SearchAction\",\"target\":{\"@type\":\"EntryPoint\",\"urlTemplate\":\"https:\\\/\\\/pilt.com.ar\\\/parque-industrial\\\/?s={search_term_string}\"},\"query-input\":{\"@type\":\"PropertyValueSpecification\",\"valueRequired\":true,\"valueName\":\"search_term_string\"}}],\"inLanguage\":\"es\"},{\"@type\":\"Person\",\"@id\":\"https:\\\/\\\/pilt.com.ar\\\/parque-industrial\\\/#\\\/schema\\\/person\\\/2dfb9e2464de1c3deef20c25c30a8306\",\"name\":\"PILT\",\"image\":{\"@type\":\"ImageObject\",\"inLanguage\":\"es\",\"@id\":\"https:\\\/\\\/secure.gravatar.com\\\/avatar\\\/5e3734c8d8c8e0b0d45f923c14a14d7b90521d573d02f0d91360a777095ee42b?s=96&d=mm&r=g\",\"url\":\"https:\\\/\\\/secure.gravatar.com\\\/avatar\\\/5e3734c8d8c8e0b0d45f923c14a14d7b90521d573d02f0d91360a777095ee42b?s=96&d=mm&r=g\",\"contentUrl\":\"https:\\\/\\\/secure.gravatar.com\\\/avatar\\\/5e3734c8d8c8e0b0d45f923c14a14d7b90521d573d02f0d91360a777095ee42b?s=96&d=mm&r=g\",\"caption\":\"PILT\"},\"url\":\"https:\\\/\\\/pilt.com.ar\\\/parque-industrial\\\/author\\\/pilt\\\/\"}]}<\/script>\n<!-- \/ Yoast SEO plugin. -->","yoast_head_json":{"title":"LA PR\u00d3XIMA SEMANA SE CONCRETAR\u00c1 EL \u201cD\u00cdA PYME\u201d EN EL PILT - PILT.com.ar","robots":{"index":"index","follow":"follow","max-snippet":"max-snippet:-1","max-image-preview":"max-image-preview:large","max-video-preview":"max-video-preview:-1"},"canonical":"https:\/\/pilt.com.ar\/parque-industrial\/la-proxima-semana-se-concretara-el-dia-pyme-en-el-pilt\/","og_locale":"es_ES","og_type":"article","og_title":"LA PR\u00d3XIMA SEMANA SE CONCRETAR\u00c1 EL \u201cD\u00cdA PYME\u201d EN EL PILT - PILT.com.ar","og_description":"La actividad, organizada por la C\u00e1mara Argentina de Sociedades y Fondos de Garant\u00eda, se llevar\u00e1 a cabo el pr\u00f3ximo jueves 14 de agosto en el sal\u00f3n de usos m\u00faltiples de la entidad. Con el objetivo de brindar herramientas financieras a emprendedores y pymes, promoviendo el acceso al sistema de garant\u00edas rec\u00edprocas, los microcr\u00e9ditos y otros [&hellip;]","og_url":"https:\/\/pilt.com.ar\/parque-industrial\/la-proxima-semana-se-concretara-el-dia-pyme-en-el-pilt\/","og_site_name":"PILT.com.ar","article_published_time":"2025-08-08T18:24:45+00:00","article_modified_time":"2025-08-08T18:24:46+00:00","og_image":[{"width":1600,"height":1066,"url":"https:\/\/i0.wp.com\/pilt.com.ar\/parque-industrial\/wp-content\/uploads\/2025\/08\/Imagen-de-WhatsApp-2025-08-08-a-las-10.34.44_fe865e36.jpg?fit=1600%2C1066&ssl=1","type":"image\/jpeg"}],"author":"PILT","twitter_card":"summary_large_image","twitter_misc":{"Escrito por":"PILT","Tiempo de lectura":"2 minutos"},"schema":{"@context":"https:\/\/schema.org","@graph":[{"@type":"Article","@id":"https:\/\/pilt.com.ar\/parque-industrial\/la-proxima-semana-se-concretara-el-dia-pyme-en-el-pilt\/#article","isPartOf":{"@id":"https:\/\/pilt.com.ar\/parque-industrial\/la-proxima-semana-se-concretara-el-dia-pyme-en-el-pilt\/"},"author":{"name":"PILT","@id":"https:\/\/pilt.com.ar\/parque-industrial\/#\/schema\/person\/2dfb9e2464de1c3deef20c25c30a8306"},"headline":"LA PR\u00d3XIMA SEMANA SE CONCRETAR\u00c1 EL \u201cD\u00cdA PYME\u201d EN EL PILT","datePublished":"2025-08-08T18:24:45+00:00","dateModified":"2025-08-08T18:24:46+00:00","mainEntityOfPage":{"@id":"https:\/\/pilt.com.ar\/parque-industrial\/la-proxima-semana-se-concretara-el-dia-pyme-en-el-pilt\/"},"wordCount":405,"commentCount":0,"image":{"@id":"https:\/\/pilt.com.ar\/parque-industrial\/la-proxima-semana-se-concretara-el-dia-pyme-en-el-pilt\/#primaryimage"},"thumbnailUrl":"https:\/\/i0.wp.com\/pilt.com.ar\/parque-industrial\/wp-content\/uploads\/2025\/08\/Imagen-de-WhatsApp-2025-08-08-a-las-10.34.44_fe865e36.jpg?fit=1600%2C1066&ssl=1","articleSection":["Noticias"],"inLanguage":"es","potentialAction":[{"@type":"CommentAction","name":"Comment","target":["https:\/\/pilt.com.ar\/parque-industrial\/la-proxima-semana-se-concretara-el-dia-pyme-en-el-pilt\/#respond"]}]},{"@type":"WebPage","@id":"https:\/\/pilt.com.ar\/parque-industrial\/la-proxima-semana-se-concretara-el-dia-pyme-en-el-pilt\/","url":"https:\/\/pilt.com.ar\/parque-industrial\/la-proxima-semana-se-concretara-el-dia-pyme-en-el-pilt\/","name":"LA PR\u00d3XIMA SEMANA SE CONCRETAR\u00c1 EL \u201cD\u00cdA PYME\u201d EN EL PILT - PILT.com.ar","isPartOf":{"@id":"https:\/\/pilt.com.ar\/parque-industrial\/#website"},"primaryImageOfPage":{"@id":"https:\/\/pilt.com.ar\/parque-industrial\/la-proxima-semana-se-concretara-el-dia-pyme-en-el-pilt\/#primaryimage"},"image":{"@id":"https:\/\/pilt.com.ar\/parque-industrial\/la-proxima-semana-se-concretara-el-dia-pyme-en-el-pilt\/#primaryimage"},"thumbnailUrl":"https:\/\/i0.wp.com\/pilt.com.ar\/parque-industrial\/wp-content\/uploads\/2025\/08\/Imagen-de-WhatsApp-2025-08-08-a-las-10.34.44_fe865e36.jpg?fit=1600%2C1066&ssl=1","datePublished":"2025-08-08T18:24:45+00:00","dateModified":"2025-08-08T18:24:46+00:00","author":{"@id":"https:\/\/pilt.com.ar\/parque-industrial\/#\/schema\/person\/2dfb9e2464de1c3deef20c25c30a8306"},"inLanguage":"es","potentialAction":[{"@type":"ReadAction","target":["https:\/\/pilt.com.ar\/parque-industrial\/la-proxima-semana-se-concretara-el-dia-pyme-en-el-pilt\/"]}]},{"@type":"ImageObject","inLanguage":"es","@id":"https:\/\/pilt.com.ar\/parque-industrial\/la-proxima-semana-se-concretara-el-dia-pyme-en-el-pilt\/#primaryimage","url":"https:\/\/i0.wp.com\/pilt.com.ar\/parque-industrial\/wp-content\/uploads\/2025\/08\/Imagen-de-WhatsApp-2025-08-08-a-las-10.34.44_fe865e36.jpg?fit=1600%2C1066&ssl=1","contentUrl":"https:\/\/i0.wp.com\/pilt.com.ar\/parque-industrial\/wp-content\/uploads\/2025\/08\/Imagen-de-WhatsApp-2025-08-08-a-las-10.34.44_fe865e36.jpg?fit=1600%2C1066&ssl=1","width":1600,"height":1066},{"@type":"WebSite","@id":"https:\/\/pilt.com.ar\/parque-industrial\/#website","url":"https:\/\/pilt.com.ar\/parque-industrial\/","name":"PILT.com.ar","description":"Parque Industrial, Log\u00edstico y Tecnol\u00f3gico Villa Mar\u00eda","potentialAction":[{"@type":"SearchAction","target":{"@type":"EntryPoint","urlTemplate":"https:\/\/pilt.com.ar\/parque-industrial\/?s={search_term_string}"},"query-input":{"@type":"PropertyValueSpecification","valueRequired":true,"valueName":"search_term_string"}}],"inLanguage":"es"},{"@type":"Person","@id":"https:\/\/pilt.com.ar\/parque-industrial\/#\/schema\/person\/2dfb9e2464de1c3deef20c25c30a8306","name":"PILT","image":{"@type":"ImageObject","inLanguage":"es","@id":"https:\/\/secure.gravatar.com\/avatar\/5e3734c8d8c8e0b0d45f923c14a14d7b90521d573d02f0d91360a777095ee42b?s=96&d=mm&r=g","url":"https:\/\/secure.gravatar.com\/avatar\/5e3734c8d8c8e0b0d45f923c14a14d7b90521d573d02f0d91360a777095ee42b?s=96&d=mm&r=g","contentUrl":"https:\/\/secure.gravatar.com\/avatar\/5e3734c8d8c8e0b0d45f923c14a14d7b90521d573d02f0d91360a777095ee42b?s=96&d=mm&r=g","caption":"PILT"},"url":"https:\/\/pilt.com.ar\/parque-industrial\/author\/pilt\/"}]}},"jetpack_featured_media_url":"https:\/\/i0.wp.com\/pilt.com.ar\/parque-industrial\/wp-content\/uploads\/2025\/08\/Imagen-de-WhatsApp-2025-08-08-a-las-10.34.44_fe865e36.jpg?fit=1600%2C1066&ssl=1","jetpack_sharing_enabled":true,"_links":{"self":[{"href":"https:\/\/pilt.com.ar\/parque-industrial\/wp-json\/wp\/v2\/posts\/3802","targetHints":{"allow":["GET"]}}],"collection":[{"href":"https:\/\/pilt.com.ar\/parque-industrial\/wp-json\/wp\/v2\/posts"}],"about":[{"href":"https:\/\/pilt.com.ar\/parque-industrial\/wp-json\/wp\/v2\/types\/post"}],"author":[{"embeddable":true,"href":"https:\/\/pilt.com.ar\/parque-industrial\/wp-json\/wp\/v2\/users\/3"}],"replies":[{"embeddable":true,"href":"https:\/\/pilt.com.ar\/parque-industrial\/wp-json\/wp\/v2\/comments?post=3802"}],"version-history":[{"count":1,"href":"https:\/\/pilt.com.ar\/parque-industrial\/wp-json\/wp\/v2\/posts\/3802\/revisions"}],"predecessor-version":[{"id":3804,"href":"https:\/\/pilt.com.ar\/parque-industrial\/wp-json\/wp\/v2\/posts\/3802\/revisions\/3804"}],"wp:featuredmedia":[{"embeddable":true,"href":"https:\/\/pilt.com.ar\/parque-industrial\/wp-json\/wp\/v2\/media\/3803"}],"wp:attachment":[{"href":"https:\/\/pilt.com.ar\/parque-industrial\/wp-json\/wp\/v2\/media?parent=3802"}],"wp:term":[{"taxonomy":"category","embeddable":true,"href":"https:\/\/pilt.com.ar\/parque-industrial\/wp-json\/wp\/v2\/categories?post=3802"},{"taxonomy":"post_tag","embeddable":true,"href":"https:\/\/pilt.com.ar\/parque-industrial\/wp-json\/wp\/v2\/tags?post=3802"}],"curies":[{"name":"wp","href":"https:\/\/api.w.org\/{rel}","templated":true}]}}