{"id":3790,"date":"2025-07-25T14:50:22","date_gmt":"2025-07-25T17:50:22","guid":{"rendered":"https:\/\/pilt.com.ar\/parque-industrial\/?p=3790"},"modified":"2025-07-25T14:50:23","modified_gmt":"2025-07-25T17:50:23","slug":"el-movil-de-rutas-en-rojo-estuvo-esta-semana-en-el-pilt","status":"publish","type":"post","link":"https:\/\/pilt.com.ar\/parque-industrial\/el-movil-de-rutas-en-rojo-estuvo-esta-semana-en-el-pilt\/","title":{"rendered":"EL M\u00d3VIL DE \u201cRUTAS EN ROJO\u201d ESTUVO ESTA SEMANA EN EL PILT"},"content":{"rendered":"\n<p><em>Durante dos jornadas, el tr\u00e1iler interactivo del programa de seguridad vial visit\u00f3 el Parque Industrial, Log\u00edstico y Tecnol\u00f3gico Villa Mar\u00eda, promoviendo la concientizaci\u00f3n y prevenci\u00f3n de accidentes de tr\u00e1nsito.<\/em><\/p>\n\n\n\n<p>En el marco de la vinculaci\u00f3n entre el Parque Industrial, Log\u00edstico y Tecnol\u00f3gico Villa Mar\u00eda (PILT) y el Grupo Sancor Seguros, a trav\u00e9s del broker local Carlos Cecchel, el programa \u201cRutas en Rojo\u201d se hizo presente esta semana en el predio con su unidad m\u00f3vil de prevenci\u00f3n vial.<\/p>\n\n\n\n<p>Durante dos d\u00edas, el tr\u00e1iler especialmente equipado estuvo disponible para trabajadores, empresarios y visitantes del PILT. Esta acci\u00f3n forma parte de una iniciativa integral que busca promover la seguridad vial a trav\u00e9s de test psicof\u00edsicos y cognitivos gratuitos y confidenciales.<\/p>\n\n\n\n<p>El programa \u201cRutas en Rojo\u201d, en funcionamiento desde 2007, incluye diversas herramientas de concientizaci\u00f3n como un ciclo televisivo, portal web, jornadas de capacitaci\u00f3n y convenios con municipios y fuerzas de seguridad, adem\u00e1s del tr\u00e1iler interactivo.<\/p>\n\n\n\n<p>La unidad m\u00f3vil cuenta con ocho estaciones informatizadas donde se eval\u00faan diferentes aspectos relacionados a la conducci\u00f3n, como agudeza visual y auditiva, nivel de concentraci\u00f3n, fatiga, coordinaci\u00f3n y tiempo de reacci\u00f3n. Tambi\u00e9n se incluye un test cognitivo basado en cortometrajes animados que plantean situaciones reales de tr\u00e1nsito, en los que se debe elegir la respuesta m\u00e1s adecuada ante distintos est\u00edmulos.<\/p>\n\n\n\n<p>Las pruebas, que tienen una duraci\u00f3n aproximada de 10 minutos, est\u00e1n dirigidas a personas a partir de los 16 a\u00f1os. Los resultados se entregan de manera inmediata.<\/p>\n","protected":false},"excerpt":{"rendered":"<p>Durante dos jornadas, el tr\u00e1iler interactivo del programa de seguridad vial visit\u00f3 el Parque Industrial, Log\u00edstico y Tecnol\u00f3gico Villa Mar\u00eda, promoviendo la concientizaci\u00f3n y prevenci\u00f3n de accidentes de tr\u00e1nsito. En el marco de la vinculaci\u00f3n entre el Parque Industrial, Log\u00edstico y Tecnol\u00f3gico Villa Mar\u00eda (PILT) y el Grupo Sancor Seguros, a trav\u00e9s del broker local [&hellip;]<\/p>\n","protected":false},"author":3,"featured_media":3791,"comment_status":"open","ping_status":"open","sticky":false,"template":"","format":"standard","meta":{"_jetpack_memberships_contains_paid_content":false,"footnotes":""},"categories":[2],"tags":[],"class_list":["post-3790","post","type-post","status-publish","format-standard","has-post-thumbnail","hentry","category-noticias"],"yoast_head":"<!-- This site is optimized with the Yoast SEO plugin v27.5 - https:\/\/yoast.com\/product\/yoast-seo-wordpress\/ -->\n<title>EL M\u00d3VIL DE \u201cRUTAS EN ROJO\u201d ESTUVO ESTA SEMANA EN EL PILT - PILT.com.ar<\/title>\n<meta name=\"robots\" content=\"index, follow, max-snippet:-1, max-image-preview:large, max-video-preview:-1\" \/>\n<link rel=\"canonical\" href=\"https:\/\/pilt.com.ar\/parque-industrial\/el-movil-de-rutas-en-rojo-estuvo-esta-semana-en-el-pilt\/\" \/>\n<meta property=\"og:locale\" content=\"es_ES\" \/>\n<meta property=\"og:type\" content=\"article\" \/>\n<meta property=\"og:title\" content=\"EL M\u00d3VIL DE \u201cRUTAS EN ROJO\u201d ESTUVO ESTA SEMANA EN EL PILT - PILT.com.ar\" \/>\n<meta property=\"og:description\" content=\"Durante dos jornadas, el tr\u00e1iler interactivo del programa de seguridad vial visit\u00f3 el Parque Industrial, Log\u00edstico y Tecnol\u00f3gico Villa Mar\u00eda, promoviendo la concientizaci\u00f3n y prevenci\u00f3n de accidentes de tr\u00e1nsito. En el marco de la vinculaci\u00f3n entre el Parque Industrial, Log\u00edstico y Tecnol\u00f3gico Villa Mar\u00eda (PILT) y el Grupo Sancor Seguros, a trav\u00e9s del broker local [&hellip;]\" \/>\n<meta property=\"og:url\" content=\"https:\/\/pilt.com.ar\/parque-industrial\/el-movil-de-rutas-en-rojo-estuvo-esta-semana-en-el-pilt\/\" \/>\n<meta property=\"og:site_name\" content=\"PILT.com.ar\" \/>\n<meta property=\"article:published_time\" content=\"2025-07-25T17:50:22+00:00\" \/>\n<meta property=\"article:modified_time\" content=\"2025-07-25T17:50:23+00:00\" \/>\n<meta property=\"og:image\" content=\"https:\/\/i0.wp.com\/pilt.com.ar\/parque-industrial\/wp-content\/uploads\/2025\/07\/Imagen-de-WhatsApp-2025-07-25-a-las-09.42.55_4c0bd139.jpg?fit=1600%2C900&ssl=1\" \/>\n\t<meta property=\"og:image:width\" content=\"1600\" \/>\n\t<meta property=\"og:image:height\" content=\"900\" \/>\n\t<meta property=\"og:image:type\" content=\"image\/jpeg\" \/>\n<meta name=\"author\" content=\"PILT\" \/>\n<meta name=\"twitter:card\" content=\"summary_large_image\" \/>\n<meta name=\"twitter:label1\" content=\"Escrito por\" \/>\n\t<meta name=\"twitter:data1\" content=\"PILT\" \/>\n\t<meta name=\"twitter:label2\" content=\"Tiempo de lectura\" \/>\n\t<meta name=\"twitter:data2\" content=\"2 minutos\" \/>\n<script type=\"application\/ld+json\" class=\"yoast-schema-graph\">{\"@context\":\"https:\\\/\\\/schema.org\",\"@graph\":[{\"@type\":\"Article\",\"@id\":\"https:\\\/\\\/pilt.com.ar\\\/parque-industrial\\\/el-movil-de-rutas-en-rojo-estuvo-esta-semana-en-el-pilt\\\/#article\",\"isPartOf\":{\"@id\":\"https:\\\/\\\/pilt.com.ar\\\/parque-industrial\\\/el-movil-de-rutas-en-rojo-estuvo-esta-semana-en-el-pilt\\\/\"},\"author\":{\"name\":\"PILT\",\"@id\":\"https:\\\/\\\/pilt.com.ar\\\/parque-industrial\\\/#\\\/schema\\\/person\\\/2dfb9e2464de1c3deef20c25c30a8306\"},\"headline\":\"EL M\u00d3VIL DE \u201cRUTAS EN ROJO\u201d ESTUVO ESTA SEMANA EN EL PILT\",\"datePublished\":\"2025-07-25T17:50:22+00:00\",\"dateModified\":\"2025-07-25T17:50:23+00:00\",\"mainEntityOfPage\":{\"@id\":\"https:\\\/\\\/pilt.com.ar\\\/parque-industrial\\\/el-movil-de-rutas-en-rojo-estuvo-esta-semana-en-el-pilt\\\/\"},\"wordCount\":285,\"commentCount\":0,\"image\":{\"@id\":\"https:\\\/\\\/pilt.com.ar\\\/parque-industrial\\\/el-movil-de-rutas-en-rojo-estuvo-esta-semana-en-el-pilt\\\/#primaryimage\"},\"thumbnailUrl\":\"https:\\\/\\\/i0.wp.com\\\/pilt.com.ar\\\/parque-industrial\\\/wp-content\\\/uploads\\\/2025\\\/07\\\/Imagen-de-WhatsApp-2025-07-25-a-las-09.42.55_4c0bd139.jpg?fit=1600%2C900&ssl=1\",\"articleSection\":[\"Noticias\"],\"inLanguage\":\"es\",\"potentialAction\":[{\"@type\":\"CommentAction\",\"name\":\"Comment\",\"target\":[\"https:\\\/\\\/pilt.com.ar\\\/parque-industrial\\\/el-movil-de-rutas-en-rojo-estuvo-esta-semana-en-el-pilt\\\/#respond\"]}]},{\"@type\":\"WebPage\",\"@id\":\"https:\\\/\\\/pilt.com.ar\\\/parque-industrial\\\/el-movil-de-rutas-en-rojo-estuvo-esta-semana-en-el-pilt\\\/\",\"url\":\"https:\\\/\\\/pilt.com.ar\\\/parque-industrial\\\/el-movil-de-rutas-en-rojo-estuvo-esta-semana-en-el-pilt\\\/\",\"name\":\"EL M\u00d3VIL DE \u201cRUTAS EN ROJO\u201d ESTUVO ESTA SEMANA EN EL PILT - PILT.com.ar\",\"isPartOf\":{\"@id\":\"https:\\\/\\\/pilt.com.ar\\\/parque-industrial\\\/#website\"},\"primaryImageOfPage\":{\"@id\":\"https:\\\/\\\/pilt.com.ar\\\/parque-industrial\\\/el-movil-de-rutas-en-rojo-estuvo-esta-semana-en-el-pilt\\\/#primaryimage\"},\"image\":{\"@id\":\"https:\\\/\\\/pilt.com.ar\\\/parque-industrial\\\/el-movil-de-rutas-en-rojo-estuvo-esta-semana-en-el-pilt\\\/#primaryimage\"},\"thumbnailUrl\":\"https:\\\/\\\/i0.wp.com\\\/pilt.com.ar\\\/parque-industrial\\\/wp-content\\\/uploads\\\/2025\\\/07\\\/Imagen-de-WhatsApp-2025-07-25-a-las-09.42.55_4c0bd139.jpg?fit=1600%2C900&ssl=1\",\"datePublished\":\"2025-07-25T17:50:22+00:00\",\"dateModified\":\"2025-07-25T17:50:23+00:00\",\"author\":{\"@id\":\"https:\\\/\\\/pilt.com.ar\\\/parque-industrial\\\/#\\\/schema\\\/person\\\/2dfb9e2464de1c3deef20c25c30a8306\"},\"inLanguage\":\"es\",\"potentialAction\":[{\"@type\":\"ReadAction\",\"target\":[\"https:\\\/\\\/pilt.com.ar\\\/parque-industrial\\\/el-movil-de-rutas-en-rojo-estuvo-esta-semana-en-el-pilt\\\/\"]}]},{\"@type\":\"ImageObject\",\"inLanguage\":\"es\",\"@id\":\"https:\\\/\\\/pilt.com.ar\\\/parque-industrial\\\/el-movil-de-rutas-en-rojo-estuvo-esta-semana-en-el-pilt\\\/#primaryimage\",\"url\":\"https:\\\/\\\/i0.wp.com\\\/pilt.com.ar\\\/parque-industrial\\\/wp-content\\\/uploads\\\/2025\\\/07\\\/Imagen-de-WhatsApp-2025-07-25-a-las-09.42.55_4c0bd139.jpg?fit=1600%2C900&ssl=1\",\"contentUrl\":\"https:\\\/\\\/i0.wp.com\\\/pilt.com.ar\\\/parque-industrial\\\/wp-content\\\/uploads\\\/2025\\\/07\\\/Imagen-de-WhatsApp-2025-07-25-a-las-09.42.55_4c0bd139.jpg?fit=1600%2C900&ssl=1\",\"width\":1600,\"height\":900},{\"@type\":\"WebSite\",\"@id\":\"https:\\\/\\\/pilt.com.ar\\\/parque-industrial\\\/#website\",\"url\":\"https:\\\/\\\/pilt.com.ar\\\/parque-industrial\\\/\",\"name\":\"PILT.com.ar\",\"description\":\"Parque Industrial, Log\u00edstico y Tecnol\u00f3gico Villa Mar\u00eda\",\"potentialAction\":[{\"@type\":\"SearchAction\",\"target\":{\"@type\":\"EntryPoint\",\"urlTemplate\":\"https:\\\/\\\/pilt.com.ar\\\/parque-industrial\\\/?s={search_term_string}\"},\"query-input\":{\"@type\":\"PropertyValueSpecification\",\"valueRequired\":true,\"valueName\":\"search_term_string\"}}],\"inLanguage\":\"es\"},{\"@type\":\"Person\",\"@id\":\"https:\\\/\\\/pilt.com.ar\\\/parque-industrial\\\/#\\\/schema\\\/person\\\/2dfb9e2464de1c3deef20c25c30a8306\",\"name\":\"PILT\",\"image\":{\"@type\":\"ImageObject\",\"inLanguage\":\"es\",\"@id\":\"https:\\\/\\\/secure.gravatar.com\\\/avatar\\\/5e3734c8d8c8e0b0d45f923c14a14d7b90521d573d02f0d91360a777095ee42b?s=96&d=mm&r=g\",\"url\":\"https:\\\/\\\/secure.gravatar.com\\\/avatar\\\/5e3734c8d8c8e0b0d45f923c14a14d7b90521d573d02f0d91360a777095ee42b?s=96&d=mm&r=g\",\"contentUrl\":\"https:\\\/\\\/secure.gravatar.com\\\/avatar\\\/5e3734c8d8c8e0b0d45f923c14a14d7b90521d573d02f0d91360a777095ee42b?s=96&d=mm&r=g\",\"caption\":\"PILT\"},\"url\":\"https:\\\/\\\/pilt.com.ar\\\/parque-industrial\\\/author\\\/pilt\\\/\"}]}<\/script>\n<!-- \/ Yoast SEO plugin. -->","yoast_head_json":{"title":"EL M\u00d3VIL DE \u201cRUTAS EN ROJO\u201d ESTUVO ESTA SEMANA EN EL PILT - PILT.com.ar","robots":{"index":"index","follow":"follow","max-snippet":"max-snippet:-1","max-image-preview":"max-image-preview:large","max-video-preview":"max-video-preview:-1"},"canonical":"https:\/\/pilt.com.ar\/parque-industrial\/el-movil-de-rutas-en-rojo-estuvo-esta-semana-en-el-pilt\/","og_locale":"es_ES","og_type":"article","og_title":"EL M\u00d3VIL DE \u201cRUTAS EN ROJO\u201d ESTUVO ESTA SEMANA EN EL PILT - PILT.com.ar","og_description":"Durante dos jornadas, el tr\u00e1iler interactivo del programa de seguridad vial visit\u00f3 el Parque Industrial, Log\u00edstico y Tecnol\u00f3gico Villa Mar\u00eda, promoviendo la concientizaci\u00f3n y prevenci\u00f3n de accidentes de tr\u00e1nsito. En el marco de la vinculaci\u00f3n entre el Parque Industrial, Log\u00edstico y Tecnol\u00f3gico Villa Mar\u00eda (PILT) y el Grupo Sancor Seguros, a trav\u00e9s del broker local [&hellip;]","og_url":"https:\/\/pilt.com.ar\/parque-industrial\/el-movil-de-rutas-en-rojo-estuvo-esta-semana-en-el-pilt\/","og_site_name":"PILT.com.ar","article_published_time":"2025-07-25T17:50:22+00:00","article_modified_time":"2025-07-25T17:50:23+00:00","og_image":[{"width":1600,"height":900,"url":"https:\/\/i0.wp.com\/pilt.com.ar\/parque-industrial\/wp-content\/uploads\/2025\/07\/Imagen-de-WhatsApp-2025-07-25-a-las-09.42.55_4c0bd139.jpg?fit=1600%2C900&ssl=1","type":"image\/jpeg"}],"author":"PILT","twitter_card":"summary_large_image","twitter_misc":{"Escrito por":"PILT","Tiempo de lectura":"2 minutos"},"schema":{"@context":"https:\/\/schema.org","@graph":[{"@type":"Article","@id":"https:\/\/pilt.com.ar\/parque-industrial\/el-movil-de-rutas-en-rojo-estuvo-esta-semana-en-el-pilt\/#article","isPartOf":{"@id":"https:\/\/pilt.com.ar\/parque-industrial\/el-movil-de-rutas-en-rojo-estuvo-esta-semana-en-el-pilt\/"},"author":{"name":"PILT","@id":"https:\/\/pilt.com.ar\/parque-industrial\/#\/schema\/person\/2dfb9e2464de1c3deef20c25c30a8306"},"headline":"EL M\u00d3VIL DE \u201cRUTAS EN ROJO\u201d ESTUVO ESTA SEMANA EN EL PILT","datePublished":"2025-07-25T17:50:22+00:00","dateModified":"2025-07-25T17:50:23+00:00","mainEntityOfPage":{"@id":"https:\/\/pilt.com.ar\/parque-industrial\/el-movil-de-rutas-en-rojo-estuvo-esta-semana-en-el-pilt\/"},"wordCount":285,"commentCount":0,"image":{"@id":"https:\/\/pilt.com.ar\/parque-industrial\/el-movil-de-rutas-en-rojo-estuvo-esta-semana-en-el-pilt\/#primaryimage"},"thumbnailUrl":"https:\/\/i0.wp.com\/pilt.com.ar\/parque-industrial\/wp-content\/uploads\/2025\/07\/Imagen-de-WhatsApp-2025-07-25-a-las-09.42.55_4c0bd139.jpg?fit=1600%2C900&ssl=1","articleSection":["Noticias"],"inLanguage":"es","potentialAction":[{"@type":"CommentAction","name":"Comment","target":["https:\/\/pilt.com.ar\/parque-industrial\/el-movil-de-rutas-en-rojo-estuvo-esta-semana-en-el-pilt\/#respond"]}]},{"@type":"WebPage","@id":"https:\/\/pilt.com.ar\/parque-industrial\/el-movil-de-rutas-en-rojo-estuvo-esta-semana-en-el-pilt\/","url":"https:\/\/pilt.com.ar\/parque-industrial\/el-movil-de-rutas-en-rojo-estuvo-esta-semana-en-el-pilt\/","name":"EL M\u00d3VIL DE \u201cRUTAS EN ROJO\u201d ESTUVO ESTA SEMANA EN EL PILT - PILT.com.ar","isPartOf":{"@id":"https:\/\/pilt.com.ar\/parque-industrial\/#website"},"primaryImageOfPage":{"@id":"https:\/\/pilt.com.ar\/parque-industrial\/el-movil-de-rutas-en-rojo-estuvo-esta-semana-en-el-pilt\/#primaryimage"},"image":{"@id":"https:\/\/pilt.com.ar\/parque-industrial\/el-movil-de-rutas-en-rojo-estuvo-esta-semana-en-el-pilt\/#primaryimage"},"thumbnailUrl":"https:\/\/i0.wp.com\/pilt.com.ar\/parque-industrial\/wp-content\/uploads\/2025\/07\/Imagen-de-WhatsApp-2025-07-25-a-las-09.42.55_4c0bd139.jpg?fit=1600%2C900&ssl=1","datePublished":"2025-07-25T17:50:22+00:00","dateModified":"2025-07-25T17:50:23+00:00","author":{"@id":"https:\/\/pilt.com.ar\/parque-industrial\/#\/schema\/person\/2dfb9e2464de1c3deef20c25c30a8306"},"inLanguage":"es","potentialAction":[{"@type":"ReadAction","target":["https:\/\/pilt.com.ar\/parque-industrial\/el-movil-de-rutas-en-rojo-estuvo-esta-semana-en-el-pilt\/"]}]},{"@type":"ImageObject","inLanguage":"es","@id":"https:\/\/pilt.com.ar\/parque-industrial\/el-movil-de-rutas-en-rojo-estuvo-esta-semana-en-el-pilt\/#primaryimage","url":"https:\/\/i0.wp.com\/pilt.com.ar\/parque-industrial\/wp-content\/uploads\/2025\/07\/Imagen-de-WhatsApp-2025-07-25-a-las-09.42.55_4c0bd139.jpg?fit=1600%2C900&ssl=1","contentUrl":"https:\/\/i0.wp.com\/pilt.com.ar\/parque-industrial\/wp-content\/uploads\/2025\/07\/Imagen-de-WhatsApp-2025-07-25-a-las-09.42.55_4c0bd139.jpg?fit=1600%2C900&ssl=1","width":1600,"height":900},{"@type":"WebSite","@id":"https:\/\/pilt.com.ar\/parque-industrial\/#website","url":"https:\/\/pilt.com.ar\/parque-industrial\/","name":"PILT.com.ar","description":"Parque Industrial, Log\u00edstico y Tecnol\u00f3gico Villa Mar\u00eda","potentialAction":[{"@type":"SearchAction","target":{"@type":"EntryPoint","urlTemplate":"https:\/\/pilt.com.ar\/parque-industrial\/?s={search_term_string}"},"query-input":{"@type":"PropertyValueSpecification","valueRequired":true,"valueName":"search_term_string"}}],"inLanguage":"es"},{"@type":"Person","@id":"https:\/\/pilt.com.ar\/parque-industrial\/#\/schema\/person\/2dfb9e2464de1c3deef20c25c30a8306","name":"PILT","image":{"@type":"ImageObject","inLanguage":"es","@id":"https:\/\/secure.gravatar.com\/avatar\/5e3734c8d8c8e0b0d45f923c14a14d7b90521d573d02f0d91360a777095ee42b?s=96&d=mm&r=g","url":"https:\/\/secure.gravatar.com\/avatar\/5e3734c8d8c8e0b0d45f923c14a14d7b90521d573d02f0d91360a777095ee42b?s=96&d=mm&r=g","contentUrl":"https:\/\/secure.gravatar.com\/avatar\/5e3734c8d8c8e0b0d45f923c14a14d7b90521d573d02f0d91360a777095ee42b?s=96&d=mm&r=g","caption":"PILT"},"url":"https:\/\/pilt.com.ar\/parque-industrial\/author\/pilt\/"}]}},"jetpack_featured_media_url":"https:\/\/i0.wp.com\/pilt.com.ar\/parque-industrial\/wp-content\/uploads\/2025\/07\/Imagen-de-WhatsApp-2025-07-25-a-las-09.42.55_4c0bd139.jpg?fit=1600%2C900&ssl=1","jetpack_sharing_enabled":true,"_links":{"self":[{"href":"https:\/\/pilt.com.ar\/parque-industrial\/wp-json\/wp\/v2\/posts\/3790","targetHints":{"allow":["GET"]}}],"collection":[{"href":"https:\/\/pilt.com.ar\/parque-industrial\/wp-json\/wp\/v2\/posts"}],"about":[{"href":"https:\/\/pilt.com.ar\/parque-industrial\/wp-json\/wp\/v2\/types\/post"}],"author":[{"embeddable":true,"href":"https:\/\/pilt.com.ar\/parque-industrial\/wp-json\/wp\/v2\/users\/3"}],"replies":[{"embeddable":true,"href":"https:\/\/pilt.com.ar\/parque-industrial\/wp-json\/wp\/v2\/comments?post=3790"}],"version-history":[{"count":1,"href":"https:\/\/pilt.com.ar\/parque-industrial\/wp-json\/wp\/v2\/posts\/3790\/revisions"}],"predecessor-version":[{"id":3792,"href":"https:\/\/pilt.com.ar\/parque-industrial\/wp-json\/wp\/v2\/posts\/3790\/revisions\/3792"}],"wp:featuredmedia":[{"embeddable":true,"href":"https:\/\/pilt.com.ar\/parque-industrial\/wp-json\/wp\/v2\/media\/3791"}],"wp:attachment":[{"href":"https:\/\/pilt.com.ar\/parque-industrial\/wp-json\/wp\/v2\/media?parent=3790"}],"wp:term":[{"taxonomy":"category","embeddable":true,"href":"https:\/\/pilt.com.ar\/parque-industrial\/wp-json\/wp\/v2\/categories?post=3790"},{"taxonomy":"post_tag","embeddable":true,"href":"https:\/\/pilt.com.ar\/parque-industrial\/wp-json\/wp\/v2\/tags?post=3790"}],"curies":[{"name":"wp","href":"https:\/\/api.w.org\/{rel}","templated":true}]}}