{"id":3786,"date":"2025-07-18T15:25:45","date_gmt":"2025-07-18T18:25:45","guid":{"rendered":"https:\/\/pilt.com.ar\/parque-industrial\/?p=3786"},"modified":"2025-07-18T15:26:53","modified_gmt":"2025-07-18T18:26:53","slug":"pilt-vendio-un-importante-lote-a-una-empresa-asociada","status":"publish","type":"post","link":"https:\/\/pilt.com.ar\/parque-industrial\/pilt-vendio-un-importante-lote-a-una-empresa-asociada\/","title":{"rendered":"PILT VENDI\u00d3 UN IMPORTANTE LOTE A UNA EMPRESA ASOCIADA"},"content":{"rendered":"\n<p><em>Abastecimientos, firma que desde hace a\u00f1o est\u00e1 emplazada en el predio, defini\u00f3 la adquisici\u00f3n de un terreno de grandes dimensiones.<\/em><\/p>\n\n\n\n<p>Recientemente el presidente del Parque Industrial, Log\u00edstico y Tecnol\u00f3gico Villa Mar\u00eda (PILT), Ing. Carlos Pizzorno, junto al director Diego Colinas, firmaron un boleto de compraventa mediante el cual la entidad vendi\u00f3 a Alberto Plata Fregossi, de la empresa Abastecimientos, un lote de una superficie total de 7.782 metros cuadrados ubicado en la zona de industrias alimenticias, cercano a la actual planta de la firma.<\/p>\n\n\n\n<p>Cabe mencionar que Abastecimientos se especializa en la elaboraci\u00f3n y comercializaci\u00f3n de insumos para la industria l\u00e1ctea, como coagulantes y fermentos; aditivos, destac\u00e1ndose almidones e hidrocoloides; preservantes y test para detecci\u00f3n de antibi\u00f3ticos, entre otros. Tambi\u00e9n est\u00e1n trabajando en el sector citr\u00edcola, con jugos, y en el rubro de panificaci\u00f3n, contando con una planta piloto que est\u00e1 funcionando desde 2022.<\/p>\n\n\n\n<p>La empresa se encuentra en una etapa de fuerte inversi\u00f3n en infraestructura, con miras a fortalecer su presencia en diversas \u00e1reas de la industria alimentaria y hace poco tiempo inaugur\u00f3 en el PILT una nueva \u00e1rea de 900 metros cuadrados.<\/p>\n\n\n\n<p>Con la compra recientemente realizada, Abastecimientos se asegura el espacio para proyectos futuros, con la finalidad de continuar desarroll\u00e1ndose en la industria de la alimentaci\u00f3n.<\/p>\n\n\n\n<p><\/p>\n","protected":false},"excerpt":{"rendered":"<p>Abastecimientos, firma que desde hace a\u00f1o est\u00e1 emplazada en el predio, defini\u00f3 la adquisici\u00f3n de un terreno de grandes dimensiones. Recientemente el presidente del Parque Industrial, Log\u00edstico y Tecnol\u00f3gico Villa Mar\u00eda (PILT), Ing. Carlos Pizzorno, junto al director Diego Colinas, firmaron un boleto de compraventa mediante el cual la entidad vendi\u00f3 a Alberto Plata Fregossi, [&hellip;]<\/p>\n","protected":false},"author":3,"featured_media":3787,"comment_status":"open","ping_status":"open","sticky":false,"template":"","format":"standard","meta":{"_jetpack_memberships_contains_paid_content":false,"footnotes":""},"categories":[2],"tags":[],"class_list":["post-3786","post","type-post","status-publish","format-standard","has-post-thumbnail","hentry","category-noticias"],"yoast_head":"<!-- This site is optimized with the Yoast SEO plugin v27.5 - https:\/\/yoast.com\/product\/yoast-seo-wordpress\/ -->\n<title>PILT VENDI\u00d3 UN IMPORTANTE LOTE A UNA EMPRESA ASOCIADA - PILT.com.ar<\/title>\n<meta name=\"robots\" content=\"index, follow, max-snippet:-1, max-image-preview:large, max-video-preview:-1\" \/>\n<link rel=\"canonical\" href=\"https:\/\/pilt.com.ar\/parque-industrial\/pilt-vendio-un-importante-lote-a-una-empresa-asociada\/\" \/>\n<meta property=\"og:locale\" content=\"es_ES\" \/>\n<meta property=\"og:type\" content=\"article\" \/>\n<meta property=\"og:title\" content=\"PILT VENDI\u00d3 UN IMPORTANTE LOTE A UNA EMPRESA ASOCIADA - PILT.com.ar\" \/>\n<meta property=\"og:description\" content=\"Abastecimientos, firma que desde hace a\u00f1o est\u00e1 emplazada en el predio, defini\u00f3 la adquisici\u00f3n de un terreno de grandes dimensiones. Recientemente el presidente del Parque Industrial, Log\u00edstico y Tecnol\u00f3gico Villa Mar\u00eda (PILT), Ing. Carlos Pizzorno, junto al director Diego Colinas, firmaron un boleto de compraventa mediante el cual la entidad vendi\u00f3 a Alberto Plata Fregossi, [&hellip;]\" \/>\n<meta property=\"og:url\" content=\"https:\/\/pilt.com.ar\/parque-industrial\/pilt-vendio-un-importante-lote-a-una-empresa-asociada\/\" \/>\n<meta property=\"og:site_name\" content=\"PILT.com.ar\" \/>\n<meta property=\"article:published_time\" content=\"2025-07-18T18:25:45+00:00\" \/>\n<meta property=\"article:modified_time\" content=\"2025-07-18T18:26:53+00:00\" \/>\n<meta property=\"og:image\" content=\"https:\/\/i0.wp.com\/pilt.com.ar\/parque-industrial\/wp-content\/uploads\/2025\/07\/Imagen-de-WhatsApp-2025-07-18-a-las-12.53.28_0b963f8e.jpg?fit=1023%2C682&ssl=1\" \/>\n\t<meta property=\"og:image:width\" content=\"1023\" \/>\n\t<meta property=\"og:image:height\" content=\"682\" \/>\n\t<meta property=\"og:image:type\" content=\"image\/jpeg\" \/>\n<meta name=\"author\" content=\"PILT\" \/>\n<meta name=\"twitter:card\" content=\"summary_large_image\" \/>\n<meta name=\"twitter:label1\" content=\"Escrito por\" \/>\n\t<meta name=\"twitter:data1\" content=\"PILT\" \/>\n\t<meta name=\"twitter:label2\" content=\"Tiempo de lectura\" \/>\n\t<meta name=\"twitter:data2\" content=\"2 minutos\" \/>\n<script type=\"application\/ld+json\" class=\"yoast-schema-graph\">{\"@context\":\"https:\\\/\\\/schema.org\",\"@graph\":[{\"@type\":\"Article\",\"@id\":\"https:\\\/\\\/pilt.com.ar\\\/parque-industrial\\\/pilt-vendio-un-importante-lote-a-una-empresa-asociada\\\/#article\",\"isPartOf\":{\"@id\":\"https:\\\/\\\/pilt.com.ar\\\/parque-industrial\\\/pilt-vendio-un-importante-lote-a-una-empresa-asociada\\\/\"},\"author\":{\"name\":\"PILT\",\"@id\":\"https:\\\/\\\/pilt.com.ar\\\/parque-industrial\\\/#\\\/schema\\\/person\\\/2dfb9e2464de1c3deef20c25c30a8306\"},\"headline\":\"PILT VENDI\u00d3 UN IMPORTANTE LOTE A UNA EMPRESA ASOCIADA\",\"datePublished\":\"2025-07-18T18:25:45+00:00\",\"dateModified\":\"2025-07-18T18:26:53+00:00\",\"mainEntityOfPage\":{\"@id\":\"https:\\\/\\\/pilt.com.ar\\\/parque-industrial\\\/pilt-vendio-un-importante-lote-a-una-empresa-asociada\\\/\"},\"wordCount\":233,\"commentCount\":0,\"image\":{\"@id\":\"https:\\\/\\\/pilt.com.ar\\\/parque-industrial\\\/pilt-vendio-un-importante-lote-a-una-empresa-asociada\\\/#primaryimage\"},\"thumbnailUrl\":\"https:\\\/\\\/i0.wp.com\\\/pilt.com.ar\\\/parque-industrial\\\/wp-content\\\/uploads\\\/2025\\\/07\\\/Imagen-de-WhatsApp-2025-07-18-a-las-12.53.28_0b963f8e.jpg?fit=1023%2C682&ssl=1\",\"articleSection\":[\"Noticias\"],\"inLanguage\":\"es\",\"potentialAction\":[{\"@type\":\"CommentAction\",\"name\":\"Comment\",\"target\":[\"https:\\\/\\\/pilt.com.ar\\\/parque-industrial\\\/pilt-vendio-un-importante-lote-a-una-empresa-asociada\\\/#respond\"]}]},{\"@type\":\"WebPage\",\"@id\":\"https:\\\/\\\/pilt.com.ar\\\/parque-industrial\\\/pilt-vendio-un-importante-lote-a-una-empresa-asociada\\\/\",\"url\":\"https:\\\/\\\/pilt.com.ar\\\/parque-industrial\\\/pilt-vendio-un-importante-lote-a-una-empresa-asociada\\\/\",\"name\":\"PILT VENDI\u00d3 UN IMPORTANTE LOTE A UNA EMPRESA ASOCIADA - PILT.com.ar\",\"isPartOf\":{\"@id\":\"https:\\\/\\\/pilt.com.ar\\\/parque-industrial\\\/#website\"},\"primaryImageOfPage\":{\"@id\":\"https:\\\/\\\/pilt.com.ar\\\/parque-industrial\\\/pilt-vendio-un-importante-lote-a-una-empresa-asociada\\\/#primaryimage\"},\"image\":{\"@id\":\"https:\\\/\\\/pilt.com.ar\\\/parque-industrial\\\/pilt-vendio-un-importante-lote-a-una-empresa-asociada\\\/#primaryimage\"},\"thumbnailUrl\":\"https:\\\/\\\/i0.wp.com\\\/pilt.com.ar\\\/parque-industrial\\\/wp-content\\\/uploads\\\/2025\\\/07\\\/Imagen-de-WhatsApp-2025-07-18-a-las-12.53.28_0b963f8e.jpg?fit=1023%2C682&ssl=1\",\"datePublished\":\"2025-07-18T18:25:45+00:00\",\"dateModified\":\"2025-07-18T18:26:53+00:00\",\"author\":{\"@id\":\"https:\\\/\\\/pilt.com.ar\\\/parque-industrial\\\/#\\\/schema\\\/person\\\/2dfb9e2464de1c3deef20c25c30a8306\"},\"inLanguage\":\"es\",\"potentialAction\":[{\"@type\":\"ReadAction\",\"target\":[\"https:\\\/\\\/pilt.com.ar\\\/parque-industrial\\\/pilt-vendio-un-importante-lote-a-una-empresa-asociada\\\/\"]}]},{\"@type\":\"ImageObject\",\"inLanguage\":\"es\",\"@id\":\"https:\\\/\\\/pilt.com.ar\\\/parque-industrial\\\/pilt-vendio-un-importante-lote-a-una-empresa-asociada\\\/#primaryimage\",\"url\":\"https:\\\/\\\/i0.wp.com\\\/pilt.com.ar\\\/parque-industrial\\\/wp-content\\\/uploads\\\/2025\\\/07\\\/Imagen-de-WhatsApp-2025-07-18-a-las-12.53.28_0b963f8e.jpg?fit=1023%2C682&ssl=1\",\"contentUrl\":\"https:\\\/\\\/i0.wp.com\\\/pilt.com.ar\\\/parque-industrial\\\/wp-content\\\/uploads\\\/2025\\\/07\\\/Imagen-de-WhatsApp-2025-07-18-a-las-12.53.28_0b963f8e.jpg?fit=1023%2C682&ssl=1\",\"width\":1023,\"height\":682},{\"@type\":\"WebSite\",\"@id\":\"https:\\\/\\\/pilt.com.ar\\\/parque-industrial\\\/#website\",\"url\":\"https:\\\/\\\/pilt.com.ar\\\/parque-industrial\\\/\",\"name\":\"PILT.com.ar\",\"description\":\"Parque Industrial, Log\u00edstico y Tecnol\u00f3gico Villa Mar\u00eda\",\"potentialAction\":[{\"@type\":\"SearchAction\",\"target\":{\"@type\":\"EntryPoint\",\"urlTemplate\":\"https:\\\/\\\/pilt.com.ar\\\/parque-industrial\\\/?s={search_term_string}\"},\"query-input\":{\"@type\":\"PropertyValueSpecification\",\"valueRequired\":true,\"valueName\":\"search_term_string\"}}],\"inLanguage\":\"es\"},{\"@type\":\"Person\",\"@id\":\"https:\\\/\\\/pilt.com.ar\\\/parque-industrial\\\/#\\\/schema\\\/person\\\/2dfb9e2464de1c3deef20c25c30a8306\",\"name\":\"PILT\",\"image\":{\"@type\":\"ImageObject\",\"inLanguage\":\"es\",\"@id\":\"https:\\\/\\\/secure.gravatar.com\\\/avatar\\\/5e3734c8d8c8e0b0d45f923c14a14d7b90521d573d02f0d91360a777095ee42b?s=96&d=mm&r=g\",\"url\":\"https:\\\/\\\/secure.gravatar.com\\\/avatar\\\/5e3734c8d8c8e0b0d45f923c14a14d7b90521d573d02f0d91360a777095ee42b?s=96&d=mm&r=g\",\"contentUrl\":\"https:\\\/\\\/secure.gravatar.com\\\/avatar\\\/5e3734c8d8c8e0b0d45f923c14a14d7b90521d573d02f0d91360a777095ee42b?s=96&d=mm&r=g\",\"caption\":\"PILT\"},\"url\":\"https:\\\/\\\/pilt.com.ar\\\/parque-industrial\\\/author\\\/pilt\\\/\"}]}<\/script>\n<!-- \/ Yoast SEO plugin. -->","yoast_head_json":{"title":"PILT VENDI\u00d3 UN IMPORTANTE LOTE A UNA EMPRESA ASOCIADA - PILT.com.ar","robots":{"index":"index","follow":"follow","max-snippet":"max-snippet:-1","max-image-preview":"max-image-preview:large","max-video-preview":"max-video-preview:-1"},"canonical":"https:\/\/pilt.com.ar\/parque-industrial\/pilt-vendio-un-importante-lote-a-una-empresa-asociada\/","og_locale":"es_ES","og_type":"article","og_title":"PILT VENDI\u00d3 UN IMPORTANTE LOTE A UNA EMPRESA ASOCIADA - PILT.com.ar","og_description":"Abastecimientos, firma que desde hace a\u00f1o est\u00e1 emplazada en el predio, defini\u00f3 la adquisici\u00f3n de un terreno de grandes dimensiones. Recientemente el presidente del Parque Industrial, Log\u00edstico y Tecnol\u00f3gico Villa Mar\u00eda (PILT), Ing. Carlos Pizzorno, junto al director Diego Colinas, firmaron un boleto de compraventa mediante el cual la entidad vendi\u00f3 a Alberto Plata Fregossi, [&hellip;]","og_url":"https:\/\/pilt.com.ar\/parque-industrial\/pilt-vendio-un-importante-lote-a-una-empresa-asociada\/","og_site_name":"PILT.com.ar","article_published_time":"2025-07-18T18:25:45+00:00","article_modified_time":"2025-07-18T18:26:53+00:00","og_image":[{"width":1023,"height":682,"url":"https:\/\/i0.wp.com\/pilt.com.ar\/parque-industrial\/wp-content\/uploads\/2025\/07\/Imagen-de-WhatsApp-2025-07-18-a-las-12.53.28_0b963f8e.jpg?fit=1023%2C682&ssl=1","type":"image\/jpeg"}],"author":"PILT","twitter_card":"summary_large_image","twitter_misc":{"Escrito por":"PILT","Tiempo de lectura":"2 minutos"},"schema":{"@context":"https:\/\/schema.org","@graph":[{"@type":"Article","@id":"https:\/\/pilt.com.ar\/parque-industrial\/pilt-vendio-un-importante-lote-a-una-empresa-asociada\/#article","isPartOf":{"@id":"https:\/\/pilt.com.ar\/parque-industrial\/pilt-vendio-un-importante-lote-a-una-empresa-asociada\/"},"author":{"name":"PILT","@id":"https:\/\/pilt.com.ar\/parque-industrial\/#\/schema\/person\/2dfb9e2464de1c3deef20c25c30a8306"},"headline":"PILT VENDI\u00d3 UN IMPORTANTE LOTE A UNA EMPRESA ASOCIADA","datePublished":"2025-07-18T18:25:45+00:00","dateModified":"2025-07-18T18:26:53+00:00","mainEntityOfPage":{"@id":"https:\/\/pilt.com.ar\/parque-industrial\/pilt-vendio-un-importante-lote-a-una-empresa-asociada\/"},"wordCount":233,"commentCount":0,"image":{"@id":"https:\/\/pilt.com.ar\/parque-industrial\/pilt-vendio-un-importante-lote-a-una-empresa-asociada\/#primaryimage"},"thumbnailUrl":"https:\/\/i0.wp.com\/pilt.com.ar\/parque-industrial\/wp-content\/uploads\/2025\/07\/Imagen-de-WhatsApp-2025-07-18-a-las-12.53.28_0b963f8e.jpg?fit=1023%2C682&ssl=1","articleSection":["Noticias"],"inLanguage":"es","potentialAction":[{"@type":"CommentAction","name":"Comment","target":["https:\/\/pilt.com.ar\/parque-industrial\/pilt-vendio-un-importante-lote-a-una-empresa-asociada\/#respond"]}]},{"@type":"WebPage","@id":"https:\/\/pilt.com.ar\/parque-industrial\/pilt-vendio-un-importante-lote-a-una-empresa-asociada\/","url":"https:\/\/pilt.com.ar\/parque-industrial\/pilt-vendio-un-importante-lote-a-una-empresa-asociada\/","name":"PILT VENDI\u00d3 UN IMPORTANTE LOTE A UNA EMPRESA ASOCIADA - PILT.com.ar","isPartOf":{"@id":"https:\/\/pilt.com.ar\/parque-industrial\/#website"},"primaryImageOfPage":{"@id":"https:\/\/pilt.com.ar\/parque-industrial\/pilt-vendio-un-importante-lote-a-una-empresa-asociada\/#primaryimage"},"image":{"@id":"https:\/\/pilt.com.ar\/parque-industrial\/pilt-vendio-un-importante-lote-a-una-empresa-asociada\/#primaryimage"},"thumbnailUrl":"https:\/\/i0.wp.com\/pilt.com.ar\/parque-industrial\/wp-content\/uploads\/2025\/07\/Imagen-de-WhatsApp-2025-07-18-a-las-12.53.28_0b963f8e.jpg?fit=1023%2C682&ssl=1","datePublished":"2025-07-18T18:25:45+00:00","dateModified":"2025-07-18T18:26:53+00:00","author":{"@id":"https:\/\/pilt.com.ar\/parque-industrial\/#\/schema\/person\/2dfb9e2464de1c3deef20c25c30a8306"},"inLanguage":"es","potentialAction":[{"@type":"ReadAction","target":["https:\/\/pilt.com.ar\/parque-industrial\/pilt-vendio-un-importante-lote-a-una-empresa-asociada\/"]}]},{"@type":"ImageObject","inLanguage":"es","@id":"https:\/\/pilt.com.ar\/parque-industrial\/pilt-vendio-un-importante-lote-a-una-empresa-asociada\/#primaryimage","url":"https:\/\/i0.wp.com\/pilt.com.ar\/parque-industrial\/wp-content\/uploads\/2025\/07\/Imagen-de-WhatsApp-2025-07-18-a-las-12.53.28_0b963f8e.jpg?fit=1023%2C682&ssl=1","contentUrl":"https:\/\/i0.wp.com\/pilt.com.ar\/parque-industrial\/wp-content\/uploads\/2025\/07\/Imagen-de-WhatsApp-2025-07-18-a-las-12.53.28_0b963f8e.jpg?fit=1023%2C682&ssl=1","width":1023,"height":682},{"@type":"WebSite","@id":"https:\/\/pilt.com.ar\/parque-industrial\/#website","url":"https:\/\/pilt.com.ar\/parque-industrial\/","name":"PILT.com.ar","description":"Parque Industrial, Log\u00edstico y Tecnol\u00f3gico Villa Mar\u00eda","potentialAction":[{"@type":"SearchAction","target":{"@type":"EntryPoint","urlTemplate":"https:\/\/pilt.com.ar\/parque-industrial\/?s={search_term_string}"},"query-input":{"@type":"PropertyValueSpecification","valueRequired":true,"valueName":"search_term_string"}}],"inLanguage":"es"},{"@type":"Person","@id":"https:\/\/pilt.com.ar\/parque-industrial\/#\/schema\/person\/2dfb9e2464de1c3deef20c25c30a8306","name":"PILT","image":{"@type":"ImageObject","inLanguage":"es","@id":"https:\/\/secure.gravatar.com\/avatar\/5e3734c8d8c8e0b0d45f923c14a14d7b90521d573d02f0d91360a777095ee42b?s=96&d=mm&r=g","url":"https:\/\/secure.gravatar.com\/avatar\/5e3734c8d8c8e0b0d45f923c14a14d7b90521d573d02f0d91360a777095ee42b?s=96&d=mm&r=g","contentUrl":"https:\/\/secure.gravatar.com\/avatar\/5e3734c8d8c8e0b0d45f923c14a14d7b90521d573d02f0d91360a777095ee42b?s=96&d=mm&r=g","caption":"PILT"},"url":"https:\/\/pilt.com.ar\/parque-industrial\/author\/pilt\/"}]}},"jetpack_featured_media_url":"https:\/\/i0.wp.com\/pilt.com.ar\/parque-industrial\/wp-content\/uploads\/2025\/07\/Imagen-de-WhatsApp-2025-07-18-a-las-12.53.28_0b963f8e.jpg?fit=1023%2C682&ssl=1","jetpack_sharing_enabled":true,"_links":{"self":[{"href":"https:\/\/pilt.com.ar\/parque-industrial\/wp-json\/wp\/v2\/posts\/3786","targetHints":{"allow":["GET"]}}],"collection":[{"href":"https:\/\/pilt.com.ar\/parque-industrial\/wp-json\/wp\/v2\/posts"}],"about":[{"href":"https:\/\/pilt.com.ar\/parque-industrial\/wp-json\/wp\/v2\/types\/post"}],"author":[{"embeddable":true,"href":"https:\/\/pilt.com.ar\/parque-industrial\/wp-json\/wp\/v2\/users\/3"}],"replies":[{"embeddable":true,"href":"https:\/\/pilt.com.ar\/parque-industrial\/wp-json\/wp\/v2\/comments?post=3786"}],"version-history":[{"count":1,"href":"https:\/\/pilt.com.ar\/parque-industrial\/wp-json\/wp\/v2\/posts\/3786\/revisions"}],"predecessor-version":[{"id":3788,"href":"https:\/\/pilt.com.ar\/parque-industrial\/wp-json\/wp\/v2\/posts\/3786\/revisions\/3788"}],"wp:featuredmedia":[{"embeddable":true,"href":"https:\/\/pilt.com.ar\/parque-industrial\/wp-json\/wp\/v2\/media\/3787"}],"wp:attachment":[{"href":"https:\/\/pilt.com.ar\/parque-industrial\/wp-json\/wp\/v2\/media?parent=3786"}],"wp:term":[{"taxonomy":"category","embeddable":true,"href":"https:\/\/pilt.com.ar\/parque-industrial\/wp-json\/wp\/v2\/categories?post=3786"},{"taxonomy":"post_tag","embeddable":true,"href":"https:\/\/pilt.com.ar\/parque-industrial\/wp-json\/wp\/v2\/tags?post=3786"}],"curies":[{"name":"wp","href":"https:\/\/api.w.org\/{rel}","templated":true}]}}