{"id":3783,"date":"2025-07-11T12:32:38","date_gmt":"2025-07-11T15:32:38","guid":{"rendered":"https:\/\/pilt.com.ar\/parque-industrial\/?p=3783"},"modified":"2025-07-11T12:32:39","modified_gmt":"2025-07-11T15:32:39","slug":"pilt-suma-nuevos-beneficios-para-empresas-asociadas","status":"publish","type":"post","link":"https:\/\/pilt.com.ar\/parque-industrial\/pilt-suma-nuevos-beneficios-para-empresas-asociadas\/","title":{"rendered":"PILT SUMA NUEVOS BENEFICIOS PARA EMPRESAS ASOCIADAS"},"content":{"rendered":"\n<p><em>La Administraci\u00f3n del Ente firm\u00f3 convenios con distintas organizaciones para ofrecer m\u00e1s y mejores beneficios a las empresas que integran el Parque.<\/em><\/p>\n\n\n\n<p>Con el objetivo de continuar agregando valor a las empresas asociadas, el gerente del Parque Industrial, Log\u00edstico y Tecnol\u00f3gico Villa Mar\u00eda (PILT), Carlos Montoto Galiano, concret\u00f3 nuevos convenios de cooperaci\u00f3n con firmas de diferentes rubros. De este modo, cuatro nuevas empresas se incorporan a la red de organizaciones que otorgan beneficios tanto a las industrias socias como a sus integrantes.<\/p>\n\n\n\n<p><strong>Consulnet<\/strong><br>Empresa dedicada a la consultor\u00eda empresarial, orientada a transformar los resultados organizacionales y mejorar el posicionamiento competitivo, a trav\u00e9s de un enfoque integral basado en procesos. Interviene desde la estrategia (sistema directivo) hasta la ejecuci\u00f3n (gesti\u00f3n operativa).<\/p>\n\n\n\n<p>Ofrece bonificaciones y descuentos en proyectos vinculados a:<\/p>\n\n\n\n<ul class=\"wp-block-list\">\n<li>Direcci\u00f3n y Administraci\u00f3n de Negocios<\/li>\n\n\n\n<li>Estrategias Empresariales<\/li>\n\n\n\n<li>Gesti\u00f3n Humana<\/li>\n\n\n\n<li>Gesti\u00f3n de Calidad<\/li>\n\n\n\n<li>Compras y Cadena de Suministro<\/li>\n\n\n\n<li>LEAN y Productividad<\/li>\n\n\n\n<li>Comercio Exterior (COMEX)<\/li>\n<\/ul>\n\n\n\n<p><strong>Auto Zone SAS<\/strong><br>Empresa de alquiler de veh\u00edculos localizada en Villa Mar\u00eda. A partir del convenio, los socios del PILT acceden a descuentos especiales en sus servicios.<\/p>\n\n\n\n<p><strong>Lubeal<\/strong><br>Firma especializada en la venta y distribuci\u00f3n de materiales el\u00e9ctricos. Ofrece financiaci\u00f3n especial a trav\u00e9s de ECHEQ en plazos de 30, 60 y 90 d\u00edas.<\/p>\n\n\n\n<p><strong>Urce Perimetrales<\/strong><br>Dedicada a la instalaci\u00f3n de cercos y sistemas de seguridad perimetral, as\u00ed como a la venta de insumos y desarrollo de herrer\u00eda personalizada para cerramientos y estructuras. En el marco del acuerdo, Urce Perimetrales brindar\u00e1 un 15% de descuento en presupuestos solicitados por empresas socias del PILT mediante consultas generadas a trav\u00e9s del Ente.<\/p>\n","protected":false},"excerpt":{"rendered":"<p>La Administraci\u00f3n del Ente firm\u00f3 convenios con distintas organizaciones para ofrecer m\u00e1s y mejores beneficios a las empresas que integran el Parque. Con el objetivo de continuar agregando valor a las empresas asociadas, el gerente del Parque Industrial, Log\u00edstico y Tecnol\u00f3gico Villa Mar\u00eda (PILT), Carlos Montoto Galiano, concret\u00f3 nuevos convenios de cooperaci\u00f3n con firmas de [&hellip;]<\/p>\n","protected":false},"author":3,"featured_media":3784,"comment_status":"open","ping_status":"open","sticky":false,"template":"","format":"standard","meta":{"_jetpack_memberships_contains_paid_content":false,"footnotes":""},"categories":[2],"tags":[],"class_list":["post-3783","post","type-post","status-publish","format-standard","has-post-thumbnail","hentry","category-noticias"],"yoast_head":"<!-- This site is optimized with the Yoast SEO plugin v27.5 - https:\/\/yoast.com\/product\/yoast-seo-wordpress\/ -->\n<title>PILT SUMA NUEVOS BENEFICIOS PARA EMPRESAS ASOCIADAS - PILT.com.ar<\/title>\n<meta name=\"robots\" content=\"index, follow, max-snippet:-1, max-image-preview:large, max-video-preview:-1\" \/>\n<link rel=\"canonical\" href=\"https:\/\/pilt.com.ar\/parque-industrial\/pilt-suma-nuevos-beneficios-para-empresas-asociadas\/\" \/>\n<meta property=\"og:locale\" content=\"es_ES\" \/>\n<meta property=\"og:type\" content=\"article\" \/>\n<meta property=\"og:title\" content=\"PILT SUMA NUEVOS BENEFICIOS PARA EMPRESAS ASOCIADAS - PILT.com.ar\" \/>\n<meta property=\"og:description\" content=\"La Administraci\u00f3n del Ente firm\u00f3 convenios con distintas organizaciones para ofrecer m\u00e1s y mejores beneficios a las empresas que integran el Parque. Con el objetivo de continuar agregando valor a las empresas asociadas, el gerente del Parque Industrial, Log\u00edstico y Tecnol\u00f3gico Villa Mar\u00eda (PILT), Carlos Montoto Galiano, concret\u00f3 nuevos convenios de cooperaci\u00f3n con firmas de [&hellip;]\" \/>\n<meta property=\"og:url\" content=\"https:\/\/pilt.com.ar\/parque-industrial\/pilt-suma-nuevos-beneficios-para-empresas-asociadas\/\" \/>\n<meta property=\"og:site_name\" content=\"PILT.com.ar\" \/>\n<meta property=\"article:published_time\" content=\"2025-07-11T15:32:38+00:00\" \/>\n<meta property=\"article:modified_time\" content=\"2025-07-11T15:32:39+00:00\" \/>\n<meta property=\"og:image\" content=\"https:\/\/i0.wp.com\/pilt.com.ar\/parque-industrial\/wp-content\/uploads\/2025\/07\/Imagen-de-WhatsApp-2025-07-10-a-las-15.04.01_5e2937be.jpg?fit=1600%2C901&ssl=1\" \/>\n\t<meta property=\"og:image:width\" content=\"1600\" \/>\n\t<meta property=\"og:image:height\" content=\"901\" \/>\n\t<meta property=\"og:image:type\" content=\"image\/jpeg\" \/>\n<meta name=\"author\" content=\"PILT\" \/>\n<meta name=\"twitter:card\" content=\"summary_large_image\" \/>\n<meta name=\"twitter:label1\" content=\"Escrito por\" \/>\n\t<meta name=\"twitter:data1\" content=\"PILT\" \/>\n\t<meta name=\"twitter:label2\" content=\"Tiempo de lectura\" \/>\n\t<meta name=\"twitter:data2\" content=\"2 minutos\" \/>\n<script type=\"application\/ld+json\" class=\"yoast-schema-graph\">{\"@context\":\"https:\\\/\\\/schema.org\",\"@graph\":[{\"@type\":\"Article\",\"@id\":\"https:\\\/\\\/pilt.com.ar\\\/parque-industrial\\\/pilt-suma-nuevos-beneficios-para-empresas-asociadas\\\/#article\",\"isPartOf\":{\"@id\":\"https:\\\/\\\/pilt.com.ar\\\/parque-industrial\\\/pilt-suma-nuevos-beneficios-para-empresas-asociadas\\\/\"},\"author\":{\"name\":\"PILT\",\"@id\":\"https:\\\/\\\/pilt.com.ar\\\/parque-industrial\\\/#\\\/schema\\\/person\\\/2dfb9e2464de1c3deef20c25c30a8306\"},\"headline\":\"PILT SUMA NUEVOS BENEFICIOS PARA EMPRESAS ASOCIADAS\",\"datePublished\":\"2025-07-11T15:32:38+00:00\",\"dateModified\":\"2025-07-11T15:32:39+00:00\",\"mainEntityOfPage\":{\"@id\":\"https:\\\/\\\/pilt.com.ar\\\/parque-industrial\\\/pilt-suma-nuevos-beneficios-para-empresas-asociadas\\\/\"},\"wordCount\":287,\"commentCount\":0,\"image\":{\"@id\":\"https:\\\/\\\/pilt.com.ar\\\/parque-industrial\\\/pilt-suma-nuevos-beneficios-para-empresas-asociadas\\\/#primaryimage\"},\"thumbnailUrl\":\"https:\\\/\\\/i0.wp.com\\\/pilt.com.ar\\\/parque-industrial\\\/wp-content\\\/uploads\\\/2025\\\/07\\\/Imagen-de-WhatsApp-2025-07-10-a-las-15.04.01_5e2937be.jpg?fit=1600%2C901&ssl=1\",\"articleSection\":[\"Noticias\"],\"inLanguage\":\"es\",\"potentialAction\":[{\"@type\":\"CommentAction\",\"name\":\"Comment\",\"target\":[\"https:\\\/\\\/pilt.com.ar\\\/parque-industrial\\\/pilt-suma-nuevos-beneficios-para-empresas-asociadas\\\/#respond\"]}]},{\"@type\":\"WebPage\",\"@id\":\"https:\\\/\\\/pilt.com.ar\\\/parque-industrial\\\/pilt-suma-nuevos-beneficios-para-empresas-asociadas\\\/\",\"url\":\"https:\\\/\\\/pilt.com.ar\\\/parque-industrial\\\/pilt-suma-nuevos-beneficios-para-empresas-asociadas\\\/\",\"name\":\"PILT SUMA NUEVOS BENEFICIOS PARA EMPRESAS ASOCIADAS - PILT.com.ar\",\"isPartOf\":{\"@id\":\"https:\\\/\\\/pilt.com.ar\\\/parque-industrial\\\/#website\"},\"primaryImageOfPage\":{\"@id\":\"https:\\\/\\\/pilt.com.ar\\\/parque-industrial\\\/pilt-suma-nuevos-beneficios-para-empresas-asociadas\\\/#primaryimage\"},\"image\":{\"@id\":\"https:\\\/\\\/pilt.com.ar\\\/parque-industrial\\\/pilt-suma-nuevos-beneficios-para-empresas-asociadas\\\/#primaryimage\"},\"thumbnailUrl\":\"https:\\\/\\\/i0.wp.com\\\/pilt.com.ar\\\/parque-industrial\\\/wp-content\\\/uploads\\\/2025\\\/07\\\/Imagen-de-WhatsApp-2025-07-10-a-las-15.04.01_5e2937be.jpg?fit=1600%2C901&ssl=1\",\"datePublished\":\"2025-07-11T15:32:38+00:00\",\"dateModified\":\"2025-07-11T15:32:39+00:00\",\"author\":{\"@id\":\"https:\\\/\\\/pilt.com.ar\\\/parque-industrial\\\/#\\\/schema\\\/person\\\/2dfb9e2464de1c3deef20c25c30a8306\"},\"inLanguage\":\"es\",\"potentialAction\":[{\"@type\":\"ReadAction\",\"target\":[\"https:\\\/\\\/pilt.com.ar\\\/parque-industrial\\\/pilt-suma-nuevos-beneficios-para-empresas-asociadas\\\/\"]}]},{\"@type\":\"ImageObject\",\"inLanguage\":\"es\",\"@id\":\"https:\\\/\\\/pilt.com.ar\\\/parque-industrial\\\/pilt-suma-nuevos-beneficios-para-empresas-asociadas\\\/#primaryimage\",\"url\":\"https:\\\/\\\/i0.wp.com\\\/pilt.com.ar\\\/parque-industrial\\\/wp-content\\\/uploads\\\/2025\\\/07\\\/Imagen-de-WhatsApp-2025-07-10-a-las-15.04.01_5e2937be.jpg?fit=1600%2C901&ssl=1\",\"contentUrl\":\"https:\\\/\\\/i0.wp.com\\\/pilt.com.ar\\\/parque-industrial\\\/wp-content\\\/uploads\\\/2025\\\/07\\\/Imagen-de-WhatsApp-2025-07-10-a-las-15.04.01_5e2937be.jpg?fit=1600%2C901&ssl=1\",\"width\":1600,\"height\":901},{\"@type\":\"WebSite\",\"@id\":\"https:\\\/\\\/pilt.com.ar\\\/parque-industrial\\\/#website\",\"url\":\"https:\\\/\\\/pilt.com.ar\\\/parque-industrial\\\/\",\"name\":\"PILT.com.ar\",\"description\":\"Parque Industrial, Log\u00edstico y Tecnol\u00f3gico Villa Mar\u00eda\",\"potentialAction\":[{\"@type\":\"SearchAction\",\"target\":{\"@type\":\"EntryPoint\",\"urlTemplate\":\"https:\\\/\\\/pilt.com.ar\\\/parque-industrial\\\/?s={search_term_string}\"},\"query-input\":{\"@type\":\"PropertyValueSpecification\",\"valueRequired\":true,\"valueName\":\"search_term_string\"}}],\"inLanguage\":\"es\"},{\"@type\":\"Person\",\"@id\":\"https:\\\/\\\/pilt.com.ar\\\/parque-industrial\\\/#\\\/schema\\\/person\\\/2dfb9e2464de1c3deef20c25c30a8306\",\"name\":\"PILT\",\"image\":{\"@type\":\"ImageObject\",\"inLanguage\":\"es\",\"@id\":\"https:\\\/\\\/secure.gravatar.com\\\/avatar\\\/5e3734c8d8c8e0b0d45f923c14a14d7b90521d573d02f0d91360a777095ee42b?s=96&d=mm&r=g\",\"url\":\"https:\\\/\\\/secure.gravatar.com\\\/avatar\\\/5e3734c8d8c8e0b0d45f923c14a14d7b90521d573d02f0d91360a777095ee42b?s=96&d=mm&r=g\",\"contentUrl\":\"https:\\\/\\\/secure.gravatar.com\\\/avatar\\\/5e3734c8d8c8e0b0d45f923c14a14d7b90521d573d02f0d91360a777095ee42b?s=96&d=mm&r=g\",\"caption\":\"PILT\"},\"url\":\"https:\\\/\\\/pilt.com.ar\\\/parque-industrial\\\/author\\\/pilt\\\/\"}]}<\/script>\n<!-- \/ Yoast SEO plugin. -->","yoast_head_json":{"title":"PILT SUMA NUEVOS BENEFICIOS PARA EMPRESAS ASOCIADAS - PILT.com.ar","robots":{"index":"index","follow":"follow","max-snippet":"max-snippet:-1","max-image-preview":"max-image-preview:large","max-video-preview":"max-video-preview:-1"},"canonical":"https:\/\/pilt.com.ar\/parque-industrial\/pilt-suma-nuevos-beneficios-para-empresas-asociadas\/","og_locale":"es_ES","og_type":"article","og_title":"PILT SUMA NUEVOS BENEFICIOS PARA EMPRESAS ASOCIADAS - PILT.com.ar","og_description":"La Administraci\u00f3n del Ente firm\u00f3 convenios con distintas organizaciones para ofrecer m\u00e1s y mejores beneficios a las empresas que integran el Parque. Con el objetivo de continuar agregando valor a las empresas asociadas, el gerente del Parque Industrial, Log\u00edstico y Tecnol\u00f3gico Villa Mar\u00eda (PILT), Carlos Montoto Galiano, concret\u00f3 nuevos convenios de cooperaci\u00f3n con firmas de [&hellip;]","og_url":"https:\/\/pilt.com.ar\/parque-industrial\/pilt-suma-nuevos-beneficios-para-empresas-asociadas\/","og_site_name":"PILT.com.ar","article_published_time":"2025-07-11T15:32:38+00:00","article_modified_time":"2025-07-11T15:32:39+00:00","og_image":[{"width":1600,"height":901,"url":"https:\/\/i0.wp.com\/pilt.com.ar\/parque-industrial\/wp-content\/uploads\/2025\/07\/Imagen-de-WhatsApp-2025-07-10-a-las-15.04.01_5e2937be.jpg?fit=1600%2C901&ssl=1","type":"image\/jpeg"}],"author":"PILT","twitter_card":"summary_large_image","twitter_misc":{"Escrito por":"PILT","Tiempo de lectura":"2 minutos"},"schema":{"@context":"https:\/\/schema.org","@graph":[{"@type":"Article","@id":"https:\/\/pilt.com.ar\/parque-industrial\/pilt-suma-nuevos-beneficios-para-empresas-asociadas\/#article","isPartOf":{"@id":"https:\/\/pilt.com.ar\/parque-industrial\/pilt-suma-nuevos-beneficios-para-empresas-asociadas\/"},"author":{"name":"PILT","@id":"https:\/\/pilt.com.ar\/parque-industrial\/#\/schema\/person\/2dfb9e2464de1c3deef20c25c30a8306"},"headline":"PILT SUMA NUEVOS BENEFICIOS PARA EMPRESAS ASOCIADAS","datePublished":"2025-07-11T15:32:38+00:00","dateModified":"2025-07-11T15:32:39+00:00","mainEntityOfPage":{"@id":"https:\/\/pilt.com.ar\/parque-industrial\/pilt-suma-nuevos-beneficios-para-empresas-asociadas\/"},"wordCount":287,"commentCount":0,"image":{"@id":"https:\/\/pilt.com.ar\/parque-industrial\/pilt-suma-nuevos-beneficios-para-empresas-asociadas\/#primaryimage"},"thumbnailUrl":"https:\/\/i0.wp.com\/pilt.com.ar\/parque-industrial\/wp-content\/uploads\/2025\/07\/Imagen-de-WhatsApp-2025-07-10-a-las-15.04.01_5e2937be.jpg?fit=1600%2C901&ssl=1","articleSection":["Noticias"],"inLanguage":"es","potentialAction":[{"@type":"CommentAction","name":"Comment","target":["https:\/\/pilt.com.ar\/parque-industrial\/pilt-suma-nuevos-beneficios-para-empresas-asociadas\/#respond"]}]},{"@type":"WebPage","@id":"https:\/\/pilt.com.ar\/parque-industrial\/pilt-suma-nuevos-beneficios-para-empresas-asociadas\/","url":"https:\/\/pilt.com.ar\/parque-industrial\/pilt-suma-nuevos-beneficios-para-empresas-asociadas\/","name":"PILT SUMA NUEVOS BENEFICIOS PARA EMPRESAS ASOCIADAS - PILT.com.ar","isPartOf":{"@id":"https:\/\/pilt.com.ar\/parque-industrial\/#website"},"primaryImageOfPage":{"@id":"https:\/\/pilt.com.ar\/parque-industrial\/pilt-suma-nuevos-beneficios-para-empresas-asociadas\/#primaryimage"},"image":{"@id":"https:\/\/pilt.com.ar\/parque-industrial\/pilt-suma-nuevos-beneficios-para-empresas-asociadas\/#primaryimage"},"thumbnailUrl":"https:\/\/i0.wp.com\/pilt.com.ar\/parque-industrial\/wp-content\/uploads\/2025\/07\/Imagen-de-WhatsApp-2025-07-10-a-las-15.04.01_5e2937be.jpg?fit=1600%2C901&ssl=1","datePublished":"2025-07-11T15:32:38+00:00","dateModified":"2025-07-11T15:32:39+00:00","author":{"@id":"https:\/\/pilt.com.ar\/parque-industrial\/#\/schema\/person\/2dfb9e2464de1c3deef20c25c30a8306"},"inLanguage":"es","potentialAction":[{"@type":"ReadAction","target":["https:\/\/pilt.com.ar\/parque-industrial\/pilt-suma-nuevos-beneficios-para-empresas-asociadas\/"]}]},{"@type":"ImageObject","inLanguage":"es","@id":"https:\/\/pilt.com.ar\/parque-industrial\/pilt-suma-nuevos-beneficios-para-empresas-asociadas\/#primaryimage","url":"https:\/\/i0.wp.com\/pilt.com.ar\/parque-industrial\/wp-content\/uploads\/2025\/07\/Imagen-de-WhatsApp-2025-07-10-a-las-15.04.01_5e2937be.jpg?fit=1600%2C901&ssl=1","contentUrl":"https:\/\/i0.wp.com\/pilt.com.ar\/parque-industrial\/wp-content\/uploads\/2025\/07\/Imagen-de-WhatsApp-2025-07-10-a-las-15.04.01_5e2937be.jpg?fit=1600%2C901&ssl=1","width":1600,"height":901},{"@type":"WebSite","@id":"https:\/\/pilt.com.ar\/parque-industrial\/#website","url":"https:\/\/pilt.com.ar\/parque-industrial\/","name":"PILT.com.ar","description":"Parque Industrial, Log\u00edstico y Tecnol\u00f3gico Villa Mar\u00eda","potentialAction":[{"@type":"SearchAction","target":{"@type":"EntryPoint","urlTemplate":"https:\/\/pilt.com.ar\/parque-industrial\/?s={search_term_string}"},"query-input":{"@type":"PropertyValueSpecification","valueRequired":true,"valueName":"search_term_string"}}],"inLanguage":"es"},{"@type":"Person","@id":"https:\/\/pilt.com.ar\/parque-industrial\/#\/schema\/person\/2dfb9e2464de1c3deef20c25c30a8306","name":"PILT","image":{"@type":"ImageObject","inLanguage":"es","@id":"https:\/\/secure.gravatar.com\/avatar\/5e3734c8d8c8e0b0d45f923c14a14d7b90521d573d02f0d91360a777095ee42b?s=96&d=mm&r=g","url":"https:\/\/secure.gravatar.com\/avatar\/5e3734c8d8c8e0b0d45f923c14a14d7b90521d573d02f0d91360a777095ee42b?s=96&d=mm&r=g","contentUrl":"https:\/\/secure.gravatar.com\/avatar\/5e3734c8d8c8e0b0d45f923c14a14d7b90521d573d02f0d91360a777095ee42b?s=96&d=mm&r=g","caption":"PILT"},"url":"https:\/\/pilt.com.ar\/parque-industrial\/author\/pilt\/"}]}},"jetpack_featured_media_url":"https:\/\/i0.wp.com\/pilt.com.ar\/parque-industrial\/wp-content\/uploads\/2025\/07\/Imagen-de-WhatsApp-2025-07-10-a-las-15.04.01_5e2937be.jpg?fit=1600%2C901&ssl=1","jetpack_sharing_enabled":true,"_links":{"self":[{"href":"https:\/\/pilt.com.ar\/parque-industrial\/wp-json\/wp\/v2\/posts\/3783","targetHints":{"allow":["GET"]}}],"collection":[{"href":"https:\/\/pilt.com.ar\/parque-industrial\/wp-json\/wp\/v2\/posts"}],"about":[{"href":"https:\/\/pilt.com.ar\/parque-industrial\/wp-json\/wp\/v2\/types\/post"}],"author":[{"embeddable":true,"href":"https:\/\/pilt.com.ar\/parque-industrial\/wp-json\/wp\/v2\/users\/3"}],"replies":[{"embeddable":true,"href":"https:\/\/pilt.com.ar\/parque-industrial\/wp-json\/wp\/v2\/comments?post=3783"}],"version-history":[{"count":1,"href":"https:\/\/pilt.com.ar\/parque-industrial\/wp-json\/wp\/v2\/posts\/3783\/revisions"}],"predecessor-version":[{"id":3785,"href":"https:\/\/pilt.com.ar\/parque-industrial\/wp-json\/wp\/v2\/posts\/3783\/revisions\/3785"}],"wp:featuredmedia":[{"embeddable":true,"href":"https:\/\/pilt.com.ar\/parque-industrial\/wp-json\/wp\/v2\/media\/3784"}],"wp:attachment":[{"href":"https:\/\/pilt.com.ar\/parque-industrial\/wp-json\/wp\/v2\/media?parent=3783"}],"wp:term":[{"taxonomy":"category","embeddable":true,"href":"https:\/\/pilt.com.ar\/parque-industrial\/wp-json\/wp\/v2\/categories?post=3783"},{"taxonomy":"post_tag","embeddable":true,"href":"https:\/\/pilt.com.ar\/parque-industrial\/wp-json\/wp\/v2\/tags?post=3783"}],"curies":[{"name":"wp","href":"https:\/\/api.w.org\/{rel}","templated":true}]}}