{"id":3775,"date":"2025-06-27T14:49:42","date_gmt":"2025-06-27T17:49:42","guid":{"rendered":"https:\/\/pilt.com.ar\/parque-industrial\/?p=3775"},"modified":"2025-06-27T14:50:22","modified_gmt":"2025-06-27T17:50:22","slug":"pilt-vendio-un-lote-de-grandes-dimensiones","status":"publish","type":"post","link":"https:\/\/pilt.com.ar\/parque-industrial\/pilt-vendio-un-lote-de-grandes-dimensiones\/","title":{"rendered":"PILT VENDI\u00d3 UN LOTE DE GRANDES DIMENSIONES"},"content":{"rendered":"\n<p class=\"has-text-align-center\"><em>Argen Mixes Industry adquiri\u00f3 un terreno de casi una hect\u00e1rea y ya suma 2,5 en el predio.<\/em><\/p>\n\n\n\n<p>El Parque Industrial, Log\u00edstico y Tecnol\u00f3gico Villa Mar\u00eda (PILT) concret\u00f3 la venta de un importante lote a la empresa Argen Mixes Industry (AIM), que desde hace poco m\u00e1s de dos a\u00f1os opera en el predio.<\/p>\n\n\n\n<p>La firma, dedicada a la compactaci\u00f3n y elaboraci\u00f3n de pellets de alfalfa \u2014principalmente destinados a la alimentaci\u00f3n de ganado bovino y, en menor medida, equino\u2014 tanto en el mercado nacional como internacional, adquiri\u00f3 un terreno de 9.948 metros cuadrados. Con esta nueva incorporaci\u00f3n, AIM totaliza 2,5 hect\u00e1reas en el Parque.<\/p>\n\n\n\n<p>El nuevo espacio forma parte del plan de ampliaci\u00f3n de su planta industrial, que se llevar\u00e1 a cabo de manera progresiva. Seg\u00fan indicaron sus directivos, la empresa proyecta duplicar su producci\u00f3n en el pr\u00f3ximo a\u00f1o y, en funci\u00f3n de los resultados obtenidos, continuar incrementando el volumen de procesamiento.<\/p>\n\n\n\n<p>Dado el tipo de producto y mercado al que se dirige, el a\u00f1o productivo de AIM va de octubre a octubre. En 2024 \u2014primer a\u00f1o en el que la empresa oper\u00f3 a plena capacidad\u2014 alcanzaron una producci\u00f3n de 4.000 toneladas. Para octubre de este a\u00f1o estiman unas 10.000 toneladas.<\/p>\n\n\n\n<p>Con la expansi\u00f3n de su planta y una significativa inversi\u00f3n realizada en nueva maquinaria, la firma proyecta una producci\u00f3n de 20.000 toneladas para el pr\u00f3ximo a\u00f1o. Este crecimiento implicar\u00e1 tambi\u00e9n un aumento en la generaci\u00f3n de empleo, tanto directo como indirecto. En este \u00faltimo caso, se ver\u00e1n beneficiadas diversas empresas proveedoras de insumos y servicios, muchas de ellas radicadas en el mismo Parque Industrial.<\/p>\n","protected":false},"excerpt":{"rendered":"<p>Argen Mixes Industry adquiri\u00f3 un terreno de casi una hect\u00e1rea y ya suma 2,5 en el predio. El Parque Industrial, Log\u00edstico y Tecnol\u00f3gico Villa Mar\u00eda (PILT) concret\u00f3 la venta de un importante lote a la empresa Argen Mixes Industry (AIM), que desde hace poco m\u00e1s de dos a\u00f1os opera en el predio. La firma, dedicada [&hellip;]<\/p>\n","protected":false},"author":3,"featured_media":3776,"comment_status":"open","ping_status":"open","sticky":false,"template":"","format":"standard","meta":{"_jetpack_memberships_contains_paid_content":false,"footnotes":""},"categories":[2],"tags":[],"class_list":["post-3775","post","type-post","status-publish","format-standard","has-post-thumbnail","hentry","category-noticias"],"yoast_head":"<!-- This site is optimized with the Yoast SEO plugin v27.5 - https:\/\/yoast.com\/product\/yoast-seo-wordpress\/ -->\n<title>PILT VENDI\u00d3 UN LOTE DE GRANDES DIMENSIONES - PILT.com.ar<\/title>\n<meta name=\"robots\" content=\"index, follow, max-snippet:-1, max-image-preview:large, max-video-preview:-1\" \/>\n<link rel=\"canonical\" href=\"https:\/\/pilt.com.ar\/parque-industrial\/pilt-vendio-un-lote-de-grandes-dimensiones\/\" \/>\n<meta property=\"og:locale\" content=\"es_ES\" \/>\n<meta property=\"og:type\" content=\"article\" \/>\n<meta property=\"og:title\" content=\"PILT VENDI\u00d3 UN LOTE DE GRANDES DIMENSIONES - PILT.com.ar\" \/>\n<meta property=\"og:description\" content=\"Argen Mixes Industry adquiri\u00f3 un terreno de casi una hect\u00e1rea y ya suma 2,5 en el predio. El Parque Industrial, Log\u00edstico y Tecnol\u00f3gico Villa Mar\u00eda (PILT) concret\u00f3 la venta de un importante lote a la empresa Argen Mixes Industry (AIM), que desde hace poco m\u00e1s de dos a\u00f1os opera en el predio. La firma, dedicada [&hellip;]\" \/>\n<meta property=\"og:url\" content=\"https:\/\/pilt.com.ar\/parque-industrial\/pilt-vendio-un-lote-de-grandes-dimensiones\/\" \/>\n<meta property=\"og:site_name\" content=\"PILT.com.ar\" \/>\n<meta property=\"article:published_time\" content=\"2025-06-27T17:49:42+00:00\" \/>\n<meta property=\"article:modified_time\" content=\"2025-06-27T17:50:22+00:00\" \/>\n<meta property=\"og:image\" content=\"https:\/\/i0.wp.com\/pilt.com.ar\/parque-industrial\/wp-content\/uploads\/2025\/06\/Imagen-de-WhatsApp-2025-06-27-a-las-09.08.03_f41cf301.jpg?fit=843%2C560&ssl=1\" \/>\n\t<meta property=\"og:image:width\" content=\"843\" \/>\n\t<meta property=\"og:image:height\" content=\"560\" \/>\n\t<meta property=\"og:image:type\" content=\"image\/jpeg\" \/>\n<meta name=\"author\" content=\"PILT\" \/>\n<meta name=\"twitter:card\" content=\"summary_large_image\" \/>\n<meta name=\"twitter:label1\" content=\"Escrito por\" \/>\n\t<meta name=\"twitter:data1\" content=\"PILT\" \/>\n\t<meta name=\"twitter:label2\" content=\"Tiempo de lectura\" \/>\n\t<meta name=\"twitter:data2\" content=\"2 minutos\" \/>\n<script type=\"application\/ld+json\" class=\"yoast-schema-graph\">{\"@context\":\"https:\\\/\\\/schema.org\",\"@graph\":[{\"@type\":\"Article\",\"@id\":\"https:\\\/\\\/pilt.com.ar\\\/parque-industrial\\\/pilt-vendio-un-lote-de-grandes-dimensiones\\\/#article\",\"isPartOf\":{\"@id\":\"https:\\\/\\\/pilt.com.ar\\\/parque-industrial\\\/pilt-vendio-un-lote-de-grandes-dimensiones\\\/\"},\"author\":{\"name\":\"PILT\",\"@id\":\"https:\\\/\\\/pilt.com.ar\\\/parque-industrial\\\/#\\\/schema\\\/person\\\/2dfb9e2464de1c3deef20c25c30a8306\"},\"headline\":\"PILT VENDI\u00d3 UN LOTE DE GRANDES DIMENSIONES\",\"datePublished\":\"2025-06-27T17:49:42+00:00\",\"dateModified\":\"2025-06-27T17:50:22+00:00\",\"mainEntityOfPage\":{\"@id\":\"https:\\\/\\\/pilt.com.ar\\\/parque-industrial\\\/pilt-vendio-un-lote-de-grandes-dimensiones\\\/\"},\"wordCount\":292,\"commentCount\":0,\"image\":{\"@id\":\"https:\\\/\\\/pilt.com.ar\\\/parque-industrial\\\/pilt-vendio-un-lote-de-grandes-dimensiones\\\/#primaryimage\"},\"thumbnailUrl\":\"https:\\\/\\\/i0.wp.com\\\/pilt.com.ar\\\/parque-industrial\\\/wp-content\\\/uploads\\\/2025\\\/06\\\/Imagen-de-WhatsApp-2025-06-27-a-las-09.08.03_f41cf301.jpg?fit=843%2C560&ssl=1\",\"articleSection\":[\"Noticias\"],\"inLanguage\":\"es\",\"potentialAction\":[{\"@type\":\"CommentAction\",\"name\":\"Comment\",\"target\":[\"https:\\\/\\\/pilt.com.ar\\\/parque-industrial\\\/pilt-vendio-un-lote-de-grandes-dimensiones\\\/#respond\"]}]},{\"@type\":\"WebPage\",\"@id\":\"https:\\\/\\\/pilt.com.ar\\\/parque-industrial\\\/pilt-vendio-un-lote-de-grandes-dimensiones\\\/\",\"url\":\"https:\\\/\\\/pilt.com.ar\\\/parque-industrial\\\/pilt-vendio-un-lote-de-grandes-dimensiones\\\/\",\"name\":\"PILT VENDI\u00d3 UN LOTE DE GRANDES DIMENSIONES - PILT.com.ar\",\"isPartOf\":{\"@id\":\"https:\\\/\\\/pilt.com.ar\\\/parque-industrial\\\/#website\"},\"primaryImageOfPage\":{\"@id\":\"https:\\\/\\\/pilt.com.ar\\\/parque-industrial\\\/pilt-vendio-un-lote-de-grandes-dimensiones\\\/#primaryimage\"},\"image\":{\"@id\":\"https:\\\/\\\/pilt.com.ar\\\/parque-industrial\\\/pilt-vendio-un-lote-de-grandes-dimensiones\\\/#primaryimage\"},\"thumbnailUrl\":\"https:\\\/\\\/i0.wp.com\\\/pilt.com.ar\\\/parque-industrial\\\/wp-content\\\/uploads\\\/2025\\\/06\\\/Imagen-de-WhatsApp-2025-06-27-a-las-09.08.03_f41cf301.jpg?fit=843%2C560&ssl=1\",\"datePublished\":\"2025-06-27T17:49:42+00:00\",\"dateModified\":\"2025-06-27T17:50:22+00:00\",\"author\":{\"@id\":\"https:\\\/\\\/pilt.com.ar\\\/parque-industrial\\\/#\\\/schema\\\/person\\\/2dfb9e2464de1c3deef20c25c30a8306\"},\"inLanguage\":\"es\",\"potentialAction\":[{\"@type\":\"ReadAction\",\"target\":[\"https:\\\/\\\/pilt.com.ar\\\/parque-industrial\\\/pilt-vendio-un-lote-de-grandes-dimensiones\\\/\"]}]},{\"@type\":\"ImageObject\",\"inLanguage\":\"es\",\"@id\":\"https:\\\/\\\/pilt.com.ar\\\/parque-industrial\\\/pilt-vendio-un-lote-de-grandes-dimensiones\\\/#primaryimage\",\"url\":\"https:\\\/\\\/i0.wp.com\\\/pilt.com.ar\\\/parque-industrial\\\/wp-content\\\/uploads\\\/2025\\\/06\\\/Imagen-de-WhatsApp-2025-06-27-a-las-09.08.03_f41cf301.jpg?fit=843%2C560&ssl=1\",\"contentUrl\":\"https:\\\/\\\/i0.wp.com\\\/pilt.com.ar\\\/parque-industrial\\\/wp-content\\\/uploads\\\/2025\\\/06\\\/Imagen-de-WhatsApp-2025-06-27-a-las-09.08.03_f41cf301.jpg?fit=843%2C560&ssl=1\",\"width\":843,\"height\":560},{\"@type\":\"WebSite\",\"@id\":\"https:\\\/\\\/pilt.com.ar\\\/parque-industrial\\\/#website\",\"url\":\"https:\\\/\\\/pilt.com.ar\\\/parque-industrial\\\/\",\"name\":\"PILT.com.ar\",\"description\":\"Parque Industrial, Log\u00edstico y Tecnol\u00f3gico Villa Mar\u00eda\",\"potentialAction\":[{\"@type\":\"SearchAction\",\"target\":{\"@type\":\"EntryPoint\",\"urlTemplate\":\"https:\\\/\\\/pilt.com.ar\\\/parque-industrial\\\/?s={search_term_string}\"},\"query-input\":{\"@type\":\"PropertyValueSpecification\",\"valueRequired\":true,\"valueName\":\"search_term_string\"}}],\"inLanguage\":\"es\"},{\"@type\":\"Person\",\"@id\":\"https:\\\/\\\/pilt.com.ar\\\/parque-industrial\\\/#\\\/schema\\\/person\\\/2dfb9e2464de1c3deef20c25c30a8306\",\"name\":\"PILT\",\"image\":{\"@type\":\"ImageObject\",\"inLanguage\":\"es\",\"@id\":\"https:\\\/\\\/secure.gravatar.com\\\/avatar\\\/5e3734c8d8c8e0b0d45f923c14a14d7b90521d573d02f0d91360a777095ee42b?s=96&d=mm&r=g\",\"url\":\"https:\\\/\\\/secure.gravatar.com\\\/avatar\\\/5e3734c8d8c8e0b0d45f923c14a14d7b90521d573d02f0d91360a777095ee42b?s=96&d=mm&r=g\",\"contentUrl\":\"https:\\\/\\\/secure.gravatar.com\\\/avatar\\\/5e3734c8d8c8e0b0d45f923c14a14d7b90521d573d02f0d91360a777095ee42b?s=96&d=mm&r=g\",\"caption\":\"PILT\"},\"url\":\"https:\\\/\\\/pilt.com.ar\\\/parque-industrial\\\/author\\\/pilt\\\/\"}]}<\/script>\n<!-- \/ Yoast SEO plugin. -->","yoast_head_json":{"title":"PILT VENDI\u00d3 UN LOTE DE GRANDES DIMENSIONES - PILT.com.ar","robots":{"index":"index","follow":"follow","max-snippet":"max-snippet:-1","max-image-preview":"max-image-preview:large","max-video-preview":"max-video-preview:-1"},"canonical":"https:\/\/pilt.com.ar\/parque-industrial\/pilt-vendio-un-lote-de-grandes-dimensiones\/","og_locale":"es_ES","og_type":"article","og_title":"PILT VENDI\u00d3 UN LOTE DE GRANDES DIMENSIONES - PILT.com.ar","og_description":"Argen Mixes Industry adquiri\u00f3 un terreno de casi una hect\u00e1rea y ya suma 2,5 en el predio. El Parque Industrial, Log\u00edstico y Tecnol\u00f3gico Villa Mar\u00eda (PILT) concret\u00f3 la venta de un importante lote a la empresa Argen Mixes Industry (AIM), que desde hace poco m\u00e1s de dos a\u00f1os opera en el predio. La firma, dedicada [&hellip;]","og_url":"https:\/\/pilt.com.ar\/parque-industrial\/pilt-vendio-un-lote-de-grandes-dimensiones\/","og_site_name":"PILT.com.ar","article_published_time":"2025-06-27T17:49:42+00:00","article_modified_time":"2025-06-27T17:50:22+00:00","og_image":[{"width":843,"height":560,"url":"https:\/\/i0.wp.com\/pilt.com.ar\/parque-industrial\/wp-content\/uploads\/2025\/06\/Imagen-de-WhatsApp-2025-06-27-a-las-09.08.03_f41cf301.jpg?fit=843%2C560&ssl=1","type":"image\/jpeg"}],"author":"PILT","twitter_card":"summary_large_image","twitter_misc":{"Escrito por":"PILT","Tiempo de lectura":"2 minutos"},"schema":{"@context":"https:\/\/schema.org","@graph":[{"@type":"Article","@id":"https:\/\/pilt.com.ar\/parque-industrial\/pilt-vendio-un-lote-de-grandes-dimensiones\/#article","isPartOf":{"@id":"https:\/\/pilt.com.ar\/parque-industrial\/pilt-vendio-un-lote-de-grandes-dimensiones\/"},"author":{"name":"PILT","@id":"https:\/\/pilt.com.ar\/parque-industrial\/#\/schema\/person\/2dfb9e2464de1c3deef20c25c30a8306"},"headline":"PILT VENDI\u00d3 UN LOTE DE GRANDES DIMENSIONES","datePublished":"2025-06-27T17:49:42+00:00","dateModified":"2025-06-27T17:50:22+00:00","mainEntityOfPage":{"@id":"https:\/\/pilt.com.ar\/parque-industrial\/pilt-vendio-un-lote-de-grandes-dimensiones\/"},"wordCount":292,"commentCount":0,"image":{"@id":"https:\/\/pilt.com.ar\/parque-industrial\/pilt-vendio-un-lote-de-grandes-dimensiones\/#primaryimage"},"thumbnailUrl":"https:\/\/i0.wp.com\/pilt.com.ar\/parque-industrial\/wp-content\/uploads\/2025\/06\/Imagen-de-WhatsApp-2025-06-27-a-las-09.08.03_f41cf301.jpg?fit=843%2C560&ssl=1","articleSection":["Noticias"],"inLanguage":"es","potentialAction":[{"@type":"CommentAction","name":"Comment","target":["https:\/\/pilt.com.ar\/parque-industrial\/pilt-vendio-un-lote-de-grandes-dimensiones\/#respond"]}]},{"@type":"WebPage","@id":"https:\/\/pilt.com.ar\/parque-industrial\/pilt-vendio-un-lote-de-grandes-dimensiones\/","url":"https:\/\/pilt.com.ar\/parque-industrial\/pilt-vendio-un-lote-de-grandes-dimensiones\/","name":"PILT VENDI\u00d3 UN LOTE DE GRANDES DIMENSIONES - PILT.com.ar","isPartOf":{"@id":"https:\/\/pilt.com.ar\/parque-industrial\/#website"},"primaryImageOfPage":{"@id":"https:\/\/pilt.com.ar\/parque-industrial\/pilt-vendio-un-lote-de-grandes-dimensiones\/#primaryimage"},"image":{"@id":"https:\/\/pilt.com.ar\/parque-industrial\/pilt-vendio-un-lote-de-grandes-dimensiones\/#primaryimage"},"thumbnailUrl":"https:\/\/i0.wp.com\/pilt.com.ar\/parque-industrial\/wp-content\/uploads\/2025\/06\/Imagen-de-WhatsApp-2025-06-27-a-las-09.08.03_f41cf301.jpg?fit=843%2C560&ssl=1","datePublished":"2025-06-27T17:49:42+00:00","dateModified":"2025-06-27T17:50:22+00:00","author":{"@id":"https:\/\/pilt.com.ar\/parque-industrial\/#\/schema\/person\/2dfb9e2464de1c3deef20c25c30a8306"},"inLanguage":"es","potentialAction":[{"@type":"ReadAction","target":["https:\/\/pilt.com.ar\/parque-industrial\/pilt-vendio-un-lote-de-grandes-dimensiones\/"]}]},{"@type":"ImageObject","inLanguage":"es","@id":"https:\/\/pilt.com.ar\/parque-industrial\/pilt-vendio-un-lote-de-grandes-dimensiones\/#primaryimage","url":"https:\/\/i0.wp.com\/pilt.com.ar\/parque-industrial\/wp-content\/uploads\/2025\/06\/Imagen-de-WhatsApp-2025-06-27-a-las-09.08.03_f41cf301.jpg?fit=843%2C560&ssl=1","contentUrl":"https:\/\/i0.wp.com\/pilt.com.ar\/parque-industrial\/wp-content\/uploads\/2025\/06\/Imagen-de-WhatsApp-2025-06-27-a-las-09.08.03_f41cf301.jpg?fit=843%2C560&ssl=1","width":843,"height":560},{"@type":"WebSite","@id":"https:\/\/pilt.com.ar\/parque-industrial\/#website","url":"https:\/\/pilt.com.ar\/parque-industrial\/","name":"PILT.com.ar","description":"Parque Industrial, Log\u00edstico y Tecnol\u00f3gico Villa Mar\u00eda","potentialAction":[{"@type":"SearchAction","target":{"@type":"EntryPoint","urlTemplate":"https:\/\/pilt.com.ar\/parque-industrial\/?s={search_term_string}"},"query-input":{"@type":"PropertyValueSpecification","valueRequired":true,"valueName":"search_term_string"}}],"inLanguage":"es"},{"@type":"Person","@id":"https:\/\/pilt.com.ar\/parque-industrial\/#\/schema\/person\/2dfb9e2464de1c3deef20c25c30a8306","name":"PILT","image":{"@type":"ImageObject","inLanguage":"es","@id":"https:\/\/secure.gravatar.com\/avatar\/5e3734c8d8c8e0b0d45f923c14a14d7b90521d573d02f0d91360a777095ee42b?s=96&d=mm&r=g","url":"https:\/\/secure.gravatar.com\/avatar\/5e3734c8d8c8e0b0d45f923c14a14d7b90521d573d02f0d91360a777095ee42b?s=96&d=mm&r=g","contentUrl":"https:\/\/secure.gravatar.com\/avatar\/5e3734c8d8c8e0b0d45f923c14a14d7b90521d573d02f0d91360a777095ee42b?s=96&d=mm&r=g","caption":"PILT"},"url":"https:\/\/pilt.com.ar\/parque-industrial\/author\/pilt\/"}]}},"jetpack_featured_media_url":"https:\/\/i0.wp.com\/pilt.com.ar\/parque-industrial\/wp-content\/uploads\/2025\/06\/Imagen-de-WhatsApp-2025-06-27-a-las-09.08.03_f41cf301.jpg?fit=843%2C560&ssl=1","jetpack_sharing_enabled":true,"_links":{"self":[{"href":"https:\/\/pilt.com.ar\/parque-industrial\/wp-json\/wp\/v2\/posts\/3775","targetHints":{"allow":["GET"]}}],"collection":[{"href":"https:\/\/pilt.com.ar\/parque-industrial\/wp-json\/wp\/v2\/posts"}],"about":[{"href":"https:\/\/pilt.com.ar\/parque-industrial\/wp-json\/wp\/v2\/types\/post"}],"author":[{"embeddable":true,"href":"https:\/\/pilt.com.ar\/parque-industrial\/wp-json\/wp\/v2\/users\/3"}],"replies":[{"embeddable":true,"href":"https:\/\/pilt.com.ar\/parque-industrial\/wp-json\/wp\/v2\/comments?post=3775"}],"version-history":[{"count":1,"href":"https:\/\/pilt.com.ar\/parque-industrial\/wp-json\/wp\/v2\/posts\/3775\/revisions"}],"predecessor-version":[{"id":3777,"href":"https:\/\/pilt.com.ar\/parque-industrial\/wp-json\/wp\/v2\/posts\/3775\/revisions\/3777"}],"wp:featuredmedia":[{"embeddable":true,"href":"https:\/\/pilt.com.ar\/parque-industrial\/wp-json\/wp\/v2\/media\/3776"}],"wp:attachment":[{"href":"https:\/\/pilt.com.ar\/parque-industrial\/wp-json\/wp\/v2\/media?parent=3775"}],"wp:term":[{"taxonomy":"category","embeddable":true,"href":"https:\/\/pilt.com.ar\/parque-industrial\/wp-json\/wp\/v2\/categories?post=3775"},{"taxonomy":"post_tag","embeddable":true,"href":"https:\/\/pilt.com.ar\/parque-industrial\/wp-json\/wp\/v2\/tags?post=3775"}],"curies":[{"name":"wp","href":"https:\/\/api.w.org\/{rel}","templated":true}]}}