{"id":3754,"date":"2025-06-19T14:39:36","date_gmt":"2025-06-19T17:39:36","guid":{"rendered":"https:\/\/pilt.com.ar\/parque-industrial\/?p=3754"},"modified":"2025-06-19T14:39:37","modified_gmt":"2025-06-19T17:39:37","slug":"empresa-nacida-en-la-nave-para-emprendedores-proyecta-su-planta-en-el-pilt","status":"publish","type":"post","link":"https:\/\/pilt.com.ar\/parque-industrial\/empresa-nacida-en-la-nave-para-emprendedores-proyecta-su-planta-en-el-pilt\/","title":{"rendered":"EMPRESA NACIDA EN LA NAVE PARA EMPRENDEDORES PROYECTA SU PLANTA EN EL PILT"},"content":{"rendered":"\n<p><em>Magno Tecnolog\u00eda L\u00e1ctea, incubada en el programa del Ente, adquiri\u00f3 un lote de casi 3.000 m\u00b2 en la zona metalmec\u00e1nica para construir su propia planta industrial.<\/em><\/p>\n\n\n\n<p>D\u00edas atr\u00e1s, el presidente del Parque Industrial, Log\u00edstico y Tecnol\u00f3gico Villa Mar\u00eda (PILT), Ing. Carlos Pizzorno, firm\u00f3 con Ana Mar\u00eda Fern\u00e1ndez el boleto de compra-venta de un lote de 2.882,40 metros cuadrados, ubicado en la zona metalmec\u00e1nica del predio.<\/p>\n\n\n\n<p>Si bien se trata de una nueva operaci\u00f3n de comercializaci\u00f3n por parte del Ente, esta venta tiene un fuerte valor simb\u00f3lico: la compradora representa a Magno Tecnolog\u00eda L\u00e1ctea, emprendimiento que forma parte del programa Nave para Emprendedores I desde sus inicios. En ese lote se construir\u00e1 en el futuro la planta industrial de la firma.<\/p>\n\n\n\n<p>Cabe destacar que el programa Nave de Apoyo a Emprendedores, mediante el cual se construyeron dos galpones que actualmente albergan diversos desarrollos productivos, tiene como objetivo brindar un espacio con infraestructura y servicios adecuados para impulsar nuevos emprendimientos. La iniciativa surgi\u00f3 al detectarse que uno de los principales obst\u00e1culos para los proyectos en etapa inicial era la falta de un lugar adecuado para operar. El programa busca justamente ofrecer un entorno que permita a los emprendimientos desplegar su potencial, con la perspectiva de que, con el tiempo, puedan evolucionar y contar con su propio espacio de producci\u00f3n.<\/p>\n\n\n\n<p>En esa senda avanza Magno, empresa dedicada a la fabricaci\u00f3n de productos innovadores para establecimientos ganaderos. Entre sus desarrollos se destaca el e-Milk, un equipo para la distribuci\u00f3n y pasteurizaci\u00f3n de leche y sustitutos destinados a la alimentaci\u00f3n de terneros.<\/p>\n","protected":false},"excerpt":{"rendered":"<p>Magno Tecnolog\u00eda L\u00e1ctea, incubada en el programa del Ente, adquiri\u00f3 un lote de casi 3.000 m\u00b2 en la zona metalmec\u00e1nica para construir su propia planta industrial. D\u00edas atr\u00e1s, el presidente del Parque Industrial, Log\u00edstico y Tecnol\u00f3gico Villa Mar\u00eda (PILT), Ing. Carlos Pizzorno, firm\u00f3 con Ana Mar\u00eda Fern\u00e1ndez el boleto de compra-venta de un lote de [&hellip;]<\/p>\n","protected":false},"author":3,"featured_media":3755,"comment_status":"open","ping_status":"open","sticky":false,"template":"","format":"standard","meta":{"_jetpack_memberships_contains_paid_content":false,"footnotes":""},"categories":[2],"tags":[],"class_list":["post-3754","post","type-post","status-publish","format-standard","has-post-thumbnail","hentry","category-noticias"],"yoast_head":"<!-- This site is optimized with the Yoast SEO plugin v27.5 - https:\/\/yoast.com\/product\/yoast-seo-wordpress\/ -->\n<title>EMPRESA NACIDA EN LA NAVE PARA EMPRENDEDORES PROYECTA SU PLANTA EN EL PILT - PILT.com.ar<\/title>\n<meta name=\"robots\" content=\"index, follow, max-snippet:-1, max-image-preview:large, max-video-preview:-1\" \/>\n<link rel=\"canonical\" href=\"https:\/\/pilt.com.ar\/parque-industrial\/empresa-nacida-en-la-nave-para-emprendedores-proyecta-su-planta-en-el-pilt\/\" \/>\n<meta property=\"og:locale\" content=\"es_ES\" \/>\n<meta property=\"og:type\" content=\"article\" \/>\n<meta property=\"og:title\" content=\"EMPRESA NACIDA EN LA NAVE PARA EMPRENDEDORES PROYECTA SU PLANTA EN EL PILT - PILT.com.ar\" \/>\n<meta property=\"og:description\" content=\"Magno Tecnolog\u00eda L\u00e1ctea, incubada en el programa del Ente, adquiri\u00f3 un lote de casi 3.000 m\u00b2 en la zona metalmec\u00e1nica para construir su propia planta industrial. D\u00edas atr\u00e1s, el presidente del Parque Industrial, Log\u00edstico y Tecnol\u00f3gico Villa Mar\u00eda (PILT), Ing. Carlos Pizzorno, firm\u00f3 con Ana Mar\u00eda Fern\u00e1ndez el boleto de compra-venta de un lote de [&hellip;]\" \/>\n<meta property=\"og:url\" content=\"https:\/\/pilt.com.ar\/parque-industrial\/empresa-nacida-en-la-nave-para-emprendedores-proyecta-su-planta-en-el-pilt\/\" \/>\n<meta property=\"og:site_name\" content=\"PILT.com.ar\" \/>\n<meta property=\"article:published_time\" content=\"2025-06-19T17:39:36+00:00\" \/>\n<meta property=\"article:modified_time\" content=\"2025-06-19T17:39:37+00:00\" \/>\n<meta property=\"og:image\" content=\"https:\/\/i0.wp.com\/pilt.com.ar\/parque-industrial\/wp-content\/uploads\/2025\/06\/Imagen-de-WhatsApp-2025-06-19-a-las-12.11.46_b0359f70.jpg?fit=719%2C674&ssl=1\" \/>\n\t<meta property=\"og:image:width\" content=\"719\" \/>\n\t<meta property=\"og:image:height\" content=\"674\" \/>\n\t<meta property=\"og:image:type\" content=\"image\/jpeg\" \/>\n<meta name=\"author\" content=\"PILT\" \/>\n<meta name=\"twitter:card\" content=\"summary_large_image\" \/>\n<meta name=\"twitter:label1\" content=\"Escrito por\" \/>\n\t<meta name=\"twitter:data1\" content=\"PILT\" \/>\n\t<meta name=\"twitter:label2\" content=\"Tiempo de lectura\" \/>\n\t<meta name=\"twitter:data2\" content=\"2 minutos\" \/>\n<script type=\"application\/ld+json\" class=\"yoast-schema-graph\">{\"@context\":\"https:\\\/\\\/schema.org\",\"@graph\":[{\"@type\":\"Article\",\"@id\":\"https:\\\/\\\/pilt.com.ar\\\/parque-industrial\\\/empresa-nacida-en-la-nave-para-emprendedores-proyecta-su-planta-en-el-pilt\\\/#article\",\"isPartOf\":{\"@id\":\"https:\\\/\\\/pilt.com.ar\\\/parque-industrial\\\/empresa-nacida-en-la-nave-para-emprendedores-proyecta-su-planta-en-el-pilt\\\/\"},\"author\":{\"name\":\"PILT\",\"@id\":\"https:\\\/\\\/pilt.com.ar\\\/parque-industrial\\\/#\\\/schema\\\/person\\\/2dfb9e2464de1c3deef20c25c30a8306\"},\"headline\":\"EMPRESA NACIDA EN LA NAVE PARA EMPRENDEDORES PROYECTA SU PLANTA EN EL PILT\",\"datePublished\":\"2025-06-19T17:39:36+00:00\",\"dateModified\":\"2025-06-19T17:39:37+00:00\",\"mainEntityOfPage\":{\"@id\":\"https:\\\/\\\/pilt.com.ar\\\/parque-industrial\\\/empresa-nacida-en-la-nave-para-emprendedores-proyecta-su-planta-en-el-pilt\\\/\"},\"wordCount\":290,\"commentCount\":0,\"image\":{\"@id\":\"https:\\\/\\\/pilt.com.ar\\\/parque-industrial\\\/empresa-nacida-en-la-nave-para-emprendedores-proyecta-su-planta-en-el-pilt\\\/#primaryimage\"},\"thumbnailUrl\":\"https:\\\/\\\/i0.wp.com\\\/pilt.com.ar\\\/parque-industrial\\\/wp-content\\\/uploads\\\/2025\\\/06\\\/Imagen-de-WhatsApp-2025-06-19-a-las-12.11.46_b0359f70.jpg?fit=719%2C674&ssl=1\",\"articleSection\":[\"Noticias\"],\"inLanguage\":\"es\",\"potentialAction\":[{\"@type\":\"CommentAction\",\"name\":\"Comment\",\"target\":[\"https:\\\/\\\/pilt.com.ar\\\/parque-industrial\\\/empresa-nacida-en-la-nave-para-emprendedores-proyecta-su-planta-en-el-pilt\\\/#respond\"]}]},{\"@type\":\"WebPage\",\"@id\":\"https:\\\/\\\/pilt.com.ar\\\/parque-industrial\\\/empresa-nacida-en-la-nave-para-emprendedores-proyecta-su-planta-en-el-pilt\\\/\",\"url\":\"https:\\\/\\\/pilt.com.ar\\\/parque-industrial\\\/empresa-nacida-en-la-nave-para-emprendedores-proyecta-su-planta-en-el-pilt\\\/\",\"name\":\"EMPRESA NACIDA EN LA NAVE PARA EMPRENDEDORES PROYECTA SU PLANTA EN EL PILT - PILT.com.ar\",\"isPartOf\":{\"@id\":\"https:\\\/\\\/pilt.com.ar\\\/parque-industrial\\\/#website\"},\"primaryImageOfPage\":{\"@id\":\"https:\\\/\\\/pilt.com.ar\\\/parque-industrial\\\/empresa-nacida-en-la-nave-para-emprendedores-proyecta-su-planta-en-el-pilt\\\/#primaryimage\"},\"image\":{\"@id\":\"https:\\\/\\\/pilt.com.ar\\\/parque-industrial\\\/empresa-nacida-en-la-nave-para-emprendedores-proyecta-su-planta-en-el-pilt\\\/#primaryimage\"},\"thumbnailUrl\":\"https:\\\/\\\/i0.wp.com\\\/pilt.com.ar\\\/parque-industrial\\\/wp-content\\\/uploads\\\/2025\\\/06\\\/Imagen-de-WhatsApp-2025-06-19-a-las-12.11.46_b0359f70.jpg?fit=719%2C674&ssl=1\",\"datePublished\":\"2025-06-19T17:39:36+00:00\",\"dateModified\":\"2025-06-19T17:39:37+00:00\",\"author\":{\"@id\":\"https:\\\/\\\/pilt.com.ar\\\/parque-industrial\\\/#\\\/schema\\\/person\\\/2dfb9e2464de1c3deef20c25c30a8306\"},\"inLanguage\":\"es\",\"potentialAction\":[{\"@type\":\"ReadAction\",\"target\":[\"https:\\\/\\\/pilt.com.ar\\\/parque-industrial\\\/empresa-nacida-en-la-nave-para-emprendedores-proyecta-su-planta-en-el-pilt\\\/\"]}]},{\"@type\":\"ImageObject\",\"inLanguage\":\"es\",\"@id\":\"https:\\\/\\\/pilt.com.ar\\\/parque-industrial\\\/empresa-nacida-en-la-nave-para-emprendedores-proyecta-su-planta-en-el-pilt\\\/#primaryimage\",\"url\":\"https:\\\/\\\/i0.wp.com\\\/pilt.com.ar\\\/parque-industrial\\\/wp-content\\\/uploads\\\/2025\\\/06\\\/Imagen-de-WhatsApp-2025-06-19-a-las-12.11.46_b0359f70.jpg?fit=719%2C674&ssl=1\",\"contentUrl\":\"https:\\\/\\\/i0.wp.com\\\/pilt.com.ar\\\/parque-industrial\\\/wp-content\\\/uploads\\\/2025\\\/06\\\/Imagen-de-WhatsApp-2025-06-19-a-las-12.11.46_b0359f70.jpg?fit=719%2C674&ssl=1\",\"width\":719,\"height\":674},{\"@type\":\"WebSite\",\"@id\":\"https:\\\/\\\/pilt.com.ar\\\/parque-industrial\\\/#website\",\"url\":\"https:\\\/\\\/pilt.com.ar\\\/parque-industrial\\\/\",\"name\":\"PILT.com.ar\",\"description\":\"Parque Industrial, Log\u00edstico y Tecnol\u00f3gico Villa Mar\u00eda\",\"potentialAction\":[{\"@type\":\"SearchAction\",\"target\":{\"@type\":\"EntryPoint\",\"urlTemplate\":\"https:\\\/\\\/pilt.com.ar\\\/parque-industrial\\\/?s={search_term_string}\"},\"query-input\":{\"@type\":\"PropertyValueSpecification\",\"valueRequired\":true,\"valueName\":\"search_term_string\"}}],\"inLanguage\":\"es\"},{\"@type\":\"Person\",\"@id\":\"https:\\\/\\\/pilt.com.ar\\\/parque-industrial\\\/#\\\/schema\\\/person\\\/2dfb9e2464de1c3deef20c25c30a8306\",\"name\":\"PILT\",\"image\":{\"@type\":\"ImageObject\",\"inLanguage\":\"es\",\"@id\":\"https:\\\/\\\/secure.gravatar.com\\\/avatar\\\/5e3734c8d8c8e0b0d45f923c14a14d7b90521d573d02f0d91360a777095ee42b?s=96&d=mm&r=g\",\"url\":\"https:\\\/\\\/secure.gravatar.com\\\/avatar\\\/5e3734c8d8c8e0b0d45f923c14a14d7b90521d573d02f0d91360a777095ee42b?s=96&d=mm&r=g\",\"contentUrl\":\"https:\\\/\\\/secure.gravatar.com\\\/avatar\\\/5e3734c8d8c8e0b0d45f923c14a14d7b90521d573d02f0d91360a777095ee42b?s=96&d=mm&r=g\",\"caption\":\"PILT\"},\"url\":\"https:\\\/\\\/pilt.com.ar\\\/parque-industrial\\\/author\\\/pilt\\\/\"}]}<\/script>\n<!-- \/ Yoast SEO plugin. -->","yoast_head_json":{"title":"EMPRESA NACIDA EN LA NAVE PARA EMPRENDEDORES PROYECTA SU PLANTA EN EL PILT - PILT.com.ar","robots":{"index":"index","follow":"follow","max-snippet":"max-snippet:-1","max-image-preview":"max-image-preview:large","max-video-preview":"max-video-preview:-1"},"canonical":"https:\/\/pilt.com.ar\/parque-industrial\/empresa-nacida-en-la-nave-para-emprendedores-proyecta-su-planta-en-el-pilt\/","og_locale":"es_ES","og_type":"article","og_title":"EMPRESA NACIDA EN LA NAVE PARA EMPRENDEDORES PROYECTA SU PLANTA EN EL PILT - PILT.com.ar","og_description":"Magno Tecnolog\u00eda L\u00e1ctea, incubada en el programa del Ente, adquiri\u00f3 un lote de casi 3.000 m\u00b2 en la zona metalmec\u00e1nica para construir su propia planta industrial. D\u00edas atr\u00e1s, el presidente del Parque Industrial, Log\u00edstico y Tecnol\u00f3gico Villa Mar\u00eda (PILT), Ing. Carlos Pizzorno, firm\u00f3 con Ana Mar\u00eda Fern\u00e1ndez el boleto de compra-venta de un lote de [&hellip;]","og_url":"https:\/\/pilt.com.ar\/parque-industrial\/empresa-nacida-en-la-nave-para-emprendedores-proyecta-su-planta-en-el-pilt\/","og_site_name":"PILT.com.ar","article_published_time":"2025-06-19T17:39:36+00:00","article_modified_time":"2025-06-19T17:39:37+00:00","og_image":[{"width":719,"height":674,"url":"https:\/\/i0.wp.com\/pilt.com.ar\/parque-industrial\/wp-content\/uploads\/2025\/06\/Imagen-de-WhatsApp-2025-06-19-a-las-12.11.46_b0359f70.jpg?fit=719%2C674&ssl=1","type":"image\/jpeg"}],"author":"PILT","twitter_card":"summary_large_image","twitter_misc":{"Escrito por":"PILT","Tiempo de lectura":"2 minutos"},"schema":{"@context":"https:\/\/schema.org","@graph":[{"@type":"Article","@id":"https:\/\/pilt.com.ar\/parque-industrial\/empresa-nacida-en-la-nave-para-emprendedores-proyecta-su-planta-en-el-pilt\/#article","isPartOf":{"@id":"https:\/\/pilt.com.ar\/parque-industrial\/empresa-nacida-en-la-nave-para-emprendedores-proyecta-su-planta-en-el-pilt\/"},"author":{"name":"PILT","@id":"https:\/\/pilt.com.ar\/parque-industrial\/#\/schema\/person\/2dfb9e2464de1c3deef20c25c30a8306"},"headline":"EMPRESA NACIDA EN LA NAVE PARA EMPRENDEDORES PROYECTA SU PLANTA EN EL PILT","datePublished":"2025-06-19T17:39:36+00:00","dateModified":"2025-06-19T17:39:37+00:00","mainEntityOfPage":{"@id":"https:\/\/pilt.com.ar\/parque-industrial\/empresa-nacida-en-la-nave-para-emprendedores-proyecta-su-planta-en-el-pilt\/"},"wordCount":290,"commentCount":0,"image":{"@id":"https:\/\/pilt.com.ar\/parque-industrial\/empresa-nacida-en-la-nave-para-emprendedores-proyecta-su-planta-en-el-pilt\/#primaryimage"},"thumbnailUrl":"https:\/\/i0.wp.com\/pilt.com.ar\/parque-industrial\/wp-content\/uploads\/2025\/06\/Imagen-de-WhatsApp-2025-06-19-a-las-12.11.46_b0359f70.jpg?fit=719%2C674&ssl=1","articleSection":["Noticias"],"inLanguage":"es","potentialAction":[{"@type":"CommentAction","name":"Comment","target":["https:\/\/pilt.com.ar\/parque-industrial\/empresa-nacida-en-la-nave-para-emprendedores-proyecta-su-planta-en-el-pilt\/#respond"]}]},{"@type":"WebPage","@id":"https:\/\/pilt.com.ar\/parque-industrial\/empresa-nacida-en-la-nave-para-emprendedores-proyecta-su-planta-en-el-pilt\/","url":"https:\/\/pilt.com.ar\/parque-industrial\/empresa-nacida-en-la-nave-para-emprendedores-proyecta-su-planta-en-el-pilt\/","name":"EMPRESA NACIDA EN LA NAVE PARA EMPRENDEDORES PROYECTA SU PLANTA EN EL PILT - PILT.com.ar","isPartOf":{"@id":"https:\/\/pilt.com.ar\/parque-industrial\/#website"},"primaryImageOfPage":{"@id":"https:\/\/pilt.com.ar\/parque-industrial\/empresa-nacida-en-la-nave-para-emprendedores-proyecta-su-planta-en-el-pilt\/#primaryimage"},"image":{"@id":"https:\/\/pilt.com.ar\/parque-industrial\/empresa-nacida-en-la-nave-para-emprendedores-proyecta-su-planta-en-el-pilt\/#primaryimage"},"thumbnailUrl":"https:\/\/i0.wp.com\/pilt.com.ar\/parque-industrial\/wp-content\/uploads\/2025\/06\/Imagen-de-WhatsApp-2025-06-19-a-las-12.11.46_b0359f70.jpg?fit=719%2C674&ssl=1","datePublished":"2025-06-19T17:39:36+00:00","dateModified":"2025-06-19T17:39:37+00:00","author":{"@id":"https:\/\/pilt.com.ar\/parque-industrial\/#\/schema\/person\/2dfb9e2464de1c3deef20c25c30a8306"},"inLanguage":"es","potentialAction":[{"@type":"ReadAction","target":["https:\/\/pilt.com.ar\/parque-industrial\/empresa-nacida-en-la-nave-para-emprendedores-proyecta-su-planta-en-el-pilt\/"]}]},{"@type":"ImageObject","inLanguage":"es","@id":"https:\/\/pilt.com.ar\/parque-industrial\/empresa-nacida-en-la-nave-para-emprendedores-proyecta-su-planta-en-el-pilt\/#primaryimage","url":"https:\/\/i0.wp.com\/pilt.com.ar\/parque-industrial\/wp-content\/uploads\/2025\/06\/Imagen-de-WhatsApp-2025-06-19-a-las-12.11.46_b0359f70.jpg?fit=719%2C674&ssl=1","contentUrl":"https:\/\/i0.wp.com\/pilt.com.ar\/parque-industrial\/wp-content\/uploads\/2025\/06\/Imagen-de-WhatsApp-2025-06-19-a-las-12.11.46_b0359f70.jpg?fit=719%2C674&ssl=1","width":719,"height":674},{"@type":"WebSite","@id":"https:\/\/pilt.com.ar\/parque-industrial\/#website","url":"https:\/\/pilt.com.ar\/parque-industrial\/","name":"PILT.com.ar","description":"Parque Industrial, Log\u00edstico y Tecnol\u00f3gico Villa Mar\u00eda","potentialAction":[{"@type":"SearchAction","target":{"@type":"EntryPoint","urlTemplate":"https:\/\/pilt.com.ar\/parque-industrial\/?s={search_term_string}"},"query-input":{"@type":"PropertyValueSpecification","valueRequired":true,"valueName":"search_term_string"}}],"inLanguage":"es"},{"@type":"Person","@id":"https:\/\/pilt.com.ar\/parque-industrial\/#\/schema\/person\/2dfb9e2464de1c3deef20c25c30a8306","name":"PILT","image":{"@type":"ImageObject","inLanguage":"es","@id":"https:\/\/secure.gravatar.com\/avatar\/5e3734c8d8c8e0b0d45f923c14a14d7b90521d573d02f0d91360a777095ee42b?s=96&d=mm&r=g","url":"https:\/\/secure.gravatar.com\/avatar\/5e3734c8d8c8e0b0d45f923c14a14d7b90521d573d02f0d91360a777095ee42b?s=96&d=mm&r=g","contentUrl":"https:\/\/secure.gravatar.com\/avatar\/5e3734c8d8c8e0b0d45f923c14a14d7b90521d573d02f0d91360a777095ee42b?s=96&d=mm&r=g","caption":"PILT"},"url":"https:\/\/pilt.com.ar\/parque-industrial\/author\/pilt\/"}]}},"jetpack_featured_media_url":"https:\/\/i0.wp.com\/pilt.com.ar\/parque-industrial\/wp-content\/uploads\/2025\/06\/Imagen-de-WhatsApp-2025-06-19-a-las-12.11.46_b0359f70.jpg?fit=719%2C674&ssl=1","jetpack_sharing_enabled":true,"_links":{"self":[{"href":"https:\/\/pilt.com.ar\/parque-industrial\/wp-json\/wp\/v2\/posts\/3754","targetHints":{"allow":["GET"]}}],"collection":[{"href":"https:\/\/pilt.com.ar\/parque-industrial\/wp-json\/wp\/v2\/posts"}],"about":[{"href":"https:\/\/pilt.com.ar\/parque-industrial\/wp-json\/wp\/v2\/types\/post"}],"author":[{"embeddable":true,"href":"https:\/\/pilt.com.ar\/parque-industrial\/wp-json\/wp\/v2\/users\/3"}],"replies":[{"embeddable":true,"href":"https:\/\/pilt.com.ar\/parque-industrial\/wp-json\/wp\/v2\/comments?post=3754"}],"version-history":[{"count":1,"href":"https:\/\/pilt.com.ar\/parque-industrial\/wp-json\/wp\/v2\/posts\/3754\/revisions"}],"predecessor-version":[{"id":3756,"href":"https:\/\/pilt.com.ar\/parque-industrial\/wp-json\/wp\/v2\/posts\/3754\/revisions\/3756"}],"wp:featuredmedia":[{"embeddable":true,"href":"https:\/\/pilt.com.ar\/parque-industrial\/wp-json\/wp\/v2\/media\/3755"}],"wp:attachment":[{"href":"https:\/\/pilt.com.ar\/parque-industrial\/wp-json\/wp\/v2\/media?parent=3754"}],"wp:term":[{"taxonomy":"category","embeddable":true,"href":"https:\/\/pilt.com.ar\/parque-industrial\/wp-json\/wp\/v2\/categories?post=3754"},{"taxonomy":"post_tag","embeddable":true,"href":"https:\/\/pilt.com.ar\/parque-industrial\/wp-json\/wp\/v2\/tags?post=3754"}],"curies":[{"name":"wp","href":"https:\/\/api.w.org\/{rel}","templated":true}]}}