{"id":3734,"date":"2025-06-06T12:56:17","date_gmt":"2025-06-06T15:56:17","guid":{"rendered":"https:\/\/pilt.com.ar\/parque-industrial\/?p=3734"},"modified":"2025-06-06T12:56:18","modified_gmt":"2025-06-06T15:56:18","slug":"mas-empresas-firman-convenios-de-cooperacion-con-el-pilt","status":"publish","type":"post","link":"https:\/\/pilt.com.ar\/parque-industrial\/mas-empresas-firman-convenios-de-cooperacion-con-el-pilt\/","title":{"rendered":"M\u00c1S EMPRESAS FIRMAN CONVENIOS DE COOPERACI\u00d3N CON EL PILT"},"content":{"rendered":"\n<p class=\"has-text-align-center\"><em>En las \u00faltimas semanas, cuatro empresas se sumaron con beneficios exclusivos para las empresas que integran el Ente.<\/em><\/p>\n\n\n\n<p>Desde la Administraci\u00f3n del Parque Industrial, Log\u00edstico y Tecnol\u00f3gico Villa Mar\u00eda (PILT) se contin\u00faa trabajando para generar convenios que representen beneficios concretos para las empresas y los miembros que lo integran. Por ello, recientemente, el gerente de la entidad, Lic. Carlos Montoto Galiano, firm\u00f3 nuevos acuerdos.<\/p>\n\n\n\n<p><strong>Bello Export S.R.L.<\/strong><strong><\/strong><\/p>\n\n\n\n<p>La empresa especializada en regalos empresariales, ubicada en el PILT, ofrece descuentos exclusivos para los miembros del Ente, que van del 10 al 15%.<\/p>\n\n\n\n<p><strong>Incapital S.A.<\/strong><strong><\/strong><\/p>\n\n\n\n<p>Mediante este convenio, la firma \u2014que es Agente de Liquidaci\u00f3n y Compensaci\u00f3n (ALyC)\u2014 brinda a los socios del PILT un acceso a los aranceles de la escala Premium.<\/p>\n\n\n\n<p><strong>High Impact<\/strong><strong><\/strong><\/p>\n\n\n\n<p>La empresa se compromete a ofrecer de manera exclusiva para las compa\u00f1\u00edas referenciadas por el PILT los siguientes beneficios: consultor\u00edas y asesoramiento IT sin costo, presupuestos especiales con condiciones preferenciales, y un firme compromiso en el desarrollo de soluciones de software de alta performance. Asimismo, presentar\u00e1 propuestas y oportunidades vinculadas al \u00e1mbito IT que puedan resultar de inter\u00e9s y beneficio mutuo.<\/p>\n\n\n\n<p><strong>Business Integrated Systems (BIS)<\/strong><strong><\/strong><\/p>\n\n\n\n<p>Ofrece asistencia t\u00e9cnica y financiera para la formulaci\u00f3n, dise\u00f1o e implementaci\u00f3n de proyectos relacionados con la generaci\u00f3n distribuida, eficiencia energ\u00e9tica y digitalizaci\u00f3n industrial. Evaluaciones preliminares sin cargo sobre la factibilidad t\u00e9cnica y econ\u00f3mica de soluciones \u00abAll-in-One\u00bb en energ\u00eda solar, eficiencia energ\u00e9tica y sistemas inteligentes. Acceso prioritario a sus productos y servicios con condiciones comerciales preferenciales, incluyendo financiamiento mediante leasing, fideicomisos u otros instrumentos estructurados.<br><br><\/p>\n\n\n\n<p>Tambi\u00e9n posibilita la participaci\u00f3n en rondas de vinculaci\u00f3n tecnol\u00f3gica, seminarios de formaci\u00f3n y programas piloto que impulsen la transferencia de innovaci\u00f3n a escala industrial. Finalmente, promueve la colaboraci\u00f3n en proyectos de investigaci\u00f3n aplicada, con la posibilidad de formular iniciativas conjuntas orientadas a convocatorias nacionales e internacionales de financiamiento.<\/p>\n","protected":false},"excerpt":{"rendered":"<p>En las \u00faltimas semanas, cuatro empresas se sumaron con beneficios exclusivos para las empresas que integran el Ente. Desde la Administraci\u00f3n del Parque Industrial, Log\u00edstico y Tecnol\u00f3gico Villa Mar\u00eda (PILT) se contin\u00faa trabajando para generar convenios que representen beneficios concretos para las empresas y los miembros que lo integran. Por ello, recientemente, el gerente de [&hellip;]<\/p>\n","protected":false},"author":3,"featured_media":3735,"comment_status":"open","ping_status":"open","sticky":false,"template":"","format":"standard","meta":{"_jetpack_memberships_contains_paid_content":false,"footnotes":""},"categories":[2],"tags":[],"class_list":["post-3734","post","type-post","status-publish","format-standard","has-post-thumbnail","hentry","category-noticias"],"yoast_head":"<!-- This site is optimized with the Yoast SEO plugin v27.5 - https:\/\/yoast.com\/product\/yoast-seo-wordpress\/ -->\n<title>M\u00c1S EMPRESAS FIRMAN CONVENIOS DE COOPERACI\u00d3N CON EL PILT - PILT.com.ar<\/title>\n<meta name=\"robots\" content=\"index, follow, max-snippet:-1, max-image-preview:large, max-video-preview:-1\" \/>\n<link rel=\"canonical\" href=\"https:\/\/pilt.com.ar\/parque-industrial\/mas-empresas-firman-convenios-de-cooperacion-con-el-pilt\/\" \/>\n<meta property=\"og:locale\" content=\"es_ES\" \/>\n<meta property=\"og:type\" content=\"article\" \/>\n<meta property=\"og:title\" content=\"M\u00c1S EMPRESAS FIRMAN CONVENIOS DE COOPERACI\u00d3N CON EL PILT - PILT.com.ar\" \/>\n<meta property=\"og:description\" content=\"En las \u00faltimas semanas, cuatro empresas se sumaron con beneficios exclusivos para las empresas que integran el Ente. Desde la Administraci\u00f3n del Parque Industrial, Log\u00edstico y Tecnol\u00f3gico Villa Mar\u00eda (PILT) se contin\u00faa trabajando para generar convenios que representen beneficios concretos para las empresas y los miembros que lo integran. Por ello, recientemente, el gerente de [&hellip;]\" \/>\n<meta property=\"og:url\" content=\"https:\/\/pilt.com.ar\/parque-industrial\/mas-empresas-firman-convenios-de-cooperacion-con-el-pilt\/\" \/>\n<meta property=\"og:site_name\" content=\"PILT.com.ar\" \/>\n<meta property=\"article:published_time\" content=\"2025-06-06T15:56:17+00:00\" \/>\n<meta property=\"article:modified_time\" content=\"2025-06-06T15:56:18+00:00\" \/>\n<meta property=\"og:image\" content=\"https:\/\/i0.wp.com\/pilt.com.ar\/parque-industrial\/wp-content\/uploads\/2025\/06\/Imagen-de-WhatsApp-2025-06-06-a-las-10.47.40_5b5715c3.jpg?fit=901%2C1600&ssl=1\" \/>\n\t<meta property=\"og:image:width\" content=\"901\" \/>\n\t<meta property=\"og:image:height\" content=\"1600\" \/>\n\t<meta property=\"og:image:type\" content=\"image\/jpeg\" \/>\n<meta name=\"author\" content=\"PILT\" \/>\n<meta name=\"twitter:card\" content=\"summary_large_image\" \/>\n<meta name=\"twitter:label1\" content=\"Escrito por\" \/>\n\t<meta name=\"twitter:data1\" content=\"PILT\" \/>\n\t<meta name=\"twitter:label2\" content=\"Tiempo de lectura\" \/>\n\t<meta name=\"twitter:data2\" content=\"2 minutos\" \/>\n<script type=\"application\/ld+json\" class=\"yoast-schema-graph\">{\"@context\":\"https:\\\/\\\/schema.org\",\"@graph\":[{\"@type\":\"Article\",\"@id\":\"https:\\\/\\\/pilt.com.ar\\\/parque-industrial\\\/mas-empresas-firman-convenios-de-cooperacion-con-el-pilt\\\/#article\",\"isPartOf\":{\"@id\":\"https:\\\/\\\/pilt.com.ar\\\/parque-industrial\\\/mas-empresas-firman-convenios-de-cooperacion-con-el-pilt\\\/\"},\"author\":{\"name\":\"PILT\",\"@id\":\"https:\\\/\\\/pilt.com.ar\\\/parque-industrial\\\/#\\\/schema\\\/person\\\/2dfb9e2464de1c3deef20c25c30a8306\"},\"headline\":\"M\u00c1S EMPRESAS FIRMAN CONVENIOS DE COOPERACI\u00d3N CON EL PILT\",\"datePublished\":\"2025-06-06T15:56:17+00:00\",\"dateModified\":\"2025-06-06T15:56:18+00:00\",\"mainEntityOfPage\":{\"@id\":\"https:\\\/\\\/pilt.com.ar\\\/parque-industrial\\\/mas-empresas-firman-convenios-de-cooperacion-con-el-pilt\\\/\"},\"wordCount\":341,\"commentCount\":0,\"image\":{\"@id\":\"https:\\\/\\\/pilt.com.ar\\\/parque-industrial\\\/mas-empresas-firman-convenios-de-cooperacion-con-el-pilt\\\/#primaryimage\"},\"thumbnailUrl\":\"https:\\\/\\\/i0.wp.com\\\/pilt.com.ar\\\/parque-industrial\\\/wp-content\\\/uploads\\\/2025\\\/06\\\/Imagen-de-WhatsApp-2025-06-06-a-las-10.47.40_5b5715c3.jpg?fit=901%2C1600&ssl=1\",\"articleSection\":[\"Noticias\"],\"inLanguage\":\"es\",\"potentialAction\":[{\"@type\":\"CommentAction\",\"name\":\"Comment\",\"target\":[\"https:\\\/\\\/pilt.com.ar\\\/parque-industrial\\\/mas-empresas-firman-convenios-de-cooperacion-con-el-pilt\\\/#respond\"]}]},{\"@type\":\"WebPage\",\"@id\":\"https:\\\/\\\/pilt.com.ar\\\/parque-industrial\\\/mas-empresas-firman-convenios-de-cooperacion-con-el-pilt\\\/\",\"url\":\"https:\\\/\\\/pilt.com.ar\\\/parque-industrial\\\/mas-empresas-firman-convenios-de-cooperacion-con-el-pilt\\\/\",\"name\":\"M\u00c1S EMPRESAS FIRMAN CONVENIOS DE COOPERACI\u00d3N CON EL PILT - PILT.com.ar\",\"isPartOf\":{\"@id\":\"https:\\\/\\\/pilt.com.ar\\\/parque-industrial\\\/#website\"},\"primaryImageOfPage\":{\"@id\":\"https:\\\/\\\/pilt.com.ar\\\/parque-industrial\\\/mas-empresas-firman-convenios-de-cooperacion-con-el-pilt\\\/#primaryimage\"},\"image\":{\"@id\":\"https:\\\/\\\/pilt.com.ar\\\/parque-industrial\\\/mas-empresas-firman-convenios-de-cooperacion-con-el-pilt\\\/#primaryimage\"},\"thumbnailUrl\":\"https:\\\/\\\/i0.wp.com\\\/pilt.com.ar\\\/parque-industrial\\\/wp-content\\\/uploads\\\/2025\\\/06\\\/Imagen-de-WhatsApp-2025-06-06-a-las-10.47.40_5b5715c3.jpg?fit=901%2C1600&ssl=1\",\"datePublished\":\"2025-06-06T15:56:17+00:00\",\"dateModified\":\"2025-06-06T15:56:18+00:00\",\"author\":{\"@id\":\"https:\\\/\\\/pilt.com.ar\\\/parque-industrial\\\/#\\\/schema\\\/person\\\/2dfb9e2464de1c3deef20c25c30a8306\"},\"inLanguage\":\"es\",\"potentialAction\":[{\"@type\":\"ReadAction\",\"target\":[\"https:\\\/\\\/pilt.com.ar\\\/parque-industrial\\\/mas-empresas-firman-convenios-de-cooperacion-con-el-pilt\\\/\"]}]},{\"@type\":\"ImageObject\",\"inLanguage\":\"es\",\"@id\":\"https:\\\/\\\/pilt.com.ar\\\/parque-industrial\\\/mas-empresas-firman-convenios-de-cooperacion-con-el-pilt\\\/#primaryimage\",\"url\":\"https:\\\/\\\/i0.wp.com\\\/pilt.com.ar\\\/parque-industrial\\\/wp-content\\\/uploads\\\/2025\\\/06\\\/Imagen-de-WhatsApp-2025-06-06-a-las-10.47.40_5b5715c3.jpg?fit=901%2C1600&ssl=1\",\"contentUrl\":\"https:\\\/\\\/i0.wp.com\\\/pilt.com.ar\\\/parque-industrial\\\/wp-content\\\/uploads\\\/2025\\\/06\\\/Imagen-de-WhatsApp-2025-06-06-a-las-10.47.40_5b5715c3.jpg?fit=901%2C1600&ssl=1\",\"width\":901,\"height\":1600},{\"@type\":\"WebSite\",\"@id\":\"https:\\\/\\\/pilt.com.ar\\\/parque-industrial\\\/#website\",\"url\":\"https:\\\/\\\/pilt.com.ar\\\/parque-industrial\\\/\",\"name\":\"PILT.com.ar\",\"description\":\"Parque Industrial, Log\u00edstico y Tecnol\u00f3gico Villa Mar\u00eda\",\"potentialAction\":[{\"@type\":\"SearchAction\",\"target\":{\"@type\":\"EntryPoint\",\"urlTemplate\":\"https:\\\/\\\/pilt.com.ar\\\/parque-industrial\\\/?s={search_term_string}\"},\"query-input\":{\"@type\":\"PropertyValueSpecification\",\"valueRequired\":true,\"valueName\":\"search_term_string\"}}],\"inLanguage\":\"es\"},{\"@type\":\"Person\",\"@id\":\"https:\\\/\\\/pilt.com.ar\\\/parque-industrial\\\/#\\\/schema\\\/person\\\/2dfb9e2464de1c3deef20c25c30a8306\",\"name\":\"PILT\",\"image\":{\"@type\":\"ImageObject\",\"inLanguage\":\"es\",\"@id\":\"https:\\\/\\\/secure.gravatar.com\\\/avatar\\\/5e3734c8d8c8e0b0d45f923c14a14d7b90521d573d02f0d91360a777095ee42b?s=96&d=mm&r=g\",\"url\":\"https:\\\/\\\/secure.gravatar.com\\\/avatar\\\/5e3734c8d8c8e0b0d45f923c14a14d7b90521d573d02f0d91360a777095ee42b?s=96&d=mm&r=g\",\"contentUrl\":\"https:\\\/\\\/secure.gravatar.com\\\/avatar\\\/5e3734c8d8c8e0b0d45f923c14a14d7b90521d573d02f0d91360a777095ee42b?s=96&d=mm&r=g\",\"caption\":\"PILT\"},\"url\":\"https:\\\/\\\/pilt.com.ar\\\/parque-industrial\\\/author\\\/pilt\\\/\"}]}<\/script>\n<!-- \/ Yoast SEO plugin. -->","yoast_head_json":{"title":"M\u00c1S EMPRESAS FIRMAN CONVENIOS DE COOPERACI\u00d3N CON EL PILT - PILT.com.ar","robots":{"index":"index","follow":"follow","max-snippet":"max-snippet:-1","max-image-preview":"max-image-preview:large","max-video-preview":"max-video-preview:-1"},"canonical":"https:\/\/pilt.com.ar\/parque-industrial\/mas-empresas-firman-convenios-de-cooperacion-con-el-pilt\/","og_locale":"es_ES","og_type":"article","og_title":"M\u00c1S EMPRESAS FIRMAN CONVENIOS DE COOPERACI\u00d3N CON EL PILT - PILT.com.ar","og_description":"En las \u00faltimas semanas, cuatro empresas se sumaron con beneficios exclusivos para las empresas que integran el Ente. Desde la Administraci\u00f3n del Parque Industrial, Log\u00edstico y Tecnol\u00f3gico Villa Mar\u00eda (PILT) se contin\u00faa trabajando para generar convenios que representen beneficios concretos para las empresas y los miembros que lo integran. Por ello, recientemente, el gerente de [&hellip;]","og_url":"https:\/\/pilt.com.ar\/parque-industrial\/mas-empresas-firman-convenios-de-cooperacion-con-el-pilt\/","og_site_name":"PILT.com.ar","article_published_time":"2025-06-06T15:56:17+00:00","article_modified_time":"2025-06-06T15:56:18+00:00","og_image":[{"width":901,"height":1600,"url":"https:\/\/i0.wp.com\/pilt.com.ar\/parque-industrial\/wp-content\/uploads\/2025\/06\/Imagen-de-WhatsApp-2025-06-06-a-las-10.47.40_5b5715c3.jpg?fit=901%2C1600&ssl=1","type":"image\/jpeg"}],"author":"PILT","twitter_card":"summary_large_image","twitter_misc":{"Escrito por":"PILT","Tiempo de lectura":"2 minutos"},"schema":{"@context":"https:\/\/schema.org","@graph":[{"@type":"Article","@id":"https:\/\/pilt.com.ar\/parque-industrial\/mas-empresas-firman-convenios-de-cooperacion-con-el-pilt\/#article","isPartOf":{"@id":"https:\/\/pilt.com.ar\/parque-industrial\/mas-empresas-firman-convenios-de-cooperacion-con-el-pilt\/"},"author":{"name":"PILT","@id":"https:\/\/pilt.com.ar\/parque-industrial\/#\/schema\/person\/2dfb9e2464de1c3deef20c25c30a8306"},"headline":"M\u00c1S EMPRESAS FIRMAN CONVENIOS DE COOPERACI\u00d3N CON EL PILT","datePublished":"2025-06-06T15:56:17+00:00","dateModified":"2025-06-06T15:56:18+00:00","mainEntityOfPage":{"@id":"https:\/\/pilt.com.ar\/parque-industrial\/mas-empresas-firman-convenios-de-cooperacion-con-el-pilt\/"},"wordCount":341,"commentCount":0,"image":{"@id":"https:\/\/pilt.com.ar\/parque-industrial\/mas-empresas-firman-convenios-de-cooperacion-con-el-pilt\/#primaryimage"},"thumbnailUrl":"https:\/\/i0.wp.com\/pilt.com.ar\/parque-industrial\/wp-content\/uploads\/2025\/06\/Imagen-de-WhatsApp-2025-06-06-a-las-10.47.40_5b5715c3.jpg?fit=901%2C1600&ssl=1","articleSection":["Noticias"],"inLanguage":"es","potentialAction":[{"@type":"CommentAction","name":"Comment","target":["https:\/\/pilt.com.ar\/parque-industrial\/mas-empresas-firman-convenios-de-cooperacion-con-el-pilt\/#respond"]}]},{"@type":"WebPage","@id":"https:\/\/pilt.com.ar\/parque-industrial\/mas-empresas-firman-convenios-de-cooperacion-con-el-pilt\/","url":"https:\/\/pilt.com.ar\/parque-industrial\/mas-empresas-firman-convenios-de-cooperacion-con-el-pilt\/","name":"M\u00c1S EMPRESAS FIRMAN CONVENIOS DE COOPERACI\u00d3N CON EL PILT - PILT.com.ar","isPartOf":{"@id":"https:\/\/pilt.com.ar\/parque-industrial\/#website"},"primaryImageOfPage":{"@id":"https:\/\/pilt.com.ar\/parque-industrial\/mas-empresas-firman-convenios-de-cooperacion-con-el-pilt\/#primaryimage"},"image":{"@id":"https:\/\/pilt.com.ar\/parque-industrial\/mas-empresas-firman-convenios-de-cooperacion-con-el-pilt\/#primaryimage"},"thumbnailUrl":"https:\/\/i0.wp.com\/pilt.com.ar\/parque-industrial\/wp-content\/uploads\/2025\/06\/Imagen-de-WhatsApp-2025-06-06-a-las-10.47.40_5b5715c3.jpg?fit=901%2C1600&ssl=1","datePublished":"2025-06-06T15:56:17+00:00","dateModified":"2025-06-06T15:56:18+00:00","author":{"@id":"https:\/\/pilt.com.ar\/parque-industrial\/#\/schema\/person\/2dfb9e2464de1c3deef20c25c30a8306"},"inLanguage":"es","potentialAction":[{"@type":"ReadAction","target":["https:\/\/pilt.com.ar\/parque-industrial\/mas-empresas-firman-convenios-de-cooperacion-con-el-pilt\/"]}]},{"@type":"ImageObject","inLanguage":"es","@id":"https:\/\/pilt.com.ar\/parque-industrial\/mas-empresas-firman-convenios-de-cooperacion-con-el-pilt\/#primaryimage","url":"https:\/\/i0.wp.com\/pilt.com.ar\/parque-industrial\/wp-content\/uploads\/2025\/06\/Imagen-de-WhatsApp-2025-06-06-a-las-10.47.40_5b5715c3.jpg?fit=901%2C1600&ssl=1","contentUrl":"https:\/\/i0.wp.com\/pilt.com.ar\/parque-industrial\/wp-content\/uploads\/2025\/06\/Imagen-de-WhatsApp-2025-06-06-a-las-10.47.40_5b5715c3.jpg?fit=901%2C1600&ssl=1","width":901,"height":1600},{"@type":"WebSite","@id":"https:\/\/pilt.com.ar\/parque-industrial\/#website","url":"https:\/\/pilt.com.ar\/parque-industrial\/","name":"PILT.com.ar","description":"Parque Industrial, Log\u00edstico y Tecnol\u00f3gico Villa Mar\u00eda","potentialAction":[{"@type":"SearchAction","target":{"@type":"EntryPoint","urlTemplate":"https:\/\/pilt.com.ar\/parque-industrial\/?s={search_term_string}"},"query-input":{"@type":"PropertyValueSpecification","valueRequired":true,"valueName":"search_term_string"}}],"inLanguage":"es"},{"@type":"Person","@id":"https:\/\/pilt.com.ar\/parque-industrial\/#\/schema\/person\/2dfb9e2464de1c3deef20c25c30a8306","name":"PILT","image":{"@type":"ImageObject","inLanguage":"es","@id":"https:\/\/secure.gravatar.com\/avatar\/5e3734c8d8c8e0b0d45f923c14a14d7b90521d573d02f0d91360a777095ee42b?s=96&d=mm&r=g","url":"https:\/\/secure.gravatar.com\/avatar\/5e3734c8d8c8e0b0d45f923c14a14d7b90521d573d02f0d91360a777095ee42b?s=96&d=mm&r=g","contentUrl":"https:\/\/secure.gravatar.com\/avatar\/5e3734c8d8c8e0b0d45f923c14a14d7b90521d573d02f0d91360a777095ee42b?s=96&d=mm&r=g","caption":"PILT"},"url":"https:\/\/pilt.com.ar\/parque-industrial\/author\/pilt\/"}]}},"jetpack_featured_media_url":"https:\/\/i0.wp.com\/pilt.com.ar\/parque-industrial\/wp-content\/uploads\/2025\/06\/Imagen-de-WhatsApp-2025-06-06-a-las-10.47.40_5b5715c3.jpg?fit=901%2C1600&ssl=1","jetpack_sharing_enabled":true,"_links":{"self":[{"href":"https:\/\/pilt.com.ar\/parque-industrial\/wp-json\/wp\/v2\/posts\/3734","targetHints":{"allow":["GET"]}}],"collection":[{"href":"https:\/\/pilt.com.ar\/parque-industrial\/wp-json\/wp\/v2\/posts"}],"about":[{"href":"https:\/\/pilt.com.ar\/parque-industrial\/wp-json\/wp\/v2\/types\/post"}],"author":[{"embeddable":true,"href":"https:\/\/pilt.com.ar\/parque-industrial\/wp-json\/wp\/v2\/users\/3"}],"replies":[{"embeddable":true,"href":"https:\/\/pilt.com.ar\/parque-industrial\/wp-json\/wp\/v2\/comments?post=3734"}],"version-history":[{"count":1,"href":"https:\/\/pilt.com.ar\/parque-industrial\/wp-json\/wp\/v2\/posts\/3734\/revisions"}],"predecessor-version":[{"id":3736,"href":"https:\/\/pilt.com.ar\/parque-industrial\/wp-json\/wp\/v2\/posts\/3734\/revisions\/3736"}],"wp:featuredmedia":[{"embeddable":true,"href":"https:\/\/pilt.com.ar\/parque-industrial\/wp-json\/wp\/v2\/media\/3735"}],"wp:attachment":[{"href":"https:\/\/pilt.com.ar\/parque-industrial\/wp-json\/wp\/v2\/media?parent=3734"}],"wp:term":[{"taxonomy":"category","embeddable":true,"href":"https:\/\/pilt.com.ar\/parque-industrial\/wp-json\/wp\/v2\/categories?post=3734"},{"taxonomy":"post_tag","embeddable":true,"href":"https:\/\/pilt.com.ar\/parque-industrial\/wp-json\/wp\/v2\/tags?post=3734"}],"curies":[{"name":"wp","href":"https:\/\/api.w.org\/{rel}","templated":true}]}}