{"id":3690,"date":"2025-05-09T14:41:49","date_gmt":"2025-05-09T17:41:49","guid":{"rendered":"https:\/\/pilt.com.ar\/parque-industrial\/?p=3690"},"modified":"2025-05-09T14:41:50","modified_gmt":"2025-05-09T17:41:50","slug":"seguridad-vial-e-inversiones-ejes-de-dos-charlas-realizadas-en-el-pilt","status":"publish","type":"post","link":"https:\/\/pilt.com.ar\/parque-industrial\/seguridad-vial-e-inversiones-ejes-de-dos-charlas-realizadas-en-el-pilt\/","title":{"rendered":"SEGURIDAD VIAL E INVERSIONES, EJES DE DOS CHARLAS REALIZADAS EN EL PILT"},"content":{"rendered":"\n<p class=\"has-text-align-center\"><em>Ambos encuentros, llevados a cabo en el sal\u00f3n de usos m\u00faltiples de la entidad, contaron con una destacada participaci\u00f3n de asistentes.<\/em><\/p>\n\n\n\n<p>El Parque Industrial, Log\u00edstico y Tecnol\u00f3gico Villa Mar\u00eda (PILT) fue escenario de dos actividades que despertaron un marcado inter\u00e9s tanto en socios como en no socios de la entidad. Aunque de tem\u00e1ticas muy distintas, ambas propuestas lograron captar la atenci\u00f3n del p\u00fablico.<\/p>\n\n\n\n<p>Una de ellas, organizada por Prevenci\u00f3n ART \u2014empresa perteneciente al Grupo Sancor Seguros\u2014, estuvo encabezada por el reconocido abogado especializado en seguridad y educaci\u00f3n vial, Horacio Botta Bernaus. El objetivo de la charla fue concientizar sobre los principales factores de riesgo que provocan accidentes de tr\u00e1nsito y las acciones necesarias para prevenirlos.<\/p>\n\n\n\n<p>En ese marco, Carlos Cecchel, broker de seguros especializado en empresas, destac\u00f3: \u201cEn Argentina, los siniestros con mayor tasa de ocurrencia \u2014alrededor del 60%\u2014 se producen durante el trayecto que realizan los empleados cuando van hacia sus trabajos o regresan a sus hogares. Observamos que las empresas se preocupan mucho por la seguridad dentro de sus instalaciones, pero suelen descuidar esa otra dimensi\u00f3n\u201d.<\/p>\n\n\n\n<p>Por este motivo, la intenci\u00f3n de la actividad fue poner el foco en una problem\u00e1tica que genera importantes consecuencias para las organizaciones.<\/p>\n\n\n\n<p>En otro orden, y con la organizaci\u00f3n del Banco Macro, se desarroll\u00f3 una charla centrada en las oportunidades de inversi\u00f3n en el contexto econ\u00f3mico actual. Bajo ese enfoque, especialistas de la entidad ofrecieron informaci\u00f3n importante para la toma de decisiones estrat\u00e9gicas.<\/p>\n","protected":false},"excerpt":{"rendered":"<p>Ambos encuentros, llevados a cabo en el sal\u00f3n de usos m\u00faltiples de la entidad, contaron con una destacada participaci\u00f3n de asistentes. El Parque Industrial, Log\u00edstico y Tecnol\u00f3gico Villa Mar\u00eda (PILT) fue escenario de dos actividades que despertaron un marcado inter\u00e9s tanto en socios como en no socios de la entidad. Aunque de tem\u00e1ticas muy distintas, [&hellip;]<\/p>\n","protected":false},"author":3,"featured_media":3691,"comment_status":"open","ping_status":"open","sticky":false,"template":"","format":"standard","meta":{"_jetpack_memberships_contains_paid_content":false,"footnotes":""},"categories":[2],"tags":[],"class_list":["post-3690","post","type-post","status-publish","format-standard","has-post-thumbnail","hentry","category-noticias"],"yoast_head":"<!-- This site is optimized with the Yoast SEO plugin v27.5 - https:\/\/yoast.com\/product\/yoast-seo-wordpress\/ -->\n<title>SEGURIDAD VIAL E INVERSIONES, EJES DE DOS CHARLAS REALIZADAS EN EL PILT - PILT.com.ar<\/title>\n<meta name=\"robots\" content=\"index, follow, max-snippet:-1, max-image-preview:large, max-video-preview:-1\" \/>\n<link rel=\"canonical\" href=\"https:\/\/pilt.com.ar\/parque-industrial\/seguridad-vial-e-inversiones-ejes-de-dos-charlas-realizadas-en-el-pilt\/\" \/>\n<meta property=\"og:locale\" content=\"es_ES\" \/>\n<meta property=\"og:type\" content=\"article\" \/>\n<meta property=\"og:title\" content=\"SEGURIDAD VIAL E INVERSIONES, EJES DE DOS CHARLAS REALIZADAS EN EL PILT - PILT.com.ar\" \/>\n<meta property=\"og:description\" content=\"Ambos encuentros, llevados a cabo en el sal\u00f3n de usos m\u00faltiples de la entidad, contaron con una destacada participaci\u00f3n de asistentes. El Parque Industrial, Log\u00edstico y Tecnol\u00f3gico Villa Mar\u00eda (PILT) fue escenario de dos actividades que despertaron un marcado inter\u00e9s tanto en socios como en no socios de la entidad. Aunque de tem\u00e1ticas muy distintas, [&hellip;]\" \/>\n<meta property=\"og:url\" content=\"https:\/\/pilt.com.ar\/parque-industrial\/seguridad-vial-e-inversiones-ejes-de-dos-charlas-realizadas-en-el-pilt\/\" \/>\n<meta property=\"og:site_name\" content=\"PILT.com.ar\" \/>\n<meta property=\"article:published_time\" content=\"2025-05-09T17:41:49+00:00\" \/>\n<meta property=\"article:modified_time\" content=\"2025-05-09T17:41:50+00:00\" \/>\n<meta property=\"og:image\" content=\"https:\/\/i0.wp.com\/pilt.com.ar\/parque-industrial\/wp-content\/uploads\/2025\/05\/Imagen-de-WhatsApp-2025-05-09-a-las-12.22.32_3634fd91.jpg?fit=1600%2C901&ssl=1\" \/>\n\t<meta property=\"og:image:width\" content=\"1600\" \/>\n\t<meta property=\"og:image:height\" content=\"901\" \/>\n\t<meta property=\"og:image:type\" content=\"image\/jpeg\" \/>\n<meta name=\"author\" content=\"PILT\" \/>\n<meta name=\"twitter:card\" content=\"summary_large_image\" \/>\n<meta name=\"twitter:label1\" content=\"Escrito por\" \/>\n\t<meta name=\"twitter:data1\" content=\"PILT\" \/>\n\t<meta name=\"twitter:label2\" content=\"Tiempo de lectura\" \/>\n\t<meta name=\"twitter:data2\" content=\"2 minutos\" \/>\n<script type=\"application\/ld+json\" class=\"yoast-schema-graph\">{\"@context\":\"https:\\\/\\\/schema.org\",\"@graph\":[{\"@type\":\"Article\",\"@id\":\"https:\\\/\\\/pilt.com.ar\\\/parque-industrial\\\/seguridad-vial-e-inversiones-ejes-de-dos-charlas-realizadas-en-el-pilt\\\/#article\",\"isPartOf\":{\"@id\":\"https:\\\/\\\/pilt.com.ar\\\/parque-industrial\\\/seguridad-vial-e-inversiones-ejes-de-dos-charlas-realizadas-en-el-pilt\\\/\"},\"author\":{\"name\":\"PILT\",\"@id\":\"https:\\\/\\\/pilt.com.ar\\\/parque-industrial\\\/#\\\/schema\\\/person\\\/2dfb9e2464de1c3deef20c25c30a8306\"},\"headline\":\"SEGURIDAD VIAL E INVERSIONES, EJES DE DOS CHARLAS REALIZADAS EN EL PILT\",\"datePublished\":\"2025-05-09T17:41:49+00:00\",\"dateModified\":\"2025-05-09T17:41:50+00:00\",\"mainEntityOfPage\":{\"@id\":\"https:\\\/\\\/pilt.com.ar\\\/parque-industrial\\\/seguridad-vial-e-inversiones-ejes-de-dos-charlas-realizadas-en-el-pilt\\\/\"},\"wordCount\":273,\"commentCount\":0,\"image\":{\"@id\":\"https:\\\/\\\/pilt.com.ar\\\/parque-industrial\\\/seguridad-vial-e-inversiones-ejes-de-dos-charlas-realizadas-en-el-pilt\\\/#primaryimage\"},\"thumbnailUrl\":\"https:\\\/\\\/i0.wp.com\\\/pilt.com.ar\\\/parque-industrial\\\/wp-content\\\/uploads\\\/2025\\\/05\\\/Imagen-de-WhatsApp-2025-05-09-a-las-12.22.32_3634fd91.jpg?fit=1600%2C901&ssl=1\",\"articleSection\":[\"Noticias\"],\"inLanguage\":\"es\",\"potentialAction\":[{\"@type\":\"CommentAction\",\"name\":\"Comment\",\"target\":[\"https:\\\/\\\/pilt.com.ar\\\/parque-industrial\\\/seguridad-vial-e-inversiones-ejes-de-dos-charlas-realizadas-en-el-pilt\\\/#respond\"]}]},{\"@type\":\"WebPage\",\"@id\":\"https:\\\/\\\/pilt.com.ar\\\/parque-industrial\\\/seguridad-vial-e-inversiones-ejes-de-dos-charlas-realizadas-en-el-pilt\\\/\",\"url\":\"https:\\\/\\\/pilt.com.ar\\\/parque-industrial\\\/seguridad-vial-e-inversiones-ejes-de-dos-charlas-realizadas-en-el-pilt\\\/\",\"name\":\"SEGURIDAD VIAL E INVERSIONES, EJES DE DOS CHARLAS REALIZADAS EN EL PILT - PILT.com.ar\",\"isPartOf\":{\"@id\":\"https:\\\/\\\/pilt.com.ar\\\/parque-industrial\\\/#website\"},\"primaryImageOfPage\":{\"@id\":\"https:\\\/\\\/pilt.com.ar\\\/parque-industrial\\\/seguridad-vial-e-inversiones-ejes-de-dos-charlas-realizadas-en-el-pilt\\\/#primaryimage\"},\"image\":{\"@id\":\"https:\\\/\\\/pilt.com.ar\\\/parque-industrial\\\/seguridad-vial-e-inversiones-ejes-de-dos-charlas-realizadas-en-el-pilt\\\/#primaryimage\"},\"thumbnailUrl\":\"https:\\\/\\\/i0.wp.com\\\/pilt.com.ar\\\/parque-industrial\\\/wp-content\\\/uploads\\\/2025\\\/05\\\/Imagen-de-WhatsApp-2025-05-09-a-las-12.22.32_3634fd91.jpg?fit=1600%2C901&ssl=1\",\"datePublished\":\"2025-05-09T17:41:49+00:00\",\"dateModified\":\"2025-05-09T17:41:50+00:00\",\"author\":{\"@id\":\"https:\\\/\\\/pilt.com.ar\\\/parque-industrial\\\/#\\\/schema\\\/person\\\/2dfb9e2464de1c3deef20c25c30a8306\"},\"inLanguage\":\"es\",\"potentialAction\":[{\"@type\":\"ReadAction\",\"target\":[\"https:\\\/\\\/pilt.com.ar\\\/parque-industrial\\\/seguridad-vial-e-inversiones-ejes-de-dos-charlas-realizadas-en-el-pilt\\\/\"]}]},{\"@type\":\"ImageObject\",\"inLanguage\":\"es\",\"@id\":\"https:\\\/\\\/pilt.com.ar\\\/parque-industrial\\\/seguridad-vial-e-inversiones-ejes-de-dos-charlas-realizadas-en-el-pilt\\\/#primaryimage\",\"url\":\"https:\\\/\\\/i0.wp.com\\\/pilt.com.ar\\\/parque-industrial\\\/wp-content\\\/uploads\\\/2025\\\/05\\\/Imagen-de-WhatsApp-2025-05-09-a-las-12.22.32_3634fd91.jpg?fit=1600%2C901&ssl=1\",\"contentUrl\":\"https:\\\/\\\/i0.wp.com\\\/pilt.com.ar\\\/parque-industrial\\\/wp-content\\\/uploads\\\/2025\\\/05\\\/Imagen-de-WhatsApp-2025-05-09-a-las-12.22.32_3634fd91.jpg?fit=1600%2C901&ssl=1\",\"width\":1600,\"height\":901},{\"@type\":\"WebSite\",\"@id\":\"https:\\\/\\\/pilt.com.ar\\\/parque-industrial\\\/#website\",\"url\":\"https:\\\/\\\/pilt.com.ar\\\/parque-industrial\\\/\",\"name\":\"PILT.com.ar\",\"description\":\"Parque Industrial, Log\u00edstico y Tecnol\u00f3gico Villa Mar\u00eda\",\"potentialAction\":[{\"@type\":\"SearchAction\",\"target\":{\"@type\":\"EntryPoint\",\"urlTemplate\":\"https:\\\/\\\/pilt.com.ar\\\/parque-industrial\\\/?s={search_term_string}\"},\"query-input\":{\"@type\":\"PropertyValueSpecification\",\"valueRequired\":true,\"valueName\":\"search_term_string\"}}],\"inLanguage\":\"es\"},{\"@type\":\"Person\",\"@id\":\"https:\\\/\\\/pilt.com.ar\\\/parque-industrial\\\/#\\\/schema\\\/person\\\/2dfb9e2464de1c3deef20c25c30a8306\",\"name\":\"PILT\",\"image\":{\"@type\":\"ImageObject\",\"inLanguage\":\"es\",\"@id\":\"https:\\\/\\\/secure.gravatar.com\\\/avatar\\\/5e3734c8d8c8e0b0d45f923c14a14d7b90521d573d02f0d91360a777095ee42b?s=96&d=mm&r=g\",\"url\":\"https:\\\/\\\/secure.gravatar.com\\\/avatar\\\/5e3734c8d8c8e0b0d45f923c14a14d7b90521d573d02f0d91360a777095ee42b?s=96&d=mm&r=g\",\"contentUrl\":\"https:\\\/\\\/secure.gravatar.com\\\/avatar\\\/5e3734c8d8c8e0b0d45f923c14a14d7b90521d573d02f0d91360a777095ee42b?s=96&d=mm&r=g\",\"caption\":\"PILT\"},\"url\":\"https:\\\/\\\/pilt.com.ar\\\/parque-industrial\\\/author\\\/pilt\\\/\"}]}<\/script>\n<!-- \/ Yoast SEO plugin. -->","yoast_head_json":{"title":"SEGURIDAD VIAL E INVERSIONES, EJES DE DOS CHARLAS REALIZADAS EN EL PILT - PILT.com.ar","robots":{"index":"index","follow":"follow","max-snippet":"max-snippet:-1","max-image-preview":"max-image-preview:large","max-video-preview":"max-video-preview:-1"},"canonical":"https:\/\/pilt.com.ar\/parque-industrial\/seguridad-vial-e-inversiones-ejes-de-dos-charlas-realizadas-en-el-pilt\/","og_locale":"es_ES","og_type":"article","og_title":"SEGURIDAD VIAL E INVERSIONES, EJES DE DOS CHARLAS REALIZADAS EN EL PILT - PILT.com.ar","og_description":"Ambos encuentros, llevados a cabo en el sal\u00f3n de usos m\u00faltiples de la entidad, contaron con una destacada participaci\u00f3n de asistentes. El Parque Industrial, Log\u00edstico y Tecnol\u00f3gico Villa Mar\u00eda (PILT) fue escenario de dos actividades que despertaron un marcado inter\u00e9s tanto en socios como en no socios de la entidad. Aunque de tem\u00e1ticas muy distintas, [&hellip;]","og_url":"https:\/\/pilt.com.ar\/parque-industrial\/seguridad-vial-e-inversiones-ejes-de-dos-charlas-realizadas-en-el-pilt\/","og_site_name":"PILT.com.ar","article_published_time":"2025-05-09T17:41:49+00:00","article_modified_time":"2025-05-09T17:41:50+00:00","og_image":[{"width":1600,"height":901,"url":"https:\/\/i0.wp.com\/pilt.com.ar\/parque-industrial\/wp-content\/uploads\/2025\/05\/Imagen-de-WhatsApp-2025-05-09-a-las-12.22.32_3634fd91.jpg?fit=1600%2C901&ssl=1","type":"image\/jpeg"}],"author":"PILT","twitter_card":"summary_large_image","twitter_misc":{"Escrito por":"PILT","Tiempo de lectura":"2 minutos"},"schema":{"@context":"https:\/\/schema.org","@graph":[{"@type":"Article","@id":"https:\/\/pilt.com.ar\/parque-industrial\/seguridad-vial-e-inversiones-ejes-de-dos-charlas-realizadas-en-el-pilt\/#article","isPartOf":{"@id":"https:\/\/pilt.com.ar\/parque-industrial\/seguridad-vial-e-inversiones-ejes-de-dos-charlas-realizadas-en-el-pilt\/"},"author":{"name":"PILT","@id":"https:\/\/pilt.com.ar\/parque-industrial\/#\/schema\/person\/2dfb9e2464de1c3deef20c25c30a8306"},"headline":"SEGURIDAD VIAL E INVERSIONES, EJES DE DOS CHARLAS REALIZADAS EN EL PILT","datePublished":"2025-05-09T17:41:49+00:00","dateModified":"2025-05-09T17:41:50+00:00","mainEntityOfPage":{"@id":"https:\/\/pilt.com.ar\/parque-industrial\/seguridad-vial-e-inversiones-ejes-de-dos-charlas-realizadas-en-el-pilt\/"},"wordCount":273,"commentCount":0,"image":{"@id":"https:\/\/pilt.com.ar\/parque-industrial\/seguridad-vial-e-inversiones-ejes-de-dos-charlas-realizadas-en-el-pilt\/#primaryimage"},"thumbnailUrl":"https:\/\/i0.wp.com\/pilt.com.ar\/parque-industrial\/wp-content\/uploads\/2025\/05\/Imagen-de-WhatsApp-2025-05-09-a-las-12.22.32_3634fd91.jpg?fit=1600%2C901&ssl=1","articleSection":["Noticias"],"inLanguage":"es","potentialAction":[{"@type":"CommentAction","name":"Comment","target":["https:\/\/pilt.com.ar\/parque-industrial\/seguridad-vial-e-inversiones-ejes-de-dos-charlas-realizadas-en-el-pilt\/#respond"]}]},{"@type":"WebPage","@id":"https:\/\/pilt.com.ar\/parque-industrial\/seguridad-vial-e-inversiones-ejes-de-dos-charlas-realizadas-en-el-pilt\/","url":"https:\/\/pilt.com.ar\/parque-industrial\/seguridad-vial-e-inversiones-ejes-de-dos-charlas-realizadas-en-el-pilt\/","name":"SEGURIDAD VIAL E INVERSIONES, EJES DE DOS CHARLAS REALIZADAS EN EL PILT - PILT.com.ar","isPartOf":{"@id":"https:\/\/pilt.com.ar\/parque-industrial\/#website"},"primaryImageOfPage":{"@id":"https:\/\/pilt.com.ar\/parque-industrial\/seguridad-vial-e-inversiones-ejes-de-dos-charlas-realizadas-en-el-pilt\/#primaryimage"},"image":{"@id":"https:\/\/pilt.com.ar\/parque-industrial\/seguridad-vial-e-inversiones-ejes-de-dos-charlas-realizadas-en-el-pilt\/#primaryimage"},"thumbnailUrl":"https:\/\/i0.wp.com\/pilt.com.ar\/parque-industrial\/wp-content\/uploads\/2025\/05\/Imagen-de-WhatsApp-2025-05-09-a-las-12.22.32_3634fd91.jpg?fit=1600%2C901&ssl=1","datePublished":"2025-05-09T17:41:49+00:00","dateModified":"2025-05-09T17:41:50+00:00","author":{"@id":"https:\/\/pilt.com.ar\/parque-industrial\/#\/schema\/person\/2dfb9e2464de1c3deef20c25c30a8306"},"inLanguage":"es","potentialAction":[{"@type":"ReadAction","target":["https:\/\/pilt.com.ar\/parque-industrial\/seguridad-vial-e-inversiones-ejes-de-dos-charlas-realizadas-en-el-pilt\/"]}]},{"@type":"ImageObject","inLanguage":"es","@id":"https:\/\/pilt.com.ar\/parque-industrial\/seguridad-vial-e-inversiones-ejes-de-dos-charlas-realizadas-en-el-pilt\/#primaryimage","url":"https:\/\/i0.wp.com\/pilt.com.ar\/parque-industrial\/wp-content\/uploads\/2025\/05\/Imagen-de-WhatsApp-2025-05-09-a-las-12.22.32_3634fd91.jpg?fit=1600%2C901&ssl=1","contentUrl":"https:\/\/i0.wp.com\/pilt.com.ar\/parque-industrial\/wp-content\/uploads\/2025\/05\/Imagen-de-WhatsApp-2025-05-09-a-las-12.22.32_3634fd91.jpg?fit=1600%2C901&ssl=1","width":1600,"height":901},{"@type":"WebSite","@id":"https:\/\/pilt.com.ar\/parque-industrial\/#website","url":"https:\/\/pilt.com.ar\/parque-industrial\/","name":"PILT.com.ar","description":"Parque Industrial, Log\u00edstico y Tecnol\u00f3gico Villa Mar\u00eda","potentialAction":[{"@type":"SearchAction","target":{"@type":"EntryPoint","urlTemplate":"https:\/\/pilt.com.ar\/parque-industrial\/?s={search_term_string}"},"query-input":{"@type":"PropertyValueSpecification","valueRequired":true,"valueName":"search_term_string"}}],"inLanguage":"es"},{"@type":"Person","@id":"https:\/\/pilt.com.ar\/parque-industrial\/#\/schema\/person\/2dfb9e2464de1c3deef20c25c30a8306","name":"PILT","image":{"@type":"ImageObject","inLanguage":"es","@id":"https:\/\/secure.gravatar.com\/avatar\/5e3734c8d8c8e0b0d45f923c14a14d7b90521d573d02f0d91360a777095ee42b?s=96&d=mm&r=g","url":"https:\/\/secure.gravatar.com\/avatar\/5e3734c8d8c8e0b0d45f923c14a14d7b90521d573d02f0d91360a777095ee42b?s=96&d=mm&r=g","contentUrl":"https:\/\/secure.gravatar.com\/avatar\/5e3734c8d8c8e0b0d45f923c14a14d7b90521d573d02f0d91360a777095ee42b?s=96&d=mm&r=g","caption":"PILT"},"url":"https:\/\/pilt.com.ar\/parque-industrial\/author\/pilt\/"}]}},"jetpack_featured_media_url":"https:\/\/i0.wp.com\/pilt.com.ar\/parque-industrial\/wp-content\/uploads\/2025\/05\/Imagen-de-WhatsApp-2025-05-09-a-las-12.22.32_3634fd91.jpg?fit=1600%2C901&ssl=1","jetpack_sharing_enabled":true,"_links":{"self":[{"href":"https:\/\/pilt.com.ar\/parque-industrial\/wp-json\/wp\/v2\/posts\/3690","targetHints":{"allow":["GET"]}}],"collection":[{"href":"https:\/\/pilt.com.ar\/parque-industrial\/wp-json\/wp\/v2\/posts"}],"about":[{"href":"https:\/\/pilt.com.ar\/parque-industrial\/wp-json\/wp\/v2\/types\/post"}],"author":[{"embeddable":true,"href":"https:\/\/pilt.com.ar\/parque-industrial\/wp-json\/wp\/v2\/users\/3"}],"replies":[{"embeddable":true,"href":"https:\/\/pilt.com.ar\/parque-industrial\/wp-json\/wp\/v2\/comments?post=3690"}],"version-history":[{"count":1,"href":"https:\/\/pilt.com.ar\/parque-industrial\/wp-json\/wp\/v2\/posts\/3690\/revisions"}],"predecessor-version":[{"id":3692,"href":"https:\/\/pilt.com.ar\/parque-industrial\/wp-json\/wp\/v2\/posts\/3690\/revisions\/3692"}],"wp:featuredmedia":[{"embeddable":true,"href":"https:\/\/pilt.com.ar\/parque-industrial\/wp-json\/wp\/v2\/media\/3691"}],"wp:attachment":[{"href":"https:\/\/pilt.com.ar\/parque-industrial\/wp-json\/wp\/v2\/media?parent=3690"}],"wp:term":[{"taxonomy":"category","embeddable":true,"href":"https:\/\/pilt.com.ar\/parque-industrial\/wp-json\/wp\/v2\/categories?post=3690"},{"taxonomy":"post_tag","embeddable":true,"href":"https:\/\/pilt.com.ar\/parque-industrial\/wp-json\/wp\/v2\/tags?post=3690"}],"curies":[{"name":"wp","href":"https:\/\/api.w.org\/{rel}","templated":true}]}}