{"id":3687,"date":"2025-05-02T12:33:23","date_gmt":"2025-05-02T15:33:23","guid":{"rendered":"https:\/\/pilt.com.ar\/parque-industrial\/?p=3687"},"modified":"2025-05-02T12:33:24","modified_gmt":"2025-05-02T15:33:24","slug":"charla-sobre-contexto-economico-y-mercados-en-el-pilt","status":"publish","type":"post","link":"https:\/\/pilt.com.ar\/parque-industrial\/charla-sobre-contexto-economico-y-mercados-en-el-pilt\/","title":{"rendered":"CHARLA SOBRE CONTEXTO ECON\u00d3MICO Y MERCADOS EN EL PILT"},"content":{"rendered":"\n<p><em>El encuentro fue organizado por la empresa de servicios financieros Becerra Bursatil y cont\u00f3 con la participaci\u00f3n del contador p\u00fablico Salvador Vitelli.\u00a0<\/em><\/p>\n\n\n\n<p>El escenario econ\u00f3mico actual y las opciones de inversi\u00f3n fueron el eje de una reuni\u00f3n concretada en el sal\u00f3n de usos m\u00faltiples del Parque Industrial, Log\u00edstico y Tecnol\u00f3gico Villa Mar\u00eda (PILT), a cargo Salvador Vitelli, jefe del \u00c1rea de Econom\u00eda y Negocios de la consultora Romano Group.<\/p>\n\n\n\n<p>En ese sentido, el profesional hizo foco en el contexto econ\u00f3mico actual, que obliga a \u201cun cambio de chip, sobre todo por la din\u00e1mica inflacionaria y cambiaria que ven\u00eda de las gestiones anteriores, con una permanente devaluaci\u00f3n. Por el contrario, en la actualidad el Gobierno va hacia una apreciaci\u00f3n cambiaria, lo que genera ruido a sectores exportables como el agro\u201d, indic\u00f3 el profesional.<\/p>\n\n\n\n<p>Sobre las decisiones de inversi\u00f3n, se\u00f1al\u00f3 que las empresas \u201cdeber\u00e1n analizar el flujo de caja, el retorno, porque ya no se puede costear cualquier cosa. Pero las oportunidades siguen estando, sobre todo en la b\u00fasqueda de mayor productividad y potencialidad de producci\u00f3n, no solo v\u00eda reducci\u00f3n de costos sino tambi\u00e9n de baja de impuestos\u201d.<\/p>\n\n\n\n<p>El encuentro fue seguido de cerca por un grupo de empresarios y profesionales que se dieron cita en el SUM.<\/p>\n","protected":false},"excerpt":{"rendered":"<p>El encuentro fue organizado por la empresa de servicios financieros Becerra Bursatil y cont\u00f3 con la participaci\u00f3n del contador p\u00fablico Salvador Vitelli.\u00a0 El escenario econ\u00f3mico actual y las opciones de inversi\u00f3n fueron el eje de una reuni\u00f3n concretada en el sal\u00f3n de usos m\u00faltiples del Parque Industrial, Log\u00edstico y Tecnol\u00f3gico Villa Mar\u00eda (PILT), a cargo [&hellip;]<\/p>\n","protected":false},"author":4,"featured_media":3688,"comment_status":"open","ping_status":"open","sticky":false,"template":"","format":"standard","meta":{"_jetpack_memberships_contains_paid_content":false,"footnotes":""},"categories":[2],"tags":[],"class_list":["post-3687","post","type-post","status-publish","format-standard","has-post-thumbnail","hentry","category-noticias"],"yoast_head":"<!-- This site is optimized with the Yoast SEO plugin v27.5 - https:\/\/yoast.com\/product\/yoast-seo-wordpress\/ -->\n<title>CHARLA SOBRE CONTEXTO ECON\u00d3MICO Y MERCADOS EN EL PILT - PILT.com.ar<\/title>\n<meta name=\"robots\" content=\"index, follow, max-snippet:-1, max-image-preview:large, max-video-preview:-1\" \/>\n<link rel=\"canonical\" href=\"https:\/\/pilt.com.ar\/parque-industrial\/charla-sobre-contexto-economico-y-mercados-en-el-pilt\/\" \/>\n<meta property=\"og:locale\" content=\"es_ES\" \/>\n<meta property=\"og:type\" content=\"article\" \/>\n<meta property=\"og:title\" content=\"CHARLA SOBRE CONTEXTO ECON\u00d3MICO Y MERCADOS EN EL PILT - PILT.com.ar\" \/>\n<meta property=\"og:description\" content=\"El encuentro fue organizado por la empresa de servicios financieros Becerra Bursatil y cont\u00f3 con la participaci\u00f3n del contador p\u00fablico Salvador Vitelli.\u00a0 El escenario econ\u00f3mico actual y las opciones de inversi\u00f3n fueron el eje de una reuni\u00f3n concretada en el sal\u00f3n de usos m\u00faltiples del Parque Industrial, Log\u00edstico y Tecnol\u00f3gico Villa Mar\u00eda (PILT), a cargo [&hellip;]\" \/>\n<meta property=\"og:url\" content=\"https:\/\/pilt.com.ar\/parque-industrial\/charla-sobre-contexto-economico-y-mercados-en-el-pilt\/\" \/>\n<meta property=\"og:site_name\" content=\"PILT.com.ar\" \/>\n<meta property=\"article:published_time\" content=\"2025-05-02T15:33:23+00:00\" \/>\n<meta property=\"article:modified_time\" content=\"2025-05-02T15:33:24+00:00\" \/>\n<meta property=\"og:image\" content=\"https:\/\/i0.wp.com\/pilt.com.ar\/parque-industrial\/wp-content\/uploads\/2025\/05\/Salvador-Vitelli-scaled.jpg?fit=2560%2C1920&ssl=1\" \/>\n\t<meta property=\"og:image:width\" content=\"2560\" \/>\n\t<meta property=\"og:image:height\" content=\"1920\" \/>\n\t<meta property=\"og:image:type\" content=\"image\/jpeg\" \/>\n<meta name=\"author\" content=\"Parque Industrial Villa Maria\" \/>\n<meta name=\"twitter:card\" content=\"summary_large_image\" \/>\n<meta name=\"twitter:label1\" content=\"Escrito por\" \/>\n\t<meta name=\"twitter:data1\" content=\"Parque Industrial Villa Maria\" \/>\n\t<meta name=\"twitter:label2\" content=\"Tiempo de lectura\" \/>\n\t<meta name=\"twitter:data2\" content=\"2 minutos\" \/>\n<script type=\"application\/ld+json\" class=\"yoast-schema-graph\">{\"@context\":\"https:\\\/\\\/schema.org\",\"@graph\":[{\"@type\":\"Article\",\"@id\":\"https:\\\/\\\/pilt.com.ar\\\/parque-industrial\\\/charla-sobre-contexto-economico-y-mercados-en-el-pilt\\\/#article\",\"isPartOf\":{\"@id\":\"https:\\\/\\\/pilt.com.ar\\\/parque-industrial\\\/charla-sobre-contexto-economico-y-mercados-en-el-pilt\\\/\"},\"author\":{\"name\":\"Parque Industrial Villa Maria\",\"@id\":\"https:\\\/\\\/pilt.com.ar\\\/parque-industrial\\\/#\\\/schema\\\/person\\\/97af6d67c1a0eb85782ad2e439e29b41\"},\"headline\":\"CHARLA SOBRE CONTEXTO ECON\u00d3MICO Y MERCADOS EN EL PILT\",\"datePublished\":\"2025-05-02T15:33:23+00:00\",\"dateModified\":\"2025-05-02T15:33:24+00:00\",\"mainEntityOfPage\":{\"@id\":\"https:\\\/\\\/pilt.com.ar\\\/parque-industrial\\\/charla-sobre-contexto-economico-y-mercados-en-el-pilt\\\/\"},\"wordCount\":240,\"commentCount\":0,\"image\":{\"@id\":\"https:\\\/\\\/pilt.com.ar\\\/parque-industrial\\\/charla-sobre-contexto-economico-y-mercados-en-el-pilt\\\/#primaryimage\"},\"thumbnailUrl\":\"https:\\\/\\\/i0.wp.com\\\/pilt.com.ar\\\/parque-industrial\\\/wp-content\\\/uploads\\\/2025\\\/05\\\/Salvador-Vitelli-scaled.jpg?fit=2560%2C1920&ssl=1\",\"articleSection\":[\"Noticias\"],\"inLanguage\":\"es\",\"potentialAction\":[{\"@type\":\"CommentAction\",\"name\":\"Comment\",\"target\":[\"https:\\\/\\\/pilt.com.ar\\\/parque-industrial\\\/charla-sobre-contexto-economico-y-mercados-en-el-pilt\\\/#respond\"]}]},{\"@type\":\"WebPage\",\"@id\":\"https:\\\/\\\/pilt.com.ar\\\/parque-industrial\\\/charla-sobre-contexto-economico-y-mercados-en-el-pilt\\\/\",\"url\":\"https:\\\/\\\/pilt.com.ar\\\/parque-industrial\\\/charla-sobre-contexto-economico-y-mercados-en-el-pilt\\\/\",\"name\":\"CHARLA SOBRE CONTEXTO ECON\u00d3MICO Y MERCADOS EN EL PILT - PILT.com.ar\",\"isPartOf\":{\"@id\":\"https:\\\/\\\/pilt.com.ar\\\/parque-industrial\\\/#website\"},\"primaryImageOfPage\":{\"@id\":\"https:\\\/\\\/pilt.com.ar\\\/parque-industrial\\\/charla-sobre-contexto-economico-y-mercados-en-el-pilt\\\/#primaryimage\"},\"image\":{\"@id\":\"https:\\\/\\\/pilt.com.ar\\\/parque-industrial\\\/charla-sobre-contexto-economico-y-mercados-en-el-pilt\\\/#primaryimage\"},\"thumbnailUrl\":\"https:\\\/\\\/i0.wp.com\\\/pilt.com.ar\\\/parque-industrial\\\/wp-content\\\/uploads\\\/2025\\\/05\\\/Salvador-Vitelli-scaled.jpg?fit=2560%2C1920&ssl=1\",\"datePublished\":\"2025-05-02T15:33:23+00:00\",\"dateModified\":\"2025-05-02T15:33:24+00:00\",\"author\":{\"@id\":\"https:\\\/\\\/pilt.com.ar\\\/parque-industrial\\\/#\\\/schema\\\/person\\\/97af6d67c1a0eb85782ad2e439e29b41\"},\"inLanguage\":\"es\",\"potentialAction\":[{\"@type\":\"ReadAction\",\"target\":[\"https:\\\/\\\/pilt.com.ar\\\/parque-industrial\\\/charla-sobre-contexto-economico-y-mercados-en-el-pilt\\\/\"]}]},{\"@type\":\"ImageObject\",\"inLanguage\":\"es\",\"@id\":\"https:\\\/\\\/pilt.com.ar\\\/parque-industrial\\\/charla-sobre-contexto-economico-y-mercados-en-el-pilt\\\/#primaryimage\",\"url\":\"https:\\\/\\\/i0.wp.com\\\/pilt.com.ar\\\/parque-industrial\\\/wp-content\\\/uploads\\\/2025\\\/05\\\/Salvador-Vitelli-scaled.jpg?fit=2560%2C1920&ssl=1\",\"contentUrl\":\"https:\\\/\\\/i0.wp.com\\\/pilt.com.ar\\\/parque-industrial\\\/wp-content\\\/uploads\\\/2025\\\/05\\\/Salvador-Vitelli-scaled.jpg?fit=2560%2C1920&ssl=1\",\"width\":2560,\"height\":1920},{\"@type\":\"WebSite\",\"@id\":\"https:\\\/\\\/pilt.com.ar\\\/parque-industrial\\\/#website\",\"url\":\"https:\\\/\\\/pilt.com.ar\\\/parque-industrial\\\/\",\"name\":\"PILT.com.ar\",\"description\":\"Parque Industrial, Log\u00edstico y Tecnol\u00f3gico Villa Mar\u00eda\",\"potentialAction\":[{\"@type\":\"SearchAction\",\"target\":{\"@type\":\"EntryPoint\",\"urlTemplate\":\"https:\\\/\\\/pilt.com.ar\\\/parque-industrial\\\/?s={search_term_string}\"},\"query-input\":{\"@type\":\"PropertyValueSpecification\",\"valueRequired\":true,\"valueName\":\"search_term_string\"}}],\"inLanguage\":\"es\"},{\"@type\":\"Person\",\"@id\":\"https:\\\/\\\/pilt.com.ar\\\/parque-industrial\\\/#\\\/schema\\\/person\\\/97af6d67c1a0eb85782ad2e439e29b41\",\"name\":\"Parque Industrial Villa Maria\",\"image\":{\"@type\":\"ImageObject\",\"inLanguage\":\"es\",\"@id\":\"https:\\\/\\\/secure.gravatar.com\\\/avatar\\\/aa6b236a85f5b231f19a07958c0bb61a128df42de269157a53304737730551ce?s=96&d=mm&r=g\",\"url\":\"https:\\\/\\\/secure.gravatar.com\\\/avatar\\\/aa6b236a85f5b231f19a07958c0bb61a128df42de269157a53304737730551ce?s=96&d=mm&r=g\",\"contentUrl\":\"https:\\\/\\\/secure.gravatar.com\\\/avatar\\\/aa6b236a85f5b231f19a07958c0bb61a128df42de269157a53304737730551ce?s=96&d=mm&r=g\",\"caption\":\"Parque Industrial Villa Maria\"},\"sameAs\":[\"https:\\\/\\\/pilt.com.ar\\\/\"],\"url\":\"https:\\\/\\\/pilt.com.ar\\\/parque-industrial\\\/author\\\/pilt2\\\/\"}]}<\/script>\n<!-- \/ Yoast SEO plugin. -->","yoast_head_json":{"title":"CHARLA SOBRE CONTEXTO ECON\u00d3MICO Y MERCADOS EN EL PILT - PILT.com.ar","robots":{"index":"index","follow":"follow","max-snippet":"max-snippet:-1","max-image-preview":"max-image-preview:large","max-video-preview":"max-video-preview:-1"},"canonical":"https:\/\/pilt.com.ar\/parque-industrial\/charla-sobre-contexto-economico-y-mercados-en-el-pilt\/","og_locale":"es_ES","og_type":"article","og_title":"CHARLA SOBRE CONTEXTO ECON\u00d3MICO Y MERCADOS EN EL PILT - PILT.com.ar","og_description":"El encuentro fue organizado por la empresa de servicios financieros Becerra Bursatil y cont\u00f3 con la participaci\u00f3n del contador p\u00fablico Salvador Vitelli.\u00a0 El escenario econ\u00f3mico actual y las opciones de inversi\u00f3n fueron el eje de una reuni\u00f3n concretada en el sal\u00f3n de usos m\u00faltiples del Parque Industrial, Log\u00edstico y Tecnol\u00f3gico Villa Mar\u00eda (PILT), a cargo [&hellip;]","og_url":"https:\/\/pilt.com.ar\/parque-industrial\/charla-sobre-contexto-economico-y-mercados-en-el-pilt\/","og_site_name":"PILT.com.ar","article_published_time":"2025-05-02T15:33:23+00:00","article_modified_time":"2025-05-02T15:33:24+00:00","og_image":[{"width":2560,"height":1920,"url":"https:\/\/i0.wp.com\/pilt.com.ar\/parque-industrial\/wp-content\/uploads\/2025\/05\/Salvador-Vitelli-scaled.jpg?fit=2560%2C1920&ssl=1","type":"image\/jpeg"}],"author":"Parque Industrial Villa Maria","twitter_card":"summary_large_image","twitter_misc":{"Escrito por":"Parque Industrial Villa Maria","Tiempo de lectura":"2 minutos"},"schema":{"@context":"https:\/\/schema.org","@graph":[{"@type":"Article","@id":"https:\/\/pilt.com.ar\/parque-industrial\/charla-sobre-contexto-economico-y-mercados-en-el-pilt\/#article","isPartOf":{"@id":"https:\/\/pilt.com.ar\/parque-industrial\/charla-sobre-contexto-economico-y-mercados-en-el-pilt\/"},"author":{"name":"Parque Industrial Villa Maria","@id":"https:\/\/pilt.com.ar\/parque-industrial\/#\/schema\/person\/97af6d67c1a0eb85782ad2e439e29b41"},"headline":"CHARLA SOBRE CONTEXTO ECON\u00d3MICO Y MERCADOS EN EL PILT","datePublished":"2025-05-02T15:33:23+00:00","dateModified":"2025-05-02T15:33:24+00:00","mainEntityOfPage":{"@id":"https:\/\/pilt.com.ar\/parque-industrial\/charla-sobre-contexto-economico-y-mercados-en-el-pilt\/"},"wordCount":240,"commentCount":0,"image":{"@id":"https:\/\/pilt.com.ar\/parque-industrial\/charla-sobre-contexto-economico-y-mercados-en-el-pilt\/#primaryimage"},"thumbnailUrl":"https:\/\/i0.wp.com\/pilt.com.ar\/parque-industrial\/wp-content\/uploads\/2025\/05\/Salvador-Vitelli-scaled.jpg?fit=2560%2C1920&ssl=1","articleSection":["Noticias"],"inLanguage":"es","potentialAction":[{"@type":"CommentAction","name":"Comment","target":["https:\/\/pilt.com.ar\/parque-industrial\/charla-sobre-contexto-economico-y-mercados-en-el-pilt\/#respond"]}]},{"@type":"WebPage","@id":"https:\/\/pilt.com.ar\/parque-industrial\/charla-sobre-contexto-economico-y-mercados-en-el-pilt\/","url":"https:\/\/pilt.com.ar\/parque-industrial\/charla-sobre-contexto-economico-y-mercados-en-el-pilt\/","name":"CHARLA SOBRE CONTEXTO ECON\u00d3MICO Y MERCADOS EN EL PILT - PILT.com.ar","isPartOf":{"@id":"https:\/\/pilt.com.ar\/parque-industrial\/#website"},"primaryImageOfPage":{"@id":"https:\/\/pilt.com.ar\/parque-industrial\/charla-sobre-contexto-economico-y-mercados-en-el-pilt\/#primaryimage"},"image":{"@id":"https:\/\/pilt.com.ar\/parque-industrial\/charla-sobre-contexto-economico-y-mercados-en-el-pilt\/#primaryimage"},"thumbnailUrl":"https:\/\/i0.wp.com\/pilt.com.ar\/parque-industrial\/wp-content\/uploads\/2025\/05\/Salvador-Vitelli-scaled.jpg?fit=2560%2C1920&ssl=1","datePublished":"2025-05-02T15:33:23+00:00","dateModified":"2025-05-02T15:33:24+00:00","author":{"@id":"https:\/\/pilt.com.ar\/parque-industrial\/#\/schema\/person\/97af6d67c1a0eb85782ad2e439e29b41"},"inLanguage":"es","potentialAction":[{"@type":"ReadAction","target":["https:\/\/pilt.com.ar\/parque-industrial\/charla-sobre-contexto-economico-y-mercados-en-el-pilt\/"]}]},{"@type":"ImageObject","inLanguage":"es","@id":"https:\/\/pilt.com.ar\/parque-industrial\/charla-sobre-contexto-economico-y-mercados-en-el-pilt\/#primaryimage","url":"https:\/\/i0.wp.com\/pilt.com.ar\/parque-industrial\/wp-content\/uploads\/2025\/05\/Salvador-Vitelli-scaled.jpg?fit=2560%2C1920&ssl=1","contentUrl":"https:\/\/i0.wp.com\/pilt.com.ar\/parque-industrial\/wp-content\/uploads\/2025\/05\/Salvador-Vitelli-scaled.jpg?fit=2560%2C1920&ssl=1","width":2560,"height":1920},{"@type":"WebSite","@id":"https:\/\/pilt.com.ar\/parque-industrial\/#website","url":"https:\/\/pilt.com.ar\/parque-industrial\/","name":"PILT.com.ar","description":"Parque Industrial, Log\u00edstico y Tecnol\u00f3gico Villa Mar\u00eda","potentialAction":[{"@type":"SearchAction","target":{"@type":"EntryPoint","urlTemplate":"https:\/\/pilt.com.ar\/parque-industrial\/?s={search_term_string}"},"query-input":{"@type":"PropertyValueSpecification","valueRequired":true,"valueName":"search_term_string"}}],"inLanguage":"es"},{"@type":"Person","@id":"https:\/\/pilt.com.ar\/parque-industrial\/#\/schema\/person\/97af6d67c1a0eb85782ad2e439e29b41","name":"Parque Industrial Villa Maria","image":{"@type":"ImageObject","inLanguage":"es","@id":"https:\/\/secure.gravatar.com\/avatar\/aa6b236a85f5b231f19a07958c0bb61a128df42de269157a53304737730551ce?s=96&d=mm&r=g","url":"https:\/\/secure.gravatar.com\/avatar\/aa6b236a85f5b231f19a07958c0bb61a128df42de269157a53304737730551ce?s=96&d=mm&r=g","contentUrl":"https:\/\/secure.gravatar.com\/avatar\/aa6b236a85f5b231f19a07958c0bb61a128df42de269157a53304737730551ce?s=96&d=mm&r=g","caption":"Parque Industrial Villa Maria"},"sameAs":["https:\/\/pilt.com.ar\/"],"url":"https:\/\/pilt.com.ar\/parque-industrial\/author\/pilt2\/"}]}},"jetpack_featured_media_url":"https:\/\/i0.wp.com\/pilt.com.ar\/parque-industrial\/wp-content\/uploads\/2025\/05\/Salvador-Vitelli-scaled.jpg?fit=2560%2C1920&ssl=1","jetpack_sharing_enabled":true,"_links":{"self":[{"href":"https:\/\/pilt.com.ar\/parque-industrial\/wp-json\/wp\/v2\/posts\/3687","targetHints":{"allow":["GET"]}}],"collection":[{"href":"https:\/\/pilt.com.ar\/parque-industrial\/wp-json\/wp\/v2\/posts"}],"about":[{"href":"https:\/\/pilt.com.ar\/parque-industrial\/wp-json\/wp\/v2\/types\/post"}],"author":[{"embeddable":true,"href":"https:\/\/pilt.com.ar\/parque-industrial\/wp-json\/wp\/v2\/users\/4"}],"replies":[{"embeddable":true,"href":"https:\/\/pilt.com.ar\/parque-industrial\/wp-json\/wp\/v2\/comments?post=3687"}],"version-history":[{"count":1,"href":"https:\/\/pilt.com.ar\/parque-industrial\/wp-json\/wp\/v2\/posts\/3687\/revisions"}],"predecessor-version":[{"id":3689,"href":"https:\/\/pilt.com.ar\/parque-industrial\/wp-json\/wp\/v2\/posts\/3687\/revisions\/3689"}],"wp:featuredmedia":[{"embeddable":true,"href":"https:\/\/pilt.com.ar\/parque-industrial\/wp-json\/wp\/v2\/media\/3688"}],"wp:attachment":[{"href":"https:\/\/pilt.com.ar\/parque-industrial\/wp-json\/wp\/v2\/media?parent=3687"}],"wp:term":[{"taxonomy":"category","embeddable":true,"href":"https:\/\/pilt.com.ar\/parque-industrial\/wp-json\/wp\/v2\/categories?post=3687"},{"taxonomy":"post_tag","embeddable":true,"href":"https:\/\/pilt.com.ar\/parque-industrial\/wp-json\/wp\/v2\/tags?post=3687"}],"curies":[{"name":"wp","href":"https:\/\/api.w.org\/{rel}","templated":true}]}}