{"id":3681,"date":"2025-04-25T12:07:54","date_gmt":"2025-04-25T15:07:54","guid":{"rendered":"https:\/\/pilt.com.ar\/parque-industrial\/?p=3681"},"modified":"2025-04-25T12:08:08","modified_gmt":"2025-04-25T15:08:08","slug":"el-pilt-participa-en-la-feria-conectando-saberes","status":"publish","type":"post","link":"https:\/\/pilt.com.ar\/parque-industrial\/el-pilt-participa-en-la-feria-conectando-saberes\/","title":{"rendered":"EL PILT PARTICIPA EN LA FERIA \u201cCONECTANDO SABERES"},"content":{"rendered":"\n<p class=\"has-text-align-center\"><em>El Ente est\u00e1 presente en el encuentro educativo e institucional que se realiza en la ciudad, con una importante carpa institucional y el acompa\u00f1amiento de diversas empresas asociadas.<\/em><\/p>\n\n\n\n<p>El Parque Industrial, Log\u00edstico y Tecnol\u00f3gico Villa Mar\u00eda (PILT) participa en la feria \u201cConectando Saberes\u201d, organizada por la Municipalidad de Villa Mar\u00eda, que se desarrolla hasta hoy en el Parque de la Vida. Desde su inicio el pasado martes, el evento ha congregado a una gran cantidad de estudiantes, con el objetivo de colaborar en la orientaci\u00f3n vocacional de los j\u00f3venes, acerc\u00e1ndolos a la oferta educativa y acad\u00e9mica de la ciudad.<\/p>\n\n\n\n<p>Es importante destacar que el PILT cuenta con una amplia carpa institucional, en la que participan varias empresas asociadas que exhiben sus productos y servicios. Adem\u00e1s, a los visitantes se les proyecta un video institucional para que conozcan las diferentes actividades que se llevan adelante en el predio, as\u00ed como las caracter\u00edsticas del Ente, su conformaci\u00f3n, las empresas que lo integran y la infraestructura de servicios con la que cuenta para atender los requerimientos industriales. Tambi\u00e9n se les explica a los j\u00f3venes los programas que desarrolla la entidad para promover el emprendedorismo.<\/p>\n\n\n\n<p>La Administraci\u00f3n del PILT agradece a todas las empresas participantes de la feria: <strong>Alpha Qu\u00edmica, PYL, Molinos F\u00e9nix, Mayo Transformadores, Difma, Magno, Pedrolga, Caf\u00e9 Ruiz, Frulatti, Bolicrok, Bello Export, A&amp;S, Arinco, Todo Ingredientes, Prolaccio, Cortech, Avaro Hermanos, Terramar Log\u00edstica, AMI, Hidrocentro y Moray SAS.<\/strong><\/p>\n\n\n\n<p><\/p>\n","protected":false},"excerpt":{"rendered":"<p>El Ente est\u00e1 presente en el encuentro educativo e institucional que se realiza en la ciudad, con una importante carpa institucional y el acompa\u00f1amiento de diversas empresas asociadas. El Parque Industrial, Log\u00edstico y Tecnol\u00f3gico Villa Mar\u00eda (PILT) participa en la feria \u201cConectando Saberes\u201d, organizada por la Municipalidad de Villa Mar\u00eda, que se desarrolla hasta hoy [&hellip;]<\/p>\n","protected":false},"author":3,"featured_media":3682,"comment_status":"open","ping_status":"open","sticky":false,"template":"","format":"standard","meta":{"_jetpack_memberships_contains_paid_content":false,"footnotes":""},"categories":[2],"tags":[],"class_list":["post-3681","post","type-post","status-publish","format-standard","has-post-thumbnail","hentry","category-noticias"],"yoast_head":"<!-- This site is optimized with the Yoast SEO plugin v27.5 - https:\/\/yoast.com\/product\/yoast-seo-wordpress\/ -->\n<title>EL PILT PARTICIPA EN LA FERIA \u201cCONECTANDO SABERES - PILT.com.ar<\/title>\n<meta name=\"robots\" content=\"index, follow, max-snippet:-1, max-image-preview:large, max-video-preview:-1\" \/>\n<link rel=\"canonical\" href=\"https:\/\/pilt.com.ar\/parque-industrial\/el-pilt-participa-en-la-feria-conectando-saberes\/\" \/>\n<meta property=\"og:locale\" content=\"es_ES\" \/>\n<meta property=\"og:type\" content=\"article\" \/>\n<meta property=\"og:title\" content=\"EL PILT PARTICIPA EN LA FERIA \u201cCONECTANDO SABERES - PILT.com.ar\" \/>\n<meta property=\"og:description\" content=\"El Ente est\u00e1 presente en el encuentro educativo e institucional que se realiza en la ciudad, con una importante carpa institucional y el acompa\u00f1amiento de diversas empresas asociadas. El Parque Industrial, Log\u00edstico y Tecnol\u00f3gico Villa Mar\u00eda (PILT) participa en la feria \u201cConectando Saberes\u201d, organizada por la Municipalidad de Villa Mar\u00eda, que se desarrolla hasta hoy [&hellip;]\" \/>\n<meta property=\"og:url\" content=\"https:\/\/pilt.com.ar\/parque-industrial\/el-pilt-participa-en-la-feria-conectando-saberes\/\" \/>\n<meta property=\"og:site_name\" content=\"PILT.com.ar\" \/>\n<meta property=\"article:published_time\" content=\"2025-04-25T15:07:54+00:00\" \/>\n<meta property=\"article:modified_time\" content=\"2025-04-25T15:08:08+00:00\" \/>\n<meta property=\"og:image\" content=\"https:\/\/i0.wp.com\/pilt.com.ar\/parque-industrial\/wp-content\/uploads\/2025\/04\/Imagen-de-WhatsApp-2025-04-24-a-las-12.04.43_87fc0534.jpg?fit=1600%2C720&ssl=1\" \/>\n\t<meta property=\"og:image:width\" content=\"1600\" \/>\n\t<meta property=\"og:image:height\" content=\"720\" \/>\n\t<meta property=\"og:image:type\" content=\"image\/jpeg\" \/>\n<meta name=\"author\" content=\"PILT\" \/>\n<meta name=\"twitter:card\" content=\"summary_large_image\" \/>\n<meta name=\"twitter:label1\" content=\"Escrito por\" \/>\n\t<meta name=\"twitter:data1\" content=\"PILT\" \/>\n\t<meta name=\"twitter:label2\" content=\"Tiempo de lectura\" \/>\n\t<meta name=\"twitter:data2\" content=\"2 minutos\" \/>\n<script type=\"application\/ld+json\" class=\"yoast-schema-graph\">{\"@context\":\"https:\\\/\\\/schema.org\",\"@graph\":[{\"@type\":\"Article\",\"@id\":\"https:\\\/\\\/pilt.com.ar\\\/parque-industrial\\\/el-pilt-participa-en-la-feria-conectando-saberes\\\/#article\",\"isPartOf\":{\"@id\":\"https:\\\/\\\/pilt.com.ar\\\/parque-industrial\\\/el-pilt-participa-en-la-feria-conectando-saberes\\\/\"},\"author\":{\"name\":\"PILT\",\"@id\":\"https:\\\/\\\/pilt.com.ar\\\/parque-industrial\\\/#\\\/schema\\\/person\\\/2dfb9e2464de1c3deef20c25c30a8306\"},\"headline\":\"EL PILT PARTICIPA EN LA FERIA \u201cCONECTANDO SABERES\",\"datePublished\":\"2025-04-25T15:07:54+00:00\",\"dateModified\":\"2025-04-25T15:08:08+00:00\",\"mainEntityOfPage\":{\"@id\":\"https:\\\/\\\/pilt.com.ar\\\/parque-industrial\\\/el-pilt-participa-en-la-feria-conectando-saberes\\\/\"},\"wordCount\":263,\"commentCount\":0,\"image\":{\"@id\":\"https:\\\/\\\/pilt.com.ar\\\/parque-industrial\\\/el-pilt-participa-en-la-feria-conectando-saberes\\\/#primaryimage\"},\"thumbnailUrl\":\"https:\\\/\\\/i0.wp.com\\\/pilt.com.ar\\\/parque-industrial\\\/wp-content\\\/uploads\\\/2025\\\/04\\\/Imagen-de-WhatsApp-2025-04-24-a-las-12.04.43_87fc0534.jpg?fit=1600%2C720&ssl=1\",\"articleSection\":[\"Noticias\"],\"inLanguage\":\"es\",\"potentialAction\":[{\"@type\":\"CommentAction\",\"name\":\"Comment\",\"target\":[\"https:\\\/\\\/pilt.com.ar\\\/parque-industrial\\\/el-pilt-participa-en-la-feria-conectando-saberes\\\/#respond\"]}]},{\"@type\":\"WebPage\",\"@id\":\"https:\\\/\\\/pilt.com.ar\\\/parque-industrial\\\/el-pilt-participa-en-la-feria-conectando-saberes\\\/\",\"url\":\"https:\\\/\\\/pilt.com.ar\\\/parque-industrial\\\/el-pilt-participa-en-la-feria-conectando-saberes\\\/\",\"name\":\"EL PILT PARTICIPA EN LA FERIA \u201cCONECTANDO SABERES - PILT.com.ar\",\"isPartOf\":{\"@id\":\"https:\\\/\\\/pilt.com.ar\\\/parque-industrial\\\/#website\"},\"primaryImageOfPage\":{\"@id\":\"https:\\\/\\\/pilt.com.ar\\\/parque-industrial\\\/el-pilt-participa-en-la-feria-conectando-saberes\\\/#primaryimage\"},\"image\":{\"@id\":\"https:\\\/\\\/pilt.com.ar\\\/parque-industrial\\\/el-pilt-participa-en-la-feria-conectando-saberes\\\/#primaryimage\"},\"thumbnailUrl\":\"https:\\\/\\\/i0.wp.com\\\/pilt.com.ar\\\/parque-industrial\\\/wp-content\\\/uploads\\\/2025\\\/04\\\/Imagen-de-WhatsApp-2025-04-24-a-las-12.04.43_87fc0534.jpg?fit=1600%2C720&ssl=1\",\"datePublished\":\"2025-04-25T15:07:54+00:00\",\"dateModified\":\"2025-04-25T15:08:08+00:00\",\"author\":{\"@id\":\"https:\\\/\\\/pilt.com.ar\\\/parque-industrial\\\/#\\\/schema\\\/person\\\/2dfb9e2464de1c3deef20c25c30a8306\"},\"inLanguage\":\"es\",\"potentialAction\":[{\"@type\":\"ReadAction\",\"target\":[\"https:\\\/\\\/pilt.com.ar\\\/parque-industrial\\\/el-pilt-participa-en-la-feria-conectando-saberes\\\/\"]}]},{\"@type\":\"ImageObject\",\"inLanguage\":\"es\",\"@id\":\"https:\\\/\\\/pilt.com.ar\\\/parque-industrial\\\/el-pilt-participa-en-la-feria-conectando-saberes\\\/#primaryimage\",\"url\":\"https:\\\/\\\/i0.wp.com\\\/pilt.com.ar\\\/parque-industrial\\\/wp-content\\\/uploads\\\/2025\\\/04\\\/Imagen-de-WhatsApp-2025-04-24-a-las-12.04.43_87fc0534.jpg?fit=1600%2C720&ssl=1\",\"contentUrl\":\"https:\\\/\\\/i0.wp.com\\\/pilt.com.ar\\\/parque-industrial\\\/wp-content\\\/uploads\\\/2025\\\/04\\\/Imagen-de-WhatsApp-2025-04-24-a-las-12.04.43_87fc0534.jpg?fit=1600%2C720&ssl=1\",\"width\":1600,\"height\":720},{\"@type\":\"WebSite\",\"@id\":\"https:\\\/\\\/pilt.com.ar\\\/parque-industrial\\\/#website\",\"url\":\"https:\\\/\\\/pilt.com.ar\\\/parque-industrial\\\/\",\"name\":\"PILT.com.ar\",\"description\":\"Parque Industrial, Log\u00edstico y Tecnol\u00f3gico Villa Mar\u00eda\",\"potentialAction\":[{\"@type\":\"SearchAction\",\"target\":{\"@type\":\"EntryPoint\",\"urlTemplate\":\"https:\\\/\\\/pilt.com.ar\\\/parque-industrial\\\/?s={search_term_string}\"},\"query-input\":{\"@type\":\"PropertyValueSpecification\",\"valueRequired\":true,\"valueName\":\"search_term_string\"}}],\"inLanguage\":\"es\"},{\"@type\":\"Person\",\"@id\":\"https:\\\/\\\/pilt.com.ar\\\/parque-industrial\\\/#\\\/schema\\\/person\\\/2dfb9e2464de1c3deef20c25c30a8306\",\"name\":\"PILT\",\"image\":{\"@type\":\"ImageObject\",\"inLanguage\":\"es\",\"@id\":\"https:\\\/\\\/secure.gravatar.com\\\/avatar\\\/5e3734c8d8c8e0b0d45f923c14a14d7b90521d573d02f0d91360a777095ee42b?s=96&d=mm&r=g\",\"url\":\"https:\\\/\\\/secure.gravatar.com\\\/avatar\\\/5e3734c8d8c8e0b0d45f923c14a14d7b90521d573d02f0d91360a777095ee42b?s=96&d=mm&r=g\",\"contentUrl\":\"https:\\\/\\\/secure.gravatar.com\\\/avatar\\\/5e3734c8d8c8e0b0d45f923c14a14d7b90521d573d02f0d91360a777095ee42b?s=96&d=mm&r=g\",\"caption\":\"PILT\"},\"url\":\"https:\\\/\\\/pilt.com.ar\\\/parque-industrial\\\/author\\\/pilt\\\/\"}]}<\/script>\n<!-- \/ Yoast SEO plugin. -->","yoast_head_json":{"title":"EL PILT PARTICIPA EN LA FERIA \u201cCONECTANDO SABERES - PILT.com.ar","robots":{"index":"index","follow":"follow","max-snippet":"max-snippet:-1","max-image-preview":"max-image-preview:large","max-video-preview":"max-video-preview:-1"},"canonical":"https:\/\/pilt.com.ar\/parque-industrial\/el-pilt-participa-en-la-feria-conectando-saberes\/","og_locale":"es_ES","og_type":"article","og_title":"EL PILT PARTICIPA EN LA FERIA \u201cCONECTANDO SABERES - PILT.com.ar","og_description":"El Ente est\u00e1 presente en el encuentro educativo e institucional que se realiza en la ciudad, con una importante carpa institucional y el acompa\u00f1amiento de diversas empresas asociadas. El Parque Industrial, Log\u00edstico y Tecnol\u00f3gico Villa Mar\u00eda (PILT) participa en la feria \u201cConectando Saberes\u201d, organizada por la Municipalidad de Villa Mar\u00eda, que se desarrolla hasta hoy [&hellip;]","og_url":"https:\/\/pilt.com.ar\/parque-industrial\/el-pilt-participa-en-la-feria-conectando-saberes\/","og_site_name":"PILT.com.ar","article_published_time":"2025-04-25T15:07:54+00:00","article_modified_time":"2025-04-25T15:08:08+00:00","og_image":[{"width":1600,"height":720,"url":"https:\/\/i0.wp.com\/pilt.com.ar\/parque-industrial\/wp-content\/uploads\/2025\/04\/Imagen-de-WhatsApp-2025-04-24-a-las-12.04.43_87fc0534.jpg?fit=1600%2C720&ssl=1","type":"image\/jpeg"}],"author":"PILT","twitter_card":"summary_large_image","twitter_misc":{"Escrito por":"PILT","Tiempo de lectura":"2 minutos"},"schema":{"@context":"https:\/\/schema.org","@graph":[{"@type":"Article","@id":"https:\/\/pilt.com.ar\/parque-industrial\/el-pilt-participa-en-la-feria-conectando-saberes\/#article","isPartOf":{"@id":"https:\/\/pilt.com.ar\/parque-industrial\/el-pilt-participa-en-la-feria-conectando-saberes\/"},"author":{"name":"PILT","@id":"https:\/\/pilt.com.ar\/parque-industrial\/#\/schema\/person\/2dfb9e2464de1c3deef20c25c30a8306"},"headline":"EL PILT PARTICIPA EN LA FERIA \u201cCONECTANDO SABERES","datePublished":"2025-04-25T15:07:54+00:00","dateModified":"2025-04-25T15:08:08+00:00","mainEntityOfPage":{"@id":"https:\/\/pilt.com.ar\/parque-industrial\/el-pilt-participa-en-la-feria-conectando-saberes\/"},"wordCount":263,"commentCount":0,"image":{"@id":"https:\/\/pilt.com.ar\/parque-industrial\/el-pilt-participa-en-la-feria-conectando-saberes\/#primaryimage"},"thumbnailUrl":"https:\/\/i0.wp.com\/pilt.com.ar\/parque-industrial\/wp-content\/uploads\/2025\/04\/Imagen-de-WhatsApp-2025-04-24-a-las-12.04.43_87fc0534.jpg?fit=1600%2C720&ssl=1","articleSection":["Noticias"],"inLanguage":"es","potentialAction":[{"@type":"CommentAction","name":"Comment","target":["https:\/\/pilt.com.ar\/parque-industrial\/el-pilt-participa-en-la-feria-conectando-saberes\/#respond"]}]},{"@type":"WebPage","@id":"https:\/\/pilt.com.ar\/parque-industrial\/el-pilt-participa-en-la-feria-conectando-saberes\/","url":"https:\/\/pilt.com.ar\/parque-industrial\/el-pilt-participa-en-la-feria-conectando-saberes\/","name":"EL PILT PARTICIPA EN LA FERIA \u201cCONECTANDO SABERES - PILT.com.ar","isPartOf":{"@id":"https:\/\/pilt.com.ar\/parque-industrial\/#website"},"primaryImageOfPage":{"@id":"https:\/\/pilt.com.ar\/parque-industrial\/el-pilt-participa-en-la-feria-conectando-saberes\/#primaryimage"},"image":{"@id":"https:\/\/pilt.com.ar\/parque-industrial\/el-pilt-participa-en-la-feria-conectando-saberes\/#primaryimage"},"thumbnailUrl":"https:\/\/i0.wp.com\/pilt.com.ar\/parque-industrial\/wp-content\/uploads\/2025\/04\/Imagen-de-WhatsApp-2025-04-24-a-las-12.04.43_87fc0534.jpg?fit=1600%2C720&ssl=1","datePublished":"2025-04-25T15:07:54+00:00","dateModified":"2025-04-25T15:08:08+00:00","author":{"@id":"https:\/\/pilt.com.ar\/parque-industrial\/#\/schema\/person\/2dfb9e2464de1c3deef20c25c30a8306"},"inLanguage":"es","potentialAction":[{"@type":"ReadAction","target":["https:\/\/pilt.com.ar\/parque-industrial\/el-pilt-participa-en-la-feria-conectando-saberes\/"]}]},{"@type":"ImageObject","inLanguage":"es","@id":"https:\/\/pilt.com.ar\/parque-industrial\/el-pilt-participa-en-la-feria-conectando-saberes\/#primaryimage","url":"https:\/\/i0.wp.com\/pilt.com.ar\/parque-industrial\/wp-content\/uploads\/2025\/04\/Imagen-de-WhatsApp-2025-04-24-a-las-12.04.43_87fc0534.jpg?fit=1600%2C720&ssl=1","contentUrl":"https:\/\/i0.wp.com\/pilt.com.ar\/parque-industrial\/wp-content\/uploads\/2025\/04\/Imagen-de-WhatsApp-2025-04-24-a-las-12.04.43_87fc0534.jpg?fit=1600%2C720&ssl=1","width":1600,"height":720},{"@type":"WebSite","@id":"https:\/\/pilt.com.ar\/parque-industrial\/#website","url":"https:\/\/pilt.com.ar\/parque-industrial\/","name":"PILT.com.ar","description":"Parque Industrial, Log\u00edstico y Tecnol\u00f3gico Villa Mar\u00eda","potentialAction":[{"@type":"SearchAction","target":{"@type":"EntryPoint","urlTemplate":"https:\/\/pilt.com.ar\/parque-industrial\/?s={search_term_string}"},"query-input":{"@type":"PropertyValueSpecification","valueRequired":true,"valueName":"search_term_string"}}],"inLanguage":"es"},{"@type":"Person","@id":"https:\/\/pilt.com.ar\/parque-industrial\/#\/schema\/person\/2dfb9e2464de1c3deef20c25c30a8306","name":"PILT","image":{"@type":"ImageObject","inLanguage":"es","@id":"https:\/\/secure.gravatar.com\/avatar\/5e3734c8d8c8e0b0d45f923c14a14d7b90521d573d02f0d91360a777095ee42b?s=96&d=mm&r=g","url":"https:\/\/secure.gravatar.com\/avatar\/5e3734c8d8c8e0b0d45f923c14a14d7b90521d573d02f0d91360a777095ee42b?s=96&d=mm&r=g","contentUrl":"https:\/\/secure.gravatar.com\/avatar\/5e3734c8d8c8e0b0d45f923c14a14d7b90521d573d02f0d91360a777095ee42b?s=96&d=mm&r=g","caption":"PILT"},"url":"https:\/\/pilt.com.ar\/parque-industrial\/author\/pilt\/"}]}},"jetpack_featured_media_url":"https:\/\/i0.wp.com\/pilt.com.ar\/parque-industrial\/wp-content\/uploads\/2025\/04\/Imagen-de-WhatsApp-2025-04-24-a-las-12.04.43_87fc0534.jpg?fit=1600%2C720&ssl=1","jetpack_sharing_enabled":true,"_links":{"self":[{"href":"https:\/\/pilt.com.ar\/parque-industrial\/wp-json\/wp\/v2\/posts\/3681","targetHints":{"allow":["GET"]}}],"collection":[{"href":"https:\/\/pilt.com.ar\/parque-industrial\/wp-json\/wp\/v2\/posts"}],"about":[{"href":"https:\/\/pilt.com.ar\/parque-industrial\/wp-json\/wp\/v2\/types\/post"}],"author":[{"embeddable":true,"href":"https:\/\/pilt.com.ar\/parque-industrial\/wp-json\/wp\/v2\/users\/3"}],"replies":[{"embeddable":true,"href":"https:\/\/pilt.com.ar\/parque-industrial\/wp-json\/wp\/v2\/comments?post=3681"}],"version-history":[{"count":2,"href":"https:\/\/pilt.com.ar\/parque-industrial\/wp-json\/wp\/v2\/posts\/3681\/revisions"}],"predecessor-version":[{"id":3684,"href":"https:\/\/pilt.com.ar\/parque-industrial\/wp-json\/wp\/v2\/posts\/3681\/revisions\/3684"}],"wp:featuredmedia":[{"embeddable":true,"href":"https:\/\/pilt.com.ar\/parque-industrial\/wp-json\/wp\/v2\/media\/3682"}],"wp:attachment":[{"href":"https:\/\/pilt.com.ar\/parque-industrial\/wp-json\/wp\/v2\/media?parent=3681"}],"wp:term":[{"taxonomy":"category","embeddable":true,"href":"https:\/\/pilt.com.ar\/parque-industrial\/wp-json\/wp\/v2\/categories?post=3681"},{"taxonomy":"post_tag","embeddable":true,"href":"https:\/\/pilt.com.ar\/parque-industrial\/wp-json\/wp\/v2\/tags?post=3681"}],"curies":[{"name":"wp","href":"https:\/\/api.w.org\/{rel}","templated":true}]}}