{"id":3676,"date":"2025-04-16T15:26:07","date_gmt":"2025-04-16T18:26:07","guid":{"rendered":"https:\/\/pilt.com.ar\/parque-industrial\/?p=3676"},"modified":"2025-04-16T15:26:47","modified_gmt":"2025-04-16T18:26:47","slug":"el-pilt-concreto-la-venta-de-un-lote-para-un-nuevo-centrode-distribucion-de-bebidas","status":"publish","type":"post","link":"https:\/\/pilt.com.ar\/parque-industrial\/el-pilt-concreto-la-venta-de-un-lote-para-un-nuevo-centrode-distribucion-de-bebidas\/","title":{"rendered":"EL PILT CONCRET\u00d3 LA VENTA DE UN LOTE PARA UN NUEVO CENTRO DE DISTRIBUCI\u00d3N DE BEBIDAS"},"content":{"rendered":"\n<p><em>La firma VCC 365 SA desarrollar\u00e1 una nave log\u00edstica de m\u00e1s de 4.000 metros cuadrados en un predio de grandes dimensiones en el predio.<\/em><\/p>\n\n\n\n<p>D\u00edas atr\u00e1s se firm\u00f3 el boleto de compraventa mediante el cual el Parque Industrial, Log\u00edstico y Tecnol\u00f3gico Villa Mar\u00eda (PILT) concret\u00f3 la venta de un lote de 6.800 metros cuadrados a la firma VCC 365 SA. Se trata de una empresa cuyos propietarios ya cuentan con una planta operativa en el predio, aunque bajo otra raz\u00f3n social.<\/p>\n\n\n\n<p>El nuevo desarrollo estar\u00e1 destinado a tareas de log\u00edstica y distribuci\u00f3n regional de diversas marcas de bebidas. El proyecto replica, en l\u00edneas generales, la nave con la que ya opera la firma en el PILT, dedicada actualmente a la distribuci\u00f3n de distintos productos, ubicada justo frente al lote adquirido.<\/p>\n\n\n\n<p>Seg\u00fan se inform\u00f3, la nueva nave contar\u00e1 con una estructura de alma llena y sin columnas interiores, alcanzando una superficie cubierta de 4.260 metros cuadrados. Adem\u00e1s, se incorporar\u00e1 un alero de carga y descarga de 960 metros cuadrados y un espacio de oficinas de 70 metros cuadrados, orientado a la gesti\u00f3n log\u00edstica y de despacho. Las \u00e1reas comerciales y administrativas funcionar\u00e1n en las instalaciones existentes.<\/p>\n\n\n\n<p>Cabe destacar que el proyecto contempla, en una segunda etapa, el inicio de actividades vinculadas a la producci\u00f3n de jugos.<\/p>\n\n\n\n<p>Desde la empresa indicaron que prev\u00e9n iniciar las obras en el corto plazo, probablemente durante los pr\u00f3ximos meses.<\/p>\n","protected":false},"excerpt":{"rendered":"<p>La firma VCC 365 SA desarrollar\u00e1 una nave log\u00edstica de m\u00e1s de 4.000 metros cuadrados en un predio de grandes dimensiones en el predio. D\u00edas atr\u00e1s se firm\u00f3 el boleto de compraventa mediante el cual el Parque Industrial, Log\u00edstico y Tecnol\u00f3gico Villa Mar\u00eda (PILT) concret\u00f3 la venta de un lote de 6.800 metros cuadrados a [&hellip;]<\/p>\n","protected":false},"author":3,"featured_media":3677,"comment_status":"open","ping_status":"open","sticky":false,"template":"","format":"standard","meta":{"_jetpack_memberships_contains_paid_content":false,"footnotes":""},"categories":[2],"tags":[],"class_list":["post-3676","post","type-post","status-publish","format-standard","has-post-thumbnail","hentry","category-noticias"],"yoast_head":"<!-- This site is optimized with the Yoast SEO plugin v27.5 - https:\/\/yoast.com\/product\/yoast-seo-wordpress\/ -->\n<title>EL PILT CONCRET\u00d3 LA VENTA DE UN LOTE PARA UN NUEVO CENTRO DE DISTRIBUCI\u00d3N DE BEBIDAS - PILT.com.ar<\/title>\n<meta name=\"robots\" content=\"index, follow, max-snippet:-1, max-image-preview:large, max-video-preview:-1\" \/>\n<link rel=\"canonical\" href=\"https:\/\/pilt.com.ar\/parque-industrial\/el-pilt-concreto-la-venta-de-un-lote-para-un-nuevo-centrode-distribucion-de-bebidas\/\" \/>\n<meta property=\"og:locale\" content=\"es_ES\" \/>\n<meta property=\"og:type\" content=\"article\" \/>\n<meta property=\"og:title\" content=\"EL PILT CONCRET\u00d3 LA VENTA DE UN LOTE PARA UN NUEVO CENTRO DE DISTRIBUCI\u00d3N DE BEBIDAS - PILT.com.ar\" \/>\n<meta property=\"og:description\" content=\"La firma VCC 365 SA desarrollar\u00e1 una nave log\u00edstica de m\u00e1s de 4.000 metros cuadrados en un predio de grandes dimensiones en el predio. D\u00edas atr\u00e1s se firm\u00f3 el boleto de compraventa mediante el cual el Parque Industrial, Log\u00edstico y Tecnol\u00f3gico Villa Mar\u00eda (PILT) concret\u00f3 la venta de un lote de 6.800 metros cuadrados a [&hellip;]\" \/>\n<meta property=\"og:url\" content=\"https:\/\/pilt.com.ar\/parque-industrial\/el-pilt-concreto-la-venta-de-un-lote-para-un-nuevo-centrode-distribucion-de-bebidas\/\" \/>\n<meta property=\"og:site_name\" content=\"PILT.com.ar\" \/>\n<meta property=\"article:published_time\" content=\"2025-04-16T18:26:07+00:00\" \/>\n<meta property=\"article:modified_time\" content=\"2025-04-16T18:26:47+00:00\" \/>\n<meta property=\"og:image\" content=\"https:\/\/i0.wp.com\/pilt.com.ar\/parque-industrial\/wp-content\/uploads\/2025\/04\/Imagen-de-WhatsApp-2025-04-16-a-las-13.58.37_16979f97.jpg?fit=1600%2C1200&ssl=1\" \/>\n\t<meta property=\"og:image:width\" content=\"1600\" \/>\n\t<meta property=\"og:image:height\" content=\"1200\" \/>\n\t<meta property=\"og:image:type\" content=\"image\/jpeg\" \/>\n<meta name=\"author\" content=\"PILT\" \/>\n<meta name=\"twitter:card\" content=\"summary_large_image\" \/>\n<meta name=\"twitter:label1\" content=\"Escrito por\" \/>\n\t<meta name=\"twitter:data1\" content=\"PILT\" \/>\n\t<meta name=\"twitter:label2\" content=\"Tiempo de lectura\" \/>\n\t<meta name=\"twitter:data2\" content=\"2 minutos\" \/>\n<script type=\"application\/ld+json\" class=\"yoast-schema-graph\">{\"@context\":\"https:\\\/\\\/schema.org\",\"@graph\":[{\"@type\":\"Article\",\"@id\":\"https:\\\/\\\/pilt.com.ar\\\/parque-industrial\\\/el-pilt-concreto-la-venta-de-un-lote-para-un-nuevo-centrode-distribucion-de-bebidas\\\/#article\",\"isPartOf\":{\"@id\":\"https:\\\/\\\/pilt.com.ar\\\/parque-industrial\\\/el-pilt-concreto-la-venta-de-un-lote-para-un-nuevo-centrode-distribucion-de-bebidas\\\/\"},\"author\":{\"name\":\"PILT\",\"@id\":\"https:\\\/\\\/pilt.com.ar\\\/parque-industrial\\\/#\\\/schema\\\/person\\\/2dfb9e2464de1c3deef20c25c30a8306\"},\"headline\":\"EL PILT CONCRET\u00d3 LA VENTA DE UN LOTE PARA UN NUEVO CENTRO DE DISTRIBUCI\u00d3N DE BEBIDAS\",\"datePublished\":\"2025-04-16T18:26:07+00:00\",\"dateModified\":\"2025-04-16T18:26:47+00:00\",\"mainEntityOfPage\":{\"@id\":\"https:\\\/\\\/pilt.com.ar\\\/parque-industrial\\\/el-pilt-concreto-la-venta-de-un-lote-para-un-nuevo-centrode-distribucion-de-bebidas\\\/\"},\"wordCount\":263,\"commentCount\":0,\"image\":{\"@id\":\"https:\\\/\\\/pilt.com.ar\\\/parque-industrial\\\/el-pilt-concreto-la-venta-de-un-lote-para-un-nuevo-centrode-distribucion-de-bebidas\\\/#primaryimage\"},\"thumbnailUrl\":\"https:\\\/\\\/i0.wp.com\\\/pilt.com.ar\\\/parque-industrial\\\/wp-content\\\/uploads\\\/2025\\\/04\\\/Imagen-de-WhatsApp-2025-04-16-a-las-13.58.37_16979f97.jpg?fit=1600%2C1200&ssl=1\",\"articleSection\":[\"Noticias\"],\"inLanguage\":\"es\",\"potentialAction\":[{\"@type\":\"CommentAction\",\"name\":\"Comment\",\"target\":[\"https:\\\/\\\/pilt.com.ar\\\/parque-industrial\\\/el-pilt-concreto-la-venta-de-un-lote-para-un-nuevo-centrode-distribucion-de-bebidas\\\/#respond\"]}]},{\"@type\":\"WebPage\",\"@id\":\"https:\\\/\\\/pilt.com.ar\\\/parque-industrial\\\/el-pilt-concreto-la-venta-de-un-lote-para-un-nuevo-centrode-distribucion-de-bebidas\\\/\",\"url\":\"https:\\\/\\\/pilt.com.ar\\\/parque-industrial\\\/el-pilt-concreto-la-venta-de-un-lote-para-un-nuevo-centrode-distribucion-de-bebidas\\\/\",\"name\":\"EL PILT CONCRET\u00d3 LA VENTA DE UN LOTE PARA UN NUEVO CENTRO DE DISTRIBUCI\u00d3N DE BEBIDAS - PILT.com.ar\",\"isPartOf\":{\"@id\":\"https:\\\/\\\/pilt.com.ar\\\/parque-industrial\\\/#website\"},\"primaryImageOfPage\":{\"@id\":\"https:\\\/\\\/pilt.com.ar\\\/parque-industrial\\\/el-pilt-concreto-la-venta-de-un-lote-para-un-nuevo-centrode-distribucion-de-bebidas\\\/#primaryimage\"},\"image\":{\"@id\":\"https:\\\/\\\/pilt.com.ar\\\/parque-industrial\\\/el-pilt-concreto-la-venta-de-un-lote-para-un-nuevo-centrode-distribucion-de-bebidas\\\/#primaryimage\"},\"thumbnailUrl\":\"https:\\\/\\\/i0.wp.com\\\/pilt.com.ar\\\/parque-industrial\\\/wp-content\\\/uploads\\\/2025\\\/04\\\/Imagen-de-WhatsApp-2025-04-16-a-las-13.58.37_16979f97.jpg?fit=1600%2C1200&ssl=1\",\"datePublished\":\"2025-04-16T18:26:07+00:00\",\"dateModified\":\"2025-04-16T18:26:47+00:00\",\"author\":{\"@id\":\"https:\\\/\\\/pilt.com.ar\\\/parque-industrial\\\/#\\\/schema\\\/person\\\/2dfb9e2464de1c3deef20c25c30a8306\"},\"inLanguage\":\"es\",\"potentialAction\":[{\"@type\":\"ReadAction\",\"target\":[\"https:\\\/\\\/pilt.com.ar\\\/parque-industrial\\\/el-pilt-concreto-la-venta-de-un-lote-para-un-nuevo-centrode-distribucion-de-bebidas\\\/\"]}]},{\"@type\":\"ImageObject\",\"inLanguage\":\"es\",\"@id\":\"https:\\\/\\\/pilt.com.ar\\\/parque-industrial\\\/el-pilt-concreto-la-venta-de-un-lote-para-un-nuevo-centrode-distribucion-de-bebidas\\\/#primaryimage\",\"url\":\"https:\\\/\\\/i0.wp.com\\\/pilt.com.ar\\\/parque-industrial\\\/wp-content\\\/uploads\\\/2025\\\/04\\\/Imagen-de-WhatsApp-2025-04-16-a-las-13.58.37_16979f97.jpg?fit=1600%2C1200&ssl=1\",\"contentUrl\":\"https:\\\/\\\/i0.wp.com\\\/pilt.com.ar\\\/parque-industrial\\\/wp-content\\\/uploads\\\/2025\\\/04\\\/Imagen-de-WhatsApp-2025-04-16-a-las-13.58.37_16979f97.jpg?fit=1600%2C1200&ssl=1\",\"width\":1600,\"height\":1200},{\"@type\":\"WebSite\",\"@id\":\"https:\\\/\\\/pilt.com.ar\\\/parque-industrial\\\/#website\",\"url\":\"https:\\\/\\\/pilt.com.ar\\\/parque-industrial\\\/\",\"name\":\"PILT.com.ar\",\"description\":\"Parque Industrial, Log\u00edstico y Tecnol\u00f3gico Villa Mar\u00eda\",\"potentialAction\":[{\"@type\":\"SearchAction\",\"target\":{\"@type\":\"EntryPoint\",\"urlTemplate\":\"https:\\\/\\\/pilt.com.ar\\\/parque-industrial\\\/?s={search_term_string}\"},\"query-input\":{\"@type\":\"PropertyValueSpecification\",\"valueRequired\":true,\"valueName\":\"search_term_string\"}}],\"inLanguage\":\"es\"},{\"@type\":\"Person\",\"@id\":\"https:\\\/\\\/pilt.com.ar\\\/parque-industrial\\\/#\\\/schema\\\/person\\\/2dfb9e2464de1c3deef20c25c30a8306\",\"name\":\"PILT\",\"image\":{\"@type\":\"ImageObject\",\"inLanguage\":\"es\",\"@id\":\"https:\\\/\\\/secure.gravatar.com\\\/avatar\\\/5e3734c8d8c8e0b0d45f923c14a14d7b90521d573d02f0d91360a777095ee42b?s=96&d=mm&r=g\",\"url\":\"https:\\\/\\\/secure.gravatar.com\\\/avatar\\\/5e3734c8d8c8e0b0d45f923c14a14d7b90521d573d02f0d91360a777095ee42b?s=96&d=mm&r=g\",\"contentUrl\":\"https:\\\/\\\/secure.gravatar.com\\\/avatar\\\/5e3734c8d8c8e0b0d45f923c14a14d7b90521d573d02f0d91360a777095ee42b?s=96&d=mm&r=g\",\"caption\":\"PILT\"},\"url\":\"https:\\\/\\\/pilt.com.ar\\\/parque-industrial\\\/author\\\/pilt\\\/\"}]}<\/script>\n<!-- \/ Yoast SEO plugin. -->","yoast_head_json":{"title":"EL PILT CONCRET\u00d3 LA VENTA DE UN LOTE PARA UN NUEVO CENTRO DE DISTRIBUCI\u00d3N DE BEBIDAS - PILT.com.ar","robots":{"index":"index","follow":"follow","max-snippet":"max-snippet:-1","max-image-preview":"max-image-preview:large","max-video-preview":"max-video-preview:-1"},"canonical":"https:\/\/pilt.com.ar\/parque-industrial\/el-pilt-concreto-la-venta-de-un-lote-para-un-nuevo-centrode-distribucion-de-bebidas\/","og_locale":"es_ES","og_type":"article","og_title":"EL PILT CONCRET\u00d3 LA VENTA DE UN LOTE PARA UN NUEVO CENTRO DE DISTRIBUCI\u00d3N DE BEBIDAS - PILT.com.ar","og_description":"La firma VCC 365 SA desarrollar\u00e1 una nave log\u00edstica de m\u00e1s de 4.000 metros cuadrados en un predio de grandes dimensiones en el predio. D\u00edas atr\u00e1s se firm\u00f3 el boleto de compraventa mediante el cual el Parque Industrial, Log\u00edstico y Tecnol\u00f3gico Villa Mar\u00eda (PILT) concret\u00f3 la venta de un lote de 6.800 metros cuadrados a [&hellip;]","og_url":"https:\/\/pilt.com.ar\/parque-industrial\/el-pilt-concreto-la-venta-de-un-lote-para-un-nuevo-centrode-distribucion-de-bebidas\/","og_site_name":"PILT.com.ar","article_published_time":"2025-04-16T18:26:07+00:00","article_modified_time":"2025-04-16T18:26:47+00:00","og_image":[{"width":1600,"height":1200,"url":"https:\/\/i0.wp.com\/pilt.com.ar\/parque-industrial\/wp-content\/uploads\/2025\/04\/Imagen-de-WhatsApp-2025-04-16-a-las-13.58.37_16979f97.jpg?fit=1600%2C1200&ssl=1","type":"image\/jpeg"}],"author":"PILT","twitter_card":"summary_large_image","twitter_misc":{"Escrito por":"PILT","Tiempo de lectura":"2 minutos"},"schema":{"@context":"https:\/\/schema.org","@graph":[{"@type":"Article","@id":"https:\/\/pilt.com.ar\/parque-industrial\/el-pilt-concreto-la-venta-de-un-lote-para-un-nuevo-centrode-distribucion-de-bebidas\/#article","isPartOf":{"@id":"https:\/\/pilt.com.ar\/parque-industrial\/el-pilt-concreto-la-venta-de-un-lote-para-un-nuevo-centrode-distribucion-de-bebidas\/"},"author":{"name":"PILT","@id":"https:\/\/pilt.com.ar\/parque-industrial\/#\/schema\/person\/2dfb9e2464de1c3deef20c25c30a8306"},"headline":"EL PILT CONCRET\u00d3 LA VENTA DE UN LOTE PARA UN NUEVO CENTRO DE DISTRIBUCI\u00d3N DE BEBIDAS","datePublished":"2025-04-16T18:26:07+00:00","dateModified":"2025-04-16T18:26:47+00:00","mainEntityOfPage":{"@id":"https:\/\/pilt.com.ar\/parque-industrial\/el-pilt-concreto-la-venta-de-un-lote-para-un-nuevo-centrode-distribucion-de-bebidas\/"},"wordCount":263,"commentCount":0,"image":{"@id":"https:\/\/pilt.com.ar\/parque-industrial\/el-pilt-concreto-la-venta-de-un-lote-para-un-nuevo-centrode-distribucion-de-bebidas\/#primaryimage"},"thumbnailUrl":"https:\/\/i0.wp.com\/pilt.com.ar\/parque-industrial\/wp-content\/uploads\/2025\/04\/Imagen-de-WhatsApp-2025-04-16-a-las-13.58.37_16979f97.jpg?fit=1600%2C1200&ssl=1","articleSection":["Noticias"],"inLanguage":"es","potentialAction":[{"@type":"CommentAction","name":"Comment","target":["https:\/\/pilt.com.ar\/parque-industrial\/el-pilt-concreto-la-venta-de-un-lote-para-un-nuevo-centrode-distribucion-de-bebidas\/#respond"]}]},{"@type":"WebPage","@id":"https:\/\/pilt.com.ar\/parque-industrial\/el-pilt-concreto-la-venta-de-un-lote-para-un-nuevo-centrode-distribucion-de-bebidas\/","url":"https:\/\/pilt.com.ar\/parque-industrial\/el-pilt-concreto-la-venta-de-un-lote-para-un-nuevo-centrode-distribucion-de-bebidas\/","name":"EL PILT CONCRET\u00d3 LA VENTA DE UN LOTE PARA UN NUEVO CENTRO DE DISTRIBUCI\u00d3N DE BEBIDAS - PILT.com.ar","isPartOf":{"@id":"https:\/\/pilt.com.ar\/parque-industrial\/#website"},"primaryImageOfPage":{"@id":"https:\/\/pilt.com.ar\/parque-industrial\/el-pilt-concreto-la-venta-de-un-lote-para-un-nuevo-centrode-distribucion-de-bebidas\/#primaryimage"},"image":{"@id":"https:\/\/pilt.com.ar\/parque-industrial\/el-pilt-concreto-la-venta-de-un-lote-para-un-nuevo-centrode-distribucion-de-bebidas\/#primaryimage"},"thumbnailUrl":"https:\/\/i0.wp.com\/pilt.com.ar\/parque-industrial\/wp-content\/uploads\/2025\/04\/Imagen-de-WhatsApp-2025-04-16-a-las-13.58.37_16979f97.jpg?fit=1600%2C1200&ssl=1","datePublished":"2025-04-16T18:26:07+00:00","dateModified":"2025-04-16T18:26:47+00:00","author":{"@id":"https:\/\/pilt.com.ar\/parque-industrial\/#\/schema\/person\/2dfb9e2464de1c3deef20c25c30a8306"},"inLanguage":"es","potentialAction":[{"@type":"ReadAction","target":["https:\/\/pilt.com.ar\/parque-industrial\/el-pilt-concreto-la-venta-de-un-lote-para-un-nuevo-centrode-distribucion-de-bebidas\/"]}]},{"@type":"ImageObject","inLanguage":"es","@id":"https:\/\/pilt.com.ar\/parque-industrial\/el-pilt-concreto-la-venta-de-un-lote-para-un-nuevo-centrode-distribucion-de-bebidas\/#primaryimage","url":"https:\/\/i0.wp.com\/pilt.com.ar\/parque-industrial\/wp-content\/uploads\/2025\/04\/Imagen-de-WhatsApp-2025-04-16-a-las-13.58.37_16979f97.jpg?fit=1600%2C1200&ssl=1","contentUrl":"https:\/\/i0.wp.com\/pilt.com.ar\/parque-industrial\/wp-content\/uploads\/2025\/04\/Imagen-de-WhatsApp-2025-04-16-a-las-13.58.37_16979f97.jpg?fit=1600%2C1200&ssl=1","width":1600,"height":1200},{"@type":"WebSite","@id":"https:\/\/pilt.com.ar\/parque-industrial\/#website","url":"https:\/\/pilt.com.ar\/parque-industrial\/","name":"PILT.com.ar","description":"Parque Industrial, Log\u00edstico y Tecnol\u00f3gico Villa Mar\u00eda","potentialAction":[{"@type":"SearchAction","target":{"@type":"EntryPoint","urlTemplate":"https:\/\/pilt.com.ar\/parque-industrial\/?s={search_term_string}"},"query-input":{"@type":"PropertyValueSpecification","valueRequired":true,"valueName":"search_term_string"}}],"inLanguage":"es"},{"@type":"Person","@id":"https:\/\/pilt.com.ar\/parque-industrial\/#\/schema\/person\/2dfb9e2464de1c3deef20c25c30a8306","name":"PILT","image":{"@type":"ImageObject","inLanguage":"es","@id":"https:\/\/secure.gravatar.com\/avatar\/5e3734c8d8c8e0b0d45f923c14a14d7b90521d573d02f0d91360a777095ee42b?s=96&d=mm&r=g","url":"https:\/\/secure.gravatar.com\/avatar\/5e3734c8d8c8e0b0d45f923c14a14d7b90521d573d02f0d91360a777095ee42b?s=96&d=mm&r=g","contentUrl":"https:\/\/secure.gravatar.com\/avatar\/5e3734c8d8c8e0b0d45f923c14a14d7b90521d573d02f0d91360a777095ee42b?s=96&d=mm&r=g","caption":"PILT"},"url":"https:\/\/pilt.com.ar\/parque-industrial\/author\/pilt\/"}]}},"jetpack_featured_media_url":"https:\/\/i0.wp.com\/pilt.com.ar\/parque-industrial\/wp-content\/uploads\/2025\/04\/Imagen-de-WhatsApp-2025-04-16-a-las-13.58.37_16979f97.jpg?fit=1600%2C1200&ssl=1","jetpack_sharing_enabled":true,"_links":{"self":[{"href":"https:\/\/pilt.com.ar\/parque-industrial\/wp-json\/wp\/v2\/posts\/3676","targetHints":{"allow":["GET"]}}],"collection":[{"href":"https:\/\/pilt.com.ar\/parque-industrial\/wp-json\/wp\/v2\/posts"}],"about":[{"href":"https:\/\/pilt.com.ar\/parque-industrial\/wp-json\/wp\/v2\/types\/post"}],"author":[{"embeddable":true,"href":"https:\/\/pilt.com.ar\/parque-industrial\/wp-json\/wp\/v2\/users\/3"}],"replies":[{"embeddable":true,"href":"https:\/\/pilt.com.ar\/parque-industrial\/wp-json\/wp\/v2\/comments?post=3676"}],"version-history":[{"count":2,"href":"https:\/\/pilt.com.ar\/parque-industrial\/wp-json\/wp\/v2\/posts\/3676\/revisions"}],"predecessor-version":[{"id":3679,"href":"https:\/\/pilt.com.ar\/parque-industrial\/wp-json\/wp\/v2\/posts\/3676\/revisions\/3679"}],"wp:featuredmedia":[{"embeddable":true,"href":"https:\/\/pilt.com.ar\/parque-industrial\/wp-json\/wp\/v2\/media\/3677"}],"wp:attachment":[{"href":"https:\/\/pilt.com.ar\/parque-industrial\/wp-json\/wp\/v2\/media?parent=3676"}],"wp:term":[{"taxonomy":"category","embeddable":true,"href":"https:\/\/pilt.com.ar\/parque-industrial\/wp-json\/wp\/v2\/categories?post=3676"},{"taxonomy":"post_tag","embeddable":true,"href":"https:\/\/pilt.com.ar\/parque-industrial\/wp-json\/wp\/v2\/tags?post=3676"}],"curies":[{"name":"wp","href":"https:\/\/api.w.org\/{rel}","templated":true}]}}