{"id":3673,"date":"2025-04-11T14:53:28","date_gmt":"2025-04-11T17:53:28","guid":{"rendered":"https:\/\/pilt.com.ar\/parque-industrial\/?p=3673"},"modified":"2025-04-11T14:53:29","modified_gmt":"2025-04-11T17:53:29","slug":"la-propiedad-intelectual-como-aliada-estrategica-para-exportar","status":"publish","type":"post","link":"https:\/\/pilt.com.ar\/parque-industrial\/la-propiedad-intelectual-como-aliada-estrategica-para-exportar\/","title":{"rendered":"LA PROPIEDAD INTELECTUAL COMO ALIADA ESTRAT\u00c9GICA PARA EXPORTAR"},"content":{"rendered":"\n<p class=\"has-text-align-center\"><em><strong>En el PILT se concret\u00f3 una charla sobre la tem\u00e1tica, a cargo de un experto de la UNVM, que congreg\u00f3 a empresarios y emprendedores.<\/strong><\/em><\/p>\n\n\n\n<p>Organizado por la Direcci\u00f3n de Industria y Comercio de la Municipalidad de Villa Mar\u00eda -dependiente de la Subsecretar\u00eda de Desarrollo Productivo- y con el acompa\u00f1amiento del Parque Industrial, Log\u00edstico y Tecnol\u00f3gico Villa Mar\u00eda (PILT), se concret\u00f3 en el SUM de la entidad la charla denominada \u201cUna introducci\u00f3n de los derechos de propiedad intelectual para exportadores\u201d. La actividad estuvo a cargo de Ariel Giordano, integrante de la Oficina de Propiedad Intelectual de la Direcci\u00f3n de Trasferencia Cient\u00edfica \u2013 Tecnol\u00f3gica del Instituto de Extensi\u00f3n de la Universidad Nacional de Villa Mar\u00eda.<\/p>\n\n\n\n<p>Durante el encuentro, que cont\u00f3 con una nutrida participaci\u00f3n de empresarios y emprendedores, se abordaron las herramientas vinculadas a la propiedad intelectual que pueden ser utilizadas por exportadores para valorizar sus productos y servicios destinados a los mercados internacionales. \u201cEstas herramientas no solo permiten analizar si se est\u00e1 en infracci\u00f3n o si se puede proteger un desarrollo -ya sea una marca o una patente-, sino tambi\u00e9n conocer en qu\u00e9 est\u00e1n trabajando los competidores, mediante el uso de bases de datos, y detectar qu\u00e9 productos se est\u00e1n elaborando\u201d, explic\u00f3 Giordano.<\/p>\n\n\n\n<p>El capacitador tambi\u00e9n ofreci\u00f3 recomendaciones sobre aspectos a tener en cuenta al momento de exportar en relaci\u00f3n con la propiedad intelectual, como los sistemas de registraci\u00f3n. \u201cLa intenci\u00f3n de la charla no fue explicar c\u00f3mo se exporta propiedad intelectual, sino c\u00f3mo esta puede contribuir al proceso exportador, agregando valor\u201d, a\u00f1adi\u00f3. Giordano destac\u00f3 la importancia de este tipo de espacios de formaci\u00f3n, y se\u00f1al\u00f3 que en Argentina todav\u00eda falta una cultura consolidada sobre propiedad intelectual. \u201cHemos recibido empresas con desarrollos potencialmente patentables, pero que antes de iniciar los tr\u00e1mites hicieron todo lo que no se recomienda, como divulgar la informaci\u00f3n, lo que atenta contra uno de los requisitos de patentabilidad: la novedad. Tambi\u00e9n hemos visto emprendedores que, por considerar este tema un gasto, avanzan con sus proyectos sin protecci\u00f3n, y cuando m\u00e1s adelante intentan registrar la marca, se encuentran con que ya est\u00e1 registrada\u201d, concluy\u00f3.<\/p>\n\n\n\n<p><\/p>\n","protected":false},"excerpt":{"rendered":"<p>En el PILT se concret\u00f3 una charla sobre la tem\u00e1tica, a cargo de un experto de la UNVM, que congreg\u00f3 a empresarios y emprendedores. Organizado por la Direcci\u00f3n de Industria y Comercio de la Municipalidad de Villa Mar\u00eda -dependiente de la Subsecretar\u00eda de Desarrollo Productivo- y con el acompa\u00f1amiento del Parque Industrial, Log\u00edstico y Tecnol\u00f3gico [&hellip;]<\/p>\n","protected":false},"author":3,"featured_media":3674,"comment_status":"open","ping_status":"open","sticky":false,"template":"","format":"standard","meta":{"_jetpack_memberships_contains_paid_content":false,"footnotes":""},"categories":[2],"tags":[],"class_list":["post-3673","post","type-post","status-publish","format-standard","has-post-thumbnail","hentry","category-noticias"],"yoast_head":"<!-- This site is optimized with the Yoast SEO plugin v27.5 - https:\/\/yoast.com\/product\/yoast-seo-wordpress\/ -->\n<title>LA PROPIEDAD INTELECTUAL COMO ALIADA ESTRAT\u00c9GICA PARA EXPORTAR - PILT.com.ar<\/title>\n<meta name=\"robots\" content=\"index, follow, max-snippet:-1, max-image-preview:large, max-video-preview:-1\" \/>\n<link rel=\"canonical\" href=\"https:\/\/pilt.com.ar\/parque-industrial\/la-propiedad-intelectual-como-aliada-estrategica-para-exportar\/\" \/>\n<meta property=\"og:locale\" content=\"es_ES\" \/>\n<meta property=\"og:type\" content=\"article\" \/>\n<meta property=\"og:title\" content=\"LA PROPIEDAD INTELECTUAL COMO ALIADA ESTRAT\u00c9GICA PARA EXPORTAR - PILT.com.ar\" \/>\n<meta property=\"og:description\" content=\"En el PILT se concret\u00f3 una charla sobre la tem\u00e1tica, a cargo de un experto de la UNVM, que congreg\u00f3 a empresarios y emprendedores. Organizado por la Direcci\u00f3n de Industria y Comercio de la Municipalidad de Villa Mar\u00eda -dependiente de la Subsecretar\u00eda de Desarrollo Productivo- y con el acompa\u00f1amiento del Parque Industrial, Log\u00edstico y Tecnol\u00f3gico [&hellip;]\" \/>\n<meta property=\"og:url\" content=\"https:\/\/pilt.com.ar\/parque-industrial\/la-propiedad-intelectual-como-aliada-estrategica-para-exportar\/\" \/>\n<meta property=\"og:site_name\" content=\"PILT.com.ar\" \/>\n<meta property=\"article:published_time\" content=\"2025-04-11T17:53:28+00:00\" \/>\n<meta property=\"article:modified_time\" content=\"2025-04-11T17:53:29+00:00\" \/>\n<meta property=\"og:image\" content=\"https:\/\/i0.wp.com\/pilt.com.ar\/parque-industrial\/wp-content\/uploads\/2025\/04\/Imagen-de-WhatsApp-2025-04-10-a-las-13.34.45_07a2e9ee.jpg?fit=1600%2C1200&ssl=1\" \/>\n\t<meta property=\"og:image:width\" content=\"1600\" \/>\n\t<meta property=\"og:image:height\" content=\"1200\" \/>\n\t<meta property=\"og:image:type\" content=\"image\/jpeg\" \/>\n<meta name=\"author\" content=\"PILT\" \/>\n<meta name=\"twitter:card\" content=\"summary_large_image\" \/>\n<meta name=\"twitter:label1\" content=\"Escrito por\" \/>\n\t<meta name=\"twitter:data1\" content=\"PILT\" \/>\n\t<meta name=\"twitter:label2\" content=\"Tiempo de lectura\" \/>\n\t<meta name=\"twitter:data2\" content=\"2 minutos\" \/>\n<script type=\"application\/ld+json\" class=\"yoast-schema-graph\">{\"@context\":\"https:\\\/\\\/schema.org\",\"@graph\":[{\"@type\":\"Article\",\"@id\":\"https:\\\/\\\/pilt.com.ar\\\/parque-industrial\\\/la-propiedad-intelectual-como-aliada-estrategica-para-exportar\\\/#article\",\"isPartOf\":{\"@id\":\"https:\\\/\\\/pilt.com.ar\\\/parque-industrial\\\/la-propiedad-intelectual-como-aliada-estrategica-para-exportar\\\/\"},\"author\":{\"name\":\"PILT\",\"@id\":\"https:\\\/\\\/pilt.com.ar\\\/parque-industrial\\\/#\\\/schema\\\/person\\\/2dfb9e2464de1c3deef20c25c30a8306\"},\"headline\":\"LA PROPIEDAD INTELECTUAL COMO ALIADA ESTRAT\u00c9GICA PARA EXPORTAR\",\"datePublished\":\"2025-04-11T17:53:28+00:00\",\"dateModified\":\"2025-04-11T17:53:29+00:00\",\"mainEntityOfPage\":{\"@id\":\"https:\\\/\\\/pilt.com.ar\\\/parque-industrial\\\/la-propiedad-intelectual-como-aliada-estrategica-para-exportar\\\/\"},\"wordCount\":388,\"commentCount\":0,\"image\":{\"@id\":\"https:\\\/\\\/pilt.com.ar\\\/parque-industrial\\\/la-propiedad-intelectual-como-aliada-estrategica-para-exportar\\\/#primaryimage\"},\"thumbnailUrl\":\"https:\\\/\\\/i0.wp.com\\\/pilt.com.ar\\\/parque-industrial\\\/wp-content\\\/uploads\\\/2025\\\/04\\\/Imagen-de-WhatsApp-2025-04-10-a-las-13.34.45_07a2e9ee.jpg?fit=1600%2C1200&ssl=1\",\"articleSection\":[\"Noticias\"],\"inLanguage\":\"es\",\"potentialAction\":[{\"@type\":\"CommentAction\",\"name\":\"Comment\",\"target\":[\"https:\\\/\\\/pilt.com.ar\\\/parque-industrial\\\/la-propiedad-intelectual-como-aliada-estrategica-para-exportar\\\/#respond\"]}]},{\"@type\":\"WebPage\",\"@id\":\"https:\\\/\\\/pilt.com.ar\\\/parque-industrial\\\/la-propiedad-intelectual-como-aliada-estrategica-para-exportar\\\/\",\"url\":\"https:\\\/\\\/pilt.com.ar\\\/parque-industrial\\\/la-propiedad-intelectual-como-aliada-estrategica-para-exportar\\\/\",\"name\":\"LA PROPIEDAD INTELECTUAL COMO ALIADA ESTRAT\u00c9GICA PARA EXPORTAR - PILT.com.ar\",\"isPartOf\":{\"@id\":\"https:\\\/\\\/pilt.com.ar\\\/parque-industrial\\\/#website\"},\"primaryImageOfPage\":{\"@id\":\"https:\\\/\\\/pilt.com.ar\\\/parque-industrial\\\/la-propiedad-intelectual-como-aliada-estrategica-para-exportar\\\/#primaryimage\"},\"image\":{\"@id\":\"https:\\\/\\\/pilt.com.ar\\\/parque-industrial\\\/la-propiedad-intelectual-como-aliada-estrategica-para-exportar\\\/#primaryimage\"},\"thumbnailUrl\":\"https:\\\/\\\/i0.wp.com\\\/pilt.com.ar\\\/parque-industrial\\\/wp-content\\\/uploads\\\/2025\\\/04\\\/Imagen-de-WhatsApp-2025-04-10-a-las-13.34.45_07a2e9ee.jpg?fit=1600%2C1200&ssl=1\",\"datePublished\":\"2025-04-11T17:53:28+00:00\",\"dateModified\":\"2025-04-11T17:53:29+00:00\",\"author\":{\"@id\":\"https:\\\/\\\/pilt.com.ar\\\/parque-industrial\\\/#\\\/schema\\\/person\\\/2dfb9e2464de1c3deef20c25c30a8306\"},\"inLanguage\":\"es\",\"potentialAction\":[{\"@type\":\"ReadAction\",\"target\":[\"https:\\\/\\\/pilt.com.ar\\\/parque-industrial\\\/la-propiedad-intelectual-como-aliada-estrategica-para-exportar\\\/\"]}]},{\"@type\":\"ImageObject\",\"inLanguage\":\"es\",\"@id\":\"https:\\\/\\\/pilt.com.ar\\\/parque-industrial\\\/la-propiedad-intelectual-como-aliada-estrategica-para-exportar\\\/#primaryimage\",\"url\":\"https:\\\/\\\/i0.wp.com\\\/pilt.com.ar\\\/parque-industrial\\\/wp-content\\\/uploads\\\/2025\\\/04\\\/Imagen-de-WhatsApp-2025-04-10-a-las-13.34.45_07a2e9ee.jpg?fit=1600%2C1200&ssl=1\",\"contentUrl\":\"https:\\\/\\\/i0.wp.com\\\/pilt.com.ar\\\/parque-industrial\\\/wp-content\\\/uploads\\\/2025\\\/04\\\/Imagen-de-WhatsApp-2025-04-10-a-las-13.34.45_07a2e9ee.jpg?fit=1600%2C1200&ssl=1\",\"width\":1600,\"height\":1200},{\"@type\":\"WebSite\",\"@id\":\"https:\\\/\\\/pilt.com.ar\\\/parque-industrial\\\/#website\",\"url\":\"https:\\\/\\\/pilt.com.ar\\\/parque-industrial\\\/\",\"name\":\"PILT.com.ar\",\"description\":\"Parque Industrial, Log\u00edstico y Tecnol\u00f3gico Villa Mar\u00eda\",\"potentialAction\":[{\"@type\":\"SearchAction\",\"target\":{\"@type\":\"EntryPoint\",\"urlTemplate\":\"https:\\\/\\\/pilt.com.ar\\\/parque-industrial\\\/?s={search_term_string}\"},\"query-input\":{\"@type\":\"PropertyValueSpecification\",\"valueRequired\":true,\"valueName\":\"search_term_string\"}}],\"inLanguage\":\"es\"},{\"@type\":\"Person\",\"@id\":\"https:\\\/\\\/pilt.com.ar\\\/parque-industrial\\\/#\\\/schema\\\/person\\\/2dfb9e2464de1c3deef20c25c30a8306\",\"name\":\"PILT\",\"image\":{\"@type\":\"ImageObject\",\"inLanguage\":\"es\",\"@id\":\"https:\\\/\\\/secure.gravatar.com\\\/avatar\\\/5e3734c8d8c8e0b0d45f923c14a14d7b90521d573d02f0d91360a777095ee42b?s=96&d=mm&r=g\",\"url\":\"https:\\\/\\\/secure.gravatar.com\\\/avatar\\\/5e3734c8d8c8e0b0d45f923c14a14d7b90521d573d02f0d91360a777095ee42b?s=96&d=mm&r=g\",\"contentUrl\":\"https:\\\/\\\/secure.gravatar.com\\\/avatar\\\/5e3734c8d8c8e0b0d45f923c14a14d7b90521d573d02f0d91360a777095ee42b?s=96&d=mm&r=g\",\"caption\":\"PILT\"},\"url\":\"https:\\\/\\\/pilt.com.ar\\\/parque-industrial\\\/author\\\/pilt\\\/\"}]}<\/script>\n<!-- \/ Yoast SEO plugin. -->","yoast_head_json":{"title":"LA PROPIEDAD INTELECTUAL COMO ALIADA ESTRAT\u00c9GICA PARA EXPORTAR - PILT.com.ar","robots":{"index":"index","follow":"follow","max-snippet":"max-snippet:-1","max-image-preview":"max-image-preview:large","max-video-preview":"max-video-preview:-1"},"canonical":"https:\/\/pilt.com.ar\/parque-industrial\/la-propiedad-intelectual-como-aliada-estrategica-para-exportar\/","og_locale":"es_ES","og_type":"article","og_title":"LA PROPIEDAD INTELECTUAL COMO ALIADA ESTRAT\u00c9GICA PARA EXPORTAR - PILT.com.ar","og_description":"En el PILT se concret\u00f3 una charla sobre la tem\u00e1tica, a cargo de un experto de la UNVM, que congreg\u00f3 a empresarios y emprendedores. Organizado por la Direcci\u00f3n de Industria y Comercio de la Municipalidad de Villa Mar\u00eda -dependiente de la Subsecretar\u00eda de Desarrollo Productivo- y con el acompa\u00f1amiento del Parque Industrial, Log\u00edstico y Tecnol\u00f3gico [&hellip;]","og_url":"https:\/\/pilt.com.ar\/parque-industrial\/la-propiedad-intelectual-como-aliada-estrategica-para-exportar\/","og_site_name":"PILT.com.ar","article_published_time":"2025-04-11T17:53:28+00:00","article_modified_time":"2025-04-11T17:53:29+00:00","og_image":[{"width":1600,"height":1200,"url":"https:\/\/i0.wp.com\/pilt.com.ar\/parque-industrial\/wp-content\/uploads\/2025\/04\/Imagen-de-WhatsApp-2025-04-10-a-las-13.34.45_07a2e9ee.jpg?fit=1600%2C1200&ssl=1","type":"image\/jpeg"}],"author":"PILT","twitter_card":"summary_large_image","twitter_misc":{"Escrito por":"PILT","Tiempo de lectura":"2 minutos"},"schema":{"@context":"https:\/\/schema.org","@graph":[{"@type":"Article","@id":"https:\/\/pilt.com.ar\/parque-industrial\/la-propiedad-intelectual-como-aliada-estrategica-para-exportar\/#article","isPartOf":{"@id":"https:\/\/pilt.com.ar\/parque-industrial\/la-propiedad-intelectual-como-aliada-estrategica-para-exportar\/"},"author":{"name":"PILT","@id":"https:\/\/pilt.com.ar\/parque-industrial\/#\/schema\/person\/2dfb9e2464de1c3deef20c25c30a8306"},"headline":"LA PROPIEDAD INTELECTUAL COMO ALIADA ESTRAT\u00c9GICA PARA EXPORTAR","datePublished":"2025-04-11T17:53:28+00:00","dateModified":"2025-04-11T17:53:29+00:00","mainEntityOfPage":{"@id":"https:\/\/pilt.com.ar\/parque-industrial\/la-propiedad-intelectual-como-aliada-estrategica-para-exportar\/"},"wordCount":388,"commentCount":0,"image":{"@id":"https:\/\/pilt.com.ar\/parque-industrial\/la-propiedad-intelectual-como-aliada-estrategica-para-exportar\/#primaryimage"},"thumbnailUrl":"https:\/\/i0.wp.com\/pilt.com.ar\/parque-industrial\/wp-content\/uploads\/2025\/04\/Imagen-de-WhatsApp-2025-04-10-a-las-13.34.45_07a2e9ee.jpg?fit=1600%2C1200&ssl=1","articleSection":["Noticias"],"inLanguage":"es","potentialAction":[{"@type":"CommentAction","name":"Comment","target":["https:\/\/pilt.com.ar\/parque-industrial\/la-propiedad-intelectual-como-aliada-estrategica-para-exportar\/#respond"]}]},{"@type":"WebPage","@id":"https:\/\/pilt.com.ar\/parque-industrial\/la-propiedad-intelectual-como-aliada-estrategica-para-exportar\/","url":"https:\/\/pilt.com.ar\/parque-industrial\/la-propiedad-intelectual-como-aliada-estrategica-para-exportar\/","name":"LA PROPIEDAD INTELECTUAL COMO ALIADA ESTRAT\u00c9GICA PARA EXPORTAR - PILT.com.ar","isPartOf":{"@id":"https:\/\/pilt.com.ar\/parque-industrial\/#website"},"primaryImageOfPage":{"@id":"https:\/\/pilt.com.ar\/parque-industrial\/la-propiedad-intelectual-como-aliada-estrategica-para-exportar\/#primaryimage"},"image":{"@id":"https:\/\/pilt.com.ar\/parque-industrial\/la-propiedad-intelectual-como-aliada-estrategica-para-exportar\/#primaryimage"},"thumbnailUrl":"https:\/\/i0.wp.com\/pilt.com.ar\/parque-industrial\/wp-content\/uploads\/2025\/04\/Imagen-de-WhatsApp-2025-04-10-a-las-13.34.45_07a2e9ee.jpg?fit=1600%2C1200&ssl=1","datePublished":"2025-04-11T17:53:28+00:00","dateModified":"2025-04-11T17:53:29+00:00","author":{"@id":"https:\/\/pilt.com.ar\/parque-industrial\/#\/schema\/person\/2dfb9e2464de1c3deef20c25c30a8306"},"inLanguage":"es","potentialAction":[{"@type":"ReadAction","target":["https:\/\/pilt.com.ar\/parque-industrial\/la-propiedad-intelectual-como-aliada-estrategica-para-exportar\/"]}]},{"@type":"ImageObject","inLanguage":"es","@id":"https:\/\/pilt.com.ar\/parque-industrial\/la-propiedad-intelectual-como-aliada-estrategica-para-exportar\/#primaryimage","url":"https:\/\/i0.wp.com\/pilt.com.ar\/parque-industrial\/wp-content\/uploads\/2025\/04\/Imagen-de-WhatsApp-2025-04-10-a-las-13.34.45_07a2e9ee.jpg?fit=1600%2C1200&ssl=1","contentUrl":"https:\/\/i0.wp.com\/pilt.com.ar\/parque-industrial\/wp-content\/uploads\/2025\/04\/Imagen-de-WhatsApp-2025-04-10-a-las-13.34.45_07a2e9ee.jpg?fit=1600%2C1200&ssl=1","width":1600,"height":1200},{"@type":"WebSite","@id":"https:\/\/pilt.com.ar\/parque-industrial\/#website","url":"https:\/\/pilt.com.ar\/parque-industrial\/","name":"PILT.com.ar","description":"Parque Industrial, Log\u00edstico y Tecnol\u00f3gico Villa Mar\u00eda","potentialAction":[{"@type":"SearchAction","target":{"@type":"EntryPoint","urlTemplate":"https:\/\/pilt.com.ar\/parque-industrial\/?s={search_term_string}"},"query-input":{"@type":"PropertyValueSpecification","valueRequired":true,"valueName":"search_term_string"}}],"inLanguage":"es"},{"@type":"Person","@id":"https:\/\/pilt.com.ar\/parque-industrial\/#\/schema\/person\/2dfb9e2464de1c3deef20c25c30a8306","name":"PILT","image":{"@type":"ImageObject","inLanguage":"es","@id":"https:\/\/secure.gravatar.com\/avatar\/5e3734c8d8c8e0b0d45f923c14a14d7b90521d573d02f0d91360a777095ee42b?s=96&d=mm&r=g","url":"https:\/\/secure.gravatar.com\/avatar\/5e3734c8d8c8e0b0d45f923c14a14d7b90521d573d02f0d91360a777095ee42b?s=96&d=mm&r=g","contentUrl":"https:\/\/secure.gravatar.com\/avatar\/5e3734c8d8c8e0b0d45f923c14a14d7b90521d573d02f0d91360a777095ee42b?s=96&d=mm&r=g","caption":"PILT"},"url":"https:\/\/pilt.com.ar\/parque-industrial\/author\/pilt\/"}]}},"jetpack_featured_media_url":"https:\/\/i0.wp.com\/pilt.com.ar\/parque-industrial\/wp-content\/uploads\/2025\/04\/Imagen-de-WhatsApp-2025-04-10-a-las-13.34.45_07a2e9ee.jpg?fit=1600%2C1200&ssl=1","jetpack_sharing_enabled":true,"_links":{"self":[{"href":"https:\/\/pilt.com.ar\/parque-industrial\/wp-json\/wp\/v2\/posts\/3673","targetHints":{"allow":["GET"]}}],"collection":[{"href":"https:\/\/pilt.com.ar\/parque-industrial\/wp-json\/wp\/v2\/posts"}],"about":[{"href":"https:\/\/pilt.com.ar\/parque-industrial\/wp-json\/wp\/v2\/types\/post"}],"author":[{"embeddable":true,"href":"https:\/\/pilt.com.ar\/parque-industrial\/wp-json\/wp\/v2\/users\/3"}],"replies":[{"embeddable":true,"href":"https:\/\/pilt.com.ar\/parque-industrial\/wp-json\/wp\/v2\/comments?post=3673"}],"version-history":[{"count":1,"href":"https:\/\/pilt.com.ar\/parque-industrial\/wp-json\/wp\/v2\/posts\/3673\/revisions"}],"predecessor-version":[{"id":3675,"href":"https:\/\/pilt.com.ar\/parque-industrial\/wp-json\/wp\/v2\/posts\/3673\/revisions\/3675"}],"wp:featuredmedia":[{"embeddable":true,"href":"https:\/\/pilt.com.ar\/parque-industrial\/wp-json\/wp\/v2\/media\/3674"}],"wp:attachment":[{"href":"https:\/\/pilt.com.ar\/parque-industrial\/wp-json\/wp\/v2\/media?parent=3673"}],"wp:term":[{"taxonomy":"category","embeddable":true,"href":"https:\/\/pilt.com.ar\/parque-industrial\/wp-json\/wp\/v2\/categories?post=3673"},{"taxonomy":"post_tag","embeddable":true,"href":"https:\/\/pilt.com.ar\/parque-industrial\/wp-json\/wp\/v2\/tags?post=3673"}],"curies":[{"name":"wp","href":"https:\/\/api.w.org\/{rel}","templated":true}]}}