{"id":3670,"date":"2025-04-04T10:09:22","date_gmt":"2025-04-04T13:09:22","guid":{"rendered":"https:\/\/pilt.com.ar\/parque-industrial\/?p=3670"},"modified":"2025-04-04T10:09:25","modified_gmt":"2025-04-04T13:09:25","slug":"charla-sobre-propiedad-intelectual-en-el-pilt","status":"publish","type":"post","link":"https:\/\/pilt.com.ar\/parque-industrial\/charla-sobre-propiedad-intelectual-en-el-pilt\/","title":{"rendered":"CHARLA SOBRE PROPIEDAD INTELECTUAL EN EL PILT"},"content":{"rendered":"\n<p><em>El encuentro, organizado por la Municipalidad de Villa Mar\u00eda, brindar\u00e1 herramientas a exportadores para la protecci\u00f3n de innovaciones en el mercado global.<\/em><\/p>\n\n\n\n<p>El pr\u00f3ximo mi\u00e9rcoles 9 del corriente, a las 9:00 hs., se llevar\u00e1 a cabo en el SUM del Parque Industrial, Log\u00edstico y Tecnol\u00f3gico Villa Mar\u00eda (PILT), una charla introductoria sobre derechos de propiedad intelectual y su importancia estrat\u00e9gica para las actividades de exportaci\u00f3n, dirigida a exportadores, emprendedores, empresarios y p\u00fablico interesado en la tem\u00e1tica.<\/p>\n\n\n\n<p>En el din\u00e1mico mundo del comercio internacional, proteger las innovaciones y creaciones es fundamental para asegurar el \u00e9xito y la sostenibilidad de las empresas. Las marcas, patentes, dise\u00f1os y otros activos intangibles pueden ser protegidos, posibilitando la diferenciaci\u00f3n con la competencia y acceder a nuevos mercados. Por ese motivo, el evento organizado por la Direcci\u00f3n de Industria y Comercio de la Subsecretar\u00eda de Desarrollo Productivo de la Municipalidad de Villa Mar\u00eda, brindar\u00e1 una introducci\u00f3n a los derechos de propiedad intelectual, con herramientas esenciales para exportadores que buscan expandirse globalmente.<\/p>\n\n\n\n<p>La charla estar\u00e1 a cargo de Ariel Giordano, profesional con una trayectoria de 10 a\u00f1os en el campo de la propiedad intelectual, la gesti\u00f3n de tecnolog\u00edas innovadoras y la vinculaci\u00f3n tecnol\u00f3gica. Es Agente de la Propiedad Industrial (Matr\u00edcula 2253 \u2013 INPI-), graduado de la Maestr\u00eda en Propiedad Intelectual de FLACSO Argentina, Licenciado en Ciencia Pol\u00edtica de la Universidad Nacional de Villa Mar\u00eda (UNVM) y Especialista en Gesti\u00f3n de Tecnolog\u00edas Innovadoras por la Universidad Nacional de C\u00f3rdoba. El profesional se desempe\u00f1a en la Direcci\u00f3n de Transferencia Cient\u00edfico-Tecnol\u00f3gica del Instituto de Extensi\u00f3n de la UNVM.<\/p>\n\n\n\n<p>Vale mencionar que el evento es gratuito, pero requiere inscripci\u00f3n previa ya que sus cupos son limitados.<\/p>\n\n\n\n<p>Inscripci\u00f3n online: <a href=\"https:\/\/docs.google.com\/forms\/d\/e\/1FAIpQLSfNdnbbmPi_PDUPoDLfbwBBtCUnKt2APM8R0Wv7B1i_RMpcCw\/viewform\">https:\/\/docs.google.com\/forms\/d\/e\/1FAIpQLSfNdnbbmPi_PDUPoDLfbwBBtCUnKt2APM8R0Wv7B1i_RMpcCw\/viewform<\/a><\/p>\n","protected":false},"excerpt":{"rendered":"<p>El encuentro, organizado por la Municipalidad de Villa Mar\u00eda, brindar\u00e1 herramientas a exportadores para la protecci\u00f3n de innovaciones en el mercado global. El pr\u00f3ximo mi\u00e9rcoles 9 del corriente, a las 9:00 hs., se llevar\u00e1 a cabo en el SUM del Parque Industrial, Log\u00edstico y Tecnol\u00f3gico Villa Mar\u00eda (PILT), una charla introductoria sobre derechos de propiedad [&hellip;]<\/p>\n","protected":false},"author":3,"featured_media":3671,"comment_status":"open","ping_status":"open","sticky":false,"template":"","format":"standard","meta":{"_jetpack_memberships_contains_paid_content":false,"footnotes":""},"categories":[2],"tags":[],"class_list":["post-3670","post","type-post","status-publish","format-standard","has-post-thumbnail","hentry","category-noticias"],"yoast_head":"<!-- This site is optimized with the Yoast SEO plugin v27.5 - https:\/\/yoast.com\/product\/yoast-seo-wordpress\/ -->\n<title>CHARLA SOBRE PROPIEDAD INTELECTUAL EN EL PILT - PILT.com.ar<\/title>\n<meta name=\"robots\" content=\"index, follow, max-snippet:-1, max-image-preview:large, max-video-preview:-1\" \/>\n<link rel=\"canonical\" href=\"https:\/\/pilt.com.ar\/parque-industrial\/charla-sobre-propiedad-intelectual-en-el-pilt\/\" \/>\n<meta property=\"og:locale\" content=\"es_ES\" \/>\n<meta property=\"og:type\" content=\"article\" \/>\n<meta property=\"og:title\" content=\"CHARLA SOBRE PROPIEDAD INTELECTUAL EN EL PILT - PILT.com.ar\" \/>\n<meta property=\"og:description\" content=\"El encuentro, organizado por la Municipalidad de Villa Mar\u00eda, brindar\u00e1 herramientas a exportadores para la protecci\u00f3n de innovaciones en el mercado global. El pr\u00f3ximo mi\u00e9rcoles 9 del corriente, a las 9:00 hs., se llevar\u00e1 a cabo en el SUM del Parque Industrial, Log\u00edstico y Tecnol\u00f3gico Villa Mar\u00eda (PILT), una charla introductoria sobre derechos de propiedad [&hellip;]\" \/>\n<meta property=\"og:url\" content=\"https:\/\/pilt.com.ar\/parque-industrial\/charla-sobre-propiedad-intelectual-en-el-pilt\/\" \/>\n<meta property=\"og:site_name\" content=\"PILT.com.ar\" \/>\n<meta property=\"article:published_time\" content=\"2025-04-04T13:09:22+00:00\" \/>\n<meta property=\"article:modified_time\" content=\"2025-04-04T13:09:25+00:00\" \/>\n<meta property=\"og:image\" content=\"https:\/\/i0.wp.com\/pilt.com.ar\/parque-industrial\/wp-content\/uploads\/2025\/04\/Imagen-de-WhatsApp-2025-03-31-a-las-09.01.33_a60038b4.jpg?fit=1080%2C1080&ssl=1\" \/>\n\t<meta property=\"og:image:width\" content=\"1080\" \/>\n\t<meta property=\"og:image:height\" content=\"1080\" \/>\n\t<meta property=\"og:image:type\" content=\"image\/jpeg\" \/>\n<meta name=\"author\" content=\"PILT\" \/>\n<meta name=\"twitter:card\" content=\"summary_large_image\" \/>\n<meta name=\"twitter:label1\" content=\"Escrito por\" \/>\n\t<meta name=\"twitter:data1\" content=\"PILT\" \/>\n\t<meta name=\"twitter:label2\" content=\"Tiempo de lectura\" \/>\n\t<meta name=\"twitter:data2\" content=\"2 minutos\" \/>\n<script type=\"application\/ld+json\" class=\"yoast-schema-graph\">{\"@context\":\"https:\\\/\\\/schema.org\",\"@graph\":[{\"@type\":\"Article\",\"@id\":\"https:\\\/\\\/pilt.com.ar\\\/parque-industrial\\\/charla-sobre-propiedad-intelectual-en-el-pilt\\\/#article\",\"isPartOf\":{\"@id\":\"https:\\\/\\\/pilt.com.ar\\\/parque-industrial\\\/charla-sobre-propiedad-intelectual-en-el-pilt\\\/\"},\"author\":{\"name\":\"PILT\",\"@id\":\"https:\\\/\\\/pilt.com.ar\\\/parque-industrial\\\/#\\\/schema\\\/person\\\/2dfb9e2464de1c3deef20c25c30a8306\"},\"headline\":\"CHARLA SOBRE PROPIEDAD INTELECTUAL EN EL PILT\",\"datePublished\":\"2025-04-04T13:09:22+00:00\",\"dateModified\":\"2025-04-04T13:09:25+00:00\",\"mainEntityOfPage\":{\"@id\":\"https:\\\/\\\/pilt.com.ar\\\/parque-industrial\\\/charla-sobre-propiedad-intelectual-en-el-pilt\\\/\"},\"wordCount\":332,\"commentCount\":0,\"image\":{\"@id\":\"https:\\\/\\\/pilt.com.ar\\\/parque-industrial\\\/charla-sobre-propiedad-intelectual-en-el-pilt\\\/#primaryimage\"},\"thumbnailUrl\":\"https:\\\/\\\/i0.wp.com\\\/pilt.com.ar\\\/parque-industrial\\\/wp-content\\\/uploads\\\/2025\\\/04\\\/Imagen-de-WhatsApp-2025-03-31-a-las-09.01.33_a60038b4.jpg?fit=1080%2C1080&ssl=1\",\"articleSection\":[\"Noticias\"],\"inLanguage\":\"es\",\"potentialAction\":[{\"@type\":\"CommentAction\",\"name\":\"Comment\",\"target\":[\"https:\\\/\\\/pilt.com.ar\\\/parque-industrial\\\/charla-sobre-propiedad-intelectual-en-el-pilt\\\/#respond\"]}]},{\"@type\":\"WebPage\",\"@id\":\"https:\\\/\\\/pilt.com.ar\\\/parque-industrial\\\/charla-sobre-propiedad-intelectual-en-el-pilt\\\/\",\"url\":\"https:\\\/\\\/pilt.com.ar\\\/parque-industrial\\\/charla-sobre-propiedad-intelectual-en-el-pilt\\\/\",\"name\":\"CHARLA SOBRE PROPIEDAD INTELECTUAL EN EL PILT - PILT.com.ar\",\"isPartOf\":{\"@id\":\"https:\\\/\\\/pilt.com.ar\\\/parque-industrial\\\/#website\"},\"primaryImageOfPage\":{\"@id\":\"https:\\\/\\\/pilt.com.ar\\\/parque-industrial\\\/charla-sobre-propiedad-intelectual-en-el-pilt\\\/#primaryimage\"},\"image\":{\"@id\":\"https:\\\/\\\/pilt.com.ar\\\/parque-industrial\\\/charla-sobre-propiedad-intelectual-en-el-pilt\\\/#primaryimage\"},\"thumbnailUrl\":\"https:\\\/\\\/i0.wp.com\\\/pilt.com.ar\\\/parque-industrial\\\/wp-content\\\/uploads\\\/2025\\\/04\\\/Imagen-de-WhatsApp-2025-03-31-a-las-09.01.33_a60038b4.jpg?fit=1080%2C1080&ssl=1\",\"datePublished\":\"2025-04-04T13:09:22+00:00\",\"dateModified\":\"2025-04-04T13:09:25+00:00\",\"author\":{\"@id\":\"https:\\\/\\\/pilt.com.ar\\\/parque-industrial\\\/#\\\/schema\\\/person\\\/2dfb9e2464de1c3deef20c25c30a8306\"},\"inLanguage\":\"es\",\"potentialAction\":[{\"@type\":\"ReadAction\",\"target\":[\"https:\\\/\\\/pilt.com.ar\\\/parque-industrial\\\/charla-sobre-propiedad-intelectual-en-el-pilt\\\/\"]}]},{\"@type\":\"ImageObject\",\"inLanguage\":\"es\",\"@id\":\"https:\\\/\\\/pilt.com.ar\\\/parque-industrial\\\/charla-sobre-propiedad-intelectual-en-el-pilt\\\/#primaryimage\",\"url\":\"https:\\\/\\\/i0.wp.com\\\/pilt.com.ar\\\/parque-industrial\\\/wp-content\\\/uploads\\\/2025\\\/04\\\/Imagen-de-WhatsApp-2025-03-31-a-las-09.01.33_a60038b4.jpg?fit=1080%2C1080&ssl=1\",\"contentUrl\":\"https:\\\/\\\/i0.wp.com\\\/pilt.com.ar\\\/parque-industrial\\\/wp-content\\\/uploads\\\/2025\\\/04\\\/Imagen-de-WhatsApp-2025-03-31-a-las-09.01.33_a60038b4.jpg?fit=1080%2C1080&ssl=1\",\"width\":1080,\"height\":1080},{\"@type\":\"WebSite\",\"@id\":\"https:\\\/\\\/pilt.com.ar\\\/parque-industrial\\\/#website\",\"url\":\"https:\\\/\\\/pilt.com.ar\\\/parque-industrial\\\/\",\"name\":\"PILT.com.ar\",\"description\":\"Parque Industrial, Log\u00edstico y Tecnol\u00f3gico Villa Mar\u00eda\",\"potentialAction\":[{\"@type\":\"SearchAction\",\"target\":{\"@type\":\"EntryPoint\",\"urlTemplate\":\"https:\\\/\\\/pilt.com.ar\\\/parque-industrial\\\/?s={search_term_string}\"},\"query-input\":{\"@type\":\"PropertyValueSpecification\",\"valueRequired\":true,\"valueName\":\"search_term_string\"}}],\"inLanguage\":\"es\"},{\"@type\":\"Person\",\"@id\":\"https:\\\/\\\/pilt.com.ar\\\/parque-industrial\\\/#\\\/schema\\\/person\\\/2dfb9e2464de1c3deef20c25c30a8306\",\"name\":\"PILT\",\"image\":{\"@type\":\"ImageObject\",\"inLanguage\":\"es\",\"@id\":\"https:\\\/\\\/secure.gravatar.com\\\/avatar\\\/5e3734c8d8c8e0b0d45f923c14a14d7b90521d573d02f0d91360a777095ee42b?s=96&d=mm&r=g\",\"url\":\"https:\\\/\\\/secure.gravatar.com\\\/avatar\\\/5e3734c8d8c8e0b0d45f923c14a14d7b90521d573d02f0d91360a777095ee42b?s=96&d=mm&r=g\",\"contentUrl\":\"https:\\\/\\\/secure.gravatar.com\\\/avatar\\\/5e3734c8d8c8e0b0d45f923c14a14d7b90521d573d02f0d91360a777095ee42b?s=96&d=mm&r=g\",\"caption\":\"PILT\"},\"url\":\"https:\\\/\\\/pilt.com.ar\\\/parque-industrial\\\/author\\\/pilt\\\/\"}]}<\/script>\n<!-- \/ Yoast SEO plugin. -->","yoast_head_json":{"title":"CHARLA SOBRE PROPIEDAD INTELECTUAL EN EL PILT - PILT.com.ar","robots":{"index":"index","follow":"follow","max-snippet":"max-snippet:-1","max-image-preview":"max-image-preview:large","max-video-preview":"max-video-preview:-1"},"canonical":"https:\/\/pilt.com.ar\/parque-industrial\/charla-sobre-propiedad-intelectual-en-el-pilt\/","og_locale":"es_ES","og_type":"article","og_title":"CHARLA SOBRE PROPIEDAD INTELECTUAL EN EL PILT - PILT.com.ar","og_description":"El encuentro, organizado por la Municipalidad de Villa Mar\u00eda, brindar\u00e1 herramientas a exportadores para la protecci\u00f3n de innovaciones en el mercado global. El pr\u00f3ximo mi\u00e9rcoles 9 del corriente, a las 9:00 hs., se llevar\u00e1 a cabo en el SUM del Parque Industrial, Log\u00edstico y Tecnol\u00f3gico Villa Mar\u00eda (PILT), una charla introductoria sobre derechos de propiedad [&hellip;]","og_url":"https:\/\/pilt.com.ar\/parque-industrial\/charla-sobre-propiedad-intelectual-en-el-pilt\/","og_site_name":"PILT.com.ar","article_published_time":"2025-04-04T13:09:22+00:00","article_modified_time":"2025-04-04T13:09:25+00:00","og_image":[{"width":1080,"height":1080,"url":"https:\/\/i0.wp.com\/pilt.com.ar\/parque-industrial\/wp-content\/uploads\/2025\/04\/Imagen-de-WhatsApp-2025-03-31-a-las-09.01.33_a60038b4.jpg?fit=1080%2C1080&ssl=1","type":"image\/jpeg"}],"author":"PILT","twitter_card":"summary_large_image","twitter_misc":{"Escrito por":"PILT","Tiempo de lectura":"2 minutos"},"schema":{"@context":"https:\/\/schema.org","@graph":[{"@type":"Article","@id":"https:\/\/pilt.com.ar\/parque-industrial\/charla-sobre-propiedad-intelectual-en-el-pilt\/#article","isPartOf":{"@id":"https:\/\/pilt.com.ar\/parque-industrial\/charla-sobre-propiedad-intelectual-en-el-pilt\/"},"author":{"name":"PILT","@id":"https:\/\/pilt.com.ar\/parque-industrial\/#\/schema\/person\/2dfb9e2464de1c3deef20c25c30a8306"},"headline":"CHARLA SOBRE PROPIEDAD INTELECTUAL EN EL PILT","datePublished":"2025-04-04T13:09:22+00:00","dateModified":"2025-04-04T13:09:25+00:00","mainEntityOfPage":{"@id":"https:\/\/pilt.com.ar\/parque-industrial\/charla-sobre-propiedad-intelectual-en-el-pilt\/"},"wordCount":332,"commentCount":0,"image":{"@id":"https:\/\/pilt.com.ar\/parque-industrial\/charla-sobre-propiedad-intelectual-en-el-pilt\/#primaryimage"},"thumbnailUrl":"https:\/\/i0.wp.com\/pilt.com.ar\/parque-industrial\/wp-content\/uploads\/2025\/04\/Imagen-de-WhatsApp-2025-03-31-a-las-09.01.33_a60038b4.jpg?fit=1080%2C1080&ssl=1","articleSection":["Noticias"],"inLanguage":"es","potentialAction":[{"@type":"CommentAction","name":"Comment","target":["https:\/\/pilt.com.ar\/parque-industrial\/charla-sobre-propiedad-intelectual-en-el-pilt\/#respond"]}]},{"@type":"WebPage","@id":"https:\/\/pilt.com.ar\/parque-industrial\/charla-sobre-propiedad-intelectual-en-el-pilt\/","url":"https:\/\/pilt.com.ar\/parque-industrial\/charla-sobre-propiedad-intelectual-en-el-pilt\/","name":"CHARLA SOBRE PROPIEDAD INTELECTUAL EN EL PILT - PILT.com.ar","isPartOf":{"@id":"https:\/\/pilt.com.ar\/parque-industrial\/#website"},"primaryImageOfPage":{"@id":"https:\/\/pilt.com.ar\/parque-industrial\/charla-sobre-propiedad-intelectual-en-el-pilt\/#primaryimage"},"image":{"@id":"https:\/\/pilt.com.ar\/parque-industrial\/charla-sobre-propiedad-intelectual-en-el-pilt\/#primaryimage"},"thumbnailUrl":"https:\/\/i0.wp.com\/pilt.com.ar\/parque-industrial\/wp-content\/uploads\/2025\/04\/Imagen-de-WhatsApp-2025-03-31-a-las-09.01.33_a60038b4.jpg?fit=1080%2C1080&ssl=1","datePublished":"2025-04-04T13:09:22+00:00","dateModified":"2025-04-04T13:09:25+00:00","author":{"@id":"https:\/\/pilt.com.ar\/parque-industrial\/#\/schema\/person\/2dfb9e2464de1c3deef20c25c30a8306"},"inLanguage":"es","potentialAction":[{"@type":"ReadAction","target":["https:\/\/pilt.com.ar\/parque-industrial\/charla-sobre-propiedad-intelectual-en-el-pilt\/"]}]},{"@type":"ImageObject","inLanguage":"es","@id":"https:\/\/pilt.com.ar\/parque-industrial\/charla-sobre-propiedad-intelectual-en-el-pilt\/#primaryimage","url":"https:\/\/i0.wp.com\/pilt.com.ar\/parque-industrial\/wp-content\/uploads\/2025\/04\/Imagen-de-WhatsApp-2025-03-31-a-las-09.01.33_a60038b4.jpg?fit=1080%2C1080&ssl=1","contentUrl":"https:\/\/i0.wp.com\/pilt.com.ar\/parque-industrial\/wp-content\/uploads\/2025\/04\/Imagen-de-WhatsApp-2025-03-31-a-las-09.01.33_a60038b4.jpg?fit=1080%2C1080&ssl=1","width":1080,"height":1080},{"@type":"WebSite","@id":"https:\/\/pilt.com.ar\/parque-industrial\/#website","url":"https:\/\/pilt.com.ar\/parque-industrial\/","name":"PILT.com.ar","description":"Parque Industrial, Log\u00edstico y Tecnol\u00f3gico Villa Mar\u00eda","potentialAction":[{"@type":"SearchAction","target":{"@type":"EntryPoint","urlTemplate":"https:\/\/pilt.com.ar\/parque-industrial\/?s={search_term_string}"},"query-input":{"@type":"PropertyValueSpecification","valueRequired":true,"valueName":"search_term_string"}}],"inLanguage":"es"},{"@type":"Person","@id":"https:\/\/pilt.com.ar\/parque-industrial\/#\/schema\/person\/2dfb9e2464de1c3deef20c25c30a8306","name":"PILT","image":{"@type":"ImageObject","inLanguage":"es","@id":"https:\/\/secure.gravatar.com\/avatar\/5e3734c8d8c8e0b0d45f923c14a14d7b90521d573d02f0d91360a777095ee42b?s=96&d=mm&r=g","url":"https:\/\/secure.gravatar.com\/avatar\/5e3734c8d8c8e0b0d45f923c14a14d7b90521d573d02f0d91360a777095ee42b?s=96&d=mm&r=g","contentUrl":"https:\/\/secure.gravatar.com\/avatar\/5e3734c8d8c8e0b0d45f923c14a14d7b90521d573d02f0d91360a777095ee42b?s=96&d=mm&r=g","caption":"PILT"},"url":"https:\/\/pilt.com.ar\/parque-industrial\/author\/pilt\/"}]}},"jetpack_featured_media_url":"https:\/\/i0.wp.com\/pilt.com.ar\/parque-industrial\/wp-content\/uploads\/2025\/04\/Imagen-de-WhatsApp-2025-03-31-a-las-09.01.33_a60038b4.jpg?fit=1080%2C1080&ssl=1","jetpack_sharing_enabled":true,"_links":{"self":[{"href":"https:\/\/pilt.com.ar\/parque-industrial\/wp-json\/wp\/v2\/posts\/3670","targetHints":{"allow":["GET"]}}],"collection":[{"href":"https:\/\/pilt.com.ar\/parque-industrial\/wp-json\/wp\/v2\/posts"}],"about":[{"href":"https:\/\/pilt.com.ar\/parque-industrial\/wp-json\/wp\/v2\/types\/post"}],"author":[{"embeddable":true,"href":"https:\/\/pilt.com.ar\/parque-industrial\/wp-json\/wp\/v2\/users\/3"}],"replies":[{"embeddable":true,"href":"https:\/\/pilt.com.ar\/parque-industrial\/wp-json\/wp\/v2\/comments?post=3670"}],"version-history":[{"count":1,"href":"https:\/\/pilt.com.ar\/parque-industrial\/wp-json\/wp\/v2\/posts\/3670\/revisions"}],"predecessor-version":[{"id":3672,"href":"https:\/\/pilt.com.ar\/parque-industrial\/wp-json\/wp\/v2\/posts\/3670\/revisions\/3672"}],"wp:featuredmedia":[{"embeddable":true,"href":"https:\/\/pilt.com.ar\/parque-industrial\/wp-json\/wp\/v2\/media\/3671"}],"wp:attachment":[{"href":"https:\/\/pilt.com.ar\/parque-industrial\/wp-json\/wp\/v2\/media?parent=3670"}],"wp:term":[{"taxonomy":"category","embeddable":true,"href":"https:\/\/pilt.com.ar\/parque-industrial\/wp-json\/wp\/v2\/categories?post=3670"},{"taxonomy":"post_tag","embeddable":true,"href":"https:\/\/pilt.com.ar\/parque-industrial\/wp-json\/wp\/v2\/tags?post=3670"}],"curies":[{"name":"wp","href":"https:\/\/api.w.org\/{rel}","templated":true}]}}