{"id":3644,"date":"2025-03-14T15:51:20","date_gmt":"2025-03-14T18:51:20","guid":{"rendered":"https:\/\/pilt.com.ar\/parque-industrial\/?p=3644"},"modified":"2025-03-14T15:51:20","modified_gmt":"2025-03-14T18:51:20","slug":"tradicional-empresa-de-la-ciudad-construye-una-nave-en-el-pilt","status":"publish","type":"post","link":"https:\/\/pilt.com.ar\/parque-industrial\/tradicional-empresa-de-la-ciudad-construye-una-nave-en-el-pilt\/","title":{"rendered":"TRADICIONAL EMPRESA DE LA CIUDAD CONSTRUYE UNA NAVE EN EL PILT"},"content":{"rendered":"\n<p class=\"has-text-align-center\"><em>La firma Sebasti\u00e1n Valfr\u00e9, dedicada a la comercializaci\u00f3n de vinos y bebidas alcoh\u00f3licas, avanza con la construcci\u00f3n de una nueva nave destinada al almacenamiento de productos.<\/em><\/p>\n\n\n\n<p>La tradicional empresa familiar de Villa Mar\u00eda inici\u00f3 hace pocas semanas la ejecuci\u00f3n de una importante nave que, en una primera etapa, ser\u00e1 utilizada para almacenar la mercader\u00eda que comercializa.<\/p>\n\n\n\n<p>Con m\u00e1s de 100 a\u00f1os de trayectoria en el rubro y transitando su cuarta generaci\u00f3n, la pyme ha puesto en marcha un proyecto que contempla la construcci\u00f3n de una nave de 1.100 metros cuadrados. Si bien en principio se destinar\u00e1 al almacenamiento, la empresa proyecta a mediano plazo sumar una l\u00ednea productiva para la fabricaci\u00f3n de estuches de madera para packaging de vinos en distintos tama\u00f1os (para 6, 3, 2 o 1 unidad). Estos estuches estar\u00e1n destinados tanto a bodegas como a su propia boca de expendio. Actualmente, la firma eval\u00faa distintas alternativas de equipamiento para llevar adelante esta iniciativa.<\/p>\n\n\n\n<p>Seg\u00fan la planificaci\u00f3n de la obra, se espera que la construcci\u00f3n est\u00e9 finalizada a comienzos del pr\u00f3ximo a\u00f1o, quedando en condiciones de iniciar sus operaciones.<\/p>\n\n\n\n<p><\/p>\n","protected":false},"excerpt":{"rendered":"<p>La firma Sebasti\u00e1n Valfr\u00e9, dedicada a la comercializaci\u00f3n de vinos y bebidas alcoh\u00f3licas, avanza con la construcci\u00f3n de una nueva nave destinada al almacenamiento de productos. La tradicional empresa familiar de Villa Mar\u00eda inici\u00f3 hace pocas semanas la ejecuci\u00f3n de una importante nave que, en una primera etapa, ser\u00e1 utilizada para almacenar la mercader\u00eda que [&hellip;]<\/p>\n","protected":false},"author":3,"featured_media":3645,"comment_status":"open","ping_status":"open","sticky":false,"template":"","format":"standard","meta":{"_jetpack_memberships_contains_paid_content":false,"footnotes":""},"categories":[2],"tags":[],"class_list":["post-3644","post","type-post","status-publish","format-standard","has-post-thumbnail","hentry","category-noticias"],"yoast_head":"<!-- This site is optimized with the Yoast SEO plugin v27.5 - https:\/\/yoast.com\/product\/yoast-seo-wordpress\/ -->\n<title>TRADICIONAL EMPRESA DE LA CIUDAD CONSTRUYE UNA NAVE EN EL PILT - PILT.com.ar<\/title>\n<meta name=\"robots\" content=\"index, follow, max-snippet:-1, max-image-preview:large, max-video-preview:-1\" \/>\n<link rel=\"canonical\" href=\"https:\/\/pilt.com.ar\/parque-industrial\/tradicional-empresa-de-la-ciudad-construye-una-nave-en-el-pilt\/\" \/>\n<meta property=\"og:locale\" content=\"es_ES\" \/>\n<meta property=\"og:type\" content=\"article\" \/>\n<meta property=\"og:title\" content=\"TRADICIONAL EMPRESA DE LA CIUDAD CONSTRUYE UNA NAVE EN EL PILT - PILT.com.ar\" \/>\n<meta property=\"og:description\" content=\"La firma Sebasti\u00e1n Valfr\u00e9, dedicada a la comercializaci\u00f3n de vinos y bebidas alcoh\u00f3licas, avanza con la construcci\u00f3n de una nueva nave destinada al almacenamiento de productos. La tradicional empresa familiar de Villa Mar\u00eda inici\u00f3 hace pocas semanas la ejecuci\u00f3n de una importante nave que, en una primera etapa, ser\u00e1 utilizada para almacenar la mercader\u00eda que [&hellip;]\" \/>\n<meta property=\"og:url\" content=\"https:\/\/pilt.com.ar\/parque-industrial\/tradicional-empresa-de-la-ciudad-construye-una-nave-en-el-pilt\/\" \/>\n<meta property=\"og:site_name\" content=\"PILT.com.ar\" \/>\n<meta property=\"article:published_time\" content=\"2025-03-14T18:51:20+00:00\" \/>\n<meta property=\"og:image\" content=\"https:\/\/i0.wp.com\/pilt.com.ar\/parque-industrial\/wp-content\/uploads\/2025\/03\/Imagen-de-WhatsApp-2025-03-14-a-las-14.45.53_bacee5c9.jpg?fit=1600%2C900&ssl=1\" \/>\n\t<meta property=\"og:image:width\" content=\"1600\" \/>\n\t<meta property=\"og:image:height\" content=\"900\" \/>\n\t<meta property=\"og:image:type\" content=\"image\/jpeg\" \/>\n<meta name=\"author\" content=\"PILT\" \/>\n<meta name=\"twitter:card\" content=\"summary_large_image\" \/>\n<meta name=\"twitter:label1\" content=\"Escrito por\" \/>\n\t<meta name=\"twitter:data1\" content=\"PILT\" \/>\n\t<meta name=\"twitter:label2\" content=\"Tiempo de lectura\" \/>\n\t<meta name=\"twitter:data2\" content=\"2 minutos\" \/>\n<script type=\"application\/ld+json\" class=\"yoast-schema-graph\">{\"@context\":\"https:\\\/\\\/schema.org\",\"@graph\":[{\"@type\":\"Article\",\"@id\":\"https:\\\/\\\/pilt.com.ar\\\/parque-industrial\\\/tradicional-empresa-de-la-ciudad-construye-una-nave-en-el-pilt\\\/#article\",\"isPartOf\":{\"@id\":\"https:\\\/\\\/pilt.com.ar\\\/parque-industrial\\\/tradicional-empresa-de-la-ciudad-construye-una-nave-en-el-pilt\\\/\"},\"author\":{\"name\":\"PILT\",\"@id\":\"https:\\\/\\\/pilt.com.ar\\\/parque-industrial\\\/#\\\/schema\\\/person\\\/2dfb9e2464de1c3deef20c25c30a8306\"},\"headline\":\"TRADICIONAL EMPRESA DE LA CIUDAD CONSTRUYE UNA NAVE EN EL PILT\",\"datePublished\":\"2025-03-14T18:51:20+00:00\",\"mainEntityOfPage\":{\"@id\":\"https:\\\/\\\/pilt.com.ar\\\/parque-industrial\\\/tradicional-empresa-de-la-ciudad-construye-una-nave-en-el-pilt\\\/\"},\"wordCount\":207,\"commentCount\":0,\"image\":{\"@id\":\"https:\\\/\\\/pilt.com.ar\\\/parque-industrial\\\/tradicional-empresa-de-la-ciudad-construye-una-nave-en-el-pilt\\\/#primaryimage\"},\"thumbnailUrl\":\"https:\\\/\\\/i0.wp.com\\\/pilt.com.ar\\\/parque-industrial\\\/wp-content\\\/uploads\\\/2025\\\/03\\\/Imagen-de-WhatsApp-2025-03-14-a-las-14.45.53_bacee5c9.jpg?fit=1600%2C900&ssl=1\",\"articleSection\":[\"Noticias\"],\"inLanguage\":\"es\",\"potentialAction\":[{\"@type\":\"CommentAction\",\"name\":\"Comment\",\"target\":[\"https:\\\/\\\/pilt.com.ar\\\/parque-industrial\\\/tradicional-empresa-de-la-ciudad-construye-una-nave-en-el-pilt\\\/#respond\"]}]},{\"@type\":\"WebPage\",\"@id\":\"https:\\\/\\\/pilt.com.ar\\\/parque-industrial\\\/tradicional-empresa-de-la-ciudad-construye-una-nave-en-el-pilt\\\/\",\"url\":\"https:\\\/\\\/pilt.com.ar\\\/parque-industrial\\\/tradicional-empresa-de-la-ciudad-construye-una-nave-en-el-pilt\\\/\",\"name\":\"TRADICIONAL EMPRESA DE LA CIUDAD CONSTRUYE UNA NAVE EN EL PILT - PILT.com.ar\",\"isPartOf\":{\"@id\":\"https:\\\/\\\/pilt.com.ar\\\/parque-industrial\\\/#website\"},\"primaryImageOfPage\":{\"@id\":\"https:\\\/\\\/pilt.com.ar\\\/parque-industrial\\\/tradicional-empresa-de-la-ciudad-construye-una-nave-en-el-pilt\\\/#primaryimage\"},\"image\":{\"@id\":\"https:\\\/\\\/pilt.com.ar\\\/parque-industrial\\\/tradicional-empresa-de-la-ciudad-construye-una-nave-en-el-pilt\\\/#primaryimage\"},\"thumbnailUrl\":\"https:\\\/\\\/i0.wp.com\\\/pilt.com.ar\\\/parque-industrial\\\/wp-content\\\/uploads\\\/2025\\\/03\\\/Imagen-de-WhatsApp-2025-03-14-a-las-14.45.53_bacee5c9.jpg?fit=1600%2C900&ssl=1\",\"datePublished\":\"2025-03-14T18:51:20+00:00\",\"author\":{\"@id\":\"https:\\\/\\\/pilt.com.ar\\\/parque-industrial\\\/#\\\/schema\\\/person\\\/2dfb9e2464de1c3deef20c25c30a8306\"},\"inLanguage\":\"es\",\"potentialAction\":[{\"@type\":\"ReadAction\",\"target\":[\"https:\\\/\\\/pilt.com.ar\\\/parque-industrial\\\/tradicional-empresa-de-la-ciudad-construye-una-nave-en-el-pilt\\\/\"]}]},{\"@type\":\"ImageObject\",\"inLanguage\":\"es\",\"@id\":\"https:\\\/\\\/pilt.com.ar\\\/parque-industrial\\\/tradicional-empresa-de-la-ciudad-construye-una-nave-en-el-pilt\\\/#primaryimage\",\"url\":\"https:\\\/\\\/i0.wp.com\\\/pilt.com.ar\\\/parque-industrial\\\/wp-content\\\/uploads\\\/2025\\\/03\\\/Imagen-de-WhatsApp-2025-03-14-a-las-14.45.53_bacee5c9.jpg?fit=1600%2C900&ssl=1\",\"contentUrl\":\"https:\\\/\\\/i0.wp.com\\\/pilt.com.ar\\\/parque-industrial\\\/wp-content\\\/uploads\\\/2025\\\/03\\\/Imagen-de-WhatsApp-2025-03-14-a-las-14.45.53_bacee5c9.jpg?fit=1600%2C900&ssl=1\",\"width\":1600,\"height\":900},{\"@type\":\"WebSite\",\"@id\":\"https:\\\/\\\/pilt.com.ar\\\/parque-industrial\\\/#website\",\"url\":\"https:\\\/\\\/pilt.com.ar\\\/parque-industrial\\\/\",\"name\":\"PILT.com.ar\",\"description\":\"Parque Industrial, Log\u00edstico y Tecnol\u00f3gico Villa Mar\u00eda\",\"potentialAction\":[{\"@type\":\"SearchAction\",\"target\":{\"@type\":\"EntryPoint\",\"urlTemplate\":\"https:\\\/\\\/pilt.com.ar\\\/parque-industrial\\\/?s={search_term_string}\"},\"query-input\":{\"@type\":\"PropertyValueSpecification\",\"valueRequired\":true,\"valueName\":\"search_term_string\"}}],\"inLanguage\":\"es\"},{\"@type\":\"Person\",\"@id\":\"https:\\\/\\\/pilt.com.ar\\\/parque-industrial\\\/#\\\/schema\\\/person\\\/2dfb9e2464de1c3deef20c25c30a8306\",\"name\":\"PILT\",\"image\":{\"@type\":\"ImageObject\",\"inLanguage\":\"es\",\"@id\":\"https:\\\/\\\/secure.gravatar.com\\\/avatar\\\/5e3734c8d8c8e0b0d45f923c14a14d7b90521d573d02f0d91360a777095ee42b?s=96&d=mm&r=g\",\"url\":\"https:\\\/\\\/secure.gravatar.com\\\/avatar\\\/5e3734c8d8c8e0b0d45f923c14a14d7b90521d573d02f0d91360a777095ee42b?s=96&d=mm&r=g\",\"contentUrl\":\"https:\\\/\\\/secure.gravatar.com\\\/avatar\\\/5e3734c8d8c8e0b0d45f923c14a14d7b90521d573d02f0d91360a777095ee42b?s=96&d=mm&r=g\",\"caption\":\"PILT\"},\"url\":\"https:\\\/\\\/pilt.com.ar\\\/parque-industrial\\\/author\\\/pilt\\\/\"}]}<\/script>\n<!-- \/ Yoast SEO plugin. -->","yoast_head_json":{"title":"TRADICIONAL EMPRESA DE LA CIUDAD CONSTRUYE UNA NAVE EN EL PILT - PILT.com.ar","robots":{"index":"index","follow":"follow","max-snippet":"max-snippet:-1","max-image-preview":"max-image-preview:large","max-video-preview":"max-video-preview:-1"},"canonical":"https:\/\/pilt.com.ar\/parque-industrial\/tradicional-empresa-de-la-ciudad-construye-una-nave-en-el-pilt\/","og_locale":"es_ES","og_type":"article","og_title":"TRADICIONAL EMPRESA DE LA CIUDAD CONSTRUYE UNA NAVE EN EL PILT - PILT.com.ar","og_description":"La firma Sebasti\u00e1n Valfr\u00e9, dedicada a la comercializaci\u00f3n de vinos y bebidas alcoh\u00f3licas, avanza con la construcci\u00f3n de una nueva nave destinada al almacenamiento de productos. La tradicional empresa familiar de Villa Mar\u00eda inici\u00f3 hace pocas semanas la ejecuci\u00f3n de una importante nave que, en una primera etapa, ser\u00e1 utilizada para almacenar la mercader\u00eda que [&hellip;]","og_url":"https:\/\/pilt.com.ar\/parque-industrial\/tradicional-empresa-de-la-ciudad-construye-una-nave-en-el-pilt\/","og_site_name":"PILT.com.ar","article_published_time":"2025-03-14T18:51:20+00:00","og_image":[{"width":1600,"height":900,"url":"https:\/\/i0.wp.com\/pilt.com.ar\/parque-industrial\/wp-content\/uploads\/2025\/03\/Imagen-de-WhatsApp-2025-03-14-a-las-14.45.53_bacee5c9.jpg?fit=1600%2C900&ssl=1","type":"image\/jpeg"}],"author":"PILT","twitter_card":"summary_large_image","twitter_misc":{"Escrito por":"PILT","Tiempo de lectura":"2 minutos"},"schema":{"@context":"https:\/\/schema.org","@graph":[{"@type":"Article","@id":"https:\/\/pilt.com.ar\/parque-industrial\/tradicional-empresa-de-la-ciudad-construye-una-nave-en-el-pilt\/#article","isPartOf":{"@id":"https:\/\/pilt.com.ar\/parque-industrial\/tradicional-empresa-de-la-ciudad-construye-una-nave-en-el-pilt\/"},"author":{"name":"PILT","@id":"https:\/\/pilt.com.ar\/parque-industrial\/#\/schema\/person\/2dfb9e2464de1c3deef20c25c30a8306"},"headline":"TRADICIONAL EMPRESA DE LA CIUDAD CONSTRUYE UNA NAVE EN EL PILT","datePublished":"2025-03-14T18:51:20+00:00","mainEntityOfPage":{"@id":"https:\/\/pilt.com.ar\/parque-industrial\/tradicional-empresa-de-la-ciudad-construye-una-nave-en-el-pilt\/"},"wordCount":207,"commentCount":0,"image":{"@id":"https:\/\/pilt.com.ar\/parque-industrial\/tradicional-empresa-de-la-ciudad-construye-una-nave-en-el-pilt\/#primaryimage"},"thumbnailUrl":"https:\/\/i0.wp.com\/pilt.com.ar\/parque-industrial\/wp-content\/uploads\/2025\/03\/Imagen-de-WhatsApp-2025-03-14-a-las-14.45.53_bacee5c9.jpg?fit=1600%2C900&ssl=1","articleSection":["Noticias"],"inLanguage":"es","potentialAction":[{"@type":"CommentAction","name":"Comment","target":["https:\/\/pilt.com.ar\/parque-industrial\/tradicional-empresa-de-la-ciudad-construye-una-nave-en-el-pilt\/#respond"]}]},{"@type":"WebPage","@id":"https:\/\/pilt.com.ar\/parque-industrial\/tradicional-empresa-de-la-ciudad-construye-una-nave-en-el-pilt\/","url":"https:\/\/pilt.com.ar\/parque-industrial\/tradicional-empresa-de-la-ciudad-construye-una-nave-en-el-pilt\/","name":"TRADICIONAL EMPRESA DE LA CIUDAD CONSTRUYE UNA NAVE EN EL PILT - PILT.com.ar","isPartOf":{"@id":"https:\/\/pilt.com.ar\/parque-industrial\/#website"},"primaryImageOfPage":{"@id":"https:\/\/pilt.com.ar\/parque-industrial\/tradicional-empresa-de-la-ciudad-construye-una-nave-en-el-pilt\/#primaryimage"},"image":{"@id":"https:\/\/pilt.com.ar\/parque-industrial\/tradicional-empresa-de-la-ciudad-construye-una-nave-en-el-pilt\/#primaryimage"},"thumbnailUrl":"https:\/\/i0.wp.com\/pilt.com.ar\/parque-industrial\/wp-content\/uploads\/2025\/03\/Imagen-de-WhatsApp-2025-03-14-a-las-14.45.53_bacee5c9.jpg?fit=1600%2C900&ssl=1","datePublished":"2025-03-14T18:51:20+00:00","author":{"@id":"https:\/\/pilt.com.ar\/parque-industrial\/#\/schema\/person\/2dfb9e2464de1c3deef20c25c30a8306"},"inLanguage":"es","potentialAction":[{"@type":"ReadAction","target":["https:\/\/pilt.com.ar\/parque-industrial\/tradicional-empresa-de-la-ciudad-construye-una-nave-en-el-pilt\/"]}]},{"@type":"ImageObject","inLanguage":"es","@id":"https:\/\/pilt.com.ar\/parque-industrial\/tradicional-empresa-de-la-ciudad-construye-una-nave-en-el-pilt\/#primaryimage","url":"https:\/\/i0.wp.com\/pilt.com.ar\/parque-industrial\/wp-content\/uploads\/2025\/03\/Imagen-de-WhatsApp-2025-03-14-a-las-14.45.53_bacee5c9.jpg?fit=1600%2C900&ssl=1","contentUrl":"https:\/\/i0.wp.com\/pilt.com.ar\/parque-industrial\/wp-content\/uploads\/2025\/03\/Imagen-de-WhatsApp-2025-03-14-a-las-14.45.53_bacee5c9.jpg?fit=1600%2C900&ssl=1","width":1600,"height":900},{"@type":"WebSite","@id":"https:\/\/pilt.com.ar\/parque-industrial\/#website","url":"https:\/\/pilt.com.ar\/parque-industrial\/","name":"PILT.com.ar","description":"Parque Industrial, Log\u00edstico y Tecnol\u00f3gico Villa Mar\u00eda","potentialAction":[{"@type":"SearchAction","target":{"@type":"EntryPoint","urlTemplate":"https:\/\/pilt.com.ar\/parque-industrial\/?s={search_term_string}"},"query-input":{"@type":"PropertyValueSpecification","valueRequired":true,"valueName":"search_term_string"}}],"inLanguage":"es"},{"@type":"Person","@id":"https:\/\/pilt.com.ar\/parque-industrial\/#\/schema\/person\/2dfb9e2464de1c3deef20c25c30a8306","name":"PILT","image":{"@type":"ImageObject","inLanguage":"es","@id":"https:\/\/secure.gravatar.com\/avatar\/5e3734c8d8c8e0b0d45f923c14a14d7b90521d573d02f0d91360a777095ee42b?s=96&d=mm&r=g","url":"https:\/\/secure.gravatar.com\/avatar\/5e3734c8d8c8e0b0d45f923c14a14d7b90521d573d02f0d91360a777095ee42b?s=96&d=mm&r=g","contentUrl":"https:\/\/secure.gravatar.com\/avatar\/5e3734c8d8c8e0b0d45f923c14a14d7b90521d573d02f0d91360a777095ee42b?s=96&d=mm&r=g","caption":"PILT"},"url":"https:\/\/pilt.com.ar\/parque-industrial\/author\/pilt\/"}]}},"jetpack_featured_media_url":"https:\/\/i0.wp.com\/pilt.com.ar\/parque-industrial\/wp-content\/uploads\/2025\/03\/Imagen-de-WhatsApp-2025-03-14-a-las-14.45.53_bacee5c9.jpg?fit=1600%2C900&ssl=1","jetpack_sharing_enabled":true,"_links":{"self":[{"href":"https:\/\/pilt.com.ar\/parque-industrial\/wp-json\/wp\/v2\/posts\/3644","targetHints":{"allow":["GET"]}}],"collection":[{"href":"https:\/\/pilt.com.ar\/parque-industrial\/wp-json\/wp\/v2\/posts"}],"about":[{"href":"https:\/\/pilt.com.ar\/parque-industrial\/wp-json\/wp\/v2\/types\/post"}],"author":[{"embeddable":true,"href":"https:\/\/pilt.com.ar\/parque-industrial\/wp-json\/wp\/v2\/users\/3"}],"replies":[{"embeddable":true,"href":"https:\/\/pilt.com.ar\/parque-industrial\/wp-json\/wp\/v2\/comments?post=3644"}],"version-history":[{"count":1,"href":"https:\/\/pilt.com.ar\/parque-industrial\/wp-json\/wp\/v2\/posts\/3644\/revisions"}],"predecessor-version":[{"id":3646,"href":"https:\/\/pilt.com.ar\/parque-industrial\/wp-json\/wp\/v2\/posts\/3644\/revisions\/3646"}],"wp:featuredmedia":[{"embeddable":true,"href":"https:\/\/pilt.com.ar\/parque-industrial\/wp-json\/wp\/v2\/media\/3645"}],"wp:attachment":[{"href":"https:\/\/pilt.com.ar\/parque-industrial\/wp-json\/wp\/v2\/media?parent=3644"}],"wp:term":[{"taxonomy":"category","embeddable":true,"href":"https:\/\/pilt.com.ar\/parque-industrial\/wp-json\/wp\/v2\/categories?post=3644"},{"taxonomy":"post_tag","embeddable":true,"href":"https:\/\/pilt.com.ar\/parque-industrial\/wp-json\/wp\/v2\/tags?post=3644"}],"curies":[{"name":"wp","href":"https:\/\/api.w.org\/{rel}","templated":true}]}}