{"id":3639,"date":"2025-03-07T14:25:41","date_gmt":"2025-03-07T17:25:41","guid":{"rendered":"https:\/\/pilt.com.ar\/parque-industrial\/?p=3639"},"modified":"2025-03-07T14:25:41","modified_gmt":"2025-03-07T17:25:41","slug":"el-pilt-instalo-dispositivos-inteligentes-para-medir-el-agua","status":"publish","type":"post","link":"https:\/\/pilt.com.ar\/parque-industrial\/el-pilt-instalo-dispositivos-inteligentes-para-medir-el-agua\/","title":{"rendered":"EL PILT INSTAL\u00d3 DISPOSITIVOS INTELIGENTES PARA MEDIR EL AGUA"},"content":{"rendered":"\n<p class=\"has-text-align-center\"><em>Los equipos de telemedici\u00f3n, provistos por la Cooperativa 15 de Mayo, fueron instalados en la Nave para Emprendedores II.<\/em><\/p>\n\n\n\n<p>Con el objetivo de optimizar el uso de un recurso cr\u00edtico como el agua, el Parque Industrial, Log\u00edstico y Tecnol\u00f3gico Villa Mar\u00eda (PILT) incorpor\u00f3 en los salones de la Nave para Emprendedores II dispositivos de telemedici\u00f3n que, adem\u00e1s de eliminar la necesidad de la toma de datos tradicional, permiten un monitoreo detallado del consumo del recurso. Cabe destacar que este tipo de equipos ya est\u00e1n instalados en m\u00e1s de 10 industrias dentro del predio, posicionando al Ente como pionero en la ciudad en el uso de equipamiento inteligente.<\/p>\n\n\n\n<p>Desde hace m\u00e1s de un a\u00f1o, la Cooperativa 15 de Mayo cuenta con un espacio en el PILT, donde lleva adelante la construcci\u00f3n de un banco de pruebas que permitir\u00e1 evaluar la calidad y precisi\u00f3n de los medidores de agua instalados y a instalar en la ciudad. Al respecto, la gerente T\u00e9cnico-Administrativa de la Cooperativa, Gisela Pi\u00f1ero, se\u00f1al\u00f3: \u201cConsideramos una gran oportunidad y una alternativa m\u00e1s que viable desarrollar dentro de nuestro espacio en el Parque el ensamblaje de medidores convencionales con dispositivos de telemedici\u00f3n, generando as\u00ed nuevos micromedidores que nos acerquen al concepto de medici\u00f3n inteligente del recurso. Actualmente nos encontramos en la fase de desarrollo\u201d.<\/p>\n\n\n\n<p>Asimismo, la directiva agreg\u00f3: \u201cConsideramos al Parque un aliado estrat\u00e9gico en este gran desaf\u00edo de instalar la telemedici\u00f3n en la ciudad\u201d.<\/p>\n","protected":false},"excerpt":{"rendered":"<p>Los equipos de telemedici\u00f3n, provistos por la Cooperativa 15 de Mayo, fueron instalados en la Nave para Emprendedores II. Con el objetivo de optimizar el uso de un recurso cr\u00edtico como el agua, el Parque Industrial, Log\u00edstico y Tecnol\u00f3gico Villa Mar\u00eda (PILT) incorpor\u00f3 en los salones de la Nave para Emprendedores II dispositivos de telemedici\u00f3n [&hellip;]<\/p>\n","protected":false},"author":3,"featured_media":3640,"comment_status":"open","ping_status":"open","sticky":false,"template":"","format":"standard","meta":{"_jetpack_memberships_contains_paid_content":false,"footnotes":""},"categories":[2],"tags":[],"class_list":["post-3639","post","type-post","status-publish","format-standard","has-post-thumbnail","hentry","category-noticias"],"yoast_head":"<!-- This site is optimized with the Yoast SEO plugin v27.5 - https:\/\/yoast.com\/product\/yoast-seo-wordpress\/ -->\n<title>EL PILT INSTAL\u00d3 DISPOSITIVOS INTELIGENTES PARA MEDIR EL AGUA - PILT.com.ar<\/title>\n<meta name=\"robots\" content=\"index, follow, max-snippet:-1, max-image-preview:large, max-video-preview:-1\" \/>\n<link rel=\"canonical\" href=\"https:\/\/pilt.com.ar\/parque-industrial\/el-pilt-instalo-dispositivos-inteligentes-para-medir-el-agua\/\" \/>\n<meta property=\"og:locale\" content=\"es_ES\" \/>\n<meta property=\"og:type\" content=\"article\" \/>\n<meta property=\"og:title\" content=\"EL PILT INSTAL\u00d3 DISPOSITIVOS INTELIGENTES PARA MEDIR EL AGUA - PILT.com.ar\" \/>\n<meta property=\"og:description\" content=\"Los equipos de telemedici\u00f3n, provistos por la Cooperativa 15 de Mayo, fueron instalados en la Nave para Emprendedores II. Con el objetivo de optimizar el uso de un recurso cr\u00edtico como el agua, el Parque Industrial, Log\u00edstico y Tecnol\u00f3gico Villa Mar\u00eda (PILT) incorpor\u00f3 en los salones de la Nave para Emprendedores II dispositivos de telemedici\u00f3n [&hellip;]\" \/>\n<meta property=\"og:url\" content=\"https:\/\/pilt.com.ar\/parque-industrial\/el-pilt-instalo-dispositivos-inteligentes-para-medir-el-agua\/\" \/>\n<meta property=\"og:site_name\" content=\"PILT.com.ar\" \/>\n<meta property=\"article:published_time\" content=\"2025-03-07T17:25:41+00:00\" \/>\n<meta property=\"og:image\" content=\"https:\/\/i0.wp.com\/pilt.com.ar\/parque-industrial\/wp-content\/uploads\/2025\/03\/Imagen-de-WhatsApp-2025-03-07-a-las-09.07.05_fad6a7fd.jpg?fit=1496%2C1496&ssl=1\" \/>\n\t<meta property=\"og:image:width\" content=\"1496\" \/>\n\t<meta property=\"og:image:height\" content=\"1496\" \/>\n\t<meta property=\"og:image:type\" content=\"image\/jpeg\" \/>\n<meta name=\"author\" content=\"PILT\" \/>\n<meta name=\"twitter:card\" content=\"summary_large_image\" \/>\n<meta name=\"twitter:label1\" content=\"Escrito por\" \/>\n\t<meta name=\"twitter:data1\" content=\"PILT\" \/>\n\t<meta name=\"twitter:label2\" content=\"Tiempo de lectura\" \/>\n\t<meta name=\"twitter:data2\" content=\"2 minutos\" \/>\n<script type=\"application\/ld+json\" class=\"yoast-schema-graph\">{\"@context\":\"https:\\\/\\\/schema.org\",\"@graph\":[{\"@type\":\"Article\",\"@id\":\"https:\\\/\\\/pilt.com.ar\\\/parque-industrial\\\/el-pilt-instalo-dispositivos-inteligentes-para-medir-el-agua\\\/#article\",\"isPartOf\":{\"@id\":\"https:\\\/\\\/pilt.com.ar\\\/parque-industrial\\\/el-pilt-instalo-dispositivos-inteligentes-para-medir-el-agua\\\/\"},\"author\":{\"name\":\"PILT\",\"@id\":\"https:\\\/\\\/pilt.com.ar\\\/parque-industrial\\\/#\\\/schema\\\/person\\\/2dfb9e2464de1c3deef20c25c30a8306\"},\"headline\":\"EL PILT INSTAL\u00d3 DISPOSITIVOS INTELIGENTES PARA MEDIR EL AGUA\",\"datePublished\":\"2025-03-07T17:25:41+00:00\",\"mainEntityOfPage\":{\"@id\":\"https:\\\/\\\/pilt.com.ar\\\/parque-industrial\\\/el-pilt-instalo-dispositivos-inteligentes-para-medir-el-agua\\\/\"},\"wordCount\":263,\"commentCount\":0,\"image\":{\"@id\":\"https:\\\/\\\/pilt.com.ar\\\/parque-industrial\\\/el-pilt-instalo-dispositivos-inteligentes-para-medir-el-agua\\\/#primaryimage\"},\"thumbnailUrl\":\"https:\\\/\\\/i0.wp.com\\\/pilt.com.ar\\\/parque-industrial\\\/wp-content\\\/uploads\\\/2025\\\/03\\\/Imagen-de-WhatsApp-2025-03-07-a-las-09.07.05_fad6a7fd.jpg?fit=1496%2C1496&ssl=1\",\"articleSection\":[\"Noticias\"],\"inLanguage\":\"es\",\"potentialAction\":[{\"@type\":\"CommentAction\",\"name\":\"Comment\",\"target\":[\"https:\\\/\\\/pilt.com.ar\\\/parque-industrial\\\/el-pilt-instalo-dispositivos-inteligentes-para-medir-el-agua\\\/#respond\"]}]},{\"@type\":\"WebPage\",\"@id\":\"https:\\\/\\\/pilt.com.ar\\\/parque-industrial\\\/el-pilt-instalo-dispositivos-inteligentes-para-medir-el-agua\\\/\",\"url\":\"https:\\\/\\\/pilt.com.ar\\\/parque-industrial\\\/el-pilt-instalo-dispositivos-inteligentes-para-medir-el-agua\\\/\",\"name\":\"EL PILT INSTAL\u00d3 DISPOSITIVOS INTELIGENTES PARA MEDIR EL AGUA - PILT.com.ar\",\"isPartOf\":{\"@id\":\"https:\\\/\\\/pilt.com.ar\\\/parque-industrial\\\/#website\"},\"primaryImageOfPage\":{\"@id\":\"https:\\\/\\\/pilt.com.ar\\\/parque-industrial\\\/el-pilt-instalo-dispositivos-inteligentes-para-medir-el-agua\\\/#primaryimage\"},\"image\":{\"@id\":\"https:\\\/\\\/pilt.com.ar\\\/parque-industrial\\\/el-pilt-instalo-dispositivos-inteligentes-para-medir-el-agua\\\/#primaryimage\"},\"thumbnailUrl\":\"https:\\\/\\\/i0.wp.com\\\/pilt.com.ar\\\/parque-industrial\\\/wp-content\\\/uploads\\\/2025\\\/03\\\/Imagen-de-WhatsApp-2025-03-07-a-las-09.07.05_fad6a7fd.jpg?fit=1496%2C1496&ssl=1\",\"datePublished\":\"2025-03-07T17:25:41+00:00\",\"author\":{\"@id\":\"https:\\\/\\\/pilt.com.ar\\\/parque-industrial\\\/#\\\/schema\\\/person\\\/2dfb9e2464de1c3deef20c25c30a8306\"},\"inLanguage\":\"es\",\"potentialAction\":[{\"@type\":\"ReadAction\",\"target\":[\"https:\\\/\\\/pilt.com.ar\\\/parque-industrial\\\/el-pilt-instalo-dispositivos-inteligentes-para-medir-el-agua\\\/\"]}]},{\"@type\":\"ImageObject\",\"inLanguage\":\"es\",\"@id\":\"https:\\\/\\\/pilt.com.ar\\\/parque-industrial\\\/el-pilt-instalo-dispositivos-inteligentes-para-medir-el-agua\\\/#primaryimage\",\"url\":\"https:\\\/\\\/i0.wp.com\\\/pilt.com.ar\\\/parque-industrial\\\/wp-content\\\/uploads\\\/2025\\\/03\\\/Imagen-de-WhatsApp-2025-03-07-a-las-09.07.05_fad6a7fd.jpg?fit=1496%2C1496&ssl=1\",\"contentUrl\":\"https:\\\/\\\/i0.wp.com\\\/pilt.com.ar\\\/parque-industrial\\\/wp-content\\\/uploads\\\/2025\\\/03\\\/Imagen-de-WhatsApp-2025-03-07-a-las-09.07.05_fad6a7fd.jpg?fit=1496%2C1496&ssl=1\",\"width\":1496,\"height\":1496},{\"@type\":\"WebSite\",\"@id\":\"https:\\\/\\\/pilt.com.ar\\\/parque-industrial\\\/#website\",\"url\":\"https:\\\/\\\/pilt.com.ar\\\/parque-industrial\\\/\",\"name\":\"PILT.com.ar\",\"description\":\"Parque Industrial, Log\u00edstico y Tecnol\u00f3gico Villa Mar\u00eda\",\"potentialAction\":[{\"@type\":\"SearchAction\",\"target\":{\"@type\":\"EntryPoint\",\"urlTemplate\":\"https:\\\/\\\/pilt.com.ar\\\/parque-industrial\\\/?s={search_term_string}\"},\"query-input\":{\"@type\":\"PropertyValueSpecification\",\"valueRequired\":true,\"valueName\":\"search_term_string\"}}],\"inLanguage\":\"es\"},{\"@type\":\"Person\",\"@id\":\"https:\\\/\\\/pilt.com.ar\\\/parque-industrial\\\/#\\\/schema\\\/person\\\/2dfb9e2464de1c3deef20c25c30a8306\",\"name\":\"PILT\",\"image\":{\"@type\":\"ImageObject\",\"inLanguage\":\"es\",\"@id\":\"https:\\\/\\\/secure.gravatar.com\\\/avatar\\\/5e3734c8d8c8e0b0d45f923c14a14d7b90521d573d02f0d91360a777095ee42b?s=96&d=mm&r=g\",\"url\":\"https:\\\/\\\/secure.gravatar.com\\\/avatar\\\/5e3734c8d8c8e0b0d45f923c14a14d7b90521d573d02f0d91360a777095ee42b?s=96&d=mm&r=g\",\"contentUrl\":\"https:\\\/\\\/secure.gravatar.com\\\/avatar\\\/5e3734c8d8c8e0b0d45f923c14a14d7b90521d573d02f0d91360a777095ee42b?s=96&d=mm&r=g\",\"caption\":\"PILT\"},\"url\":\"https:\\\/\\\/pilt.com.ar\\\/parque-industrial\\\/author\\\/pilt\\\/\"}]}<\/script>\n<!-- \/ Yoast SEO plugin. -->","yoast_head_json":{"title":"EL PILT INSTAL\u00d3 DISPOSITIVOS INTELIGENTES PARA MEDIR EL AGUA - PILT.com.ar","robots":{"index":"index","follow":"follow","max-snippet":"max-snippet:-1","max-image-preview":"max-image-preview:large","max-video-preview":"max-video-preview:-1"},"canonical":"https:\/\/pilt.com.ar\/parque-industrial\/el-pilt-instalo-dispositivos-inteligentes-para-medir-el-agua\/","og_locale":"es_ES","og_type":"article","og_title":"EL PILT INSTAL\u00d3 DISPOSITIVOS INTELIGENTES PARA MEDIR EL AGUA - PILT.com.ar","og_description":"Los equipos de telemedici\u00f3n, provistos por la Cooperativa 15 de Mayo, fueron instalados en la Nave para Emprendedores II. Con el objetivo de optimizar el uso de un recurso cr\u00edtico como el agua, el Parque Industrial, Log\u00edstico y Tecnol\u00f3gico Villa Mar\u00eda (PILT) incorpor\u00f3 en los salones de la Nave para Emprendedores II dispositivos de telemedici\u00f3n [&hellip;]","og_url":"https:\/\/pilt.com.ar\/parque-industrial\/el-pilt-instalo-dispositivos-inteligentes-para-medir-el-agua\/","og_site_name":"PILT.com.ar","article_published_time":"2025-03-07T17:25:41+00:00","og_image":[{"width":1496,"height":1496,"url":"https:\/\/i0.wp.com\/pilt.com.ar\/parque-industrial\/wp-content\/uploads\/2025\/03\/Imagen-de-WhatsApp-2025-03-07-a-las-09.07.05_fad6a7fd.jpg?fit=1496%2C1496&ssl=1","type":"image\/jpeg"}],"author":"PILT","twitter_card":"summary_large_image","twitter_misc":{"Escrito por":"PILT","Tiempo de lectura":"2 minutos"},"schema":{"@context":"https:\/\/schema.org","@graph":[{"@type":"Article","@id":"https:\/\/pilt.com.ar\/parque-industrial\/el-pilt-instalo-dispositivos-inteligentes-para-medir-el-agua\/#article","isPartOf":{"@id":"https:\/\/pilt.com.ar\/parque-industrial\/el-pilt-instalo-dispositivos-inteligentes-para-medir-el-agua\/"},"author":{"name":"PILT","@id":"https:\/\/pilt.com.ar\/parque-industrial\/#\/schema\/person\/2dfb9e2464de1c3deef20c25c30a8306"},"headline":"EL PILT INSTAL\u00d3 DISPOSITIVOS INTELIGENTES PARA MEDIR EL AGUA","datePublished":"2025-03-07T17:25:41+00:00","mainEntityOfPage":{"@id":"https:\/\/pilt.com.ar\/parque-industrial\/el-pilt-instalo-dispositivos-inteligentes-para-medir-el-agua\/"},"wordCount":263,"commentCount":0,"image":{"@id":"https:\/\/pilt.com.ar\/parque-industrial\/el-pilt-instalo-dispositivos-inteligentes-para-medir-el-agua\/#primaryimage"},"thumbnailUrl":"https:\/\/i0.wp.com\/pilt.com.ar\/parque-industrial\/wp-content\/uploads\/2025\/03\/Imagen-de-WhatsApp-2025-03-07-a-las-09.07.05_fad6a7fd.jpg?fit=1496%2C1496&ssl=1","articleSection":["Noticias"],"inLanguage":"es","potentialAction":[{"@type":"CommentAction","name":"Comment","target":["https:\/\/pilt.com.ar\/parque-industrial\/el-pilt-instalo-dispositivos-inteligentes-para-medir-el-agua\/#respond"]}]},{"@type":"WebPage","@id":"https:\/\/pilt.com.ar\/parque-industrial\/el-pilt-instalo-dispositivos-inteligentes-para-medir-el-agua\/","url":"https:\/\/pilt.com.ar\/parque-industrial\/el-pilt-instalo-dispositivos-inteligentes-para-medir-el-agua\/","name":"EL PILT INSTAL\u00d3 DISPOSITIVOS INTELIGENTES PARA MEDIR EL AGUA - PILT.com.ar","isPartOf":{"@id":"https:\/\/pilt.com.ar\/parque-industrial\/#website"},"primaryImageOfPage":{"@id":"https:\/\/pilt.com.ar\/parque-industrial\/el-pilt-instalo-dispositivos-inteligentes-para-medir-el-agua\/#primaryimage"},"image":{"@id":"https:\/\/pilt.com.ar\/parque-industrial\/el-pilt-instalo-dispositivos-inteligentes-para-medir-el-agua\/#primaryimage"},"thumbnailUrl":"https:\/\/i0.wp.com\/pilt.com.ar\/parque-industrial\/wp-content\/uploads\/2025\/03\/Imagen-de-WhatsApp-2025-03-07-a-las-09.07.05_fad6a7fd.jpg?fit=1496%2C1496&ssl=1","datePublished":"2025-03-07T17:25:41+00:00","author":{"@id":"https:\/\/pilt.com.ar\/parque-industrial\/#\/schema\/person\/2dfb9e2464de1c3deef20c25c30a8306"},"inLanguage":"es","potentialAction":[{"@type":"ReadAction","target":["https:\/\/pilt.com.ar\/parque-industrial\/el-pilt-instalo-dispositivos-inteligentes-para-medir-el-agua\/"]}]},{"@type":"ImageObject","inLanguage":"es","@id":"https:\/\/pilt.com.ar\/parque-industrial\/el-pilt-instalo-dispositivos-inteligentes-para-medir-el-agua\/#primaryimage","url":"https:\/\/i0.wp.com\/pilt.com.ar\/parque-industrial\/wp-content\/uploads\/2025\/03\/Imagen-de-WhatsApp-2025-03-07-a-las-09.07.05_fad6a7fd.jpg?fit=1496%2C1496&ssl=1","contentUrl":"https:\/\/i0.wp.com\/pilt.com.ar\/parque-industrial\/wp-content\/uploads\/2025\/03\/Imagen-de-WhatsApp-2025-03-07-a-las-09.07.05_fad6a7fd.jpg?fit=1496%2C1496&ssl=1","width":1496,"height":1496},{"@type":"WebSite","@id":"https:\/\/pilt.com.ar\/parque-industrial\/#website","url":"https:\/\/pilt.com.ar\/parque-industrial\/","name":"PILT.com.ar","description":"Parque Industrial, Log\u00edstico y Tecnol\u00f3gico Villa Mar\u00eda","potentialAction":[{"@type":"SearchAction","target":{"@type":"EntryPoint","urlTemplate":"https:\/\/pilt.com.ar\/parque-industrial\/?s={search_term_string}"},"query-input":{"@type":"PropertyValueSpecification","valueRequired":true,"valueName":"search_term_string"}}],"inLanguage":"es"},{"@type":"Person","@id":"https:\/\/pilt.com.ar\/parque-industrial\/#\/schema\/person\/2dfb9e2464de1c3deef20c25c30a8306","name":"PILT","image":{"@type":"ImageObject","inLanguage":"es","@id":"https:\/\/secure.gravatar.com\/avatar\/5e3734c8d8c8e0b0d45f923c14a14d7b90521d573d02f0d91360a777095ee42b?s=96&d=mm&r=g","url":"https:\/\/secure.gravatar.com\/avatar\/5e3734c8d8c8e0b0d45f923c14a14d7b90521d573d02f0d91360a777095ee42b?s=96&d=mm&r=g","contentUrl":"https:\/\/secure.gravatar.com\/avatar\/5e3734c8d8c8e0b0d45f923c14a14d7b90521d573d02f0d91360a777095ee42b?s=96&d=mm&r=g","caption":"PILT"},"url":"https:\/\/pilt.com.ar\/parque-industrial\/author\/pilt\/"}]}},"jetpack_featured_media_url":"https:\/\/i0.wp.com\/pilt.com.ar\/parque-industrial\/wp-content\/uploads\/2025\/03\/Imagen-de-WhatsApp-2025-03-07-a-las-09.07.05_fad6a7fd.jpg?fit=1496%2C1496&ssl=1","jetpack_sharing_enabled":true,"_links":{"self":[{"href":"https:\/\/pilt.com.ar\/parque-industrial\/wp-json\/wp\/v2\/posts\/3639","targetHints":{"allow":["GET"]}}],"collection":[{"href":"https:\/\/pilt.com.ar\/parque-industrial\/wp-json\/wp\/v2\/posts"}],"about":[{"href":"https:\/\/pilt.com.ar\/parque-industrial\/wp-json\/wp\/v2\/types\/post"}],"author":[{"embeddable":true,"href":"https:\/\/pilt.com.ar\/parque-industrial\/wp-json\/wp\/v2\/users\/3"}],"replies":[{"embeddable":true,"href":"https:\/\/pilt.com.ar\/parque-industrial\/wp-json\/wp\/v2\/comments?post=3639"}],"version-history":[{"count":1,"href":"https:\/\/pilt.com.ar\/parque-industrial\/wp-json\/wp\/v2\/posts\/3639\/revisions"}],"predecessor-version":[{"id":3641,"href":"https:\/\/pilt.com.ar\/parque-industrial\/wp-json\/wp\/v2\/posts\/3639\/revisions\/3641"}],"wp:featuredmedia":[{"embeddable":true,"href":"https:\/\/pilt.com.ar\/parque-industrial\/wp-json\/wp\/v2\/media\/3640"}],"wp:attachment":[{"href":"https:\/\/pilt.com.ar\/parque-industrial\/wp-json\/wp\/v2\/media?parent=3639"}],"wp:term":[{"taxonomy":"category","embeddable":true,"href":"https:\/\/pilt.com.ar\/parque-industrial\/wp-json\/wp\/v2\/categories?post=3639"},{"taxonomy":"post_tag","embeddable":true,"href":"https:\/\/pilt.com.ar\/parque-industrial\/wp-json\/wp\/v2\/tags?post=3639"}],"curies":[{"name":"wp","href":"https:\/\/api.w.org\/{rel}","templated":true}]}}