{"id":3582,"date":"2025-02-14T14:30:29","date_gmt":"2025-02-14T17:30:29","guid":{"rendered":"https:\/\/pilt.com.ar\/parque-industrial\/?p=3582"},"modified":"2025-02-14T14:30:29","modified_gmt":"2025-02-14T17:30:29","slug":"cormetal-s-a-continua-con-su-expansion-en-el-pilt","status":"publish","type":"post","link":"https:\/\/pilt.com.ar\/parque-industrial\/cormetal-s-a-continua-con-su-expansion-en-el-pilt\/","title":{"rendered":"CORMETAL S.A. CONTIN\u00daA CON SU EXPANSI\u00d3N EN EL PILT"},"content":{"rendered":"\n<p><em>La firma lleva adelante un ambicioso proyecto de ampliaci\u00f3n y modernizaci\u00f3n, con el objetivo de mejorar su capacidad productiva y generar nuevos puestos de trabajo.<\/em><\/p>\n\n\n\n<p>Cormetal S.A contin\u00faa fortaleciendo su presencia en el Parque Industrial, Log\u00edstico y Tecnol\u00f3gico Villa Mar\u00eda (PILT) con un ambicioso proyecto de ampliaci\u00f3n y modernizaci\u00f3n, apostando no solo a fortalecer su presencia en el Parque si no tambi\u00e9n al crecimiento, mejora continua e innovaci\u00f3n.&nbsp;<\/p>\n\n\n\n<p>Desde su fundaci\u00f3n en 1976, la firma se dedica a la comercializaci\u00f3n de materiales sider\u00fargicos, siendo l\u00edder en la regi\u00f3n. Con el tiempo, ampli\u00f3 su oferta incorporando el corte y plegado de chapas, la construcci\u00f3n de instalaciones industriales y, desde 1993, suma tambi\u00e9n como actividad principal la fabricaci\u00f3n de semirremolques y acoplados.<\/p>\n\n\n\n<p>Con el objetivo de seguir creciendo, diversificar su cartera de productos y optimizar los procesos industriales, actualmente se est\u00e1 llevando adelante la ampliaci\u00f3n de su nave en el PILT, donde se construye su tercera planta industrial. Esta expansi\u00f3n agrega m\u00e1s de 1.500 metros cuadrados a los 4.500 ya existentes, permitiendo aumentar la capacidad productiva y mejorar la eficiencia operativa. La obra en curso incluye la relocalizaci\u00f3n y ampliaci\u00f3n del sector de corte y plegado, considerado el n\u00facleo del proceso industrial. Esto permitir\u00e1 duplicar la capacidad operativa, incrementar la eficiencia y elevar la calidad del servicio.<\/p>\n\n\n\n<p>Este crecimiento en infraestructura, implica la incorporaci\u00f3n de tecnolog\u00eda de \u00faltima generaci\u00f3n en el procesamiento de materiales, adquisici\u00f3n de m\u00e1quina de corte l\u00e1ser, plegadoras, planchadora, y dem\u00e1s equipamiento, que aumentar\u00e1 significativamente su capacidad de producci\u00f3n.<\/p>\n\n\n\n<p>En paralelo, trabajan en un proyecto conjunto con una importante automotriz, con el objetivo de expandir sus proyectos, diversificar y generar nuevos puestos de trabajo. Se estima que esta iniciativa se concretar\u00e1 en 2025.<\/p>\n\n\n\n<p><\/p>\n","protected":false},"excerpt":{"rendered":"<p>La firma lleva adelante un ambicioso proyecto de ampliaci\u00f3n y modernizaci\u00f3n, con el objetivo de mejorar su capacidad productiva y generar nuevos puestos de trabajo. Cormetal S.A contin\u00faa fortaleciendo su presencia en el Parque Industrial, Log\u00edstico y Tecnol\u00f3gico Villa Mar\u00eda (PILT) con un ambicioso proyecto de ampliaci\u00f3n y modernizaci\u00f3n, apostando no solo a fortalecer su [&hellip;]<\/p>\n","protected":false},"author":3,"featured_media":3583,"comment_status":"open","ping_status":"open","sticky":false,"template":"","format":"standard","meta":{"_jetpack_memberships_contains_paid_content":false,"footnotes":""},"categories":[2],"tags":[],"class_list":["post-3582","post","type-post","status-publish","format-standard","has-post-thumbnail","hentry","category-noticias"],"yoast_head":"<!-- This site is optimized with the Yoast SEO plugin v27.5 - https:\/\/yoast.com\/product\/yoast-seo-wordpress\/ -->\n<title>CORMETAL S.A. CONTIN\u00daA CON SU EXPANSI\u00d3N EN EL PILT - PILT.com.ar<\/title>\n<meta name=\"robots\" content=\"index, follow, max-snippet:-1, max-image-preview:large, max-video-preview:-1\" \/>\n<link rel=\"canonical\" href=\"https:\/\/pilt.com.ar\/parque-industrial\/cormetal-s-a-continua-con-su-expansion-en-el-pilt\/\" \/>\n<meta property=\"og:locale\" content=\"es_ES\" \/>\n<meta property=\"og:type\" content=\"article\" \/>\n<meta property=\"og:title\" content=\"CORMETAL S.A. CONTIN\u00daA CON SU EXPANSI\u00d3N EN EL PILT - PILT.com.ar\" \/>\n<meta property=\"og:description\" content=\"La firma lleva adelante un ambicioso proyecto de ampliaci\u00f3n y modernizaci\u00f3n, con el objetivo de mejorar su capacidad productiva y generar nuevos puestos de trabajo. Cormetal S.A contin\u00faa fortaleciendo su presencia en el Parque Industrial, Log\u00edstico y Tecnol\u00f3gico Villa Mar\u00eda (PILT) con un ambicioso proyecto de ampliaci\u00f3n y modernizaci\u00f3n, apostando no solo a fortalecer su [&hellip;]\" \/>\n<meta property=\"og:url\" content=\"https:\/\/pilt.com.ar\/parque-industrial\/cormetal-s-a-continua-con-su-expansion-en-el-pilt\/\" \/>\n<meta property=\"og:site_name\" content=\"PILT.com.ar\" \/>\n<meta property=\"article:published_time\" content=\"2025-02-14T17:30:29+00:00\" \/>\n<meta property=\"og:image\" content=\"https:\/\/i0.wp.com\/pilt.com.ar\/parque-industrial\/wp-content\/uploads\/2025\/02\/Imagen-de-WhatsApp-2025-02-14-a-las-09.39.30_e668b79d.jpg?fit=1290%2C1594&ssl=1\" \/>\n\t<meta property=\"og:image:width\" content=\"1290\" \/>\n\t<meta property=\"og:image:height\" content=\"1594\" \/>\n\t<meta property=\"og:image:type\" content=\"image\/jpeg\" \/>\n<meta name=\"author\" content=\"PILT\" \/>\n<meta name=\"twitter:card\" content=\"summary_large_image\" \/>\n<meta name=\"twitter:label1\" content=\"Escrito por\" \/>\n\t<meta name=\"twitter:data1\" content=\"PILT\" \/>\n\t<meta name=\"twitter:label2\" content=\"Tiempo de lectura\" \/>\n\t<meta name=\"twitter:data2\" content=\"2 minutos\" \/>\n<script type=\"application\/ld+json\" class=\"yoast-schema-graph\">{\"@context\":\"https:\\\/\\\/schema.org\",\"@graph\":[{\"@type\":\"Article\",\"@id\":\"https:\\\/\\\/pilt.com.ar\\\/parque-industrial\\\/cormetal-s-a-continua-con-su-expansion-en-el-pilt\\\/#article\",\"isPartOf\":{\"@id\":\"https:\\\/\\\/pilt.com.ar\\\/parque-industrial\\\/cormetal-s-a-continua-con-su-expansion-en-el-pilt\\\/\"},\"author\":{\"name\":\"PILT\",\"@id\":\"https:\\\/\\\/pilt.com.ar\\\/parque-industrial\\\/#\\\/schema\\\/person\\\/2dfb9e2464de1c3deef20c25c30a8306\"},\"headline\":\"CORMETAL S.A. CONTIN\u00daA CON SU EXPANSI\u00d3N EN EL PILT\",\"datePublished\":\"2025-02-14T17:30:29+00:00\",\"mainEntityOfPage\":{\"@id\":\"https:\\\/\\\/pilt.com.ar\\\/parque-industrial\\\/cormetal-s-a-continua-con-su-expansion-en-el-pilt\\\/\"},\"wordCount\":325,\"commentCount\":0,\"image\":{\"@id\":\"https:\\\/\\\/pilt.com.ar\\\/parque-industrial\\\/cormetal-s-a-continua-con-su-expansion-en-el-pilt\\\/#primaryimage\"},\"thumbnailUrl\":\"https:\\\/\\\/i0.wp.com\\\/pilt.com.ar\\\/parque-industrial\\\/wp-content\\\/uploads\\\/2025\\\/02\\\/Imagen-de-WhatsApp-2025-02-14-a-las-09.39.30_e668b79d.jpg?fit=1290%2C1594&ssl=1\",\"articleSection\":[\"Noticias\"],\"inLanguage\":\"es\",\"potentialAction\":[{\"@type\":\"CommentAction\",\"name\":\"Comment\",\"target\":[\"https:\\\/\\\/pilt.com.ar\\\/parque-industrial\\\/cormetal-s-a-continua-con-su-expansion-en-el-pilt\\\/#respond\"]}]},{\"@type\":\"WebPage\",\"@id\":\"https:\\\/\\\/pilt.com.ar\\\/parque-industrial\\\/cormetal-s-a-continua-con-su-expansion-en-el-pilt\\\/\",\"url\":\"https:\\\/\\\/pilt.com.ar\\\/parque-industrial\\\/cormetal-s-a-continua-con-su-expansion-en-el-pilt\\\/\",\"name\":\"CORMETAL S.A. CONTIN\u00daA CON SU EXPANSI\u00d3N EN EL PILT - PILT.com.ar\",\"isPartOf\":{\"@id\":\"https:\\\/\\\/pilt.com.ar\\\/parque-industrial\\\/#website\"},\"primaryImageOfPage\":{\"@id\":\"https:\\\/\\\/pilt.com.ar\\\/parque-industrial\\\/cormetal-s-a-continua-con-su-expansion-en-el-pilt\\\/#primaryimage\"},\"image\":{\"@id\":\"https:\\\/\\\/pilt.com.ar\\\/parque-industrial\\\/cormetal-s-a-continua-con-su-expansion-en-el-pilt\\\/#primaryimage\"},\"thumbnailUrl\":\"https:\\\/\\\/i0.wp.com\\\/pilt.com.ar\\\/parque-industrial\\\/wp-content\\\/uploads\\\/2025\\\/02\\\/Imagen-de-WhatsApp-2025-02-14-a-las-09.39.30_e668b79d.jpg?fit=1290%2C1594&ssl=1\",\"datePublished\":\"2025-02-14T17:30:29+00:00\",\"author\":{\"@id\":\"https:\\\/\\\/pilt.com.ar\\\/parque-industrial\\\/#\\\/schema\\\/person\\\/2dfb9e2464de1c3deef20c25c30a8306\"},\"inLanguage\":\"es\",\"potentialAction\":[{\"@type\":\"ReadAction\",\"target\":[\"https:\\\/\\\/pilt.com.ar\\\/parque-industrial\\\/cormetal-s-a-continua-con-su-expansion-en-el-pilt\\\/\"]}]},{\"@type\":\"ImageObject\",\"inLanguage\":\"es\",\"@id\":\"https:\\\/\\\/pilt.com.ar\\\/parque-industrial\\\/cormetal-s-a-continua-con-su-expansion-en-el-pilt\\\/#primaryimage\",\"url\":\"https:\\\/\\\/i0.wp.com\\\/pilt.com.ar\\\/parque-industrial\\\/wp-content\\\/uploads\\\/2025\\\/02\\\/Imagen-de-WhatsApp-2025-02-14-a-las-09.39.30_e668b79d.jpg?fit=1290%2C1594&ssl=1\",\"contentUrl\":\"https:\\\/\\\/i0.wp.com\\\/pilt.com.ar\\\/parque-industrial\\\/wp-content\\\/uploads\\\/2025\\\/02\\\/Imagen-de-WhatsApp-2025-02-14-a-las-09.39.30_e668b79d.jpg?fit=1290%2C1594&ssl=1\",\"width\":1290,\"height\":1594},{\"@type\":\"WebSite\",\"@id\":\"https:\\\/\\\/pilt.com.ar\\\/parque-industrial\\\/#website\",\"url\":\"https:\\\/\\\/pilt.com.ar\\\/parque-industrial\\\/\",\"name\":\"PILT.com.ar\",\"description\":\"Parque Industrial, Log\u00edstico y Tecnol\u00f3gico Villa Mar\u00eda\",\"potentialAction\":[{\"@type\":\"SearchAction\",\"target\":{\"@type\":\"EntryPoint\",\"urlTemplate\":\"https:\\\/\\\/pilt.com.ar\\\/parque-industrial\\\/?s={search_term_string}\"},\"query-input\":{\"@type\":\"PropertyValueSpecification\",\"valueRequired\":true,\"valueName\":\"search_term_string\"}}],\"inLanguage\":\"es\"},{\"@type\":\"Person\",\"@id\":\"https:\\\/\\\/pilt.com.ar\\\/parque-industrial\\\/#\\\/schema\\\/person\\\/2dfb9e2464de1c3deef20c25c30a8306\",\"name\":\"PILT\",\"image\":{\"@type\":\"ImageObject\",\"inLanguage\":\"es\",\"@id\":\"https:\\\/\\\/secure.gravatar.com\\\/avatar\\\/5e3734c8d8c8e0b0d45f923c14a14d7b90521d573d02f0d91360a777095ee42b?s=96&d=mm&r=g\",\"url\":\"https:\\\/\\\/secure.gravatar.com\\\/avatar\\\/5e3734c8d8c8e0b0d45f923c14a14d7b90521d573d02f0d91360a777095ee42b?s=96&d=mm&r=g\",\"contentUrl\":\"https:\\\/\\\/secure.gravatar.com\\\/avatar\\\/5e3734c8d8c8e0b0d45f923c14a14d7b90521d573d02f0d91360a777095ee42b?s=96&d=mm&r=g\",\"caption\":\"PILT\"},\"url\":\"https:\\\/\\\/pilt.com.ar\\\/parque-industrial\\\/author\\\/pilt\\\/\"}]}<\/script>\n<!-- \/ Yoast SEO plugin. -->","yoast_head_json":{"title":"CORMETAL S.A. CONTIN\u00daA CON SU EXPANSI\u00d3N EN EL PILT - PILT.com.ar","robots":{"index":"index","follow":"follow","max-snippet":"max-snippet:-1","max-image-preview":"max-image-preview:large","max-video-preview":"max-video-preview:-1"},"canonical":"https:\/\/pilt.com.ar\/parque-industrial\/cormetal-s-a-continua-con-su-expansion-en-el-pilt\/","og_locale":"es_ES","og_type":"article","og_title":"CORMETAL S.A. CONTIN\u00daA CON SU EXPANSI\u00d3N EN EL PILT - PILT.com.ar","og_description":"La firma lleva adelante un ambicioso proyecto de ampliaci\u00f3n y modernizaci\u00f3n, con el objetivo de mejorar su capacidad productiva y generar nuevos puestos de trabajo. Cormetal S.A contin\u00faa fortaleciendo su presencia en el Parque Industrial, Log\u00edstico y Tecnol\u00f3gico Villa Mar\u00eda (PILT) con un ambicioso proyecto de ampliaci\u00f3n y modernizaci\u00f3n, apostando no solo a fortalecer su [&hellip;]","og_url":"https:\/\/pilt.com.ar\/parque-industrial\/cormetal-s-a-continua-con-su-expansion-en-el-pilt\/","og_site_name":"PILT.com.ar","article_published_time":"2025-02-14T17:30:29+00:00","og_image":[{"width":1290,"height":1594,"url":"https:\/\/i0.wp.com\/pilt.com.ar\/parque-industrial\/wp-content\/uploads\/2025\/02\/Imagen-de-WhatsApp-2025-02-14-a-las-09.39.30_e668b79d.jpg?fit=1290%2C1594&ssl=1","type":"image\/jpeg"}],"author":"PILT","twitter_card":"summary_large_image","twitter_misc":{"Escrito por":"PILT","Tiempo de lectura":"2 minutos"},"schema":{"@context":"https:\/\/schema.org","@graph":[{"@type":"Article","@id":"https:\/\/pilt.com.ar\/parque-industrial\/cormetal-s-a-continua-con-su-expansion-en-el-pilt\/#article","isPartOf":{"@id":"https:\/\/pilt.com.ar\/parque-industrial\/cormetal-s-a-continua-con-su-expansion-en-el-pilt\/"},"author":{"name":"PILT","@id":"https:\/\/pilt.com.ar\/parque-industrial\/#\/schema\/person\/2dfb9e2464de1c3deef20c25c30a8306"},"headline":"CORMETAL S.A. CONTIN\u00daA CON SU EXPANSI\u00d3N EN EL PILT","datePublished":"2025-02-14T17:30:29+00:00","mainEntityOfPage":{"@id":"https:\/\/pilt.com.ar\/parque-industrial\/cormetal-s-a-continua-con-su-expansion-en-el-pilt\/"},"wordCount":325,"commentCount":0,"image":{"@id":"https:\/\/pilt.com.ar\/parque-industrial\/cormetal-s-a-continua-con-su-expansion-en-el-pilt\/#primaryimage"},"thumbnailUrl":"https:\/\/i0.wp.com\/pilt.com.ar\/parque-industrial\/wp-content\/uploads\/2025\/02\/Imagen-de-WhatsApp-2025-02-14-a-las-09.39.30_e668b79d.jpg?fit=1290%2C1594&ssl=1","articleSection":["Noticias"],"inLanguage":"es","potentialAction":[{"@type":"CommentAction","name":"Comment","target":["https:\/\/pilt.com.ar\/parque-industrial\/cormetal-s-a-continua-con-su-expansion-en-el-pilt\/#respond"]}]},{"@type":"WebPage","@id":"https:\/\/pilt.com.ar\/parque-industrial\/cormetal-s-a-continua-con-su-expansion-en-el-pilt\/","url":"https:\/\/pilt.com.ar\/parque-industrial\/cormetal-s-a-continua-con-su-expansion-en-el-pilt\/","name":"CORMETAL S.A. CONTIN\u00daA CON SU EXPANSI\u00d3N EN EL PILT - PILT.com.ar","isPartOf":{"@id":"https:\/\/pilt.com.ar\/parque-industrial\/#website"},"primaryImageOfPage":{"@id":"https:\/\/pilt.com.ar\/parque-industrial\/cormetal-s-a-continua-con-su-expansion-en-el-pilt\/#primaryimage"},"image":{"@id":"https:\/\/pilt.com.ar\/parque-industrial\/cormetal-s-a-continua-con-su-expansion-en-el-pilt\/#primaryimage"},"thumbnailUrl":"https:\/\/i0.wp.com\/pilt.com.ar\/parque-industrial\/wp-content\/uploads\/2025\/02\/Imagen-de-WhatsApp-2025-02-14-a-las-09.39.30_e668b79d.jpg?fit=1290%2C1594&ssl=1","datePublished":"2025-02-14T17:30:29+00:00","author":{"@id":"https:\/\/pilt.com.ar\/parque-industrial\/#\/schema\/person\/2dfb9e2464de1c3deef20c25c30a8306"},"inLanguage":"es","potentialAction":[{"@type":"ReadAction","target":["https:\/\/pilt.com.ar\/parque-industrial\/cormetal-s-a-continua-con-su-expansion-en-el-pilt\/"]}]},{"@type":"ImageObject","inLanguage":"es","@id":"https:\/\/pilt.com.ar\/parque-industrial\/cormetal-s-a-continua-con-su-expansion-en-el-pilt\/#primaryimage","url":"https:\/\/i0.wp.com\/pilt.com.ar\/parque-industrial\/wp-content\/uploads\/2025\/02\/Imagen-de-WhatsApp-2025-02-14-a-las-09.39.30_e668b79d.jpg?fit=1290%2C1594&ssl=1","contentUrl":"https:\/\/i0.wp.com\/pilt.com.ar\/parque-industrial\/wp-content\/uploads\/2025\/02\/Imagen-de-WhatsApp-2025-02-14-a-las-09.39.30_e668b79d.jpg?fit=1290%2C1594&ssl=1","width":1290,"height":1594},{"@type":"WebSite","@id":"https:\/\/pilt.com.ar\/parque-industrial\/#website","url":"https:\/\/pilt.com.ar\/parque-industrial\/","name":"PILT.com.ar","description":"Parque Industrial, Log\u00edstico y Tecnol\u00f3gico Villa Mar\u00eda","potentialAction":[{"@type":"SearchAction","target":{"@type":"EntryPoint","urlTemplate":"https:\/\/pilt.com.ar\/parque-industrial\/?s={search_term_string}"},"query-input":{"@type":"PropertyValueSpecification","valueRequired":true,"valueName":"search_term_string"}}],"inLanguage":"es"},{"@type":"Person","@id":"https:\/\/pilt.com.ar\/parque-industrial\/#\/schema\/person\/2dfb9e2464de1c3deef20c25c30a8306","name":"PILT","image":{"@type":"ImageObject","inLanguage":"es","@id":"https:\/\/secure.gravatar.com\/avatar\/5e3734c8d8c8e0b0d45f923c14a14d7b90521d573d02f0d91360a777095ee42b?s=96&d=mm&r=g","url":"https:\/\/secure.gravatar.com\/avatar\/5e3734c8d8c8e0b0d45f923c14a14d7b90521d573d02f0d91360a777095ee42b?s=96&d=mm&r=g","contentUrl":"https:\/\/secure.gravatar.com\/avatar\/5e3734c8d8c8e0b0d45f923c14a14d7b90521d573d02f0d91360a777095ee42b?s=96&d=mm&r=g","caption":"PILT"},"url":"https:\/\/pilt.com.ar\/parque-industrial\/author\/pilt\/"}]}},"jetpack_featured_media_url":"https:\/\/i0.wp.com\/pilt.com.ar\/parque-industrial\/wp-content\/uploads\/2025\/02\/Imagen-de-WhatsApp-2025-02-14-a-las-09.39.30_e668b79d.jpg?fit=1290%2C1594&ssl=1","jetpack_sharing_enabled":true,"_links":{"self":[{"href":"https:\/\/pilt.com.ar\/parque-industrial\/wp-json\/wp\/v2\/posts\/3582","targetHints":{"allow":["GET"]}}],"collection":[{"href":"https:\/\/pilt.com.ar\/parque-industrial\/wp-json\/wp\/v2\/posts"}],"about":[{"href":"https:\/\/pilt.com.ar\/parque-industrial\/wp-json\/wp\/v2\/types\/post"}],"author":[{"embeddable":true,"href":"https:\/\/pilt.com.ar\/parque-industrial\/wp-json\/wp\/v2\/users\/3"}],"replies":[{"embeddable":true,"href":"https:\/\/pilt.com.ar\/parque-industrial\/wp-json\/wp\/v2\/comments?post=3582"}],"version-history":[{"count":1,"href":"https:\/\/pilt.com.ar\/parque-industrial\/wp-json\/wp\/v2\/posts\/3582\/revisions"}],"predecessor-version":[{"id":3584,"href":"https:\/\/pilt.com.ar\/parque-industrial\/wp-json\/wp\/v2\/posts\/3582\/revisions\/3584"}],"wp:featuredmedia":[{"embeddable":true,"href":"https:\/\/pilt.com.ar\/parque-industrial\/wp-json\/wp\/v2\/media\/3583"}],"wp:attachment":[{"href":"https:\/\/pilt.com.ar\/parque-industrial\/wp-json\/wp\/v2\/media?parent=3582"}],"wp:term":[{"taxonomy":"category","embeddable":true,"href":"https:\/\/pilt.com.ar\/parque-industrial\/wp-json\/wp\/v2\/categories?post=3582"},{"taxonomy":"post_tag","embeddable":true,"href":"https:\/\/pilt.com.ar\/parque-industrial\/wp-json\/wp\/v2\/tags?post=3582"}],"curies":[{"name":"wp","href":"https:\/\/api.w.org\/{rel}","templated":true}]}}