{"id":3533,"date":"2025-02-07T11:16:43","date_gmt":"2025-02-07T14:16:43","guid":{"rendered":"https:\/\/pilt.com.ar\/parque-industrial\/?p=3533"},"modified":"2025-02-07T11:17:15","modified_gmt":"2025-02-07T14:17:15","slug":"renovacion-y-nuevo-convenio-de-beneficios-para-empresas-del-pilt","status":"publish","type":"post","link":"https:\/\/pilt.com.ar\/parque-industrial\/renovacion-y-nuevo-convenio-de-beneficios-para-empresas-del-pilt\/","title":{"rendered":"RENOVACI\u00d3N Y NUEVO CONVENIO DE BENEFICIOS PARA EMPRESAS DEL PILT"},"content":{"rendered":"\n<p><\/p>\n\n\n\n<p><em>En los \u00faltimos d\u00edas, se llev\u00f3 a cabo la renovaci\u00f3n de diversos acuerdos vigentes y la incorporaci\u00f3n de un nuevo beneficio para las empresas que integran el Ente.<\/em><\/p>\n\n\n\n<p>El gerente del Parque Industrial, Log\u00edstico y Tecnol\u00f3gico de Villa Mar\u00eda (PILT), Lic. Carlos Montoto Galiano, firm\u00f3 la renovaci\u00f3n de varios convenios de beneficios que mantiene la entidad. En ese marco, con el contador Alberto Costa, director de Claves, se ratific\u00f3 la continuidad de la relaci\u00f3n con el medio de comunicaci\u00f3n, mediante el cual las firmas que conforman el Ente cuentan con un 10% de descuento en notas empresariales y publicitarias. En la misma l\u00ednea, se revalid\u00f3 el acuerdo con Lubeal SA, representada por su vicepresidente Agust\u00edn Vera, para que las empresas asociadas accedan a una financiaci\u00f3n especial para la compra de materiales el\u00e9ctricos y de iluminaci\u00f3n a trav\u00e9s de E-Cheq.<\/p>\n\n\n\n<p>Asimismo, junto a Soledad Cormick, del Centro de Entrenamiento Ontol\u00f3gico Profesional (CEOP), se renov\u00f3 el convenio vigente que permite a las empresas del PILT acceder a programas de capacitaci\u00f3n con importantes descuentos, tanto en la matriculaci\u00f3n como en el cursado del Diplomado en Facilitaci\u00f3n Profesional que dicta la instituci\u00f3n. Cabe destacar que el CEOP tiene como misi\u00f3n formar facilitadores y coachees ontol\u00f3gicos profesionales, contribuyendo a la construcci\u00f3n de sentido en \u00e1mbitos personales, organizacionales y sociales.<\/p>\n\n\n\n<p>Adem\u00e1s, se sum\u00f3 un nuevo convenio de beneficios. En este caso, ETIC Consultora Integral ofrece a los socios un descuento especial en la realizaci\u00f3n del Diagn\u00f3stico de la Empresa de Familia, en el marco del trabajo de consultor\u00eda en esa tem\u00e1tica. El gerente rubric\u00f3 el acuerdo con la titular de la consultora, Patricia Correa.<\/p>\n","protected":false},"excerpt":{"rendered":"<p>En los \u00faltimos d\u00edas, se llev\u00f3 a cabo la renovaci\u00f3n de diversos acuerdos vigentes y la incorporaci\u00f3n de un nuevo beneficio para las empresas que integran el Ente. El gerente del Parque Industrial, Log\u00edstico y Tecnol\u00f3gico de Villa Mar\u00eda (PILT), Lic. Carlos Montoto Galiano, firm\u00f3 la renovaci\u00f3n de varios convenios de beneficios que mantiene la [&hellip;]<\/p>\n","protected":false},"author":3,"featured_media":3534,"comment_status":"open","ping_status":"open","sticky":false,"template":"","format":"standard","meta":{"_jetpack_memberships_contains_paid_content":false,"footnotes":""},"categories":[2],"tags":[],"class_list":["post-3533","post","type-post","status-publish","format-standard","has-post-thumbnail","hentry","category-noticias"],"yoast_head":"<!-- This site is optimized with the Yoast SEO plugin v27.5 - https:\/\/yoast.com\/product\/yoast-seo-wordpress\/ -->\n<title>RENOVACI\u00d3N Y NUEVO CONVENIO DE BENEFICIOS PARA EMPRESAS DEL PILT - PILT.com.ar<\/title>\n<meta name=\"robots\" content=\"index, follow, max-snippet:-1, max-image-preview:large, max-video-preview:-1\" \/>\n<link rel=\"canonical\" href=\"https:\/\/pilt.com.ar\/parque-industrial\/renovacion-y-nuevo-convenio-de-beneficios-para-empresas-del-pilt\/\" \/>\n<meta property=\"og:locale\" content=\"es_ES\" \/>\n<meta property=\"og:type\" content=\"article\" \/>\n<meta property=\"og:title\" content=\"RENOVACI\u00d3N Y NUEVO CONVENIO DE BENEFICIOS PARA EMPRESAS DEL PILT - PILT.com.ar\" \/>\n<meta property=\"og:description\" content=\"En los \u00faltimos d\u00edas, se llev\u00f3 a cabo la renovaci\u00f3n de diversos acuerdos vigentes y la incorporaci\u00f3n de un nuevo beneficio para las empresas que integran el Ente. El gerente del Parque Industrial, Log\u00edstico y Tecnol\u00f3gico de Villa Mar\u00eda (PILT), Lic. Carlos Montoto Galiano, firm\u00f3 la renovaci\u00f3n de varios convenios de beneficios que mantiene la [&hellip;]\" \/>\n<meta property=\"og:url\" content=\"https:\/\/pilt.com.ar\/parque-industrial\/renovacion-y-nuevo-convenio-de-beneficios-para-empresas-del-pilt\/\" \/>\n<meta property=\"og:site_name\" content=\"PILT.com.ar\" \/>\n<meta property=\"article:published_time\" content=\"2025-02-07T14:16:43+00:00\" \/>\n<meta property=\"article:modified_time\" content=\"2025-02-07T14:17:15+00:00\" \/>\n<meta property=\"og:image\" content=\"https:\/\/i0.wp.com\/pilt.com.ar\/parque-industrial\/wp-content\/uploads\/2025\/02\/Imagen-de-WhatsApp-2025-02-06-a-las-14.27.49_02238d30.jpg?fit=1600%2C901&ssl=1\" \/>\n\t<meta property=\"og:image:width\" content=\"1600\" \/>\n\t<meta property=\"og:image:height\" content=\"901\" \/>\n\t<meta property=\"og:image:type\" content=\"image\/jpeg\" \/>\n<meta name=\"author\" content=\"PILT\" \/>\n<meta name=\"twitter:card\" content=\"summary_large_image\" \/>\n<meta name=\"twitter:label1\" content=\"Escrito por\" \/>\n\t<meta name=\"twitter:data1\" content=\"PILT\" \/>\n\t<meta name=\"twitter:label2\" content=\"Tiempo de lectura\" \/>\n\t<meta name=\"twitter:data2\" content=\"2 minutos\" \/>\n<script type=\"application\/ld+json\" class=\"yoast-schema-graph\">{\"@context\":\"https:\\\/\\\/schema.org\",\"@graph\":[{\"@type\":\"Article\",\"@id\":\"https:\\\/\\\/pilt.com.ar\\\/parque-industrial\\\/renovacion-y-nuevo-convenio-de-beneficios-para-empresas-del-pilt\\\/#article\",\"isPartOf\":{\"@id\":\"https:\\\/\\\/pilt.com.ar\\\/parque-industrial\\\/renovacion-y-nuevo-convenio-de-beneficios-para-empresas-del-pilt\\\/\"},\"author\":{\"name\":\"PILT\",\"@id\":\"https:\\\/\\\/pilt.com.ar\\\/parque-industrial\\\/#\\\/schema\\\/person\\\/2dfb9e2464de1c3deef20c25c30a8306\"},\"headline\":\"RENOVACI\u00d3N Y NUEVO CONVENIO DE BENEFICIOS PARA EMPRESAS DEL PILT\",\"datePublished\":\"2025-02-07T14:16:43+00:00\",\"dateModified\":\"2025-02-07T14:17:15+00:00\",\"mainEntityOfPage\":{\"@id\":\"https:\\\/\\\/pilt.com.ar\\\/parque-industrial\\\/renovacion-y-nuevo-convenio-de-beneficios-para-empresas-del-pilt\\\/\"},\"wordCount\":306,\"commentCount\":0,\"image\":{\"@id\":\"https:\\\/\\\/pilt.com.ar\\\/parque-industrial\\\/renovacion-y-nuevo-convenio-de-beneficios-para-empresas-del-pilt\\\/#primaryimage\"},\"thumbnailUrl\":\"https:\\\/\\\/i0.wp.com\\\/pilt.com.ar\\\/parque-industrial\\\/wp-content\\\/uploads\\\/2025\\\/02\\\/Imagen-de-WhatsApp-2025-02-06-a-las-14.27.49_02238d30.jpg?fit=1600%2C901&ssl=1\",\"articleSection\":[\"Noticias\"],\"inLanguage\":\"es\",\"potentialAction\":[{\"@type\":\"CommentAction\",\"name\":\"Comment\",\"target\":[\"https:\\\/\\\/pilt.com.ar\\\/parque-industrial\\\/renovacion-y-nuevo-convenio-de-beneficios-para-empresas-del-pilt\\\/#respond\"]}]},{\"@type\":\"WebPage\",\"@id\":\"https:\\\/\\\/pilt.com.ar\\\/parque-industrial\\\/renovacion-y-nuevo-convenio-de-beneficios-para-empresas-del-pilt\\\/\",\"url\":\"https:\\\/\\\/pilt.com.ar\\\/parque-industrial\\\/renovacion-y-nuevo-convenio-de-beneficios-para-empresas-del-pilt\\\/\",\"name\":\"RENOVACI\u00d3N Y NUEVO CONVENIO DE BENEFICIOS PARA EMPRESAS DEL PILT - PILT.com.ar\",\"isPartOf\":{\"@id\":\"https:\\\/\\\/pilt.com.ar\\\/parque-industrial\\\/#website\"},\"primaryImageOfPage\":{\"@id\":\"https:\\\/\\\/pilt.com.ar\\\/parque-industrial\\\/renovacion-y-nuevo-convenio-de-beneficios-para-empresas-del-pilt\\\/#primaryimage\"},\"image\":{\"@id\":\"https:\\\/\\\/pilt.com.ar\\\/parque-industrial\\\/renovacion-y-nuevo-convenio-de-beneficios-para-empresas-del-pilt\\\/#primaryimage\"},\"thumbnailUrl\":\"https:\\\/\\\/i0.wp.com\\\/pilt.com.ar\\\/parque-industrial\\\/wp-content\\\/uploads\\\/2025\\\/02\\\/Imagen-de-WhatsApp-2025-02-06-a-las-14.27.49_02238d30.jpg?fit=1600%2C901&ssl=1\",\"datePublished\":\"2025-02-07T14:16:43+00:00\",\"dateModified\":\"2025-02-07T14:17:15+00:00\",\"author\":{\"@id\":\"https:\\\/\\\/pilt.com.ar\\\/parque-industrial\\\/#\\\/schema\\\/person\\\/2dfb9e2464de1c3deef20c25c30a8306\"},\"inLanguage\":\"es\",\"potentialAction\":[{\"@type\":\"ReadAction\",\"target\":[\"https:\\\/\\\/pilt.com.ar\\\/parque-industrial\\\/renovacion-y-nuevo-convenio-de-beneficios-para-empresas-del-pilt\\\/\"]}]},{\"@type\":\"ImageObject\",\"inLanguage\":\"es\",\"@id\":\"https:\\\/\\\/pilt.com.ar\\\/parque-industrial\\\/renovacion-y-nuevo-convenio-de-beneficios-para-empresas-del-pilt\\\/#primaryimage\",\"url\":\"https:\\\/\\\/i0.wp.com\\\/pilt.com.ar\\\/parque-industrial\\\/wp-content\\\/uploads\\\/2025\\\/02\\\/Imagen-de-WhatsApp-2025-02-06-a-las-14.27.49_02238d30.jpg?fit=1600%2C901&ssl=1\",\"contentUrl\":\"https:\\\/\\\/i0.wp.com\\\/pilt.com.ar\\\/parque-industrial\\\/wp-content\\\/uploads\\\/2025\\\/02\\\/Imagen-de-WhatsApp-2025-02-06-a-las-14.27.49_02238d30.jpg?fit=1600%2C901&ssl=1\",\"width\":1600,\"height\":901},{\"@type\":\"WebSite\",\"@id\":\"https:\\\/\\\/pilt.com.ar\\\/parque-industrial\\\/#website\",\"url\":\"https:\\\/\\\/pilt.com.ar\\\/parque-industrial\\\/\",\"name\":\"PILT.com.ar\",\"description\":\"Parque Industrial, Log\u00edstico y Tecnol\u00f3gico Villa Mar\u00eda\",\"potentialAction\":[{\"@type\":\"SearchAction\",\"target\":{\"@type\":\"EntryPoint\",\"urlTemplate\":\"https:\\\/\\\/pilt.com.ar\\\/parque-industrial\\\/?s={search_term_string}\"},\"query-input\":{\"@type\":\"PropertyValueSpecification\",\"valueRequired\":true,\"valueName\":\"search_term_string\"}}],\"inLanguage\":\"es\"},{\"@type\":\"Person\",\"@id\":\"https:\\\/\\\/pilt.com.ar\\\/parque-industrial\\\/#\\\/schema\\\/person\\\/2dfb9e2464de1c3deef20c25c30a8306\",\"name\":\"PILT\",\"image\":{\"@type\":\"ImageObject\",\"inLanguage\":\"es\",\"@id\":\"https:\\\/\\\/secure.gravatar.com\\\/avatar\\\/5e3734c8d8c8e0b0d45f923c14a14d7b90521d573d02f0d91360a777095ee42b?s=96&d=mm&r=g\",\"url\":\"https:\\\/\\\/secure.gravatar.com\\\/avatar\\\/5e3734c8d8c8e0b0d45f923c14a14d7b90521d573d02f0d91360a777095ee42b?s=96&d=mm&r=g\",\"contentUrl\":\"https:\\\/\\\/secure.gravatar.com\\\/avatar\\\/5e3734c8d8c8e0b0d45f923c14a14d7b90521d573d02f0d91360a777095ee42b?s=96&d=mm&r=g\",\"caption\":\"PILT\"},\"url\":\"https:\\\/\\\/pilt.com.ar\\\/parque-industrial\\\/author\\\/pilt\\\/\"}]}<\/script>\n<!-- \/ Yoast SEO plugin. -->","yoast_head_json":{"title":"RENOVACI\u00d3N Y NUEVO CONVENIO DE BENEFICIOS PARA EMPRESAS DEL PILT - PILT.com.ar","robots":{"index":"index","follow":"follow","max-snippet":"max-snippet:-1","max-image-preview":"max-image-preview:large","max-video-preview":"max-video-preview:-1"},"canonical":"https:\/\/pilt.com.ar\/parque-industrial\/renovacion-y-nuevo-convenio-de-beneficios-para-empresas-del-pilt\/","og_locale":"es_ES","og_type":"article","og_title":"RENOVACI\u00d3N Y NUEVO CONVENIO DE BENEFICIOS PARA EMPRESAS DEL PILT - PILT.com.ar","og_description":"En los \u00faltimos d\u00edas, se llev\u00f3 a cabo la renovaci\u00f3n de diversos acuerdos vigentes y la incorporaci\u00f3n de un nuevo beneficio para las empresas que integran el Ente. El gerente del Parque Industrial, Log\u00edstico y Tecnol\u00f3gico de Villa Mar\u00eda (PILT), Lic. Carlos Montoto Galiano, firm\u00f3 la renovaci\u00f3n de varios convenios de beneficios que mantiene la [&hellip;]","og_url":"https:\/\/pilt.com.ar\/parque-industrial\/renovacion-y-nuevo-convenio-de-beneficios-para-empresas-del-pilt\/","og_site_name":"PILT.com.ar","article_published_time":"2025-02-07T14:16:43+00:00","article_modified_time":"2025-02-07T14:17:15+00:00","og_image":[{"width":1600,"height":901,"url":"https:\/\/i0.wp.com\/pilt.com.ar\/parque-industrial\/wp-content\/uploads\/2025\/02\/Imagen-de-WhatsApp-2025-02-06-a-las-14.27.49_02238d30.jpg?fit=1600%2C901&ssl=1","type":"image\/jpeg"}],"author":"PILT","twitter_card":"summary_large_image","twitter_misc":{"Escrito por":"PILT","Tiempo de lectura":"2 minutos"},"schema":{"@context":"https:\/\/schema.org","@graph":[{"@type":"Article","@id":"https:\/\/pilt.com.ar\/parque-industrial\/renovacion-y-nuevo-convenio-de-beneficios-para-empresas-del-pilt\/#article","isPartOf":{"@id":"https:\/\/pilt.com.ar\/parque-industrial\/renovacion-y-nuevo-convenio-de-beneficios-para-empresas-del-pilt\/"},"author":{"name":"PILT","@id":"https:\/\/pilt.com.ar\/parque-industrial\/#\/schema\/person\/2dfb9e2464de1c3deef20c25c30a8306"},"headline":"RENOVACI\u00d3N Y NUEVO CONVENIO DE BENEFICIOS PARA EMPRESAS DEL PILT","datePublished":"2025-02-07T14:16:43+00:00","dateModified":"2025-02-07T14:17:15+00:00","mainEntityOfPage":{"@id":"https:\/\/pilt.com.ar\/parque-industrial\/renovacion-y-nuevo-convenio-de-beneficios-para-empresas-del-pilt\/"},"wordCount":306,"commentCount":0,"image":{"@id":"https:\/\/pilt.com.ar\/parque-industrial\/renovacion-y-nuevo-convenio-de-beneficios-para-empresas-del-pilt\/#primaryimage"},"thumbnailUrl":"https:\/\/i0.wp.com\/pilt.com.ar\/parque-industrial\/wp-content\/uploads\/2025\/02\/Imagen-de-WhatsApp-2025-02-06-a-las-14.27.49_02238d30.jpg?fit=1600%2C901&ssl=1","articleSection":["Noticias"],"inLanguage":"es","potentialAction":[{"@type":"CommentAction","name":"Comment","target":["https:\/\/pilt.com.ar\/parque-industrial\/renovacion-y-nuevo-convenio-de-beneficios-para-empresas-del-pilt\/#respond"]}]},{"@type":"WebPage","@id":"https:\/\/pilt.com.ar\/parque-industrial\/renovacion-y-nuevo-convenio-de-beneficios-para-empresas-del-pilt\/","url":"https:\/\/pilt.com.ar\/parque-industrial\/renovacion-y-nuevo-convenio-de-beneficios-para-empresas-del-pilt\/","name":"RENOVACI\u00d3N Y NUEVO CONVENIO DE BENEFICIOS PARA EMPRESAS DEL PILT - PILT.com.ar","isPartOf":{"@id":"https:\/\/pilt.com.ar\/parque-industrial\/#website"},"primaryImageOfPage":{"@id":"https:\/\/pilt.com.ar\/parque-industrial\/renovacion-y-nuevo-convenio-de-beneficios-para-empresas-del-pilt\/#primaryimage"},"image":{"@id":"https:\/\/pilt.com.ar\/parque-industrial\/renovacion-y-nuevo-convenio-de-beneficios-para-empresas-del-pilt\/#primaryimage"},"thumbnailUrl":"https:\/\/i0.wp.com\/pilt.com.ar\/parque-industrial\/wp-content\/uploads\/2025\/02\/Imagen-de-WhatsApp-2025-02-06-a-las-14.27.49_02238d30.jpg?fit=1600%2C901&ssl=1","datePublished":"2025-02-07T14:16:43+00:00","dateModified":"2025-02-07T14:17:15+00:00","author":{"@id":"https:\/\/pilt.com.ar\/parque-industrial\/#\/schema\/person\/2dfb9e2464de1c3deef20c25c30a8306"},"inLanguage":"es","potentialAction":[{"@type":"ReadAction","target":["https:\/\/pilt.com.ar\/parque-industrial\/renovacion-y-nuevo-convenio-de-beneficios-para-empresas-del-pilt\/"]}]},{"@type":"ImageObject","inLanguage":"es","@id":"https:\/\/pilt.com.ar\/parque-industrial\/renovacion-y-nuevo-convenio-de-beneficios-para-empresas-del-pilt\/#primaryimage","url":"https:\/\/i0.wp.com\/pilt.com.ar\/parque-industrial\/wp-content\/uploads\/2025\/02\/Imagen-de-WhatsApp-2025-02-06-a-las-14.27.49_02238d30.jpg?fit=1600%2C901&ssl=1","contentUrl":"https:\/\/i0.wp.com\/pilt.com.ar\/parque-industrial\/wp-content\/uploads\/2025\/02\/Imagen-de-WhatsApp-2025-02-06-a-las-14.27.49_02238d30.jpg?fit=1600%2C901&ssl=1","width":1600,"height":901},{"@type":"WebSite","@id":"https:\/\/pilt.com.ar\/parque-industrial\/#website","url":"https:\/\/pilt.com.ar\/parque-industrial\/","name":"PILT.com.ar","description":"Parque Industrial, Log\u00edstico y Tecnol\u00f3gico Villa Mar\u00eda","potentialAction":[{"@type":"SearchAction","target":{"@type":"EntryPoint","urlTemplate":"https:\/\/pilt.com.ar\/parque-industrial\/?s={search_term_string}"},"query-input":{"@type":"PropertyValueSpecification","valueRequired":true,"valueName":"search_term_string"}}],"inLanguage":"es"},{"@type":"Person","@id":"https:\/\/pilt.com.ar\/parque-industrial\/#\/schema\/person\/2dfb9e2464de1c3deef20c25c30a8306","name":"PILT","image":{"@type":"ImageObject","inLanguage":"es","@id":"https:\/\/secure.gravatar.com\/avatar\/5e3734c8d8c8e0b0d45f923c14a14d7b90521d573d02f0d91360a777095ee42b?s=96&d=mm&r=g","url":"https:\/\/secure.gravatar.com\/avatar\/5e3734c8d8c8e0b0d45f923c14a14d7b90521d573d02f0d91360a777095ee42b?s=96&d=mm&r=g","contentUrl":"https:\/\/secure.gravatar.com\/avatar\/5e3734c8d8c8e0b0d45f923c14a14d7b90521d573d02f0d91360a777095ee42b?s=96&d=mm&r=g","caption":"PILT"},"url":"https:\/\/pilt.com.ar\/parque-industrial\/author\/pilt\/"}]}},"jetpack_featured_media_url":"https:\/\/i0.wp.com\/pilt.com.ar\/parque-industrial\/wp-content\/uploads\/2025\/02\/Imagen-de-WhatsApp-2025-02-06-a-las-14.27.49_02238d30.jpg?fit=1600%2C901&ssl=1","jetpack_sharing_enabled":true,"_links":{"self":[{"href":"https:\/\/pilt.com.ar\/parque-industrial\/wp-json\/wp\/v2\/posts\/3533","targetHints":{"allow":["GET"]}}],"collection":[{"href":"https:\/\/pilt.com.ar\/parque-industrial\/wp-json\/wp\/v2\/posts"}],"about":[{"href":"https:\/\/pilt.com.ar\/parque-industrial\/wp-json\/wp\/v2\/types\/post"}],"author":[{"embeddable":true,"href":"https:\/\/pilt.com.ar\/parque-industrial\/wp-json\/wp\/v2\/users\/3"}],"replies":[{"embeddable":true,"href":"https:\/\/pilt.com.ar\/parque-industrial\/wp-json\/wp\/v2\/comments?post=3533"}],"version-history":[{"count":2,"href":"https:\/\/pilt.com.ar\/parque-industrial\/wp-json\/wp\/v2\/posts\/3533\/revisions"}],"predecessor-version":[{"id":3536,"href":"https:\/\/pilt.com.ar\/parque-industrial\/wp-json\/wp\/v2\/posts\/3533\/revisions\/3536"}],"wp:featuredmedia":[{"embeddable":true,"href":"https:\/\/pilt.com.ar\/parque-industrial\/wp-json\/wp\/v2\/media\/3534"}],"wp:attachment":[{"href":"https:\/\/pilt.com.ar\/parque-industrial\/wp-json\/wp\/v2\/media?parent=3533"}],"wp:term":[{"taxonomy":"category","embeddable":true,"href":"https:\/\/pilt.com.ar\/parque-industrial\/wp-json\/wp\/v2\/categories?post=3533"},{"taxonomy":"post_tag","embeddable":true,"href":"https:\/\/pilt.com.ar\/parque-industrial\/wp-json\/wp\/v2\/tags?post=3533"}],"curies":[{"name":"wp","href":"https:\/\/api.w.org\/{rel}","templated":true}]}}