{"id":3506,"date":"2025-01-31T13:24:10","date_gmt":"2025-01-31T16:24:10","guid":{"rendered":"https:\/\/pilt.com.ar\/parque-industrial\/?p=3506"},"modified":"2025-01-31T13:24:11","modified_gmt":"2025-01-31T16:24:11","slug":"ganadoras-de-concurso-de-emprendedores-estuvieron-en-el-pilt","status":"publish","type":"post","link":"https:\/\/pilt.com.ar\/parque-industrial\/ganadoras-de-concurso-de-emprendedores-estuvieron-en-el-pilt\/","title":{"rendered":"GANADORAS DE CONCURSO DE EMPRENDEDORES ESTUVIERON EN EL PILT"},"content":{"rendered":"\n<p class=\"has-text-align-center\"><em>Socias de la firma Nanomix, localizada en el predio, se reunieron con autoridades municipales y directivos de entidades para contar sus experiencias.<\/em><\/p>\n\n\n\n<p>La empresa Nanomix fue la ganadora el a\u00f1o pasado del concurso \u201cEmprender con Conciencia Ecol\u00f3gica\u201d, cuyo premio principal fue una visita a la &nbsp;reconocida Startup Braga, en Portugal, para realizar all\u00ed una instancia de capacitaci\u00f3n. Tras el viaje, las socias de la firma estuvieron en el Parque Industrial Log\u00edstico y Tecnol\u00f3gico Villa Mar\u00eda (PILT), en donde mantuvieron un encuentro con autoridades e instituciones que formaron parte del Comit\u00e9 Evaluador del concurso.<\/p>\n\n\n\n<p>La reuni\u00f3n estuvo encabezada por el Intendente Municipal, Eduardo Accastello; presidente y gerente del PILT, Ing. Carlos Pizzorno y Lic. Carlos Montoto Galiano, respectivamente; gerente de AERCA, Daniela Pe\u00f1a; director de la Escuela de Ciencias Econ\u00f3micas de la UNVM, Gonzalo Carri\u00f3n, entre otros directivos institucionales.<\/p>\n\n\n\n<p>Johanna Guerrero, miembro de la empresa que desarrolla fertilizantes org\u00e1nicos en nanopart\u00edculas, explic\u00f3 en la reuni\u00f3n que gracias a la capacitaci\u00f3n pudieron conocer \u201ctodo el modelo de desarrollo de emprendedores que tienen en Braga. Como empresa nos permiti\u00f3 ver la capacidad que tiene el producto para ser exportado a escala global y lo que puede ofrecer Argentina. Ac\u00e1 vimos que el pa\u00eds tiene much\u00edsimas posibilidades para exportar\u201d. Asimismo, intercambiaron con los presentes distintos temas vinculados a potenciar el ecosistema emprendedor de Villa Mar\u00eda a partir de valoraci\u00f3n de las acciones llevadas a cabo por Startup Braga, entidad reconocida a nivel mundial<\/p>\n\n\n\n<p><\/p>\n","protected":false},"excerpt":{"rendered":"<p>Socias de la firma Nanomix, localizada en el predio, se reunieron con autoridades municipales y directivos de entidades para contar sus experiencias. La empresa Nanomix fue la ganadora el a\u00f1o pasado del concurso \u201cEmprender con Conciencia Ecol\u00f3gica\u201d, cuyo premio principal fue una visita a la &nbsp;reconocida Startup Braga, en Portugal, para realizar all\u00ed una instancia [&hellip;]<\/p>\n","protected":false},"author":3,"featured_media":3507,"comment_status":"open","ping_status":"open","sticky":false,"template":"","format":"standard","meta":{"_jetpack_memberships_contains_paid_content":false,"footnotes":""},"categories":[2],"tags":[],"class_list":["post-3506","post","type-post","status-publish","format-standard","has-post-thumbnail","hentry","category-noticias"],"yoast_head":"<!-- This site is optimized with the Yoast SEO plugin v27.5 - https:\/\/yoast.com\/product\/yoast-seo-wordpress\/ -->\n<title>GANADORAS DE CONCURSO DE EMPRENDEDORES ESTUVIERON EN EL PILT - PILT.com.ar<\/title>\n<meta name=\"robots\" content=\"index, follow, max-snippet:-1, max-image-preview:large, max-video-preview:-1\" \/>\n<link rel=\"canonical\" href=\"https:\/\/pilt.com.ar\/parque-industrial\/ganadoras-de-concurso-de-emprendedores-estuvieron-en-el-pilt\/\" \/>\n<meta property=\"og:locale\" content=\"es_ES\" \/>\n<meta property=\"og:type\" content=\"article\" \/>\n<meta property=\"og:title\" content=\"GANADORAS DE CONCURSO DE EMPRENDEDORES ESTUVIERON EN EL PILT - PILT.com.ar\" \/>\n<meta property=\"og:description\" content=\"Socias de la firma Nanomix, localizada en el predio, se reunieron con autoridades municipales y directivos de entidades para contar sus experiencias. La empresa Nanomix fue la ganadora el a\u00f1o pasado del concurso \u201cEmprender con Conciencia Ecol\u00f3gica\u201d, cuyo premio principal fue una visita a la &nbsp;reconocida Startup Braga, en Portugal, para realizar all\u00ed una instancia [&hellip;]\" \/>\n<meta property=\"og:url\" content=\"https:\/\/pilt.com.ar\/parque-industrial\/ganadoras-de-concurso-de-emprendedores-estuvieron-en-el-pilt\/\" \/>\n<meta property=\"og:site_name\" content=\"PILT.com.ar\" \/>\n<meta property=\"article:published_time\" content=\"2025-01-31T16:24:10+00:00\" \/>\n<meta property=\"article:modified_time\" content=\"2025-01-31T16:24:11+00:00\" \/>\n<meta property=\"og:image\" content=\"https:\/\/i0.wp.com\/pilt.com.ar\/parque-industrial\/wp-content\/uploads\/2025\/01\/Imagen-de-WhatsApp-2025-01-30-a-las-16.10.32_6e3e21b1.jpg?fit=1600%2C1200&ssl=1\" \/>\n\t<meta property=\"og:image:width\" content=\"1600\" \/>\n\t<meta property=\"og:image:height\" content=\"1200\" \/>\n\t<meta property=\"og:image:type\" content=\"image\/jpeg\" \/>\n<meta name=\"author\" content=\"PILT\" \/>\n<meta name=\"twitter:card\" content=\"summary_large_image\" \/>\n<meta name=\"twitter:label1\" content=\"Escrito por\" \/>\n\t<meta name=\"twitter:data1\" content=\"PILT\" \/>\n\t<meta name=\"twitter:label2\" content=\"Tiempo de lectura\" \/>\n\t<meta name=\"twitter:data2\" content=\"2 minutos\" \/>\n<script type=\"application\/ld+json\" class=\"yoast-schema-graph\">{\"@context\":\"https:\\\/\\\/schema.org\",\"@graph\":[{\"@type\":\"Article\",\"@id\":\"https:\\\/\\\/pilt.com.ar\\\/parque-industrial\\\/ganadoras-de-concurso-de-emprendedores-estuvieron-en-el-pilt\\\/#article\",\"isPartOf\":{\"@id\":\"https:\\\/\\\/pilt.com.ar\\\/parque-industrial\\\/ganadoras-de-concurso-de-emprendedores-estuvieron-en-el-pilt\\\/\"},\"author\":{\"name\":\"PILT\",\"@id\":\"https:\\\/\\\/pilt.com.ar\\\/parque-industrial\\\/#\\\/schema\\\/person\\\/2dfb9e2464de1c3deef20c25c30a8306\"},\"headline\":\"GANADORAS DE CONCURSO DE EMPRENDEDORES ESTUVIERON EN EL PILT\",\"datePublished\":\"2025-01-31T16:24:10+00:00\",\"dateModified\":\"2025-01-31T16:24:11+00:00\",\"mainEntityOfPage\":{\"@id\":\"https:\\\/\\\/pilt.com.ar\\\/parque-industrial\\\/ganadoras-de-concurso-de-emprendedores-estuvieron-en-el-pilt\\\/\"},\"wordCount\":267,\"commentCount\":0,\"image\":{\"@id\":\"https:\\\/\\\/pilt.com.ar\\\/parque-industrial\\\/ganadoras-de-concurso-de-emprendedores-estuvieron-en-el-pilt\\\/#primaryimage\"},\"thumbnailUrl\":\"https:\\\/\\\/i0.wp.com\\\/pilt.com.ar\\\/parque-industrial\\\/wp-content\\\/uploads\\\/2025\\\/01\\\/Imagen-de-WhatsApp-2025-01-30-a-las-16.10.32_6e3e21b1.jpg?fit=1600%2C1200&ssl=1\",\"articleSection\":[\"Noticias\"],\"inLanguage\":\"es\",\"potentialAction\":[{\"@type\":\"CommentAction\",\"name\":\"Comment\",\"target\":[\"https:\\\/\\\/pilt.com.ar\\\/parque-industrial\\\/ganadoras-de-concurso-de-emprendedores-estuvieron-en-el-pilt\\\/#respond\"]}]},{\"@type\":\"WebPage\",\"@id\":\"https:\\\/\\\/pilt.com.ar\\\/parque-industrial\\\/ganadoras-de-concurso-de-emprendedores-estuvieron-en-el-pilt\\\/\",\"url\":\"https:\\\/\\\/pilt.com.ar\\\/parque-industrial\\\/ganadoras-de-concurso-de-emprendedores-estuvieron-en-el-pilt\\\/\",\"name\":\"GANADORAS DE CONCURSO DE EMPRENDEDORES ESTUVIERON EN EL PILT - PILT.com.ar\",\"isPartOf\":{\"@id\":\"https:\\\/\\\/pilt.com.ar\\\/parque-industrial\\\/#website\"},\"primaryImageOfPage\":{\"@id\":\"https:\\\/\\\/pilt.com.ar\\\/parque-industrial\\\/ganadoras-de-concurso-de-emprendedores-estuvieron-en-el-pilt\\\/#primaryimage\"},\"image\":{\"@id\":\"https:\\\/\\\/pilt.com.ar\\\/parque-industrial\\\/ganadoras-de-concurso-de-emprendedores-estuvieron-en-el-pilt\\\/#primaryimage\"},\"thumbnailUrl\":\"https:\\\/\\\/i0.wp.com\\\/pilt.com.ar\\\/parque-industrial\\\/wp-content\\\/uploads\\\/2025\\\/01\\\/Imagen-de-WhatsApp-2025-01-30-a-las-16.10.32_6e3e21b1.jpg?fit=1600%2C1200&ssl=1\",\"datePublished\":\"2025-01-31T16:24:10+00:00\",\"dateModified\":\"2025-01-31T16:24:11+00:00\",\"author\":{\"@id\":\"https:\\\/\\\/pilt.com.ar\\\/parque-industrial\\\/#\\\/schema\\\/person\\\/2dfb9e2464de1c3deef20c25c30a8306\"},\"inLanguage\":\"es\",\"potentialAction\":[{\"@type\":\"ReadAction\",\"target\":[\"https:\\\/\\\/pilt.com.ar\\\/parque-industrial\\\/ganadoras-de-concurso-de-emprendedores-estuvieron-en-el-pilt\\\/\"]}]},{\"@type\":\"ImageObject\",\"inLanguage\":\"es\",\"@id\":\"https:\\\/\\\/pilt.com.ar\\\/parque-industrial\\\/ganadoras-de-concurso-de-emprendedores-estuvieron-en-el-pilt\\\/#primaryimage\",\"url\":\"https:\\\/\\\/i0.wp.com\\\/pilt.com.ar\\\/parque-industrial\\\/wp-content\\\/uploads\\\/2025\\\/01\\\/Imagen-de-WhatsApp-2025-01-30-a-las-16.10.32_6e3e21b1.jpg?fit=1600%2C1200&ssl=1\",\"contentUrl\":\"https:\\\/\\\/i0.wp.com\\\/pilt.com.ar\\\/parque-industrial\\\/wp-content\\\/uploads\\\/2025\\\/01\\\/Imagen-de-WhatsApp-2025-01-30-a-las-16.10.32_6e3e21b1.jpg?fit=1600%2C1200&ssl=1\",\"width\":1600,\"height\":1200},{\"@type\":\"WebSite\",\"@id\":\"https:\\\/\\\/pilt.com.ar\\\/parque-industrial\\\/#website\",\"url\":\"https:\\\/\\\/pilt.com.ar\\\/parque-industrial\\\/\",\"name\":\"PILT.com.ar\",\"description\":\"Parque Industrial, Log\u00edstico y Tecnol\u00f3gico Villa Mar\u00eda\",\"potentialAction\":[{\"@type\":\"SearchAction\",\"target\":{\"@type\":\"EntryPoint\",\"urlTemplate\":\"https:\\\/\\\/pilt.com.ar\\\/parque-industrial\\\/?s={search_term_string}\"},\"query-input\":{\"@type\":\"PropertyValueSpecification\",\"valueRequired\":true,\"valueName\":\"search_term_string\"}}],\"inLanguage\":\"es\"},{\"@type\":\"Person\",\"@id\":\"https:\\\/\\\/pilt.com.ar\\\/parque-industrial\\\/#\\\/schema\\\/person\\\/2dfb9e2464de1c3deef20c25c30a8306\",\"name\":\"PILT\",\"image\":{\"@type\":\"ImageObject\",\"inLanguage\":\"es\",\"@id\":\"https:\\\/\\\/secure.gravatar.com\\\/avatar\\\/5e3734c8d8c8e0b0d45f923c14a14d7b90521d573d02f0d91360a777095ee42b?s=96&d=mm&r=g\",\"url\":\"https:\\\/\\\/secure.gravatar.com\\\/avatar\\\/5e3734c8d8c8e0b0d45f923c14a14d7b90521d573d02f0d91360a777095ee42b?s=96&d=mm&r=g\",\"contentUrl\":\"https:\\\/\\\/secure.gravatar.com\\\/avatar\\\/5e3734c8d8c8e0b0d45f923c14a14d7b90521d573d02f0d91360a777095ee42b?s=96&d=mm&r=g\",\"caption\":\"PILT\"},\"url\":\"https:\\\/\\\/pilt.com.ar\\\/parque-industrial\\\/author\\\/pilt\\\/\"}]}<\/script>\n<!-- \/ Yoast SEO plugin. -->","yoast_head_json":{"title":"GANADORAS DE CONCURSO DE EMPRENDEDORES ESTUVIERON EN EL PILT - PILT.com.ar","robots":{"index":"index","follow":"follow","max-snippet":"max-snippet:-1","max-image-preview":"max-image-preview:large","max-video-preview":"max-video-preview:-1"},"canonical":"https:\/\/pilt.com.ar\/parque-industrial\/ganadoras-de-concurso-de-emprendedores-estuvieron-en-el-pilt\/","og_locale":"es_ES","og_type":"article","og_title":"GANADORAS DE CONCURSO DE EMPRENDEDORES ESTUVIERON EN EL PILT - PILT.com.ar","og_description":"Socias de la firma Nanomix, localizada en el predio, se reunieron con autoridades municipales y directivos de entidades para contar sus experiencias. La empresa Nanomix fue la ganadora el a\u00f1o pasado del concurso \u201cEmprender con Conciencia Ecol\u00f3gica\u201d, cuyo premio principal fue una visita a la &nbsp;reconocida Startup Braga, en Portugal, para realizar all\u00ed una instancia [&hellip;]","og_url":"https:\/\/pilt.com.ar\/parque-industrial\/ganadoras-de-concurso-de-emprendedores-estuvieron-en-el-pilt\/","og_site_name":"PILT.com.ar","article_published_time":"2025-01-31T16:24:10+00:00","article_modified_time":"2025-01-31T16:24:11+00:00","og_image":[{"width":1600,"height":1200,"url":"https:\/\/i0.wp.com\/pilt.com.ar\/parque-industrial\/wp-content\/uploads\/2025\/01\/Imagen-de-WhatsApp-2025-01-30-a-las-16.10.32_6e3e21b1.jpg?fit=1600%2C1200&ssl=1","type":"image\/jpeg"}],"author":"PILT","twitter_card":"summary_large_image","twitter_misc":{"Escrito por":"PILT","Tiempo de lectura":"2 minutos"},"schema":{"@context":"https:\/\/schema.org","@graph":[{"@type":"Article","@id":"https:\/\/pilt.com.ar\/parque-industrial\/ganadoras-de-concurso-de-emprendedores-estuvieron-en-el-pilt\/#article","isPartOf":{"@id":"https:\/\/pilt.com.ar\/parque-industrial\/ganadoras-de-concurso-de-emprendedores-estuvieron-en-el-pilt\/"},"author":{"name":"PILT","@id":"https:\/\/pilt.com.ar\/parque-industrial\/#\/schema\/person\/2dfb9e2464de1c3deef20c25c30a8306"},"headline":"GANADORAS DE CONCURSO DE EMPRENDEDORES ESTUVIERON EN EL PILT","datePublished":"2025-01-31T16:24:10+00:00","dateModified":"2025-01-31T16:24:11+00:00","mainEntityOfPage":{"@id":"https:\/\/pilt.com.ar\/parque-industrial\/ganadoras-de-concurso-de-emprendedores-estuvieron-en-el-pilt\/"},"wordCount":267,"commentCount":0,"image":{"@id":"https:\/\/pilt.com.ar\/parque-industrial\/ganadoras-de-concurso-de-emprendedores-estuvieron-en-el-pilt\/#primaryimage"},"thumbnailUrl":"https:\/\/i0.wp.com\/pilt.com.ar\/parque-industrial\/wp-content\/uploads\/2025\/01\/Imagen-de-WhatsApp-2025-01-30-a-las-16.10.32_6e3e21b1.jpg?fit=1600%2C1200&ssl=1","articleSection":["Noticias"],"inLanguage":"es","potentialAction":[{"@type":"CommentAction","name":"Comment","target":["https:\/\/pilt.com.ar\/parque-industrial\/ganadoras-de-concurso-de-emprendedores-estuvieron-en-el-pilt\/#respond"]}]},{"@type":"WebPage","@id":"https:\/\/pilt.com.ar\/parque-industrial\/ganadoras-de-concurso-de-emprendedores-estuvieron-en-el-pilt\/","url":"https:\/\/pilt.com.ar\/parque-industrial\/ganadoras-de-concurso-de-emprendedores-estuvieron-en-el-pilt\/","name":"GANADORAS DE CONCURSO DE EMPRENDEDORES ESTUVIERON EN EL PILT - PILT.com.ar","isPartOf":{"@id":"https:\/\/pilt.com.ar\/parque-industrial\/#website"},"primaryImageOfPage":{"@id":"https:\/\/pilt.com.ar\/parque-industrial\/ganadoras-de-concurso-de-emprendedores-estuvieron-en-el-pilt\/#primaryimage"},"image":{"@id":"https:\/\/pilt.com.ar\/parque-industrial\/ganadoras-de-concurso-de-emprendedores-estuvieron-en-el-pilt\/#primaryimage"},"thumbnailUrl":"https:\/\/i0.wp.com\/pilt.com.ar\/parque-industrial\/wp-content\/uploads\/2025\/01\/Imagen-de-WhatsApp-2025-01-30-a-las-16.10.32_6e3e21b1.jpg?fit=1600%2C1200&ssl=1","datePublished":"2025-01-31T16:24:10+00:00","dateModified":"2025-01-31T16:24:11+00:00","author":{"@id":"https:\/\/pilt.com.ar\/parque-industrial\/#\/schema\/person\/2dfb9e2464de1c3deef20c25c30a8306"},"inLanguage":"es","potentialAction":[{"@type":"ReadAction","target":["https:\/\/pilt.com.ar\/parque-industrial\/ganadoras-de-concurso-de-emprendedores-estuvieron-en-el-pilt\/"]}]},{"@type":"ImageObject","inLanguage":"es","@id":"https:\/\/pilt.com.ar\/parque-industrial\/ganadoras-de-concurso-de-emprendedores-estuvieron-en-el-pilt\/#primaryimage","url":"https:\/\/i0.wp.com\/pilt.com.ar\/parque-industrial\/wp-content\/uploads\/2025\/01\/Imagen-de-WhatsApp-2025-01-30-a-las-16.10.32_6e3e21b1.jpg?fit=1600%2C1200&ssl=1","contentUrl":"https:\/\/i0.wp.com\/pilt.com.ar\/parque-industrial\/wp-content\/uploads\/2025\/01\/Imagen-de-WhatsApp-2025-01-30-a-las-16.10.32_6e3e21b1.jpg?fit=1600%2C1200&ssl=1","width":1600,"height":1200},{"@type":"WebSite","@id":"https:\/\/pilt.com.ar\/parque-industrial\/#website","url":"https:\/\/pilt.com.ar\/parque-industrial\/","name":"PILT.com.ar","description":"Parque Industrial, Log\u00edstico y Tecnol\u00f3gico Villa Mar\u00eda","potentialAction":[{"@type":"SearchAction","target":{"@type":"EntryPoint","urlTemplate":"https:\/\/pilt.com.ar\/parque-industrial\/?s={search_term_string}"},"query-input":{"@type":"PropertyValueSpecification","valueRequired":true,"valueName":"search_term_string"}}],"inLanguage":"es"},{"@type":"Person","@id":"https:\/\/pilt.com.ar\/parque-industrial\/#\/schema\/person\/2dfb9e2464de1c3deef20c25c30a8306","name":"PILT","image":{"@type":"ImageObject","inLanguage":"es","@id":"https:\/\/secure.gravatar.com\/avatar\/5e3734c8d8c8e0b0d45f923c14a14d7b90521d573d02f0d91360a777095ee42b?s=96&d=mm&r=g","url":"https:\/\/secure.gravatar.com\/avatar\/5e3734c8d8c8e0b0d45f923c14a14d7b90521d573d02f0d91360a777095ee42b?s=96&d=mm&r=g","contentUrl":"https:\/\/secure.gravatar.com\/avatar\/5e3734c8d8c8e0b0d45f923c14a14d7b90521d573d02f0d91360a777095ee42b?s=96&d=mm&r=g","caption":"PILT"},"url":"https:\/\/pilt.com.ar\/parque-industrial\/author\/pilt\/"}]}},"jetpack_featured_media_url":"https:\/\/i0.wp.com\/pilt.com.ar\/parque-industrial\/wp-content\/uploads\/2025\/01\/Imagen-de-WhatsApp-2025-01-30-a-las-16.10.32_6e3e21b1.jpg?fit=1600%2C1200&ssl=1","jetpack_sharing_enabled":true,"_links":{"self":[{"href":"https:\/\/pilt.com.ar\/parque-industrial\/wp-json\/wp\/v2\/posts\/3506","targetHints":{"allow":["GET"]}}],"collection":[{"href":"https:\/\/pilt.com.ar\/parque-industrial\/wp-json\/wp\/v2\/posts"}],"about":[{"href":"https:\/\/pilt.com.ar\/parque-industrial\/wp-json\/wp\/v2\/types\/post"}],"author":[{"embeddable":true,"href":"https:\/\/pilt.com.ar\/parque-industrial\/wp-json\/wp\/v2\/users\/3"}],"replies":[{"embeddable":true,"href":"https:\/\/pilt.com.ar\/parque-industrial\/wp-json\/wp\/v2\/comments?post=3506"}],"version-history":[{"count":1,"href":"https:\/\/pilt.com.ar\/parque-industrial\/wp-json\/wp\/v2\/posts\/3506\/revisions"}],"predecessor-version":[{"id":3508,"href":"https:\/\/pilt.com.ar\/parque-industrial\/wp-json\/wp\/v2\/posts\/3506\/revisions\/3508"}],"wp:featuredmedia":[{"embeddable":true,"href":"https:\/\/pilt.com.ar\/parque-industrial\/wp-json\/wp\/v2\/media\/3507"}],"wp:attachment":[{"href":"https:\/\/pilt.com.ar\/parque-industrial\/wp-json\/wp\/v2\/media?parent=3506"}],"wp:term":[{"taxonomy":"category","embeddable":true,"href":"https:\/\/pilt.com.ar\/parque-industrial\/wp-json\/wp\/v2\/categories?post=3506"},{"taxonomy":"post_tag","embeddable":true,"href":"https:\/\/pilt.com.ar\/parque-industrial\/wp-json\/wp\/v2\/tags?post=3506"}],"curies":[{"name":"wp","href":"https:\/\/api.w.org\/{rel}","templated":true}]}}