{"id":3499,"date":"2025-01-17T12:07:29","date_gmt":"2025-01-17T15:07:29","guid":{"rendered":"https:\/\/pilt.com.ar\/parque-industrial\/?p=3499"},"modified":"2025-01-17T12:07:31","modified_gmt":"2025-01-17T15:07:31","slug":"en-2024-se-habilitaron-sanitarios-publicos-y-se-concesiono-el-area-de-bar-y-coworking","status":"publish","type":"post","link":"https:\/\/pilt.com.ar\/parque-industrial\/en-2024-se-habilitaron-sanitarios-publicos-y-se-concesiono-el-area-de-bar-y-coworking\/","title":{"rendered":"EN 2024 SE HABILITARON SANITARIOS P\u00daBLICOS Y SE CONCESION\u00d3 EL \u00c1REA DE BAR Y COWORKING"},"content":{"rendered":"\n<p><em>El PILT continu\u00f3 fortaleciendo su infraestructura para ofrecer espacios modernos, accesibles y funcionales para las empresas asociadas y visitantes al predio.<\/em><\/p>\n\n\n\n<p>Dentro de las actividades destacadas durante el a\u00f1o pasado en el Parque Industrial, Log\u00edstico y Tecnol\u00f3gico Villa Mar\u00eda (PILT) se encuentra la habilitaci\u00f3n de una bater\u00eda de sanitarios p\u00fablicos, equipados para todo tipo de usuarios y disponibles para las personas que habitualmente concurren al predio.<\/p>\n\n\n\n<p>Vale la pena mencionar que, a partir de una inquietud elevada por el Sindicato de Camioneros, el Ente construy\u00f3 y puso en funcionamiento esa bater\u00eda de sanitarios p\u00fablicos universales, de 40 metros cuadrados y con rampa de acceso.<\/p>\n\n\n\n<p>Asimismo, el Directorio tambi\u00e9n concesion\u00f3 el bar\/coworking, ubicado a metros de la Administraci\u00f3n. Este espacio, abierto durante la jornada laboral de las empresas que forman parte del PILT, cuenta con todas las comodidades tanto para el refrigerio como para llevar adelante reuniones de trabajo. Adem\u00e1s del lugar delimitado para el consumo propio del kiosco\/bar, dispone de \u00e1reas cerradas que posibilitan concretar jornadas de networking para las organizaciones, ya sea con sus colaboradores habituales o recibiendo a clientes y profesionales vinculados. Entre su equipamiento se encuentran minilockers y recursos inform\u00e1ticos y audiovisuales.<\/p>\n\n\n\n<p>Tanto para el trabajo como para el esparcimiento, el bar\/coworking se transforma en un servicio importante que suma calidad de vida a la comunidad que compone el PILT. Este espacio se complementa con el sal\u00f3n de usos m\u00faltiples del Ente, que ofrece capacidad para m\u00e1s personas y herramientas tecnol\u00f3gicas innovadoras para la realizaci\u00f3n de distintos tipos de reuniones.<\/p>\n","protected":false},"excerpt":{"rendered":"<p>El PILT continu\u00f3 fortaleciendo su infraestructura para ofrecer espacios modernos, accesibles y funcionales para las empresas asociadas y visitantes al predio. Dentro de las actividades destacadas durante el a\u00f1o pasado en el Parque Industrial, Log\u00edstico y Tecnol\u00f3gico Villa Mar\u00eda (PILT) se encuentra la habilitaci\u00f3n de una bater\u00eda de sanitarios p\u00fablicos, equipados para todo tipo de [&hellip;]<\/p>\n","protected":false},"author":3,"featured_media":3500,"comment_status":"open","ping_status":"open","sticky":false,"template":"","format":"standard","meta":{"_jetpack_memberships_contains_paid_content":false,"footnotes":""},"categories":[2],"tags":[],"class_list":["post-3499","post","type-post","status-publish","format-standard","has-post-thumbnail","hentry","category-noticias"],"yoast_head":"<!-- This site is optimized with the Yoast SEO plugin v27.5 - https:\/\/yoast.com\/product\/yoast-seo-wordpress\/ -->\n<title>EN 2024 SE HABILITARON SANITARIOS P\u00daBLICOS Y SE CONCESION\u00d3 EL \u00c1REA DE BAR Y COWORKING - PILT.com.ar<\/title>\n<meta name=\"robots\" content=\"index, follow, max-snippet:-1, max-image-preview:large, max-video-preview:-1\" \/>\n<link rel=\"canonical\" href=\"https:\/\/pilt.com.ar\/parque-industrial\/en-2024-se-habilitaron-sanitarios-publicos-y-se-concesiono-el-area-de-bar-y-coworking\/\" \/>\n<meta property=\"og:locale\" content=\"es_ES\" \/>\n<meta property=\"og:type\" content=\"article\" \/>\n<meta property=\"og:title\" content=\"EN 2024 SE HABILITARON SANITARIOS P\u00daBLICOS Y SE CONCESION\u00d3 EL \u00c1REA DE BAR Y COWORKING - PILT.com.ar\" \/>\n<meta property=\"og:description\" content=\"El PILT continu\u00f3 fortaleciendo su infraestructura para ofrecer espacios modernos, accesibles y funcionales para las empresas asociadas y visitantes al predio. Dentro de las actividades destacadas durante el a\u00f1o pasado en el Parque Industrial, Log\u00edstico y Tecnol\u00f3gico Villa Mar\u00eda (PILT) se encuentra la habilitaci\u00f3n de una bater\u00eda de sanitarios p\u00fablicos, equipados para todo tipo de [&hellip;]\" \/>\n<meta property=\"og:url\" content=\"https:\/\/pilt.com.ar\/parque-industrial\/en-2024-se-habilitaron-sanitarios-publicos-y-se-concesiono-el-area-de-bar-y-coworking\/\" \/>\n<meta property=\"og:site_name\" content=\"PILT.com.ar\" \/>\n<meta property=\"article:published_time\" content=\"2025-01-17T15:07:29+00:00\" \/>\n<meta property=\"article:modified_time\" content=\"2025-01-17T15:07:31+00:00\" \/>\n<meta property=\"og:image\" content=\"https:\/\/i0.wp.com\/pilt.com.ar\/parque-industrial\/wp-content\/uploads\/2025\/01\/Imagen-de-WhatsApp-2025-01-16-a-las-13.59.04_a843721f.jpg?fit=1600%2C1200&ssl=1\" \/>\n\t<meta property=\"og:image:width\" content=\"1600\" \/>\n\t<meta property=\"og:image:height\" content=\"1200\" \/>\n\t<meta property=\"og:image:type\" content=\"image\/jpeg\" \/>\n<meta name=\"author\" content=\"PILT\" \/>\n<meta name=\"twitter:card\" content=\"summary_large_image\" \/>\n<meta name=\"twitter:label1\" content=\"Escrito por\" \/>\n\t<meta name=\"twitter:data1\" content=\"PILT\" \/>\n\t<meta name=\"twitter:label2\" content=\"Tiempo de lectura\" \/>\n\t<meta name=\"twitter:data2\" content=\"2 minutos\" \/>\n<script type=\"application\/ld+json\" class=\"yoast-schema-graph\">{\"@context\":\"https:\\\/\\\/schema.org\",\"@graph\":[{\"@type\":\"Article\",\"@id\":\"https:\\\/\\\/pilt.com.ar\\\/parque-industrial\\\/en-2024-se-habilitaron-sanitarios-publicos-y-se-concesiono-el-area-de-bar-y-coworking\\\/#article\",\"isPartOf\":{\"@id\":\"https:\\\/\\\/pilt.com.ar\\\/parque-industrial\\\/en-2024-se-habilitaron-sanitarios-publicos-y-se-concesiono-el-area-de-bar-y-coworking\\\/\"},\"author\":{\"name\":\"PILT\",\"@id\":\"https:\\\/\\\/pilt.com.ar\\\/parque-industrial\\\/#\\\/schema\\\/person\\\/2dfb9e2464de1c3deef20c25c30a8306\"},\"headline\":\"EN 2024 SE HABILITARON SANITARIOS P\u00daBLICOS Y SE CONCESION\u00d3 EL \u00c1REA DE BAR Y COWORKING\",\"datePublished\":\"2025-01-17T15:07:29+00:00\",\"dateModified\":\"2025-01-17T15:07:31+00:00\",\"mainEntityOfPage\":{\"@id\":\"https:\\\/\\\/pilt.com.ar\\\/parque-industrial\\\/en-2024-se-habilitaron-sanitarios-publicos-y-se-concesiono-el-area-de-bar-y-coworking\\\/\"},\"wordCount\":288,\"commentCount\":0,\"image\":{\"@id\":\"https:\\\/\\\/pilt.com.ar\\\/parque-industrial\\\/en-2024-se-habilitaron-sanitarios-publicos-y-se-concesiono-el-area-de-bar-y-coworking\\\/#primaryimage\"},\"thumbnailUrl\":\"https:\\\/\\\/i0.wp.com\\\/pilt.com.ar\\\/parque-industrial\\\/wp-content\\\/uploads\\\/2025\\\/01\\\/Imagen-de-WhatsApp-2025-01-16-a-las-13.59.04_a843721f.jpg?fit=1600%2C1200&ssl=1\",\"articleSection\":[\"Noticias\"],\"inLanguage\":\"es\",\"potentialAction\":[{\"@type\":\"CommentAction\",\"name\":\"Comment\",\"target\":[\"https:\\\/\\\/pilt.com.ar\\\/parque-industrial\\\/en-2024-se-habilitaron-sanitarios-publicos-y-se-concesiono-el-area-de-bar-y-coworking\\\/#respond\"]}]},{\"@type\":\"WebPage\",\"@id\":\"https:\\\/\\\/pilt.com.ar\\\/parque-industrial\\\/en-2024-se-habilitaron-sanitarios-publicos-y-se-concesiono-el-area-de-bar-y-coworking\\\/\",\"url\":\"https:\\\/\\\/pilt.com.ar\\\/parque-industrial\\\/en-2024-se-habilitaron-sanitarios-publicos-y-se-concesiono-el-area-de-bar-y-coworking\\\/\",\"name\":\"EN 2024 SE HABILITARON SANITARIOS P\u00daBLICOS Y SE CONCESION\u00d3 EL \u00c1REA DE BAR Y COWORKING - PILT.com.ar\",\"isPartOf\":{\"@id\":\"https:\\\/\\\/pilt.com.ar\\\/parque-industrial\\\/#website\"},\"primaryImageOfPage\":{\"@id\":\"https:\\\/\\\/pilt.com.ar\\\/parque-industrial\\\/en-2024-se-habilitaron-sanitarios-publicos-y-se-concesiono-el-area-de-bar-y-coworking\\\/#primaryimage\"},\"image\":{\"@id\":\"https:\\\/\\\/pilt.com.ar\\\/parque-industrial\\\/en-2024-se-habilitaron-sanitarios-publicos-y-se-concesiono-el-area-de-bar-y-coworking\\\/#primaryimage\"},\"thumbnailUrl\":\"https:\\\/\\\/i0.wp.com\\\/pilt.com.ar\\\/parque-industrial\\\/wp-content\\\/uploads\\\/2025\\\/01\\\/Imagen-de-WhatsApp-2025-01-16-a-las-13.59.04_a843721f.jpg?fit=1600%2C1200&ssl=1\",\"datePublished\":\"2025-01-17T15:07:29+00:00\",\"dateModified\":\"2025-01-17T15:07:31+00:00\",\"author\":{\"@id\":\"https:\\\/\\\/pilt.com.ar\\\/parque-industrial\\\/#\\\/schema\\\/person\\\/2dfb9e2464de1c3deef20c25c30a8306\"},\"inLanguage\":\"es\",\"potentialAction\":[{\"@type\":\"ReadAction\",\"target\":[\"https:\\\/\\\/pilt.com.ar\\\/parque-industrial\\\/en-2024-se-habilitaron-sanitarios-publicos-y-se-concesiono-el-area-de-bar-y-coworking\\\/\"]}]},{\"@type\":\"ImageObject\",\"inLanguage\":\"es\",\"@id\":\"https:\\\/\\\/pilt.com.ar\\\/parque-industrial\\\/en-2024-se-habilitaron-sanitarios-publicos-y-se-concesiono-el-area-de-bar-y-coworking\\\/#primaryimage\",\"url\":\"https:\\\/\\\/i0.wp.com\\\/pilt.com.ar\\\/parque-industrial\\\/wp-content\\\/uploads\\\/2025\\\/01\\\/Imagen-de-WhatsApp-2025-01-16-a-las-13.59.04_a843721f.jpg?fit=1600%2C1200&ssl=1\",\"contentUrl\":\"https:\\\/\\\/i0.wp.com\\\/pilt.com.ar\\\/parque-industrial\\\/wp-content\\\/uploads\\\/2025\\\/01\\\/Imagen-de-WhatsApp-2025-01-16-a-las-13.59.04_a843721f.jpg?fit=1600%2C1200&ssl=1\",\"width\":1600,\"height\":1200},{\"@type\":\"WebSite\",\"@id\":\"https:\\\/\\\/pilt.com.ar\\\/parque-industrial\\\/#website\",\"url\":\"https:\\\/\\\/pilt.com.ar\\\/parque-industrial\\\/\",\"name\":\"PILT.com.ar\",\"description\":\"Parque Industrial, Log\u00edstico y Tecnol\u00f3gico Villa Mar\u00eda\",\"potentialAction\":[{\"@type\":\"SearchAction\",\"target\":{\"@type\":\"EntryPoint\",\"urlTemplate\":\"https:\\\/\\\/pilt.com.ar\\\/parque-industrial\\\/?s={search_term_string}\"},\"query-input\":{\"@type\":\"PropertyValueSpecification\",\"valueRequired\":true,\"valueName\":\"search_term_string\"}}],\"inLanguage\":\"es\"},{\"@type\":\"Person\",\"@id\":\"https:\\\/\\\/pilt.com.ar\\\/parque-industrial\\\/#\\\/schema\\\/person\\\/2dfb9e2464de1c3deef20c25c30a8306\",\"name\":\"PILT\",\"image\":{\"@type\":\"ImageObject\",\"inLanguage\":\"es\",\"@id\":\"https:\\\/\\\/secure.gravatar.com\\\/avatar\\\/5e3734c8d8c8e0b0d45f923c14a14d7b90521d573d02f0d91360a777095ee42b?s=96&d=mm&r=g\",\"url\":\"https:\\\/\\\/secure.gravatar.com\\\/avatar\\\/5e3734c8d8c8e0b0d45f923c14a14d7b90521d573d02f0d91360a777095ee42b?s=96&d=mm&r=g\",\"contentUrl\":\"https:\\\/\\\/secure.gravatar.com\\\/avatar\\\/5e3734c8d8c8e0b0d45f923c14a14d7b90521d573d02f0d91360a777095ee42b?s=96&d=mm&r=g\",\"caption\":\"PILT\"},\"url\":\"https:\\\/\\\/pilt.com.ar\\\/parque-industrial\\\/author\\\/pilt\\\/\"}]}<\/script>\n<!-- \/ Yoast SEO plugin. -->","yoast_head_json":{"title":"EN 2024 SE HABILITARON SANITARIOS P\u00daBLICOS Y SE CONCESION\u00d3 EL \u00c1REA DE BAR Y COWORKING - PILT.com.ar","robots":{"index":"index","follow":"follow","max-snippet":"max-snippet:-1","max-image-preview":"max-image-preview:large","max-video-preview":"max-video-preview:-1"},"canonical":"https:\/\/pilt.com.ar\/parque-industrial\/en-2024-se-habilitaron-sanitarios-publicos-y-se-concesiono-el-area-de-bar-y-coworking\/","og_locale":"es_ES","og_type":"article","og_title":"EN 2024 SE HABILITARON SANITARIOS P\u00daBLICOS Y SE CONCESION\u00d3 EL \u00c1REA DE BAR Y COWORKING - PILT.com.ar","og_description":"El PILT continu\u00f3 fortaleciendo su infraestructura para ofrecer espacios modernos, accesibles y funcionales para las empresas asociadas y visitantes al predio. Dentro de las actividades destacadas durante el a\u00f1o pasado en el Parque Industrial, Log\u00edstico y Tecnol\u00f3gico Villa Mar\u00eda (PILT) se encuentra la habilitaci\u00f3n de una bater\u00eda de sanitarios p\u00fablicos, equipados para todo tipo de [&hellip;]","og_url":"https:\/\/pilt.com.ar\/parque-industrial\/en-2024-se-habilitaron-sanitarios-publicos-y-se-concesiono-el-area-de-bar-y-coworking\/","og_site_name":"PILT.com.ar","article_published_time":"2025-01-17T15:07:29+00:00","article_modified_time":"2025-01-17T15:07:31+00:00","og_image":[{"width":1600,"height":1200,"url":"https:\/\/i0.wp.com\/pilt.com.ar\/parque-industrial\/wp-content\/uploads\/2025\/01\/Imagen-de-WhatsApp-2025-01-16-a-las-13.59.04_a843721f.jpg?fit=1600%2C1200&ssl=1","type":"image\/jpeg"}],"author":"PILT","twitter_card":"summary_large_image","twitter_misc":{"Escrito por":"PILT","Tiempo de lectura":"2 minutos"},"schema":{"@context":"https:\/\/schema.org","@graph":[{"@type":"Article","@id":"https:\/\/pilt.com.ar\/parque-industrial\/en-2024-se-habilitaron-sanitarios-publicos-y-se-concesiono-el-area-de-bar-y-coworking\/#article","isPartOf":{"@id":"https:\/\/pilt.com.ar\/parque-industrial\/en-2024-se-habilitaron-sanitarios-publicos-y-se-concesiono-el-area-de-bar-y-coworking\/"},"author":{"name":"PILT","@id":"https:\/\/pilt.com.ar\/parque-industrial\/#\/schema\/person\/2dfb9e2464de1c3deef20c25c30a8306"},"headline":"EN 2024 SE HABILITARON SANITARIOS P\u00daBLICOS Y SE CONCESION\u00d3 EL \u00c1REA DE BAR Y COWORKING","datePublished":"2025-01-17T15:07:29+00:00","dateModified":"2025-01-17T15:07:31+00:00","mainEntityOfPage":{"@id":"https:\/\/pilt.com.ar\/parque-industrial\/en-2024-se-habilitaron-sanitarios-publicos-y-se-concesiono-el-area-de-bar-y-coworking\/"},"wordCount":288,"commentCount":0,"image":{"@id":"https:\/\/pilt.com.ar\/parque-industrial\/en-2024-se-habilitaron-sanitarios-publicos-y-se-concesiono-el-area-de-bar-y-coworking\/#primaryimage"},"thumbnailUrl":"https:\/\/i0.wp.com\/pilt.com.ar\/parque-industrial\/wp-content\/uploads\/2025\/01\/Imagen-de-WhatsApp-2025-01-16-a-las-13.59.04_a843721f.jpg?fit=1600%2C1200&ssl=1","articleSection":["Noticias"],"inLanguage":"es","potentialAction":[{"@type":"CommentAction","name":"Comment","target":["https:\/\/pilt.com.ar\/parque-industrial\/en-2024-se-habilitaron-sanitarios-publicos-y-se-concesiono-el-area-de-bar-y-coworking\/#respond"]}]},{"@type":"WebPage","@id":"https:\/\/pilt.com.ar\/parque-industrial\/en-2024-se-habilitaron-sanitarios-publicos-y-se-concesiono-el-area-de-bar-y-coworking\/","url":"https:\/\/pilt.com.ar\/parque-industrial\/en-2024-se-habilitaron-sanitarios-publicos-y-se-concesiono-el-area-de-bar-y-coworking\/","name":"EN 2024 SE HABILITARON SANITARIOS P\u00daBLICOS Y SE CONCESION\u00d3 EL \u00c1REA DE BAR Y COWORKING - PILT.com.ar","isPartOf":{"@id":"https:\/\/pilt.com.ar\/parque-industrial\/#website"},"primaryImageOfPage":{"@id":"https:\/\/pilt.com.ar\/parque-industrial\/en-2024-se-habilitaron-sanitarios-publicos-y-se-concesiono-el-area-de-bar-y-coworking\/#primaryimage"},"image":{"@id":"https:\/\/pilt.com.ar\/parque-industrial\/en-2024-se-habilitaron-sanitarios-publicos-y-se-concesiono-el-area-de-bar-y-coworking\/#primaryimage"},"thumbnailUrl":"https:\/\/i0.wp.com\/pilt.com.ar\/parque-industrial\/wp-content\/uploads\/2025\/01\/Imagen-de-WhatsApp-2025-01-16-a-las-13.59.04_a843721f.jpg?fit=1600%2C1200&ssl=1","datePublished":"2025-01-17T15:07:29+00:00","dateModified":"2025-01-17T15:07:31+00:00","author":{"@id":"https:\/\/pilt.com.ar\/parque-industrial\/#\/schema\/person\/2dfb9e2464de1c3deef20c25c30a8306"},"inLanguage":"es","potentialAction":[{"@type":"ReadAction","target":["https:\/\/pilt.com.ar\/parque-industrial\/en-2024-se-habilitaron-sanitarios-publicos-y-se-concesiono-el-area-de-bar-y-coworking\/"]}]},{"@type":"ImageObject","inLanguage":"es","@id":"https:\/\/pilt.com.ar\/parque-industrial\/en-2024-se-habilitaron-sanitarios-publicos-y-se-concesiono-el-area-de-bar-y-coworking\/#primaryimage","url":"https:\/\/i0.wp.com\/pilt.com.ar\/parque-industrial\/wp-content\/uploads\/2025\/01\/Imagen-de-WhatsApp-2025-01-16-a-las-13.59.04_a843721f.jpg?fit=1600%2C1200&ssl=1","contentUrl":"https:\/\/i0.wp.com\/pilt.com.ar\/parque-industrial\/wp-content\/uploads\/2025\/01\/Imagen-de-WhatsApp-2025-01-16-a-las-13.59.04_a843721f.jpg?fit=1600%2C1200&ssl=1","width":1600,"height":1200},{"@type":"WebSite","@id":"https:\/\/pilt.com.ar\/parque-industrial\/#website","url":"https:\/\/pilt.com.ar\/parque-industrial\/","name":"PILT.com.ar","description":"Parque Industrial, Log\u00edstico y Tecnol\u00f3gico Villa Mar\u00eda","potentialAction":[{"@type":"SearchAction","target":{"@type":"EntryPoint","urlTemplate":"https:\/\/pilt.com.ar\/parque-industrial\/?s={search_term_string}"},"query-input":{"@type":"PropertyValueSpecification","valueRequired":true,"valueName":"search_term_string"}}],"inLanguage":"es"},{"@type":"Person","@id":"https:\/\/pilt.com.ar\/parque-industrial\/#\/schema\/person\/2dfb9e2464de1c3deef20c25c30a8306","name":"PILT","image":{"@type":"ImageObject","inLanguage":"es","@id":"https:\/\/secure.gravatar.com\/avatar\/5e3734c8d8c8e0b0d45f923c14a14d7b90521d573d02f0d91360a777095ee42b?s=96&d=mm&r=g","url":"https:\/\/secure.gravatar.com\/avatar\/5e3734c8d8c8e0b0d45f923c14a14d7b90521d573d02f0d91360a777095ee42b?s=96&d=mm&r=g","contentUrl":"https:\/\/secure.gravatar.com\/avatar\/5e3734c8d8c8e0b0d45f923c14a14d7b90521d573d02f0d91360a777095ee42b?s=96&d=mm&r=g","caption":"PILT"},"url":"https:\/\/pilt.com.ar\/parque-industrial\/author\/pilt\/"}]}},"jetpack_featured_media_url":"https:\/\/i0.wp.com\/pilt.com.ar\/parque-industrial\/wp-content\/uploads\/2025\/01\/Imagen-de-WhatsApp-2025-01-16-a-las-13.59.04_a843721f.jpg?fit=1600%2C1200&ssl=1","jetpack_sharing_enabled":true,"_links":{"self":[{"href":"https:\/\/pilt.com.ar\/parque-industrial\/wp-json\/wp\/v2\/posts\/3499","targetHints":{"allow":["GET"]}}],"collection":[{"href":"https:\/\/pilt.com.ar\/parque-industrial\/wp-json\/wp\/v2\/posts"}],"about":[{"href":"https:\/\/pilt.com.ar\/parque-industrial\/wp-json\/wp\/v2\/types\/post"}],"author":[{"embeddable":true,"href":"https:\/\/pilt.com.ar\/parque-industrial\/wp-json\/wp\/v2\/users\/3"}],"replies":[{"embeddable":true,"href":"https:\/\/pilt.com.ar\/parque-industrial\/wp-json\/wp\/v2\/comments?post=3499"}],"version-history":[{"count":1,"href":"https:\/\/pilt.com.ar\/parque-industrial\/wp-json\/wp\/v2\/posts\/3499\/revisions"}],"predecessor-version":[{"id":3501,"href":"https:\/\/pilt.com.ar\/parque-industrial\/wp-json\/wp\/v2\/posts\/3499\/revisions\/3501"}],"wp:featuredmedia":[{"embeddable":true,"href":"https:\/\/pilt.com.ar\/parque-industrial\/wp-json\/wp\/v2\/media\/3500"}],"wp:attachment":[{"href":"https:\/\/pilt.com.ar\/parque-industrial\/wp-json\/wp\/v2\/media?parent=3499"}],"wp:term":[{"taxonomy":"category","embeddable":true,"href":"https:\/\/pilt.com.ar\/parque-industrial\/wp-json\/wp\/v2\/categories?post=3499"},{"taxonomy":"post_tag","embeddable":true,"href":"https:\/\/pilt.com.ar\/parque-industrial\/wp-json\/wp\/v2\/tags?post=3499"}],"curies":[{"name":"wp","href":"https:\/\/api.w.org\/{rel}","templated":true}]}}