{"id":3490,"date":"2025-01-03T12:31:10","date_gmt":"2025-01-03T15:31:10","guid":{"rendered":"https:\/\/pilt.com.ar\/parque-industrial\/?p=3490"},"modified":"2025-01-03T12:31:11","modified_gmt":"2025-01-03T15:31:11","slug":"nuevas-plantas-y-ampliaciones-en-el-parque-industrial-logistico-y-tecnologico-villa-maria","status":"publish","type":"post","link":"https:\/\/pilt.com.ar\/parque-industrial\/nuevas-plantas-y-ampliaciones-en-el-parque-industrial-logistico-y-tecnologico-villa-maria\/","title":{"rendered":"NUEVAS PLANTAS Y AMPLIACIONES EN EL PARQUE INDUSTRIAL, LOG\u00cdSTICO Y TECNOL\u00d3GICO VILLA MAR\u00cdA"},"content":{"rendered":"\n<p><em>En 2024, importantes empresas de diversos sectores han inaugurado o ampliado sus instalaciones en el PILT, consolidando al Parque como un hub clave para la innovaci\u00f3n, la log\u00edstica y el crecimiento industrial.<\/em><\/p>\n\n\n\n<p>El Parque Industrial, Log\u00edstico y Tecnol\u00f3gico de Villa Mar\u00eda (PILT) sigue consolid\u00e1ndose como un polo estrat\u00e9gico de desarrollo para empresas de diversas \u00e1reas productivas. A pesar de la coyuntura econ\u00f3mica, durante el a\u00f1o 2024 varias firmas han realizado inversiones en nuevas obras, lo que no solo refuerza la infraestructura del Ente, sino que tambi\u00e9n genera nuevas oportunidades laborales y de negocio.<\/p>\n\n\n\n<p><strong>Terramar<\/strong> finaliz\u00f3 la construcci\u00f3n de un dep\u00f3sito nacional de mercader\u00edas en el PILT, con un galp\u00f3n de 1200 metros cuadrados que se suma al Dep\u00f3sito Fiscal Aduanero que opera en el predio. El nuevo espacio permite a la empresa ofrecer soluciones log\u00edsticas m\u00e1s eficientes para el almacenamiento de mercader\u00edas, tanto nacionales como internacionales, y brinda a sus clientes mayor capacidad para gestionar sus productos antes de su exportaci\u00f3n o nacionalizaci\u00f3n.<\/p>\n\n\n\n<p>Por su parte, <strong>Transporte Ochoa<\/strong> levant\u00f3 un galp\u00f3n de 360 metros cuadrados para el lavado y mantenimiento de su flota de camiones. La empresa, dedicada a la log\u00edstica de cargas generales y transporte a nivel nacional e internacional, contempla adem\u00e1s la futura construcci\u00f3n de oficinas, lo que potenciar\u00e1 la operatividad y eficiencia en sus servicios.<\/p>\n\n\n\n<p><strong>Abastecimientos<\/strong> inaugur\u00f3 un nuevo galp\u00f3n de 900 metros cuadrados destinado al dep\u00f3sito de materia prima. Esta expansi\u00f3n forma parte de una serie de inversiones que la empresa est\u00e1 llevando a cabo para consolidarse como un proveedor clave de insumos para la industria alimentaria. En el evento de inauguraci\u00f3n, la empresa present\u00f3 sus proyectos de expansi\u00f3n, que incluyen la construcci\u00f3n de nuevas instalaciones para mejorar la log\u00edstica interna, como un comedor y un \u00e1rea de descanso para su personal. Adem\u00e1s, se destacan importantes iniciativas a mediano plazo, como la instalaci\u00f3n de c\u00e1maras frigor\u00edficas y el desarrollo de una nueva planta piloto para productos l\u00e1cteos.<\/p>\n\n\n\n<p>En el marco de su expansi\u00f3n, <strong>Araya Ingenier\u00eda SRL<\/strong> est\u00e1 llevando adelante la construcci\u00f3n de 1.500 metros cuadrados destinados a las \u00e1reas de pintura y dep\u00f3sito de productos terminados. Esta ampliaci\u00f3n refuerza la capacidad de la empresa para afrontar mayores demandas en la fabricaci\u00f3n y montaje de plantas industriales, destac\u00e1ndose en la industria metal\u00fargica y en la ejecuci\u00f3n de obras civiles. La firma tambi\u00e9n tiene en cartera nuevos proyectos, entre ellos, un edificio para albergar a su administraci\u00f3n.<\/p>\n\n\n\n<p>Estas inauguraciones y ampliaciones son testimonio del crecimiento y diversificaci\u00f3n del PILT, que contin\u00faa atrayendo inversiones de empresas de distintos sectores, consolid\u00e1ndose como un eje fundamental para el desarrollo econ\u00f3mico de Villa Mar\u00eda y la regi\u00f3n.<\/p>\n\n\n\n<p><\/p>\n","protected":false},"excerpt":{"rendered":"<p>En 2024, importantes empresas de diversos sectores han inaugurado o ampliado sus instalaciones en el PILT, consolidando al Parque como un hub clave para la innovaci\u00f3n, la log\u00edstica y el crecimiento industrial. El Parque Industrial, Log\u00edstico y Tecnol\u00f3gico de Villa Mar\u00eda (PILT) sigue consolid\u00e1ndose como un polo estrat\u00e9gico de desarrollo para empresas de diversas \u00e1reas [&hellip;]<\/p>\n","protected":false},"author":3,"featured_media":3491,"comment_status":"open","ping_status":"open","sticky":false,"template":"","format":"standard","meta":{"_jetpack_memberships_contains_paid_content":false,"footnotes":""},"categories":[2],"tags":[],"class_list":["post-3490","post","type-post","status-publish","format-standard","has-post-thumbnail","hentry","category-noticias"],"yoast_head":"<!-- This site is optimized with the Yoast SEO plugin v27.5 - https:\/\/yoast.com\/product\/yoast-seo-wordpress\/ -->\n<title>NUEVAS PLANTAS Y AMPLIACIONES EN EL PARQUE INDUSTRIAL, LOG\u00cdSTICO Y TECNOL\u00d3GICO VILLA MAR\u00cdA - PILT.com.ar<\/title>\n<meta name=\"robots\" content=\"index, follow, max-snippet:-1, max-image-preview:large, max-video-preview:-1\" \/>\n<link rel=\"canonical\" href=\"https:\/\/pilt.com.ar\/parque-industrial\/nuevas-plantas-y-ampliaciones-en-el-parque-industrial-logistico-y-tecnologico-villa-maria\/\" \/>\n<meta property=\"og:locale\" content=\"es_ES\" \/>\n<meta property=\"og:type\" content=\"article\" \/>\n<meta property=\"og:title\" content=\"NUEVAS PLANTAS Y AMPLIACIONES EN EL PARQUE INDUSTRIAL, LOG\u00cdSTICO Y TECNOL\u00d3GICO VILLA MAR\u00cdA - PILT.com.ar\" \/>\n<meta property=\"og:description\" content=\"En 2024, importantes empresas de diversos sectores han inaugurado o ampliado sus instalaciones en el PILT, consolidando al Parque como un hub clave para la innovaci\u00f3n, la log\u00edstica y el crecimiento industrial. El Parque Industrial, Log\u00edstico y Tecnol\u00f3gico de Villa Mar\u00eda (PILT) sigue consolid\u00e1ndose como un polo estrat\u00e9gico de desarrollo para empresas de diversas \u00e1reas [&hellip;]\" \/>\n<meta property=\"og:url\" content=\"https:\/\/pilt.com.ar\/parque-industrial\/nuevas-plantas-y-ampliaciones-en-el-parque-industrial-logistico-y-tecnologico-villa-maria\/\" \/>\n<meta property=\"og:site_name\" content=\"PILT.com.ar\" \/>\n<meta property=\"article:published_time\" content=\"2025-01-03T15:31:10+00:00\" \/>\n<meta property=\"article:modified_time\" content=\"2025-01-03T15:31:11+00:00\" \/>\n<meta property=\"og:image\" content=\"https:\/\/i0.wp.com\/pilt.com.ar\/parque-industrial\/wp-content\/uploads\/2025\/01\/Imagen-de-WhatsApp-2025-01-03-a-las-09.35.52_fb56ebf1-2.jpg?fit=1192%2C762&ssl=1\" \/>\n\t<meta property=\"og:image:width\" content=\"1192\" \/>\n\t<meta property=\"og:image:height\" content=\"762\" \/>\n\t<meta property=\"og:image:type\" content=\"image\/jpeg\" \/>\n<meta name=\"author\" content=\"PILT\" \/>\n<meta name=\"twitter:card\" content=\"summary_large_image\" \/>\n<meta name=\"twitter:label1\" content=\"Escrito por\" \/>\n\t<meta name=\"twitter:data1\" content=\"PILT\" \/>\n\t<meta name=\"twitter:label2\" content=\"Tiempo de lectura\" \/>\n\t<meta name=\"twitter:data2\" content=\"3 minutos\" \/>\n<script type=\"application\/ld+json\" class=\"yoast-schema-graph\">{\"@context\":\"https:\\\/\\\/schema.org\",\"@graph\":[{\"@type\":\"Article\",\"@id\":\"https:\\\/\\\/pilt.com.ar\\\/parque-industrial\\\/nuevas-plantas-y-ampliaciones-en-el-parque-industrial-logistico-y-tecnologico-villa-maria\\\/#article\",\"isPartOf\":{\"@id\":\"https:\\\/\\\/pilt.com.ar\\\/parque-industrial\\\/nuevas-plantas-y-ampliaciones-en-el-parque-industrial-logistico-y-tecnologico-villa-maria\\\/\"},\"author\":{\"name\":\"PILT\",\"@id\":\"https:\\\/\\\/pilt.com.ar\\\/parque-industrial\\\/#\\\/schema\\\/person\\\/2dfb9e2464de1c3deef20c25c30a8306\"},\"headline\":\"NUEVAS PLANTAS Y AMPLIACIONES EN EL PARQUE INDUSTRIAL, LOG\u00cdSTICO Y TECNOL\u00d3GICO VILLA MAR\u00cdA\",\"datePublished\":\"2025-01-03T15:31:10+00:00\",\"dateModified\":\"2025-01-03T15:31:11+00:00\",\"mainEntityOfPage\":{\"@id\":\"https:\\\/\\\/pilt.com.ar\\\/parque-industrial\\\/nuevas-plantas-y-ampliaciones-en-el-parque-industrial-logistico-y-tecnologico-villa-maria\\\/\"},\"wordCount\":498,\"commentCount\":0,\"image\":{\"@id\":\"https:\\\/\\\/pilt.com.ar\\\/parque-industrial\\\/nuevas-plantas-y-ampliaciones-en-el-parque-industrial-logistico-y-tecnologico-villa-maria\\\/#primaryimage\"},\"thumbnailUrl\":\"https:\\\/\\\/i0.wp.com\\\/pilt.com.ar\\\/parque-industrial\\\/wp-content\\\/uploads\\\/2025\\\/01\\\/Imagen-de-WhatsApp-2025-01-03-a-las-09.35.52_fb56ebf1-2.jpg?fit=1192%2C762&ssl=1\",\"articleSection\":[\"Noticias\"],\"inLanguage\":\"es\",\"potentialAction\":[{\"@type\":\"CommentAction\",\"name\":\"Comment\",\"target\":[\"https:\\\/\\\/pilt.com.ar\\\/parque-industrial\\\/nuevas-plantas-y-ampliaciones-en-el-parque-industrial-logistico-y-tecnologico-villa-maria\\\/#respond\"]}]},{\"@type\":\"WebPage\",\"@id\":\"https:\\\/\\\/pilt.com.ar\\\/parque-industrial\\\/nuevas-plantas-y-ampliaciones-en-el-parque-industrial-logistico-y-tecnologico-villa-maria\\\/\",\"url\":\"https:\\\/\\\/pilt.com.ar\\\/parque-industrial\\\/nuevas-plantas-y-ampliaciones-en-el-parque-industrial-logistico-y-tecnologico-villa-maria\\\/\",\"name\":\"NUEVAS PLANTAS Y AMPLIACIONES EN EL PARQUE INDUSTRIAL, LOG\u00cdSTICO Y TECNOL\u00d3GICO VILLA MAR\u00cdA - PILT.com.ar\",\"isPartOf\":{\"@id\":\"https:\\\/\\\/pilt.com.ar\\\/parque-industrial\\\/#website\"},\"primaryImageOfPage\":{\"@id\":\"https:\\\/\\\/pilt.com.ar\\\/parque-industrial\\\/nuevas-plantas-y-ampliaciones-en-el-parque-industrial-logistico-y-tecnologico-villa-maria\\\/#primaryimage\"},\"image\":{\"@id\":\"https:\\\/\\\/pilt.com.ar\\\/parque-industrial\\\/nuevas-plantas-y-ampliaciones-en-el-parque-industrial-logistico-y-tecnologico-villa-maria\\\/#primaryimage\"},\"thumbnailUrl\":\"https:\\\/\\\/i0.wp.com\\\/pilt.com.ar\\\/parque-industrial\\\/wp-content\\\/uploads\\\/2025\\\/01\\\/Imagen-de-WhatsApp-2025-01-03-a-las-09.35.52_fb56ebf1-2.jpg?fit=1192%2C762&ssl=1\",\"datePublished\":\"2025-01-03T15:31:10+00:00\",\"dateModified\":\"2025-01-03T15:31:11+00:00\",\"author\":{\"@id\":\"https:\\\/\\\/pilt.com.ar\\\/parque-industrial\\\/#\\\/schema\\\/person\\\/2dfb9e2464de1c3deef20c25c30a8306\"},\"inLanguage\":\"es\",\"potentialAction\":[{\"@type\":\"ReadAction\",\"target\":[\"https:\\\/\\\/pilt.com.ar\\\/parque-industrial\\\/nuevas-plantas-y-ampliaciones-en-el-parque-industrial-logistico-y-tecnologico-villa-maria\\\/\"]}]},{\"@type\":\"ImageObject\",\"inLanguage\":\"es\",\"@id\":\"https:\\\/\\\/pilt.com.ar\\\/parque-industrial\\\/nuevas-plantas-y-ampliaciones-en-el-parque-industrial-logistico-y-tecnologico-villa-maria\\\/#primaryimage\",\"url\":\"https:\\\/\\\/i0.wp.com\\\/pilt.com.ar\\\/parque-industrial\\\/wp-content\\\/uploads\\\/2025\\\/01\\\/Imagen-de-WhatsApp-2025-01-03-a-las-09.35.52_fb56ebf1-2.jpg?fit=1192%2C762&ssl=1\",\"contentUrl\":\"https:\\\/\\\/i0.wp.com\\\/pilt.com.ar\\\/parque-industrial\\\/wp-content\\\/uploads\\\/2025\\\/01\\\/Imagen-de-WhatsApp-2025-01-03-a-las-09.35.52_fb56ebf1-2.jpg?fit=1192%2C762&ssl=1\",\"width\":1192,\"height\":762},{\"@type\":\"WebSite\",\"@id\":\"https:\\\/\\\/pilt.com.ar\\\/parque-industrial\\\/#website\",\"url\":\"https:\\\/\\\/pilt.com.ar\\\/parque-industrial\\\/\",\"name\":\"PILT.com.ar\",\"description\":\"Parque Industrial, Log\u00edstico y Tecnol\u00f3gico Villa Mar\u00eda\",\"potentialAction\":[{\"@type\":\"SearchAction\",\"target\":{\"@type\":\"EntryPoint\",\"urlTemplate\":\"https:\\\/\\\/pilt.com.ar\\\/parque-industrial\\\/?s={search_term_string}\"},\"query-input\":{\"@type\":\"PropertyValueSpecification\",\"valueRequired\":true,\"valueName\":\"search_term_string\"}}],\"inLanguage\":\"es\"},{\"@type\":\"Person\",\"@id\":\"https:\\\/\\\/pilt.com.ar\\\/parque-industrial\\\/#\\\/schema\\\/person\\\/2dfb9e2464de1c3deef20c25c30a8306\",\"name\":\"PILT\",\"image\":{\"@type\":\"ImageObject\",\"inLanguage\":\"es\",\"@id\":\"https:\\\/\\\/secure.gravatar.com\\\/avatar\\\/5e3734c8d8c8e0b0d45f923c14a14d7b90521d573d02f0d91360a777095ee42b?s=96&d=mm&r=g\",\"url\":\"https:\\\/\\\/secure.gravatar.com\\\/avatar\\\/5e3734c8d8c8e0b0d45f923c14a14d7b90521d573d02f0d91360a777095ee42b?s=96&d=mm&r=g\",\"contentUrl\":\"https:\\\/\\\/secure.gravatar.com\\\/avatar\\\/5e3734c8d8c8e0b0d45f923c14a14d7b90521d573d02f0d91360a777095ee42b?s=96&d=mm&r=g\",\"caption\":\"PILT\"},\"url\":\"https:\\\/\\\/pilt.com.ar\\\/parque-industrial\\\/author\\\/pilt\\\/\"}]}<\/script>\n<!-- \/ Yoast SEO plugin. -->","yoast_head_json":{"title":"NUEVAS PLANTAS Y AMPLIACIONES EN EL PARQUE INDUSTRIAL, LOG\u00cdSTICO Y TECNOL\u00d3GICO VILLA MAR\u00cdA - PILT.com.ar","robots":{"index":"index","follow":"follow","max-snippet":"max-snippet:-1","max-image-preview":"max-image-preview:large","max-video-preview":"max-video-preview:-1"},"canonical":"https:\/\/pilt.com.ar\/parque-industrial\/nuevas-plantas-y-ampliaciones-en-el-parque-industrial-logistico-y-tecnologico-villa-maria\/","og_locale":"es_ES","og_type":"article","og_title":"NUEVAS PLANTAS Y AMPLIACIONES EN EL PARQUE INDUSTRIAL, LOG\u00cdSTICO Y TECNOL\u00d3GICO VILLA MAR\u00cdA - PILT.com.ar","og_description":"En 2024, importantes empresas de diversos sectores han inaugurado o ampliado sus instalaciones en el PILT, consolidando al Parque como un hub clave para la innovaci\u00f3n, la log\u00edstica y el crecimiento industrial. El Parque Industrial, Log\u00edstico y Tecnol\u00f3gico de Villa Mar\u00eda (PILT) sigue consolid\u00e1ndose como un polo estrat\u00e9gico de desarrollo para empresas de diversas \u00e1reas [&hellip;]","og_url":"https:\/\/pilt.com.ar\/parque-industrial\/nuevas-plantas-y-ampliaciones-en-el-parque-industrial-logistico-y-tecnologico-villa-maria\/","og_site_name":"PILT.com.ar","article_published_time":"2025-01-03T15:31:10+00:00","article_modified_time":"2025-01-03T15:31:11+00:00","og_image":[{"width":1192,"height":762,"url":"https:\/\/i0.wp.com\/pilt.com.ar\/parque-industrial\/wp-content\/uploads\/2025\/01\/Imagen-de-WhatsApp-2025-01-03-a-las-09.35.52_fb56ebf1-2.jpg?fit=1192%2C762&ssl=1","type":"image\/jpeg"}],"author":"PILT","twitter_card":"summary_large_image","twitter_misc":{"Escrito por":"PILT","Tiempo de lectura":"3 minutos"},"schema":{"@context":"https:\/\/schema.org","@graph":[{"@type":"Article","@id":"https:\/\/pilt.com.ar\/parque-industrial\/nuevas-plantas-y-ampliaciones-en-el-parque-industrial-logistico-y-tecnologico-villa-maria\/#article","isPartOf":{"@id":"https:\/\/pilt.com.ar\/parque-industrial\/nuevas-plantas-y-ampliaciones-en-el-parque-industrial-logistico-y-tecnologico-villa-maria\/"},"author":{"name":"PILT","@id":"https:\/\/pilt.com.ar\/parque-industrial\/#\/schema\/person\/2dfb9e2464de1c3deef20c25c30a8306"},"headline":"NUEVAS PLANTAS Y AMPLIACIONES EN EL PARQUE INDUSTRIAL, LOG\u00cdSTICO Y TECNOL\u00d3GICO VILLA MAR\u00cdA","datePublished":"2025-01-03T15:31:10+00:00","dateModified":"2025-01-03T15:31:11+00:00","mainEntityOfPage":{"@id":"https:\/\/pilt.com.ar\/parque-industrial\/nuevas-plantas-y-ampliaciones-en-el-parque-industrial-logistico-y-tecnologico-villa-maria\/"},"wordCount":498,"commentCount":0,"image":{"@id":"https:\/\/pilt.com.ar\/parque-industrial\/nuevas-plantas-y-ampliaciones-en-el-parque-industrial-logistico-y-tecnologico-villa-maria\/#primaryimage"},"thumbnailUrl":"https:\/\/i0.wp.com\/pilt.com.ar\/parque-industrial\/wp-content\/uploads\/2025\/01\/Imagen-de-WhatsApp-2025-01-03-a-las-09.35.52_fb56ebf1-2.jpg?fit=1192%2C762&ssl=1","articleSection":["Noticias"],"inLanguage":"es","potentialAction":[{"@type":"CommentAction","name":"Comment","target":["https:\/\/pilt.com.ar\/parque-industrial\/nuevas-plantas-y-ampliaciones-en-el-parque-industrial-logistico-y-tecnologico-villa-maria\/#respond"]}]},{"@type":"WebPage","@id":"https:\/\/pilt.com.ar\/parque-industrial\/nuevas-plantas-y-ampliaciones-en-el-parque-industrial-logistico-y-tecnologico-villa-maria\/","url":"https:\/\/pilt.com.ar\/parque-industrial\/nuevas-plantas-y-ampliaciones-en-el-parque-industrial-logistico-y-tecnologico-villa-maria\/","name":"NUEVAS PLANTAS Y AMPLIACIONES EN EL PARQUE INDUSTRIAL, LOG\u00cdSTICO Y TECNOL\u00d3GICO VILLA MAR\u00cdA - PILT.com.ar","isPartOf":{"@id":"https:\/\/pilt.com.ar\/parque-industrial\/#website"},"primaryImageOfPage":{"@id":"https:\/\/pilt.com.ar\/parque-industrial\/nuevas-plantas-y-ampliaciones-en-el-parque-industrial-logistico-y-tecnologico-villa-maria\/#primaryimage"},"image":{"@id":"https:\/\/pilt.com.ar\/parque-industrial\/nuevas-plantas-y-ampliaciones-en-el-parque-industrial-logistico-y-tecnologico-villa-maria\/#primaryimage"},"thumbnailUrl":"https:\/\/i0.wp.com\/pilt.com.ar\/parque-industrial\/wp-content\/uploads\/2025\/01\/Imagen-de-WhatsApp-2025-01-03-a-las-09.35.52_fb56ebf1-2.jpg?fit=1192%2C762&ssl=1","datePublished":"2025-01-03T15:31:10+00:00","dateModified":"2025-01-03T15:31:11+00:00","author":{"@id":"https:\/\/pilt.com.ar\/parque-industrial\/#\/schema\/person\/2dfb9e2464de1c3deef20c25c30a8306"},"inLanguage":"es","potentialAction":[{"@type":"ReadAction","target":["https:\/\/pilt.com.ar\/parque-industrial\/nuevas-plantas-y-ampliaciones-en-el-parque-industrial-logistico-y-tecnologico-villa-maria\/"]}]},{"@type":"ImageObject","inLanguage":"es","@id":"https:\/\/pilt.com.ar\/parque-industrial\/nuevas-plantas-y-ampliaciones-en-el-parque-industrial-logistico-y-tecnologico-villa-maria\/#primaryimage","url":"https:\/\/i0.wp.com\/pilt.com.ar\/parque-industrial\/wp-content\/uploads\/2025\/01\/Imagen-de-WhatsApp-2025-01-03-a-las-09.35.52_fb56ebf1-2.jpg?fit=1192%2C762&ssl=1","contentUrl":"https:\/\/i0.wp.com\/pilt.com.ar\/parque-industrial\/wp-content\/uploads\/2025\/01\/Imagen-de-WhatsApp-2025-01-03-a-las-09.35.52_fb56ebf1-2.jpg?fit=1192%2C762&ssl=1","width":1192,"height":762},{"@type":"WebSite","@id":"https:\/\/pilt.com.ar\/parque-industrial\/#website","url":"https:\/\/pilt.com.ar\/parque-industrial\/","name":"PILT.com.ar","description":"Parque Industrial, Log\u00edstico y Tecnol\u00f3gico Villa Mar\u00eda","potentialAction":[{"@type":"SearchAction","target":{"@type":"EntryPoint","urlTemplate":"https:\/\/pilt.com.ar\/parque-industrial\/?s={search_term_string}"},"query-input":{"@type":"PropertyValueSpecification","valueRequired":true,"valueName":"search_term_string"}}],"inLanguage":"es"},{"@type":"Person","@id":"https:\/\/pilt.com.ar\/parque-industrial\/#\/schema\/person\/2dfb9e2464de1c3deef20c25c30a8306","name":"PILT","image":{"@type":"ImageObject","inLanguage":"es","@id":"https:\/\/secure.gravatar.com\/avatar\/5e3734c8d8c8e0b0d45f923c14a14d7b90521d573d02f0d91360a777095ee42b?s=96&d=mm&r=g","url":"https:\/\/secure.gravatar.com\/avatar\/5e3734c8d8c8e0b0d45f923c14a14d7b90521d573d02f0d91360a777095ee42b?s=96&d=mm&r=g","contentUrl":"https:\/\/secure.gravatar.com\/avatar\/5e3734c8d8c8e0b0d45f923c14a14d7b90521d573d02f0d91360a777095ee42b?s=96&d=mm&r=g","caption":"PILT"},"url":"https:\/\/pilt.com.ar\/parque-industrial\/author\/pilt\/"}]}},"jetpack_featured_media_url":"https:\/\/i0.wp.com\/pilt.com.ar\/parque-industrial\/wp-content\/uploads\/2025\/01\/Imagen-de-WhatsApp-2025-01-03-a-las-09.35.52_fb56ebf1-2.jpg?fit=1192%2C762&ssl=1","jetpack_sharing_enabled":true,"_links":{"self":[{"href":"https:\/\/pilt.com.ar\/parque-industrial\/wp-json\/wp\/v2\/posts\/3490","targetHints":{"allow":["GET"]}}],"collection":[{"href":"https:\/\/pilt.com.ar\/parque-industrial\/wp-json\/wp\/v2\/posts"}],"about":[{"href":"https:\/\/pilt.com.ar\/parque-industrial\/wp-json\/wp\/v2\/types\/post"}],"author":[{"embeddable":true,"href":"https:\/\/pilt.com.ar\/parque-industrial\/wp-json\/wp\/v2\/users\/3"}],"replies":[{"embeddable":true,"href":"https:\/\/pilt.com.ar\/parque-industrial\/wp-json\/wp\/v2\/comments?post=3490"}],"version-history":[{"count":1,"href":"https:\/\/pilt.com.ar\/parque-industrial\/wp-json\/wp\/v2\/posts\/3490\/revisions"}],"predecessor-version":[{"id":3492,"href":"https:\/\/pilt.com.ar\/parque-industrial\/wp-json\/wp\/v2\/posts\/3490\/revisions\/3492"}],"wp:featuredmedia":[{"embeddable":true,"href":"https:\/\/pilt.com.ar\/parque-industrial\/wp-json\/wp\/v2\/media\/3491"}],"wp:attachment":[{"href":"https:\/\/pilt.com.ar\/parque-industrial\/wp-json\/wp\/v2\/media?parent=3490"}],"wp:term":[{"taxonomy":"category","embeddable":true,"href":"https:\/\/pilt.com.ar\/parque-industrial\/wp-json\/wp\/v2\/categories?post=3490"},{"taxonomy":"post_tag","embeddable":true,"href":"https:\/\/pilt.com.ar\/parque-industrial\/wp-json\/wp\/v2\/tags?post=3490"}],"curies":[{"name":"wp","href":"https:\/\/api.w.org\/{rel}","templated":true}]}}