{"id":3478,"date":"2024-12-13T14:27:19","date_gmt":"2024-12-13T17:27:19","guid":{"rendered":"https:\/\/pilt.com.ar\/parque-industrial\/?p=3478"},"modified":"2024-12-13T14:27:20","modified_gmt":"2024-12-13T17:27:20","slug":"visita-a-la-fabrica-argentina-de-aviones-fadea","status":"publish","type":"post","link":"https:\/\/pilt.com.ar\/parque-industrial\/visita-a-la-fabrica-argentina-de-aviones-fadea\/","title":{"rendered":"VISITA A LA F\u00c1BRICA ARGENTINA DE AVIONES (FADEA)"},"content":{"rendered":"\n<p class=\"has-text-align-center\"><em>Desde el Ente se promovi\u00f3 el encuentro para que conozca las actividades que se realizan en el establecimiento Santiago C\u00e1mpora, ganador de la Medalla de Oro en la Olimpiada Internacional de Matem\u00e1tica ATACALAR 2024.<\/em><\/p>\n\n\n\n<p>Una comitiva del Parque Industrial, Log\u00edstico y Tecnol\u00f3gico Villa Mar\u00eda (PILT), encabezada por su gerente, Lic. Carlos Montoto Galiano, y miembros del Directorio, visit\u00f3 recientemente la F\u00e1brica Argentina de Aviones (FAdeA). Este encuentro se gestion\u00f3 con el prop\u00f3sito de reconocer al estudiante Santiago C\u00e1mpora, quien obtuvo la Medalla de Oro en la Olimpiada Internacional de Matem\u00e1tica ATACALAR 2024, representando a la ciudad de Villa Mar\u00eda.<\/p>\n\n\n\n<p>La visita fue coordinada gracias al compromiso del presidente del PILT, Carlos Pizzorno, quien facilit\u00f3 el traslado de C\u00e1mpora, que asisti\u00f3 acompa\u00f1ado por su madre. Adem\u00e1s, se extendi\u00f3 la invitaci\u00f3n a los dos estudiantes con los mejores promedios del \u00faltimo a\u00f1o de las carreras de Ingenier\u00eda Mec\u00e1nica e Ingenier\u00eda Electr\u00f3nica de la Facultad Regional Villa Mar\u00eda de la UTN.<\/p>\n\n\n\n<p>En FAdeA, la comitiva fue recibida por el gerente general, Federico Bima; el gerente de Relaciones Institucionales, Sebasti\u00e1n Ugarte; y el gerente de Ingenier\u00eda, Juan Vidal. Durante la visita, los directivos de la f\u00e1brica brindaron una detallada explicaci\u00f3n sobre las diversas actividades que realizan en el establecimiento, destacando tanto el trabajo con las Fuerzas Armadas y de Seguridad como su participaci\u00f3n en el sector aeron\u00e1utico comercial. Adem\u00e1s, se compartieron los avances en proyectos de desarrollo propio, como el avi\u00f3n biplaza IA-100, destinado a la formaci\u00f3n de pilotos y para tareas operativas civiles y militares.<\/p>\n\n\n\n<p><strong>IncubaCor<\/strong><\/p>\n\n\n\n<p>En otro orden, el gerente del PILT, Lic. Carlos Montoto Galiano, particip\u00f3 de una reuni\u00f3n en el Campus de la Universidad Nacional de Villa Mar\u00eda (UNVM). En ese espacio, se analizaron diversas cuestiones relacionadas con la tercera cohorte del programa IncubaCor Villa Mar\u00eda, un programa de preincubaci\u00f3n de emprendedores del Gobierno de C\u00f3rdoba. El evento cont\u00f3 con la presencia de autoridades de la UNVM y referentes del ecosistema emprendedor local, con el objetivo de fortalecer el apoyo a nuevos proyectos e impulsar el desarrollo econ\u00f3mico de la regi\u00f3n.<\/p>\n","protected":false},"excerpt":{"rendered":"<p>Desde el Ente se promovi\u00f3 el encuentro para que conozca las actividades que se realizan en el establecimiento Santiago C\u00e1mpora, ganador de la Medalla de Oro en la Olimpiada Internacional de Matem\u00e1tica ATACALAR 2024. Una comitiva del Parque Industrial, Log\u00edstico y Tecnol\u00f3gico Villa Mar\u00eda (PILT), encabezada por su gerente, Lic. Carlos Montoto Galiano, y miembros [&hellip;]<\/p>\n","protected":false},"author":3,"featured_media":3479,"comment_status":"open","ping_status":"open","sticky":false,"template":"","format":"standard","meta":{"_jetpack_memberships_contains_paid_content":false,"footnotes":""},"categories":[2],"tags":[],"class_list":["post-3478","post","type-post","status-publish","format-standard","has-post-thumbnail","hentry","category-noticias"],"yoast_head":"<!-- This site is optimized with the Yoast SEO plugin v27.5 - https:\/\/yoast.com\/product\/yoast-seo-wordpress\/ -->\n<title>VISITA A LA F\u00c1BRICA ARGENTINA DE AVIONES (FADEA) - PILT.com.ar<\/title>\n<meta name=\"robots\" content=\"index, follow, max-snippet:-1, max-image-preview:large, max-video-preview:-1\" \/>\n<link rel=\"canonical\" href=\"https:\/\/pilt.com.ar\/parque-industrial\/visita-a-la-fabrica-argentina-de-aviones-fadea\/\" \/>\n<meta property=\"og:locale\" content=\"es_ES\" \/>\n<meta property=\"og:type\" content=\"article\" \/>\n<meta property=\"og:title\" content=\"VISITA A LA F\u00c1BRICA ARGENTINA DE AVIONES (FADEA) - PILT.com.ar\" \/>\n<meta property=\"og:description\" content=\"Desde el Ente se promovi\u00f3 el encuentro para que conozca las actividades que se realizan en el establecimiento Santiago C\u00e1mpora, ganador de la Medalla de Oro en la Olimpiada Internacional de Matem\u00e1tica ATACALAR 2024. Una comitiva del Parque Industrial, Log\u00edstico y Tecnol\u00f3gico Villa Mar\u00eda (PILT), encabezada por su gerente, Lic. Carlos Montoto Galiano, y miembros [&hellip;]\" \/>\n<meta property=\"og:url\" content=\"https:\/\/pilt.com.ar\/parque-industrial\/visita-a-la-fabrica-argentina-de-aviones-fadea\/\" \/>\n<meta property=\"og:site_name\" content=\"PILT.com.ar\" \/>\n<meta property=\"article:published_time\" content=\"2024-12-13T17:27:19+00:00\" \/>\n<meta property=\"article:modified_time\" content=\"2024-12-13T17:27:20+00:00\" \/>\n<meta property=\"og:image\" content=\"https:\/\/i0.wp.com\/pilt.com.ar\/parque-industrial\/wp-content\/uploads\/2024\/12\/Imagen-de-WhatsApp-2024-12-12-a-las-11.21.32_c3ba0ba2-scaled.jpg?fit=2560%2C1441&ssl=1\" \/>\n\t<meta property=\"og:image:width\" content=\"2560\" \/>\n\t<meta property=\"og:image:height\" content=\"1441\" \/>\n\t<meta property=\"og:image:type\" content=\"image\/jpeg\" \/>\n<meta name=\"author\" content=\"PILT\" \/>\n<meta name=\"twitter:card\" content=\"summary_large_image\" \/>\n<meta name=\"twitter:label1\" content=\"Escrito por\" \/>\n\t<meta name=\"twitter:data1\" content=\"PILT\" \/>\n\t<meta name=\"twitter:label2\" content=\"Tiempo de lectura\" \/>\n\t<meta name=\"twitter:data2\" content=\"2 minutos\" \/>\n<script type=\"application\/ld+json\" class=\"yoast-schema-graph\">{\"@context\":\"https:\\\/\\\/schema.org\",\"@graph\":[{\"@type\":\"Article\",\"@id\":\"https:\\\/\\\/pilt.com.ar\\\/parque-industrial\\\/visita-a-la-fabrica-argentina-de-aviones-fadea\\\/#article\",\"isPartOf\":{\"@id\":\"https:\\\/\\\/pilt.com.ar\\\/parque-industrial\\\/visita-a-la-fabrica-argentina-de-aviones-fadea\\\/\"},\"author\":{\"name\":\"PILT\",\"@id\":\"https:\\\/\\\/pilt.com.ar\\\/parque-industrial\\\/#\\\/schema\\\/person\\\/2dfb9e2464de1c3deef20c25c30a8306\"},\"headline\":\"VISITA A LA F\u00c1BRICA ARGENTINA DE AVIONES (FADEA)\",\"datePublished\":\"2024-12-13T17:27:19+00:00\",\"dateModified\":\"2024-12-13T17:27:20+00:00\",\"mainEntityOfPage\":{\"@id\":\"https:\\\/\\\/pilt.com.ar\\\/parque-industrial\\\/visita-a-la-fabrica-argentina-de-aviones-fadea\\\/\"},\"wordCount\":384,\"commentCount\":0,\"image\":{\"@id\":\"https:\\\/\\\/pilt.com.ar\\\/parque-industrial\\\/visita-a-la-fabrica-argentina-de-aviones-fadea\\\/#primaryimage\"},\"thumbnailUrl\":\"https:\\\/\\\/i0.wp.com\\\/pilt.com.ar\\\/parque-industrial\\\/wp-content\\\/uploads\\\/2024\\\/12\\\/Imagen-de-WhatsApp-2024-12-12-a-las-11.21.32_c3ba0ba2-scaled.jpg?fit=2560%2C1441&ssl=1\",\"articleSection\":[\"Noticias\"],\"inLanguage\":\"es\",\"potentialAction\":[{\"@type\":\"CommentAction\",\"name\":\"Comment\",\"target\":[\"https:\\\/\\\/pilt.com.ar\\\/parque-industrial\\\/visita-a-la-fabrica-argentina-de-aviones-fadea\\\/#respond\"]}]},{\"@type\":\"WebPage\",\"@id\":\"https:\\\/\\\/pilt.com.ar\\\/parque-industrial\\\/visita-a-la-fabrica-argentina-de-aviones-fadea\\\/\",\"url\":\"https:\\\/\\\/pilt.com.ar\\\/parque-industrial\\\/visita-a-la-fabrica-argentina-de-aviones-fadea\\\/\",\"name\":\"VISITA A LA F\u00c1BRICA ARGENTINA DE AVIONES (FADEA) - PILT.com.ar\",\"isPartOf\":{\"@id\":\"https:\\\/\\\/pilt.com.ar\\\/parque-industrial\\\/#website\"},\"primaryImageOfPage\":{\"@id\":\"https:\\\/\\\/pilt.com.ar\\\/parque-industrial\\\/visita-a-la-fabrica-argentina-de-aviones-fadea\\\/#primaryimage\"},\"image\":{\"@id\":\"https:\\\/\\\/pilt.com.ar\\\/parque-industrial\\\/visita-a-la-fabrica-argentina-de-aviones-fadea\\\/#primaryimage\"},\"thumbnailUrl\":\"https:\\\/\\\/i0.wp.com\\\/pilt.com.ar\\\/parque-industrial\\\/wp-content\\\/uploads\\\/2024\\\/12\\\/Imagen-de-WhatsApp-2024-12-12-a-las-11.21.32_c3ba0ba2-scaled.jpg?fit=2560%2C1441&ssl=1\",\"datePublished\":\"2024-12-13T17:27:19+00:00\",\"dateModified\":\"2024-12-13T17:27:20+00:00\",\"author\":{\"@id\":\"https:\\\/\\\/pilt.com.ar\\\/parque-industrial\\\/#\\\/schema\\\/person\\\/2dfb9e2464de1c3deef20c25c30a8306\"},\"inLanguage\":\"es\",\"potentialAction\":[{\"@type\":\"ReadAction\",\"target\":[\"https:\\\/\\\/pilt.com.ar\\\/parque-industrial\\\/visita-a-la-fabrica-argentina-de-aviones-fadea\\\/\"]}]},{\"@type\":\"ImageObject\",\"inLanguage\":\"es\",\"@id\":\"https:\\\/\\\/pilt.com.ar\\\/parque-industrial\\\/visita-a-la-fabrica-argentina-de-aviones-fadea\\\/#primaryimage\",\"url\":\"https:\\\/\\\/i0.wp.com\\\/pilt.com.ar\\\/parque-industrial\\\/wp-content\\\/uploads\\\/2024\\\/12\\\/Imagen-de-WhatsApp-2024-12-12-a-las-11.21.32_c3ba0ba2-scaled.jpg?fit=2560%2C1441&ssl=1\",\"contentUrl\":\"https:\\\/\\\/i0.wp.com\\\/pilt.com.ar\\\/parque-industrial\\\/wp-content\\\/uploads\\\/2024\\\/12\\\/Imagen-de-WhatsApp-2024-12-12-a-las-11.21.32_c3ba0ba2-scaled.jpg?fit=2560%2C1441&ssl=1\",\"width\":2560,\"height\":1441},{\"@type\":\"WebSite\",\"@id\":\"https:\\\/\\\/pilt.com.ar\\\/parque-industrial\\\/#website\",\"url\":\"https:\\\/\\\/pilt.com.ar\\\/parque-industrial\\\/\",\"name\":\"PILT.com.ar\",\"description\":\"Parque Industrial, Log\u00edstico y Tecnol\u00f3gico Villa Mar\u00eda\",\"potentialAction\":[{\"@type\":\"SearchAction\",\"target\":{\"@type\":\"EntryPoint\",\"urlTemplate\":\"https:\\\/\\\/pilt.com.ar\\\/parque-industrial\\\/?s={search_term_string}\"},\"query-input\":{\"@type\":\"PropertyValueSpecification\",\"valueRequired\":true,\"valueName\":\"search_term_string\"}}],\"inLanguage\":\"es\"},{\"@type\":\"Person\",\"@id\":\"https:\\\/\\\/pilt.com.ar\\\/parque-industrial\\\/#\\\/schema\\\/person\\\/2dfb9e2464de1c3deef20c25c30a8306\",\"name\":\"PILT\",\"image\":{\"@type\":\"ImageObject\",\"inLanguage\":\"es\",\"@id\":\"https:\\\/\\\/secure.gravatar.com\\\/avatar\\\/5e3734c8d8c8e0b0d45f923c14a14d7b90521d573d02f0d91360a777095ee42b?s=96&d=mm&r=g\",\"url\":\"https:\\\/\\\/secure.gravatar.com\\\/avatar\\\/5e3734c8d8c8e0b0d45f923c14a14d7b90521d573d02f0d91360a777095ee42b?s=96&d=mm&r=g\",\"contentUrl\":\"https:\\\/\\\/secure.gravatar.com\\\/avatar\\\/5e3734c8d8c8e0b0d45f923c14a14d7b90521d573d02f0d91360a777095ee42b?s=96&d=mm&r=g\",\"caption\":\"PILT\"},\"url\":\"https:\\\/\\\/pilt.com.ar\\\/parque-industrial\\\/author\\\/pilt\\\/\"}]}<\/script>\n<!-- \/ Yoast SEO plugin. -->","yoast_head_json":{"title":"VISITA A LA F\u00c1BRICA ARGENTINA DE AVIONES (FADEA) - PILT.com.ar","robots":{"index":"index","follow":"follow","max-snippet":"max-snippet:-1","max-image-preview":"max-image-preview:large","max-video-preview":"max-video-preview:-1"},"canonical":"https:\/\/pilt.com.ar\/parque-industrial\/visita-a-la-fabrica-argentina-de-aviones-fadea\/","og_locale":"es_ES","og_type":"article","og_title":"VISITA A LA F\u00c1BRICA ARGENTINA DE AVIONES (FADEA) - PILT.com.ar","og_description":"Desde el Ente se promovi\u00f3 el encuentro para que conozca las actividades que se realizan en el establecimiento Santiago C\u00e1mpora, ganador de la Medalla de Oro en la Olimpiada Internacional de Matem\u00e1tica ATACALAR 2024. Una comitiva del Parque Industrial, Log\u00edstico y Tecnol\u00f3gico Villa Mar\u00eda (PILT), encabezada por su gerente, Lic. Carlos Montoto Galiano, y miembros [&hellip;]","og_url":"https:\/\/pilt.com.ar\/parque-industrial\/visita-a-la-fabrica-argentina-de-aviones-fadea\/","og_site_name":"PILT.com.ar","article_published_time":"2024-12-13T17:27:19+00:00","article_modified_time":"2024-12-13T17:27:20+00:00","og_image":[{"width":2560,"height":1441,"url":"https:\/\/i0.wp.com\/pilt.com.ar\/parque-industrial\/wp-content\/uploads\/2024\/12\/Imagen-de-WhatsApp-2024-12-12-a-las-11.21.32_c3ba0ba2-scaled.jpg?fit=2560%2C1441&ssl=1","type":"image\/jpeg"}],"author":"PILT","twitter_card":"summary_large_image","twitter_misc":{"Escrito por":"PILT","Tiempo de lectura":"2 minutos"},"schema":{"@context":"https:\/\/schema.org","@graph":[{"@type":"Article","@id":"https:\/\/pilt.com.ar\/parque-industrial\/visita-a-la-fabrica-argentina-de-aviones-fadea\/#article","isPartOf":{"@id":"https:\/\/pilt.com.ar\/parque-industrial\/visita-a-la-fabrica-argentina-de-aviones-fadea\/"},"author":{"name":"PILT","@id":"https:\/\/pilt.com.ar\/parque-industrial\/#\/schema\/person\/2dfb9e2464de1c3deef20c25c30a8306"},"headline":"VISITA A LA F\u00c1BRICA ARGENTINA DE AVIONES (FADEA)","datePublished":"2024-12-13T17:27:19+00:00","dateModified":"2024-12-13T17:27:20+00:00","mainEntityOfPage":{"@id":"https:\/\/pilt.com.ar\/parque-industrial\/visita-a-la-fabrica-argentina-de-aviones-fadea\/"},"wordCount":384,"commentCount":0,"image":{"@id":"https:\/\/pilt.com.ar\/parque-industrial\/visita-a-la-fabrica-argentina-de-aviones-fadea\/#primaryimage"},"thumbnailUrl":"https:\/\/i0.wp.com\/pilt.com.ar\/parque-industrial\/wp-content\/uploads\/2024\/12\/Imagen-de-WhatsApp-2024-12-12-a-las-11.21.32_c3ba0ba2-scaled.jpg?fit=2560%2C1441&ssl=1","articleSection":["Noticias"],"inLanguage":"es","potentialAction":[{"@type":"CommentAction","name":"Comment","target":["https:\/\/pilt.com.ar\/parque-industrial\/visita-a-la-fabrica-argentina-de-aviones-fadea\/#respond"]}]},{"@type":"WebPage","@id":"https:\/\/pilt.com.ar\/parque-industrial\/visita-a-la-fabrica-argentina-de-aviones-fadea\/","url":"https:\/\/pilt.com.ar\/parque-industrial\/visita-a-la-fabrica-argentina-de-aviones-fadea\/","name":"VISITA A LA F\u00c1BRICA ARGENTINA DE AVIONES (FADEA) - PILT.com.ar","isPartOf":{"@id":"https:\/\/pilt.com.ar\/parque-industrial\/#website"},"primaryImageOfPage":{"@id":"https:\/\/pilt.com.ar\/parque-industrial\/visita-a-la-fabrica-argentina-de-aviones-fadea\/#primaryimage"},"image":{"@id":"https:\/\/pilt.com.ar\/parque-industrial\/visita-a-la-fabrica-argentina-de-aviones-fadea\/#primaryimage"},"thumbnailUrl":"https:\/\/i0.wp.com\/pilt.com.ar\/parque-industrial\/wp-content\/uploads\/2024\/12\/Imagen-de-WhatsApp-2024-12-12-a-las-11.21.32_c3ba0ba2-scaled.jpg?fit=2560%2C1441&ssl=1","datePublished":"2024-12-13T17:27:19+00:00","dateModified":"2024-12-13T17:27:20+00:00","author":{"@id":"https:\/\/pilt.com.ar\/parque-industrial\/#\/schema\/person\/2dfb9e2464de1c3deef20c25c30a8306"},"inLanguage":"es","potentialAction":[{"@type":"ReadAction","target":["https:\/\/pilt.com.ar\/parque-industrial\/visita-a-la-fabrica-argentina-de-aviones-fadea\/"]}]},{"@type":"ImageObject","inLanguage":"es","@id":"https:\/\/pilt.com.ar\/parque-industrial\/visita-a-la-fabrica-argentina-de-aviones-fadea\/#primaryimage","url":"https:\/\/i0.wp.com\/pilt.com.ar\/parque-industrial\/wp-content\/uploads\/2024\/12\/Imagen-de-WhatsApp-2024-12-12-a-las-11.21.32_c3ba0ba2-scaled.jpg?fit=2560%2C1441&ssl=1","contentUrl":"https:\/\/i0.wp.com\/pilt.com.ar\/parque-industrial\/wp-content\/uploads\/2024\/12\/Imagen-de-WhatsApp-2024-12-12-a-las-11.21.32_c3ba0ba2-scaled.jpg?fit=2560%2C1441&ssl=1","width":2560,"height":1441},{"@type":"WebSite","@id":"https:\/\/pilt.com.ar\/parque-industrial\/#website","url":"https:\/\/pilt.com.ar\/parque-industrial\/","name":"PILT.com.ar","description":"Parque Industrial, Log\u00edstico y Tecnol\u00f3gico Villa Mar\u00eda","potentialAction":[{"@type":"SearchAction","target":{"@type":"EntryPoint","urlTemplate":"https:\/\/pilt.com.ar\/parque-industrial\/?s={search_term_string}"},"query-input":{"@type":"PropertyValueSpecification","valueRequired":true,"valueName":"search_term_string"}}],"inLanguage":"es"},{"@type":"Person","@id":"https:\/\/pilt.com.ar\/parque-industrial\/#\/schema\/person\/2dfb9e2464de1c3deef20c25c30a8306","name":"PILT","image":{"@type":"ImageObject","inLanguage":"es","@id":"https:\/\/secure.gravatar.com\/avatar\/5e3734c8d8c8e0b0d45f923c14a14d7b90521d573d02f0d91360a777095ee42b?s=96&d=mm&r=g","url":"https:\/\/secure.gravatar.com\/avatar\/5e3734c8d8c8e0b0d45f923c14a14d7b90521d573d02f0d91360a777095ee42b?s=96&d=mm&r=g","contentUrl":"https:\/\/secure.gravatar.com\/avatar\/5e3734c8d8c8e0b0d45f923c14a14d7b90521d573d02f0d91360a777095ee42b?s=96&d=mm&r=g","caption":"PILT"},"url":"https:\/\/pilt.com.ar\/parque-industrial\/author\/pilt\/"}]}},"jetpack_featured_media_url":"https:\/\/i0.wp.com\/pilt.com.ar\/parque-industrial\/wp-content\/uploads\/2024\/12\/Imagen-de-WhatsApp-2024-12-12-a-las-11.21.32_c3ba0ba2-scaled.jpg?fit=2560%2C1441&ssl=1","jetpack_sharing_enabled":true,"_links":{"self":[{"href":"https:\/\/pilt.com.ar\/parque-industrial\/wp-json\/wp\/v2\/posts\/3478","targetHints":{"allow":["GET"]}}],"collection":[{"href":"https:\/\/pilt.com.ar\/parque-industrial\/wp-json\/wp\/v2\/posts"}],"about":[{"href":"https:\/\/pilt.com.ar\/parque-industrial\/wp-json\/wp\/v2\/types\/post"}],"author":[{"embeddable":true,"href":"https:\/\/pilt.com.ar\/parque-industrial\/wp-json\/wp\/v2\/users\/3"}],"replies":[{"embeddable":true,"href":"https:\/\/pilt.com.ar\/parque-industrial\/wp-json\/wp\/v2\/comments?post=3478"}],"version-history":[{"count":1,"href":"https:\/\/pilt.com.ar\/parque-industrial\/wp-json\/wp\/v2\/posts\/3478\/revisions"}],"predecessor-version":[{"id":3480,"href":"https:\/\/pilt.com.ar\/parque-industrial\/wp-json\/wp\/v2\/posts\/3478\/revisions\/3480"}],"wp:featuredmedia":[{"embeddable":true,"href":"https:\/\/pilt.com.ar\/parque-industrial\/wp-json\/wp\/v2\/media\/3479"}],"wp:attachment":[{"href":"https:\/\/pilt.com.ar\/parque-industrial\/wp-json\/wp\/v2\/media?parent=3478"}],"wp:term":[{"taxonomy":"category","embeddable":true,"href":"https:\/\/pilt.com.ar\/parque-industrial\/wp-json\/wp\/v2\/categories?post=3478"},{"taxonomy":"post_tag","embeddable":true,"href":"https:\/\/pilt.com.ar\/parque-industrial\/wp-json\/wp\/v2\/tags?post=3478"}],"curies":[{"name":"wp","href":"https:\/\/api.w.org\/{rel}","templated":true}]}}