{"id":3475,"date":"2024-12-06T14:45:46","date_gmt":"2024-12-06T17:45:46","guid":{"rendered":"https:\/\/pilt.com.ar\/parque-industrial\/?p=3475"},"modified":"2024-12-06T14:45:47","modified_gmt":"2024-12-06T17:45:47","slug":"despedida-de-ano-con-medios-de-comunicacion","status":"publish","type":"post","link":"https:\/\/pilt.com.ar\/parque-industrial\/despedida-de-ano-con-medios-de-comunicacion\/","title":{"rendered":"DESPEDIDA DE A\u00d1O CON MEDIOS DE COMUNICACI\u00d3N"},"content":{"rendered":"\n<p><em>Se llev\u00f3 a cabo en el espacio de coworking de la entidad, donde se analizaron distintos aspectos relacionados con el desarrollo del Parque Industrial, Log\u00edstico y Tecnol\u00f3gico Villa Mar\u00eda (PILT).<\/em><\/p>\n\n\n\n<p>Con el objetivo de despedir el a\u00f1o, el Directorio del PILT organiz\u00f3 un encuentro con representantes de medios de comunicaci\u00f3n. Este evento sirvi\u00f3 no solo para estrechar v\u00ednculos con los periodistas que informan sobre el acontecer del Ente, sino tambi\u00e9n para hacer un balance de las actividades realizadas durante el a\u00f1o.<\/p>\n\n\n\n<p>La reuni\u00f3n, que se llev\u00f3 a cabo en el espacio de coworking de la entidad, estuvo encabezada por el presidente del PILT, Ing. Carlos Pizzorno, y el gerente, Lic. Carlos Montoto Galiano. Adem\u00e1s, participaron el director Gustavo G\u00f3mez Arrufat y los s\u00edndicos Abg. Ezequiel Cerezo y el Cr. Oscar Milanesio. Tambi\u00e9n acompa\u00f1\u00f3 a los directivos el presidente del Concejo Deliberante de Villa Mar\u00eda, Abg. Juan Pablo Inglese.<\/p>\n\n\n\n<p>En la ocasi\u00f3n, Carlos Pizzorno se\u00f1al\u00f3 a los medios que, aunque el a\u00f1o que finaliza estuvo marcado por la incertidumbre y no se caracteriz\u00f3 por un volumen elevado de ventas, \u00abnos fue bien como instituci\u00f3n para ordenar cuestiones internas y administrativas; as\u00ed que, de todos modos, fue un a\u00f1o provechoso. Esperamos un 2025 mejor y ya lo estamos viendo en el \u00e1nimo de los empresarios\u00bb.<\/p>\n\n\n\n<p>El presidente del PILT destac\u00f3 adem\u00e1s dos iniciativas vinculadas al sector educativo en las que la entidad tiene activa participaci\u00f3n: la futura radicaci\u00f3n de la Universidad Empresarial Siglo 21 en el predio y el dictado de la carrera de Ingenier\u00eda Civil en la Facultad Regional Villa Mar\u00eda de la UTN.<\/p>\n\n\n\n<p>Respecto al acuerdo para la construcci\u00f3n del Campus Universitario, por el cual el Ente cedi\u00f3 terrenos, Pizzorno indic\u00f3 que \u00abesto va a ayudar much\u00edsimo a las empresas de la regi\u00f3n a internacionalizarse, mediante una alta capacitaci\u00f3n de sus gerencias\u00bb. En cuanto al apoyo econ\u00f3mico para financiar el dictado de la carrera de Ingenier\u00eda Civil, afirm\u00f3: \u00abEl Parque se ha comprometido a solventar un 20% del presupuesto, un apoyo que no proviene del gasto de mantenimiento, sino de la venta de tierras. Estamos transformando tierras, un capital f\u00edsico, en patrimonio educativo y cultural, lo cual, en \u00faltima instancia, incrementa el valor de nuestra sociedad\u00bb.<\/p>\n\n\n\n<p>El titular de la entidad tambi\u00e9n se refiri\u00f3 al desarrollo que ha experimentado el predio en los \u00faltimos a\u00f1os: \u00abEl Parque ha crecido tanto que ha superado nuestras previsiones. Hoy nos quedan muy pocos terrenos. Para ampliar, hemos adquirido 54 hect\u00e1reas, donde se radic\u00f3 la generadora el\u00e9ctrica y donde pr\u00f3ximamente se ubicar\u00e1 la Universidad Siglo 21, as\u00ed como una divisi\u00f3n local de EPEC. A pesar de que todav\u00eda contamos con algunas hect\u00e1reas disponibles, debemos comenzar a prever una nueva ampliaci\u00f3n\u00bb, detall\u00f3.<\/p>\n\n\n\n<p>Pizzorno tambi\u00e9n comparti\u00f3 su visi\u00f3n sobre la coyuntura econ\u00f3mica y su impacto en el desarrollo industrial: \u00abHace algunos a\u00f1os mencion\u00e1bamos que la inflaci\u00f3n dificultaba el trabajo ordenado de las empresas. Cuando alcanza niveles elevados, es muy complicado presupuestar y prever los costos de producci\u00f3n. Esto genera un entorno de incertidumbre, ya que una gran parte del tiempo se dedica a calcular y actualizar los costos, sin obtener resultados concretos. Es tiempo perdido, ya que el objetivo es simplemente mantenerse actualizado para no perder\u00bb. Por esta raz\u00f3n, enfatiz\u00f3: \u00abEs una condici\u00f3n sine qua non tener un nivel de inflaci\u00f3n que no supere el 8 o 9% anual; por encima de ese umbral, las empresas enfrentan enormes dificultades\u00bb.<\/p>\n\n\n\n<p>Por su parte, el gerente del PILT, Carlos Montoto Galiano, agradeci\u00f3 a los medios de comunicaci\u00f3n por su labor, destacando la valiosa tarea que realizan para dar a conocer las novedades del Ente y su trabajo ante la comunidad.<\/p>\n","protected":false},"excerpt":{"rendered":"<p>Se llev\u00f3 a cabo en el espacio de coworking de la entidad, donde se analizaron distintos aspectos relacionados con el desarrollo del Parque Industrial, Log\u00edstico y Tecnol\u00f3gico Villa Mar\u00eda (PILT). Con el objetivo de despedir el a\u00f1o, el Directorio del PILT organiz\u00f3 un encuentro con representantes de medios de comunicaci\u00f3n. Este evento sirvi\u00f3 no solo [&hellip;]<\/p>\n","protected":false},"author":3,"featured_media":3476,"comment_status":"open","ping_status":"open","sticky":false,"template":"","format":"standard","meta":{"_jetpack_memberships_contains_paid_content":false,"footnotes":""},"categories":[2],"tags":[],"class_list":["post-3475","post","type-post","status-publish","format-standard","has-post-thumbnail","hentry","category-noticias"],"yoast_head":"<!-- This site is optimized with the Yoast SEO plugin v27.5 - https:\/\/yoast.com\/product\/yoast-seo-wordpress\/ -->\n<title>DESPEDIDA DE A\u00d1O CON MEDIOS DE COMUNICACI\u00d3N - PILT.com.ar<\/title>\n<meta name=\"robots\" content=\"index, follow, max-snippet:-1, max-image-preview:large, max-video-preview:-1\" \/>\n<link rel=\"canonical\" href=\"https:\/\/pilt.com.ar\/parque-industrial\/despedida-de-ano-con-medios-de-comunicacion\/\" \/>\n<meta property=\"og:locale\" content=\"es_ES\" \/>\n<meta property=\"og:type\" content=\"article\" \/>\n<meta property=\"og:title\" content=\"DESPEDIDA DE A\u00d1O CON MEDIOS DE COMUNICACI\u00d3N - PILT.com.ar\" \/>\n<meta property=\"og:description\" content=\"Se llev\u00f3 a cabo en el espacio de coworking de la entidad, donde se analizaron distintos aspectos relacionados con el desarrollo del Parque Industrial, Log\u00edstico y Tecnol\u00f3gico Villa Mar\u00eda (PILT). Con el objetivo de despedir el a\u00f1o, el Directorio del PILT organiz\u00f3 un encuentro con representantes de medios de comunicaci\u00f3n. Este evento sirvi\u00f3 no solo [&hellip;]\" \/>\n<meta property=\"og:url\" content=\"https:\/\/pilt.com.ar\/parque-industrial\/despedida-de-ano-con-medios-de-comunicacion\/\" \/>\n<meta property=\"og:site_name\" content=\"PILT.com.ar\" \/>\n<meta property=\"article:published_time\" content=\"2024-12-06T17:45:46+00:00\" \/>\n<meta property=\"article:modified_time\" content=\"2024-12-06T17:45:47+00:00\" \/>\n<meta property=\"og:image\" content=\"https:\/\/i0.wp.com\/pilt.com.ar\/parque-industrial\/wp-content\/uploads\/2024\/12\/Imagen-de-WhatsApp-2024-12-05-a-las-19.54.07_59add288.jpg?fit=1600%2C1200&ssl=1\" \/>\n\t<meta property=\"og:image:width\" content=\"1600\" \/>\n\t<meta property=\"og:image:height\" content=\"1200\" \/>\n\t<meta property=\"og:image:type\" content=\"image\/jpeg\" \/>\n<meta name=\"author\" content=\"PILT\" \/>\n<meta name=\"twitter:card\" content=\"summary_large_image\" \/>\n<meta name=\"twitter:label1\" content=\"Escrito por\" \/>\n\t<meta name=\"twitter:data1\" content=\"PILT\" \/>\n\t<meta name=\"twitter:label2\" content=\"Tiempo de lectura\" \/>\n\t<meta name=\"twitter:data2\" content=\"3 minutos\" \/>\n<script type=\"application\/ld+json\" class=\"yoast-schema-graph\">{\"@context\":\"https:\\\/\\\/schema.org\",\"@graph\":[{\"@type\":\"Article\",\"@id\":\"https:\\\/\\\/pilt.com.ar\\\/parque-industrial\\\/despedida-de-ano-con-medios-de-comunicacion\\\/#article\",\"isPartOf\":{\"@id\":\"https:\\\/\\\/pilt.com.ar\\\/parque-industrial\\\/despedida-de-ano-con-medios-de-comunicacion\\\/\"},\"author\":{\"name\":\"PILT\",\"@id\":\"https:\\\/\\\/pilt.com.ar\\\/parque-industrial\\\/#\\\/schema\\\/person\\\/2dfb9e2464de1c3deef20c25c30a8306\"},\"headline\":\"DESPEDIDA DE A\u00d1O CON MEDIOS DE COMUNICACI\u00d3N\",\"datePublished\":\"2024-12-06T17:45:46+00:00\",\"dateModified\":\"2024-12-06T17:45:47+00:00\",\"mainEntityOfPage\":{\"@id\":\"https:\\\/\\\/pilt.com.ar\\\/parque-industrial\\\/despedida-de-ano-con-medios-de-comunicacion\\\/\"},\"wordCount\":655,\"commentCount\":0,\"image\":{\"@id\":\"https:\\\/\\\/pilt.com.ar\\\/parque-industrial\\\/despedida-de-ano-con-medios-de-comunicacion\\\/#primaryimage\"},\"thumbnailUrl\":\"https:\\\/\\\/i0.wp.com\\\/pilt.com.ar\\\/parque-industrial\\\/wp-content\\\/uploads\\\/2024\\\/12\\\/Imagen-de-WhatsApp-2024-12-05-a-las-19.54.07_59add288.jpg?fit=1600%2C1200&ssl=1\",\"articleSection\":[\"Noticias\"],\"inLanguage\":\"es\",\"potentialAction\":[{\"@type\":\"CommentAction\",\"name\":\"Comment\",\"target\":[\"https:\\\/\\\/pilt.com.ar\\\/parque-industrial\\\/despedida-de-ano-con-medios-de-comunicacion\\\/#respond\"]}]},{\"@type\":\"WebPage\",\"@id\":\"https:\\\/\\\/pilt.com.ar\\\/parque-industrial\\\/despedida-de-ano-con-medios-de-comunicacion\\\/\",\"url\":\"https:\\\/\\\/pilt.com.ar\\\/parque-industrial\\\/despedida-de-ano-con-medios-de-comunicacion\\\/\",\"name\":\"DESPEDIDA DE A\u00d1O CON MEDIOS DE COMUNICACI\u00d3N - PILT.com.ar\",\"isPartOf\":{\"@id\":\"https:\\\/\\\/pilt.com.ar\\\/parque-industrial\\\/#website\"},\"primaryImageOfPage\":{\"@id\":\"https:\\\/\\\/pilt.com.ar\\\/parque-industrial\\\/despedida-de-ano-con-medios-de-comunicacion\\\/#primaryimage\"},\"image\":{\"@id\":\"https:\\\/\\\/pilt.com.ar\\\/parque-industrial\\\/despedida-de-ano-con-medios-de-comunicacion\\\/#primaryimage\"},\"thumbnailUrl\":\"https:\\\/\\\/i0.wp.com\\\/pilt.com.ar\\\/parque-industrial\\\/wp-content\\\/uploads\\\/2024\\\/12\\\/Imagen-de-WhatsApp-2024-12-05-a-las-19.54.07_59add288.jpg?fit=1600%2C1200&ssl=1\",\"datePublished\":\"2024-12-06T17:45:46+00:00\",\"dateModified\":\"2024-12-06T17:45:47+00:00\",\"author\":{\"@id\":\"https:\\\/\\\/pilt.com.ar\\\/parque-industrial\\\/#\\\/schema\\\/person\\\/2dfb9e2464de1c3deef20c25c30a8306\"},\"inLanguage\":\"es\",\"potentialAction\":[{\"@type\":\"ReadAction\",\"target\":[\"https:\\\/\\\/pilt.com.ar\\\/parque-industrial\\\/despedida-de-ano-con-medios-de-comunicacion\\\/\"]}]},{\"@type\":\"ImageObject\",\"inLanguage\":\"es\",\"@id\":\"https:\\\/\\\/pilt.com.ar\\\/parque-industrial\\\/despedida-de-ano-con-medios-de-comunicacion\\\/#primaryimage\",\"url\":\"https:\\\/\\\/i0.wp.com\\\/pilt.com.ar\\\/parque-industrial\\\/wp-content\\\/uploads\\\/2024\\\/12\\\/Imagen-de-WhatsApp-2024-12-05-a-las-19.54.07_59add288.jpg?fit=1600%2C1200&ssl=1\",\"contentUrl\":\"https:\\\/\\\/i0.wp.com\\\/pilt.com.ar\\\/parque-industrial\\\/wp-content\\\/uploads\\\/2024\\\/12\\\/Imagen-de-WhatsApp-2024-12-05-a-las-19.54.07_59add288.jpg?fit=1600%2C1200&ssl=1\",\"width\":1600,\"height\":1200},{\"@type\":\"WebSite\",\"@id\":\"https:\\\/\\\/pilt.com.ar\\\/parque-industrial\\\/#website\",\"url\":\"https:\\\/\\\/pilt.com.ar\\\/parque-industrial\\\/\",\"name\":\"PILT.com.ar\",\"description\":\"Parque Industrial, Log\u00edstico y Tecnol\u00f3gico Villa Mar\u00eda\",\"potentialAction\":[{\"@type\":\"SearchAction\",\"target\":{\"@type\":\"EntryPoint\",\"urlTemplate\":\"https:\\\/\\\/pilt.com.ar\\\/parque-industrial\\\/?s={search_term_string}\"},\"query-input\":{\"@type\":\"PropertyValueSpecification\",\"valueRequired\":true,\"valueName\":\"search_term_string\"}}],\"inLanguage\":\"es\"},{\"@type\":\"Person\",\"@id\":\"https:\\\/\\\/pilt.com.ar\\\/parque-industrial\\\/#\\\/schema\\\/person\\\/2dfb9e2464de1c3deef20c25c30a8306\",\"name\":\"PILT\",\"image\":{\"@type\":\"ImageObject\",\"inLanguage\":\"es\",\"@id\":\"https:\\\/\\\/secure.gravatar.com\\\/avatar\\\/5e3734c8d8c8e0b0d45f923c14a14d7b90521d573d02f0d91360a777095ee42b?s=96&d=mm&r=g\",\"url\":\"https:\\\/\\\/secure.gravatar.com\\\/avatar\\\/5e3734c8d8c8e0b0d45f923c14a14d7b90521d573d02f0d91360a777095ee42b?s=96&d=mm&r=g\",\"contentUrl\":\"https:\\\/\\\/secure.gravatar.com\\\/avatar\\\/5e3734c8d8c8e0b0d45f923c14a14d7b90521d573d02f0d91360a777095ee42b?s=96&d=mm&r=g\",\"caption\":\"PILT\"},\"url\":\"https:\\\/\\\/pilt.com.ar\\\/parque-industrial\\\/author\\\/pilt\\\/\"}]}<\/script>\n<!-- \/ Yoast SEO plugin. -->","yoast_head_json":{"title":"DESPEDIDA DE A\u00d1O CON MEDIOS DE COMUNICACI\u00d3N - PILT.com.ar","robots":{"index":"index","follow":"follow","max-snippet":"max-snippet:-1","max-image-preview":"max-image-preview:large","max-video-preview":"max-video-preview:-1"},"canonical":"https:\/\/pilt.com.ar\/parque-industrial\/despedida-de-ano-con-medios-de-comunicacion\/","og_locale":"es_ES","og_type":"article","og_title":"DESPEDIDA DE A\u00d1O CON MEDIOS DE COMUNICACI\u00d3N - PILT.com.ar","og_description":"Se llev\u00f3 a cabo en el espacio de coworking de la entidad, donde se analizaron distintos aspectos relacionados con el desarrollo del Parque Industrial, Log\u00edstico y Tecnol\u00f3gico Villa Mar\u00eda (PILT). Con el objetivo de despedir el a\u00f1o, el Directorio del PILT organiz\u00f3 un encuentro con representantes de medios de comunicaci\u00f3n. Este evento sirvi\u00f3 no solo [&hellip;]","og_url":"https:\/\/pilt.com.ar\/parque-industrial\/despedida-de-ano-con-medios-de-comunicacion\/","og_site_name":"PILT.com.ar","article_published_time":"2024-12-06T17:45:46+00:00","article_modified_time":"2024-12-06T17:45:47+00:00","og_image":[{"width":1600,"height":1200,"url":"https:\/\/i0.wp.com\/pilt.com.ar\/parque-industrial\/wp-content\/uploads\/2024\/12\/Imagen-de-WhatsApp-2024-12-05-a-las-19.54.07_59add288.jpg?fit=1600%2C1200&ssl=1","type":"image\/jpeg"}],"author":"PILT","twitter_card":"summary_large_image","twitter_misc":{"Escrito por":"PILT","Tiempo de lectura":"3 minutos"},"schema":{"@context":"https:\/\/schema.org","@graph":[{"@type":"Article","@id":"https:\/\/pilt.com.ar\/parque-industrial\/despedida-de-ano-con-medios-de-comunicacion\/#article","isPartOf":{"@id":"https:\/\/pilt.com.ar\/parque-industrial\/despedida-de-ano-con-medios-de-comunicacion\/"},"author":{"name":"PILT","@id":"https:\/\/pilt.com.ar\/parque-industrial\/#\/schema\/person\/2dfb9e2464de1c3deef20c25c30a8306"},"headline":"DESPEDIDA DE A\u00d1O CON MEDIOS DE COMUNICACI\u00d3N","datePublished":"2024-12-06T17:45:46+00:00","dateModified":"2024-12-06T17:45:47+00:00","mainEntityOfPage":{"@id":"https:\/\/pilt.com.ar\/parque-industrial\/despedida-de-ano-con-medios-de-comunicacion\/"},"wordCount":655,"commentCount":0,"image":{"@id":"https:\/\/pilt.com.ar\/parque-industrial\/despedida-de-ano-con-medios-de-comunicacion\/#primaryimage"},"thumbnailUrl":"https:\/\/i0.wp.com\/pilt.com.ar\/parque-industrial\/wp-content\/uploads\/2024\/12\/Imagen-de-WhatsApp-2024-12-05-a-las-19.54.07_59add288.jpg?fit=1600%2C1200&ssl=1","articleSection":["Noticias"],"inLanguage":"es","potentialAction":[{"@type":"CommentAction","name":"Comment","target":["https:\/\/pilt.com.ar\/parque-industrial\/despedida-de-ano-con-medios-de-comunicacion\/#respond"]}]},{"@type":"WebPage","@id":"https:\/\/pilt.com.ar\/parque-industrial\/despedida-de-ano-con-medios-de-comunicacion\/","url":"https:\/\/pilt.com.ar\/parque-industrial\/despedida-de-ano-con-medios-de-comunicacion\/","name":"DESPEDIDA DE A\u00d1O CON MEDIOS DE COMUNICACI\u00d3N - PILT.com.ar","isPartOf":{"@id":"https:\/\/pilt.com.ar\/parque-industrial\/#website"},"primaryImageOfPage":{"@id":"https:\/\/pilt.com.ar\/parque-industrial\/despedida-de-ano-con-medios-de-comunicacion\/#primaryimage"},"image":{"@id":"https:\/\/pilt.com.ar\/parque-industrial\/despedida-de-ano-con-medios-de-comunicacion\/#primaryimage"},"thumbnailUrl":"https:\/\/i0.wp.com\/pilt.com.ar\/parque-industrial\/wp-content\/uploads\/2024\/12\/Imagen-de-WhatsApp-2024-12-05-a-las-19.54.07_59add288.jpg?fit=1600%2C1200&ssl=1","datePublished":"2024-12-06T17:45:46+00:00","dateModified":"2024-12-06T17:45:47+00:00","author":{"@id":"https:\/\/pilt.com.ar\/parque-industrial\/#\/schema\/person\/2dfb9e2464de1c3deef20c25c30a8306"},"inLanguage":"es","potentialAction":[{"@type":"ReadAction","target":["https:\/\/pilt.com.ar\/parque-industrial\/despedida-de-ano-con-medios-de-comunicacion\/"]}]},{"@type":"ImageObject","inLanguage":"es","@id":"https:\/\/pilt.com.ar\/parque-industrial\/despedida-de-ano-con-medios-de-comunicacion\/#primaryimage","url":"https:\/\/i0.wp.com\/pilt.com.ar\/parque-industrial\/wp-content\/uploads\/2024\/12\/Imagen-de-WhatsApp-2024-12-05-a-las-19.54.07_59add288.jpg?fit=1600%2C1200&ssl=1","contentUrl":"https:\/\/i0.wp.com\/pilt.com.ar\/parque-industrial\/wp-content\/uploads\/2024\/12\/Imagen-de-WhatsApp-2024-12-05-a-las-19.54.07_59add288.jpg?fit=1600%2C1200&ssl=1","width":1600,"height":1200},{"@type":"WebSite","@id":"https:\/\/pilt.com.ar\/parque-industrial\/#website","url":"https:\/\/pilt.com.ar\/parque-industrial\/","name":"PILT.com.ar","description":"Parque Industrial, Log\u00edstico y Tecnol\u00f3gico Villa Mar\u00eda","potentialAction":[{"@type":"SearchAction","target":{"@type":"EntryPoint","urlTemplate":"https:\/\/pilt.com.ar\/parque-industrial\/?s={search_term_string}"},"query-input":{"@type":"PropertyValueSpecification","valueRequired":true,"valueName":"search_term_string"}}],"inLanguage":"es"},{"@type":"Person","@id":"https:\/\/pilt.com.ar\/parque-industrial\/#\/schema\/person\/2dfb9e2464de1c3deef20c25c30a8306","name":"PILT","image":{"@type":"ImageObject","inLanguage":"es","@id":"https:\/\/secure.gravatar.com\/avatar\/5e3734c8d8c8e0b0d45f923c14a14d7b90521d573d02f0d91360a777095ee42b?s=96&d=mm&r=g","url":"https:\/\/secure.gravatar.com\/avatar\/5e3734c8d8c8e0b0d45f923c14a14d7b90521d573d02f0d91360a777095ee42b?s=96&d=mm&r=g","contentUrl":"https:\/\/secure.gravatar.com\/avatar\/5e3734c8d8c8e0b0d45f923c14a14d7b90521d573d02f0d91360a777095ee42b?s=96&d=mm&r=g","caption":"PILT"},"url":"https:\/\/pilt.com.ar\/parque-industrial\/author\/pilt\/"}]}},"jetpack_featured_media_url":"https:\/\/i0.wp.com\/pilt.com.ar\/parque-industrial\/wp-content\/uploads\/2024\/12\/Imagen-de-WhatsApp-2024-12-05-a-las-19.54.07_59add288.jpg?fit=1600%2C1200&ssl=1","jetpack_sharing_enabled":true,"_links":{"self":[{"href":"https:\/\/pilt.com.ar\/parque-industrial\/wp-json\/wp\/v2\/posts\/3475","targetHints":{"allow":["GET"]}}],"collection":[{"href":"https:\/\/pilt.com.ar\/parque-industrial\/wp-json\/wp\/v2\/posts"}],"about":[{"href":"https:\/\/pilt.com.ar\/parque-industrial\/wp-json\/wp\/v2\/types\/post"}],"author":[{"embeddable":true,"href":"https:\/\/pilt.com.ar\/parque-industrial\/wp-json\/wp\/v2\/users\/3"}],"replies":[{"embeddable":true,"href":"https:\/\/pilt.com.ar\/parque-industrial\/wp-json\/wp\/v2\/comments?post=3475"}],"version-history":[{"count":1,"href":"https:\/\/pilt.com.ar\/parque-industrial\/wp-json\/wp\/v2\/posts\/3475\/revisions"}],"predecessor-version":[{"id":3477,"href":"https:\/\/pilt.com.ar\/parque-industrial\/wp-json\/wp\/v2\/posts\/3475\/revisions\/3477"}],"wp:featuredmedia":[{"embeddable":true,"href":"https:\/\/pilt.com.ar\/parque-industrial\/wp-json\/wp\/v2\/media\/3476"}],"wp:attachment":[{"href":"https:\/\/pilt.com.ar\/parque-industrial\/wp-json\/wp\/v2\/media?parent=3475"}],"wp:term":[{"taxonomy":"category","embeddable":true,"href":"https:\/\/pilt.com.ar\/parque-industrial\/wp-json\/wp\/v2\/categories?post=3475"},{"taxonomy":"post_tag","embeddable":true,"href":"https:\/\/pilt.com.ar\/parque-industrial\/wp-json\/wp\/v2\/tags?post=3475"}],"curies":[{"name":"wp","href":"https:\/\/api.w.org\/{rel}","templated":true}]}}