{"id":3469,"date":"2024-12-03T09:35:19","date_gmt":"2024-12-03T12:35:19","guid":{"rendered":"https:\/\/pilt.com.ar\/parque-industrial\/?p=3469"},"modified":"2024-12-03T13:00:55","modified_gmt":"2024-12-03T16:00:55","slug":"abastecimientos-lacteos-inauguro-nuevo-galpon-en-el-pilt","status":"publish","type":"post","link":"https:\/\/pilt.com.ar\/parque-industrial\/abastecimientos-lacteos-inauguro-nuevo-galpon-en-el-pilt\/","title":{"rendered":"ABASTECIMIENTOS L\u00c1CTEOS INAUGUR\u00d3 NUEVO GALP\u00d3N EN EL PILT"},"content":{"rendered":"\n<p class=\"has-text-align-center\"><em>La empresa present\u00f3 el nuevo espacio y tambi\u00e9n dio a conocer los proyectos de expansi\u00f3n que est\u00e1 desarrollando.&nbsp;<\/em><\/p>\n\n\n\n<p>En una ceremonia que no solo marc\u00f3 la inauguraci\u00f3n de un nuevo galp\u00f3n de 900 metros cuadrados en su planta emplazada en el Parque Industrial, Log\u00edstico y Tecnol\u00f3gico Villa Mar\u00eda (PILT), sino que tambi\u00e9n sirvi\u00f3 como ocasi\u00f3n para despedir el a\u00f1o, Abastecimientos L\u00e1cteos present\u00f3 sus proyectos de expansi\u00f3n y crecimiento para el futuro cercano. El encuentro cont\u00f3 con la presencia del Intendente Municipal Eduardo Accastello, directivos del Ente, empresarios y funcionarios.<\/p>\n\n\n\n<p>La empresa se encuentra en una etapa de fuerte inversi\u00f3n en infraestructura, con miras a fortalecer su presencia en diversas \u00e1reas de la industria alimentaria. Vale decir que la firma se especializa en la proveedur\u00eda de insumos para la industria l\u00e1ctea, como coagulantes y fermentos; otros aditivos, destac\u00e1ndose almidones e hidrocoloides; preservantes y test para detecci\u00f3n de antibi\u00f3ticos, entre otros. Tambi\u00e9n est\u00e1n trabajando en el sector citr\u00edcola, con jugos, y en el rubro de panificaci\u00f3n, contando con una planta piloto que est\u00e1 funcionando desde 2022.<\/p>\n\n\n\n<p>La inauguraci\u00f3n del galp\u00f3n, destinado al dep\u00f3sito de materia prima, forma parte de una serie de nuevas obras que la empresa est\u00e1 llevando a cabo. Este nuevo espacio permitir\u00e1 un almacenamiento m\u00e1s eficiente y directo, facilitando la distribuci\u00f3n de insumos hacia las plantas de producci\u00f3n de la firma. Adem\u00e1s, est\u00e1 proyectada una futura conexi\u00f3n con las salas de producci\u00f3n mediante un pasillo sanitario que contar\u00e1 con un filtro, lo que garantizar\u00e1 un flujo adecuado de materiales en condiciones sanitarias \u00f3ptimas.<\/p>\n\n\n\n<p>En cuanto a las obras que acompa\u00f1ar\u00e1n la expansi\u00f3n, ya est\u00e1 en marcha la construcci\u00f3n de un comedor y un \u00e1rea de descanso para el personal, que mejorar\u00e1 las condiciones laborales de los empleados. Este espacio incluir\u00e1 tambi\u00e9n dormitorios para aquellos trabajadores que, debido a las exigencias de la planta piloto, deban realizar turnos nocturnos.<\/p>\n\n\n\n<p>Por otro lado, se desarrollar\u00e1 una nueva sala de producci\u00f3n destinada a productos con gluten, que ocupar\u00e1 unos 300 metros cuadrados y que ampliar\u00e1 la capacidad de la firma para atender las crecientes demandas del mercado. De manera paralela, Abastecimientos L\u00e1cteos se encuentra trabajando en la instalaci\u00f3n de c\u00e1maras frigor\u00edficas para productos refrigerados, que ocupar\u00e1n otros 300 metros cuadrados.<\/p>\n\n\n\n<p>La compa\u00f1\u00eda, que provee insumos para la industria l\u00e1ctea, tambi\u00e9n se encuentra en la fase de planificaci\u00f3n de una nueva planta piloto orientada a los productos l\u00e1cteos. En ella, se probar\u00e1n aplicaciones para productos como quesos, dulces y leche, con equipos a escala peque\u00f1a.<\/p>\n\n\n\n<p>Con estas nuevas inversiones, Abastecimientos L\u00e1cteos refuerza su compromiso con la innovaci\u00f3n y el desarrollo de productos de alta calidad para la industria alimentaria, consolidando su presencia en el mercado.<\/p>\n","protected":false},"excerpt":{"rendered":"<p>La empresa present\u00f3 el nuevo espacio y tambi\u00e9n dio a conocer los proyectos de expansi\u00f3n que est\u00e1 desarrollando.&nbsp; En una ceremonia que no solo marc\u00f3 la inauguraci\u00f3n de un nuevo galp\u00f3n de 900 metros cuadrados en su planta emplazada en el Parque Industrial, Log\u00edstico y Tecnol\u00f3gico Villa Mar\u00eda (PILT), sino que tambi\u00e9n sirvi\u00f3 como ocasi\u00f3n [&hellip;]<\/p>\n","protected":false},"author":3,"featured_media":3474,"comment_status":"open","ping_status":"open","sticky":false,"template":"","format":"standard","meta":{"_jetpack_memberships_contains_paid_content":false,"footnotes":""},"categories":[2],"tags":[],"class_list":["post-3469","post","type-post","status-publish","format-standard","has-post-thumbnail","hentry","category-noticias"],"yoast_head":"<!-- This site is optimized with the Yoast SEO plugin v27.5 - https:\/\/yoast.com\/product\/yoast-seo-wordpress\/ -->\n<title>ABASTECIMIENTOS L\u00c1CTEOS INAUGUR\u00d3 NUEVO GALP\u00d3N EN EL PILT - PILT.com.ar<\/title>\n<meta name=\"robots\" content=\"index, follow, max-snippet:-1, max-image-preview:large, max-video-preview:-1\" \/>\n<link rel=\"canonical\" href=\"https:\/\/pilt.com.ar\/parque-industrial\/abastecimientos-lacteos-inauguro-nuevo-galpon-en-el-pilt\/\" \/>\n<meta property=\"og:locale\" content=\"es_ES\" \/>\n<meta property=\"og:type\" content=\"article\" \/>\n<meta property=\"og:title\" content=\"ABASTECIMIENTOS L\u00c1CTEOS INAUGUR\u00d3 NUEVO GALP\u00d3N EN EL PILT - PILT.com.ar\" \/>\n<meta property=\"og:description\" content=\"La empresa present\u00f3 el nuevo espacio y tambi\u00e9n dio a conocer los proyectos de expansi\u00f3n que est\u00e1 desarrollando.&nbsp; En una ceremonia que no solo marc\u00f3 la inauguraci\u00f3n de un nuevo galp\u00f3n de 900 metros cuadrados en su planta emplazada en el Parque Industrial, Log\u00edstico y Tecnol\u00f3gico Villa Mar\u00eda (PILT), sino que tambi\u00e9n sirvi\u00f3 como ocasi\u00f3n [&hellip;]\" \/>\n<meta property=\"og:url\" content=\"https:\/\/pilt.com.ar\/parque-industrial\/abastecimientos-lacteos-inauguro-nuevo-galpon-en-el-pilt\/\" \/>\n<meta property=\"og:site_name\" content=\"PILT.com.ar\" \/>\n<meta property=\"article:published_time\" content=\"2024-12-03T12:35:19+00:00\" \/>\n<meta property=\"article:modified_time\" content=\"2024-12-03T16:00:55+00:00\" \/>\n<meta property=\"og:image\" content=\"https:\/\/i0.wp.com\/pilt.com.ar\/parque-industrial\/wp-content\/uploads\/2024\/12\/Imagen-de-WhatsApp-2024-12-03-a-las-12.54.56_caec5a16.jpg?fit=1178%2C880&ssl=1\" \/>\n\t<meta property=\"og:image:width\" content=\"1178\" \/>\n\t<meta property=\"og:image:height\" content=\"880\" \/>\n\t<meta property=\"og:image:type\" content=\"image\/jpeg\" \/>\n<meta name=\"author\" content=\"PILT\" \/>\n<meta name=\"twitter:card\" content=\"summary_large_image\" \/>\n<meta name=\"twitter:label1\" content=\"Escrito por\" \/>\n\t<meta name=\"twitter:data1\" content=\"PILT\" \/>\n\t<meta name=\"twitter:label2\" content=\"Tiempo de lectura\" \/>\n\t<meta name=\"twitter:data2\" content=\"3 minutos\" \/>\n<script type=\"application\/ld+json\" class=\"yoast-schema-graph\">{\"@context\":\"https:\\\/\\\/schema.org\",\"@graph\":[{\"@type\":\"Article\",\"@id\":\"https:\\\/\\\/pilt.com.ar\\\/parque-industrial\\\/abastecimientos-lacteos-inauguro-nuevo-galpon-en-el-pilt\\\/#article\",\"isPartOf\":{\"@id\":\"https:\\\/\\\/pilt.com.ar\\\/parque-industrial\\\/abastecimientos-lacteos-inauguro-nuevo-galpon-en-el-pilt\\\/\"},\"author\":{\"name\":\"PILT\",\"@id\":\"https:\\\/\\\/pilt.com.ar\\\/parque-industrial\\\/#\\\/schema\\\/person\\\/2dfb9e2464de1c3deef20c25c30a8306\"},\"headline\":\"ABASTECIMIENTOS L\u00c1CTEOS INAUGUR\u00d3 NUEVO GALP\u00d3N EN EL PILT\",\"datePublished\":\"2024-12-03T12:35:19+00:00\",\"dateModified\":\"2024-12-03T16:00:55+00:00\",\"mainEntityOfPage\":{\"@id\":\"https:\\\/\\\/pilt.com.ar\\\/parque-industrial\\\/abastecimientos-lacteos-inauguro-nuevo-galpon-en-el-pilt\\\/\"},\"wordCount\":500,\"commentCount\":0,\"image\":{\"@id\":\"https:\\\/\\\/pilt.com.ar\\\/parque-industrial\\\/abastecimientos-lacteos-inauguro-nuevo-galpon-en-el-pilt\\\/#primaryimage\"},\"thumbnailUrl\":\"https:\\\/\\\/i0.wp.com\\\/pilt.com.ar\\\/parque-industrial\\\/wp-content\\\/uploads\\\/2024\\\/12\\\/Imagen-de-WhatsApp-2024-12-03-a-las-12.54.56_caec5a16.jpg?fit=1178%2C880&ssl=1\",\"articleSection\":[\"Noticias\"],\"inLanguage\":\"es\",\"potentialAction\":[{\"@type\":\"CommentAction\",\"name\":\"Comment\",\"target\":[\"https:\\\/\\\/pilt.com.ar\\\/parque-industrial\\\/abastecimientos-lacteos-inauguro-nuevo-galpon-en-el-pilt\\\/#respond\"]}]},{\"@type\":\"WebPage\",\"@id\":\"https:\\\/\\\/pilt.com.ar\\\/parque-industrial\\\/abastecimientos-lacteos-inauguro-nuevo-galpon-en-el-pilt\\\/\",\"url\":\"https:\\\/\\\/pilt.com.ar\\\/parque-industrial\\\/abastecimientos-lacteos-inauguro-nuevo-galpon-en-el-pilt\\\/\",\"name\":\"ABASTECIMIENTOS L\u00c1CTEOS INAUGUR\u00d3 NUEVO GALP\u00d3N EN EL PILT - PILT.com.ar\",\"isPartOf\":{\"@id\":\"https:\\\/\\\/pilt.com.ar\\\/parque-industrial\\\/#website\"},\"primaryImageOfPage\":{\"@id\":\"https:\\\/\\\/pilt.com.ar\\\/parque-industrial\\\/abastecimientos-lacteos-inauguro-nuevo-galpon-en-el-pilt\\\/#primaryimage\"},\"image\":{\"@id\":\"https:\\\/\\\/pilt.com.ar\\\/parque-industrial\\\/abastecimientos-lacteos-inauguro-nuevo-galpon-en-el-pilt\\\/#primaryimage\"},\"thumbnailUrl\":\"https:\\\/\\\/i0.wp.com\\\/pilt.com.ar\\\/parque-industrial\\\/wp-content\\\/uploads\\\/2024\\\/12\\\/Imagen-de-WhatsApp-2024-12-03-a-las-12.54.56_caec5a16.jpg?fit=1178%2C880&ssl=1\",\"datePublished\":\"2024-12-03T12:35:19+00:00\",\"dateModified\":\"2024-12-03T16:00:55+00:00\",\"author\":{\"@id\":\"https:\\\/\\\/pilt.com.ar\\\/parque-industrial\\\/#\\\/schema\\\/person\\\/2dfb9e2464de1c3deef20c25c30a8306\"},\"inLanguage\":\"es\",\"potentialAction\":[{\"@type\":\"ReadAction\",\"target\":[\"https:\\\/\\\/pilt.com.ar\\\/parque-industrial\\\/abastecimientos-lacteos-inauguro-nuevo-galpon-en-el-pilt\\\/\"]}]},{\"@type\":\"ImageObject\",\"inLanguage\":\"es\",\"@id\":\"https:\\\/\\\/pilt.com.ar\\\/parque-industrial\\\/abastecimientos-lacteos-inauguro-nuevo-galpon-en-el-pilt\\\/#primaryimage\",\"url\":\"https:\\\/\\\/i0.wp.com\\\/pilt.com.ar\\\/parque-industrial\\\/wp-content\\\/uploads\\\/2024\\\/12\\\/Imagen-de-WhatsApp-2024-12-03-a-las-12.54.56_caec5a16.jpg?fit=1178%2C880&ssl=1\",\"contentUrl\":\"https:\\\/\\\/i0.wp.com\\\/pilt.com.ar\\\/parque-industrial\\\/wp-content\\\/uploads\\\/2024\\\/12\\\/Imagen-de-WhatsApp-2024-12-03-a-las-12.54.56_caec5a16.jpg?fit=1178%2C880&ssl=1\",\"width\":1178,\"height\":880},{\"@type\":\"WebSite\",\"@id\":\"https:\\\/\\\/pilt.com.ar\\\/parque-industrial\\\/#website\",\"url\":\"https:\\\/\\\/pilt.com.ar\\\/parque-industrial\\\/\",\"name\":\"PILT.com.ar\",\"description\":\"Parque Industrial, Log\u00edstico y Tecnol\u00f3gico Villa Mar\u00eda\",\"potentialAction\":[{\"@type\":\"SearchAction\",\"target\":{\"@type\":\"EntryPoint\",\"urlTemplate\":\"https:\\\/\\\/pilt.com.ar\\\/parque-industrial\\\/?s={search_term_string}\"},\"query-input\":{\"@type\":\"PropertyValueSpecification\",\"valueRequired\":true,\"valueName\":\"search_term_string\"}}],\"inLanguage\":\"es\"},{\"@type\":\"Person\",\"@id\":\"https:\\\/\\\/pilt.com.ar\\\/parque-industrial\\\/#\\\/schema\\\/person\\\/2dfb9e2464de1c3deef20c25c30a8306\",\"name\":\"PILT\",\"image\":{\"@type\":\"ImageObject\",\"inLanguage\":\"es\",\"@id\":\"https:\\\/\\\/secure.gravatar.com\\\/avatar\\\/5e3734c8d8c8e0b0d45f923c14a14d7b90521d573d02f0d91360a777095ee42b?s=96&d=mm&r=g\",\"url\":\"https:\\\/\\\/secure.gravatar.com\\\/avatar\\\/5e3734c8d8c8e0b0d45f923c14a14d7b90521d573d02f0d91360a777095ee42b?s=96&d=mm&r=g\",\"contentUrl\":\"https:\\\/\\\/secure.gravatar.com\\\/avatar\\\/5e3734c8d8c8e0b0d45f923c14a14d7b90521d573d02f0d91360a777095ee42b?s=96&d=mm&r=g\",\"caption\":\"PILT\"},\"url\":\"https:\\\/\\\/pilt.com.ar\\\/parque-industrial\\\/author\\\/pilt\\\/\"}]}<\/script>\n<!-- \/ Yoast SEO plugin. -->","yoast_head_json":{"title":"ABASTECIMIENTOS L\u00c1CTEOS INAUGUR\u00d3 NUEVO GALP\u00d3N EN EL PILT - PILT.com.ar","robots":{"index":"index","follow":"follow","max-snippet":"max-snippet:-1","max-image-preview":"max-image-preview:large","max-video-preview":"max-video-preview:-1"},"canonical":"https:\/\/pilt.com.ar\/parque-industrial\/abastecimientos-lacteos-inauguro-nuevo-galpon-en-el-pilt\/","og_locale":"es_ES","og_type":"article","og_title":"ABASTECIMIENTOS L\u00c1CTEOS INAUGUR\u00d3 NUEVO GALP\u00d3N EN EL PILT - PILT.com.ar","og_description":"La empresa present\u00f3 el nuevo espacio y tambi\u00e9n dio a conocer los proyectos de expansi\u00f3n que est\u00e1 desarrollando.&nbsp; En una ceremonia que no solo marc\u00f3 la inauguraci\u00f3n de un nuevo galp\u00f3n de 900 metros cuadrados en su planta emplazada en el Parque Industrial, Log\u00edstico y Tecnol\u00f3gico Villa Mar\u00eda (PILT), sino que tambi\u00e9n sirvi\u00f3 como ocasi\u00f3n [&hellip;]","og_url":"https:\/\/pilt.com.ar\/parque-industrial\/abastecimientos-lacteos-inauguro-nuevo-galpon-en-el-pilt\/","og_site_name":"PILT.com.ar","article_published_time":"2024-12-03T12:35:19+00:00","article_modified_time":"2024-12-03T16:00:55+00:00","og_image":[{"width":1178,"height":880,"url":"https:\/\/i0.wp.com\/pilt.com.ar\/parque-industrial\/wp-content\/uploads\/2024\/12\/Imagen-de-WhatsApp-2024-12-03-a-las-12.54.56_caec5a16.jpg?fit=1178%2C880&ssl=1","type":"image\/jpeg"}],"author":"PILT","twitter_card":"summary_large_image","twitter_misc":{"Escrito por":"PILT","Tiempo de lectura":"3 minutos"},"schema":{"@context":"https:\/\/schema.org","@graph":[{"@type":"Article","@id":"https:\/\/pilt.com.ar\/parque-industrial\/abastecimientos-lacteos-inauguro-nuevo-galpon-en-el-pilt\/#article","isPartOf":{"@id":"https:\/\/pilt.com.ar\/parque-industrial\/abastecimientos-lacteos-inauguro-nuevo-galpon-en-el-pilt\/"},"author":{"name":"PILT","@id":"https:\/\/pilt.com.ar\/parque-industrial\/#\/schema\/person\/2dfb9e2464de1c3deef20c25c30a8306"},"headline":"ABASTECIMIENTOS L\u00c1CTEOS INAUGUR\u00d3 NUEVO GALP\u00d3N EN EL PILT","datePublished":"2024-12-03T12:35:19+00:00","dateModified":"2024-12-03T16:00:55+00:00","mainEntityOfPage":{"@id":"https:\/\/pilt.com.ar\/parque-industrial\/abastecimientos-lacteos-inauguro-nuevo-galpon-en-el-pilt\/"},"wordCount":500,"commentCount":0,"image":{"@id":"https:\/\/pilt.com.ar\/parque-industrial\/abastecimientos-lacteos-inauguro-nuevo-galpon-en-el-pilt\/#primaryimage"},"thumbnailUrl":"https:\/\/i0.wp.com\/pilt.com.ar\/parque-industrial\/wp-content\/uploads\/2024\/12\/Imagen-de-WhatsApp-2024-12-03-a-las-12.54.56_caec5a16.jpg?fit=1178%2C880&ssl=1","articleSection":["Noticias"],"inLanguage":"es","potentialAction":[{"@type":"CommentAction","name":"Comment","target":["https:\/\/pilt.com.ar\/parque-industrial\/abastecimientos-lacteos-inauguro-nuevo-galpon-en-el-pilt\/#respond"]}]},{"@type":"WebPage","@id":"https:\/\/pilt.com.ar\/parque-industrial\/abastecimientos-lacteos-inauguro-nuevo-galpon-en-el-pilt\/","url":"https:\/\/pilt.com.ar\/parque-industrial\/abastecimientos-lacteos-inauguro-nuevo-galpon-en-el-pilt\/","name":"ABASTECIMIENTOS L\u00c1CTEOS INAUGUR\u00d3 NUEVO GALP\u00d3N EN EL PILT - PILT.com.ar","isPartOf":{"@id":"https:\/\/pilt.com.ar\/parque-industrial\/#website"},"primaryImageOfPage":{"@id":"https:\/\/pilt.com.ar\/parque-industrial\/abastecimientos-lacteos-inauguro-nuevo-galpon-en-el-pilt\/#primaryimage"},"image":{"@id":"https:\/\/pilt.com.ar\/parque-industrial\/abastecimientos-lacteos-inauguro-nuevo-galpon-en-el-pilt\/#primaryimage"},"thumbnailUrl":"https:\/\/i0.wp.com\/pilt.com.ar\/parque-industrial\/wp-content\/uploads\/2024\/12\/Imagen-de-WhatsApp-2024-12-03-a-las-12.54.56_caec5a16.jpg?fit=1178%2C880&ssl=1","datePublished":"2024-12-03T12:35:19+00:00","dateModified":"2024-12-03T16:00:55+00:00","author":{"@id":"https:\/\/pilt.com.ar\/parque-industrial\/#\/schema\/person\/2dfb9e2464de1c3deef20c25c30a8306"},"inLanguage":"es","potentialAction":[{"@type":"ReadAction","target":["https:\/\/pilt.com.ar\/parque-industrial\/abastecimientos-lacteos-inauguro-nuevo-galpon-en-el-pilt\/"]}]},{"@type":"ImageObject","inLanguage":"es","@id":"https:\/\/pilt.com.ar\/parque-industrial\/abastecimientos-lacteos-inauguro-nuevo-galpon-en-el-pilt\/#primaryimage","url":"https:\/\/i0.wp.com\/pilt.com.ar\/parque-industrial\/wp-content\/uploads\/2024\/12\/Imagen-de-WhatsApp-2024-12-03-a-las-12.54.56_caec5a16.jpg?fit=1178%2C880&ssl=1","contentUrl":"https:\/\/i0.wp.com\/pilt.com.ar\/parque-industrial\/wp-content\/uploads\/2024\/12\/Imagen-de-WhatsApp-2024-12-03-a-las-12.54.56_caec5a16.jpg?fit=1178%2C880&ssl=1","width":1178,"height":880},{"@type":"WebSite","@id":"https:\/\/pilt.com.ar\/parque-industrial\/#website","url":"https:\/\/pilt.com.ar\/parque-industrial\/","name":"PILT.com.ar","description":"Parque Industrial, Log\u00edstico y Tecnol\u00f3gico Villa Mar\u00eda","potentialAction":[{"@type":"SearchAction","target":{"@type":"EntryPoint","urlTemplate":"https:\/\/pilt.com.ar\/parque-industrial\/?s={search_term_string}"},"query-input":{"@type":"PropertyValueSpecification","valueRequired":true,"valueName":"search_term_string"}}],"inLanguage":"es"},{"@type":"Person","@id":"https:\/\/pilt.com.ar\/parque-industrial\/#\/schema\/person\/2dfb9e2464de1c3deef20c25c30a8306","name":"PILT","image":{"@type":"ImageObject","inLanguage":"es","@id":"https:\/\/secure.gravatar.com\/avatar\/5e3734c8d8c8e0b0d45f923c14a14d7b90521d573d02f0d91360a777095ee42b?s=96&d=mm&r=g","url":"https:\/\/secure.gravatar.com\/avatar\/5e3734c8d8c8e0b0d45f923c14a14d7b90521d573d02f0d91360a777095ee42b?s=96&d=mm&r=g","contentUrl":"https:\/\/secure.gravatar.com\/avatar\/5e3734c8d8c8e0b0d45f923c14a14d7b90521d573d02f0d91360a777095ee42b?s=96&d=mm&r=g","caption":"PILT"},"url":"https:\/\/pilt.com.ar\/parque-industrial\/author\/pilt\/"}]}},"jetpack_featured_media_url":"https:\/\/i0.wp.com\/pilt.com.ar\/parque-industrial\/wp-content\/uploads\/2024\/12\/Imagen-de-WhatsApp-2024-12-03-a-las-12.54.56_caec5a16.jpg?fit=1178%2C880&ssl=1","jetpack_sharing_enabled":true,"_links":{"self":[{"href":"https:\/\/pilt.com.ar\/parque-industrial\/wp-json\/wp\/v2\/posts\/3469","targetHints":{"allow":["GET"]}}],"collection":[{"href":"https:\/\/pilt.com.ar\/parque-industrial\/wp-json\/wp\/v2\/posts"}],"about":[{"href":"https:\/\/pilt.com.ar\/parque-industrial\/wp-json\/wp\/v2\/types\/post"}],"author":[{"embeddable":true,"href":"https:\/\/pilt.com.ar\/parque-industrial\/wp-json\/wp\/v2\/users\/3"}],"replies":[{"embeddable":true,"href":"https:\/\/pilt.com.ar\/parque-industrial\/wp-json\/wp\/v2\/comments?post=3469"}],"version-history":[{"count":1,"href":"https:\/\/pilt.com.ar\/parque-industrial\/wp-json\/wp\/v2\/posts\/3469\/revisions"}],"predecessor-version":[{"id":3471,"href":"https:\/\/pilt.com.ar\/parque-industrial\/wp-json\/wp\/v2\/posts\/3469\/revisions\/3471"}],"wp:featuredmedia":[{"embeddable":true,"href":"https:\/\/pilt.com.ar\/parque-industrial\/wp-json\/wp\/v2\/media\/3474"}],"wp:attachment":[{"href":"https:\/\/pilt.com.ar\/parque-industrial\/wp-json\/wp\/v2\/media?parent=3469"}],"wp:term":[{"taxonomy":"category","embeddable":true,"href":"https:\/\/pilt.com.ar\/parque-industrial\/wp-json\/wp\/v2\/categories?post=3469"},{"taxonomy":"post_tag","embeddable":true,"href":"https:\/\/pilt.com.ar\/parque-industrial\/wp-json\/wp\/v2\/tags?post=3469"}],"curies":[{"name":"wp","href":"https:\/\/api.w.org\/{rel}","templated":true}]}}