{"id":3453,"date":"2024-11-15T17:48:33","date_gmt":"2024-11-15T20:48:33","guid":{"rendered":"https:\/\/pilt.com.ar\/parque-industrial\/?p=3453"},"modified":"2024-11-15T17:48:34","modified_gmt":"2024-11-15T20:48:34","slug":"dependencia-de-la-unvm-realizo-estudio-sobre-las-empresas-del-parque","status":"publish","type":"post","link":"https:\/\/pilt.com.ar\/parque-industrial\/dependencia-de-la-unvm-realizo-estudio-sobre-las-empresas-del-parque\/","title":{"rendered":"DEPENDENCIA DE LA UNVM REALIZ\u00d3 ESTUDIO SOBRE LAS EMPRESAS DEL PARQUE"},"content":{"rendered":"\n<p><em>Se trata del Observatorio Integral de la Regi\u00f3n (OIR), que relev\u00f3 indicadores de las organizaciones a los fines de conocer los distintos perfiles que forman parte del Ente.<\/em><\/p>\n\n\n\n<p>Con el objetivo de analizar el perfil, los limitantes y las capacidades de las empresas radicadas en el Parque Industrial, Log\u00edstico y Tecnol\u00f3gico de Villa Mar\u00eda (PILT), el OIR de la UNVM realiz\u00f3 un relevamiento que arroj\u00f3 datos de alto valor estrat\u00e9gico para evaluar y planificar acciones a futuro. La intenci\u00f3n fue generar informaci\u00f3n vinculada a cuestiones productivas, tecnol\u00f3gicas y log\u00edsticas de las firmas, y al mismo tiempo indagar el nivel de internacionalizaci\u00f3n de las mismas.<\/p>\n\n\n\n<p>En primer lugar, el trabajo examina las principales ramas productivas, entre las que se destacan aquellas relacionadas con Alimentos y bebidas (24%), seguidas de las elaboradoras de Sustancias y productos qu\u00edmicos (12%), Servicios log\u00edsticos (12%), Productos de metal (10%) y Maquinarias y equipos (8%).<\/p>\n\n\n\n<p>En cuanto a empleo, las industrias que conforman el PILT cuentan con 821 personas en relaci\u00f3n de dependencia que, a\u00f1adiendo los cargos directivos correspondientes a empresas familiares y contratados, superar\u00edan los 1000 empleos directos. Se destacan las firmas que tienen entre 1 y 10 empleados (54%), seguido por el rango de 11 a 50 empleados (24%). Como dato, una de cada cinco empresas tuvo dificultades en la b\u00fasqueda y contrataci\u00f3n de personal.<\/p>\n\n\n\n<p>Respecto al inicio de las actividades productivas en el PILT, el principal grupo se encuentra operando entre 2016 y 2020, sumando el 42%; luego se sit\u00faan las organizaciones recientemente radicadas, entre 2021 y 2024, con el 34%. De tal forma, casi en la \u00faltima d\u00e9cada se pusieron en marcha gran parte de los emprendimientos.<\/p>\n\n\n\n<p>La mayor\u00eda de los encuestados asegura poseer equipamiento actualizado. En ese sentido, el 26% afirma que las m\u00e1quinas y equipos tienen una antig\u00fcedad inferior a tres a\u00f1os, y el 54% entre 4 y 8 a\u00f1os.<\/p>\n\n\n\n<p>Hasta el momento en que se recolect\u00f3 la informaci\u00f3n para llevar a cabo el estudio, el 10% de las industrias concret\u00f3 ventas externas. Para mejorar su desempe\u00f1o en ese mercado, el 60% de las que exportaron realiz\u00f3 actividades para identificar oportunidades comerciales, igual porcentaje estableci\u00f3 acuerdos formales con empresas extranjeras, y un 40% gener\u00f3 capacitaciones a su personal enfocado en esas tareas.<\/p>\n","protected":false},"excerpt":{"rendered":"<p>Se trata del Observatorio Integral de la Regi\u00f3n (OIR), que relev\u00f3 indicadores de las organizaciones a los fines de conocer los distintos perfiles que forman parte del Ente. Con el objetivo de analizar el perfil, los limitantes y las capacidades de las empresas radicadas en el Parque Industrial, Log\u00edstico y Tecnol\u00f3gico de Villa Mar\u00eda (PILT), [&hellip;]<\/p>\n","protected":false},"author":4,"featured_media":3454,"comment_status":"open","ping_status":"open","sticky":false,"template":"","format":"standard","meta":{"_jetpack_memberships_contains_paid_content":false,"footnotes":""},"categories":[2],"tags":[22,21],"class_list":["post-3453","post","type-post","status-publish","format-standard","has-post-thumbnail","hentry","category-noticias","tag-oir","tag-unvm"],"yoast_head":"<!-- This site is optimized with the Yoast SEO plugin v27.5 - https:\/\/yoast.com\/product\/yoast-seo-wordpress\/ -->\n<title>DEPENDENCIA DE LA UNVM REALIZ\u00d3 ESTUDIO SOBRE LAS EMPRESAS DEL PARQUE - PILT.com.ar<\/title>\n<meta name=\"robots\" content=\"index, follow, max-snippet:-1, max-image-preview:large, max-video-preview:-1\" \/>\n<link rel=\"canonical\" href=\"https:\/\/pilt.com.ar\/parque-industrial\/dependencia-de-la-unvm-realizo-estudio-sobre-las-empresas-del-parque\/\" \/>\n<meta property=\"og:locale\" content=\"es_ES\" \/>\n<meta property=\"og:type\" content=\"article\" \/>\n<meta property=\"og:title\" content=\"DEPENDENCIA DE LA UNVM REALIZ\u00d3 ESTUDIO SOBRE LAS EMPRESAS DEL PARQUE - PILT.com.ar\" \/>\n<meta property=\"og:description\" content=\"Se trata del Observatorio Integral de la Regi\u00f3n (OIR), que relev\u00f3 indicadores de las organizaciones a los fines de conocer los distintos perfiles que forman parte del Ente. Con el objetivo de analizar el perfil, los limitantes y las capacidades de las empresas radicadas en el Parque Industrial, Log\u00edstico y Tecnol\u00f3gico de Villa Mar\u00eda (PILT), [&hellip;]\" \/>\n<meta property=\"og:url\" content=\"https:\/\/pilt.com.ar\/parque-industrial\/dependencia-de-la-unvm-realizo-estudio-sobre-las-empresas-del-parque\/\" \/>\n<meta property=\"og:site_name\" content=\"PILT.com.ar\" \/>\n<meta property=\"article:published_time\" content=\"2024-11-15T20:48:33+00:00\" \/>\n<meta property=\"article:modified_time\" content=\"2024-11-15T20:48:34+00:00\" \/>\n<meta property=\"og:image\" content=\"https:\/\/i0.wp.com\/pilt.com.ar\/parque-industrial\/wp-content\/uploads\/2024\/11\/WhatsApp-Image-2024-11-15-at-16.30.39.jpeg?fit=1599%2C899&ssl=1\" \/>\n\t<meta property=\"og:image:width\" content=\"1599\" \/>\n\t<meta property=\"og:image:height\" content=\"899\" \/>\n\t<meta property=\"og:image:type\" content=\"image\/jpeg\" \/>\n<meta name=\"author\" content=\"Parque Industrial Villa Maria\" \/>\n<meta name=\"twitter:card\" content=\"summary_large_image\" \/>\n<meta name=\"twitter:label1\" content=\"Escrito por\" \/>\n\t<meta name=\"twitter:data1\" content=\"Parque Industrial Villa Maria\" \/>\n\t<meta name=\"twitter:label2\" content=\"Tiempo de lectura\" \/>\n\t<meta name=\"twitter:data2\" content=\"2 minutos\" \/>\n<script type=\"application\/ld+json\" class=\"yoast-schema-graph\">{\"@context\":\"https:\\\/\\\/schema.org\",\"@graph\":[{\"@type\":\"Article\",\"@id\":\"https:\\\/\\\/pilt.com.ar\\\/parque-industrial\\\/dependencia-de-la-unvm-realizo-estudio-sobre-las-empresas-del-parque\\\/#article\",\"isPartOf\":{\"@id\":\"https:\\\/\\\/pilt.com.ar\\\/parque-industrial\\\/dependencia-de-la-unvm-realizo-estudio-sobre-las-empresas-del-parque\\\/\"},\"author\":{\"name\":\"Parque Industrial Villa Maria\",\"@id\":\"https:\\\/\\\/pilt.com.ar\\\/parque-industrial\\\/#\\\/schema\\\/person\\\/97af6d67c1a0eb85782ad2e439e29b41\"},\"headline\":\"DEPENDENCIA DE LA UNVM REALIZ\u00d3 ESTUDIO SOBRE LAS EMPRESAS DEL PARQUE\",\"datePublished\":\"2024-11-15T20:48:33+00:00\",\"dateModified\":\"2024-11-15T20:48:34+00:00\",\"mainEntityOfPage\":{\"@id\":\"https:\\\/\\\/pilt.com.ar\\\/parque-industrial\\\/dependencia-de-la-unvm-realizo-estudio-sobre-las-empresas-del-parque\\\/\"},\"wordCount\":382,\"commentCount\":0,\"image\":{\"@id\":\"https:\\\/\\\/pilt.com.ar\\\/parque-industrial\\\/dependencia-de-la-unvm-realizo-estudio-sobre-las-empresas-del-parque\\\/#primaryimage\"},\"thumbnailUrl\":\"https:\\\/\\\/i0.wp.com\\\/pilt.com.ar\\\/parque-industrial\\\/wp-content\\\/uploads\\\/2024\\\/11\\\/WhatsApp-Image-2024-11-15-at-16.30.39.jpeg?fit=1599%2C899&ssl=1\",\"keywords\":[\"OIR\",\"UNVM\"],\"articleSection\":[\"Noticias\"],\"inLanguage\":\"es\",\"potentialAction\":[{\"@type\":\"CommentAction\",\"name\":\"Comment\",\"target\":[\"https:\\\/\\\/pilt.com.ar\\\/parque-industrial\\\/dependencia-de-la-unvm-realizo-estudio-sobre-las-empresas-del-parque\\\/#respond\"]}]},{\"@type\":\"WebPage\",\"@id\":\"https:\\\/\\\/pilt.com.ar\\\/parque-industrial\\\/dependencia-de-la-unvm-realizo-estudio-sobre-las-empresas-del-parque\\\/\",\"url\":\"https:\\\/\\\/pilt.com.ar\\\/parque-industrial\\\/dependencia-de-la-unvm-realizo-estudio-sobre-las-empresas-del-parque\\\/\",\"name\":\"DEPENDENCIA DE LA UNVM REALIZ\u00d3 ESTUDIO SOBRE LAS EMPRESAS DEL PARQUE - PILT.com.ar\",\"isPartOf\":{\"@id\":\"https:\\\/\\\/pilt.com.ar\\\/parque-industrial\\\/#website\"},\"primaryImageOfPage\":{\"@id\":\"https:\\\/\\\/pilt.com.ar\\\/parque-industrial\\\/dependencia-de-la-unvm-realizo-estudio-sobre-las-empresas-del-parque\\\/#primaryimage\"},\"image\":{\"@id\":\"https:\\\/\\\/pilt.com.ar\\\/parque-industrial\\\/dependencia-de-la-unvm-realizo-estudio-sobre-las-empresas-del-parque\\\/#primaryimage\"},\"thumbnailUrl\":\"https:\\\/\\\/i0.wp.com\\\/pilt.com.ar\\\/parque-industrial\\\/wp-content\\\/uploads\\\/2024\\\/11\\\/WhatsApp-Image-2024-11-15-at-16.30.39.jpeg?fit=1599%2C899&ssl=1\",\"datePublished\":\"2024-11-15T20:48:33+00:00\",\"dateModified\":\"2024-11-15T20:48:34+00:00\",\"author\":{\"@id\":\"https:\\\/\\\/pilt.com.ar\\\/parque-industrial\\\/#\\\/schema\\\/person\\\/97af6d67c1a0eb85782ad2e439e29b41\"},\"inLanguage\":\"es\",\"potentialAction\":[{\"@type\":\"ReadAction\",\"target\":[\"https:\\\/\\\/pilt.com.ar\\\/parque-industrial\\\/dependencia-de-la-unvm-realizo-estudio-sobre-las-empresas-del-parque\\\/\"]}]},{\"@type\":\"ImageObject\",\"inLanguage\":\"es\",\"@id\":\"https:\\\/\\\/pilt.com.ar\\\/parque-industrial\\\/dependencia-de-la-unvm-realizo-estudio-sobre-las-empresas-del-parque\\\/#primaryimage\",\"url\":\"https:\\\/\\\/i0.wp.com\\\/pilt.com.ar\\\/parque-industrial\\\/wp-content\\\/uploads\\\/2024\\\/11\\\/WhatsApp-Image-2024-11-15-at-16.30.39.jpeg?fit=1599%2C899&ssl=1\",\"contentUrl\":\"https:\\\/\\\/i0.wp.com\\\/pilt.com.ar\\\/parque-industrial\\\/wp-content\\\/uploads\\\/2024\\\/11\\\/WhatsApp-Image-2024-11-15-at-16.30.39.jpeg?fit=1599%2C899&ssl=1\",\"width\":1599,\"height\":899},{\"@type\":\"WebSite\",\"@id\":\"https:\\\/\\\/pilt.com.ar\\\/parque-industrial\\\/#website\",\"url\":\"https:\\\/\\\/pilt.com.ar\\\/parque-industrial\\\/\",\"name\":\"PILT.com.ar\",\"description\":\"Parque Industrial, Log\u00edstico y Tecnol\u00f3gico Villa Mar\u00eda\",\"potentialAction\":[{\"@type\":\"SearchAction\",\"target\":{\"@type\":\"EntryPoint\",\"urlTemplate\":\"https:\\\/\\\/pilt.com.ar\\\/parque-industrial\\\/?s={search_term_string}\"},\"query-input\":{\"@type\":\"PropertyValueSpecification\",\"valueRequired\":true,\"valueName\":\"search_term_string\"}}],\"inLanguage\":\"es\"},{\"@type\":\"Person\",\"@id\":\"https:\\\/\\\/pilt.com.ar\\\/parque-industrial\\\/#\\\/schema\\\/person\\\/97af6d67c1a0eb85782ad2e439e29b41\",\"name\":\"Parque Industrial Villa Maria\",\"image\":{\"@type\":\"ImageObject\",\"inLanguage\":\"es\",\"@id\":\"https:\\\/\\\/secure.gravatar.com\\\/avatar\\\/aa6b236a85f5b231f19a07958c0bb61a128df42de269157a53304737730551ce?s=96&d=mm&r=g\",\"url\":\"https:\\\/\\\/secure.gravatar.com\\\/avatar\\\/aa6b236a85f5b231f19a07958c0bb61a128df42de269157a53304737730551ce?s=96&d=mm&r=g\",\"contentUrl\":\"https:\\\/\\\/secure.gravatar.com\\\/avatar\\\/aa6b236a85f5b231f19a07958c0bb61a128df42de269157a53304737730551ce?s=96&d=mm&r=g\",\"caption\":\"Parque Industrial Villa Maria\"},\"sameAs\":[\"https:\\\/\\\/pilt.com.ar\\\/\"],\"url\":\"https:\\\/\\\/pilt.com.ar\\\/parque-industrial\\\/author\\\/pilt2\\\/\"}]}<\/script>\n<!-- \/ Yoast SEO plugin. -->","yoast_head_json":{"title":"DEPENDENCIA DE LA UNVM REALIZ\u00d3 ESTUDIO SOBRE LAS EMPRESAS DEL PARQUE - PILT.com.ar","robots":{"index":"index","follow":"follow","max-snippet":"max-snippet:-1","max-image-preview":"max-image-preview:large","max-video-preview":"max-video-preview:-1"},"canonical":"https:\/\/pilt.com.ar\/parque-industrial\/dependencia-de-la-unvm-realizo-estudio-sobre-las-empresas-del-parque\/","og_locale":"es_ES","og_type":"article","og_title":"DEPENDENCIA DE LA UNVM REALIZ\u00d3 ESTUDIO SOBRE LAS EMPRESAS DEL PARQUE - PILT.com.ar","og_description":"Se trata del Observatorio Integral de la Regi\u00f3n (OIR), que relev\u00f3 indicadores de las organizaciones a los fines de conocer los distintos perfiles que forman parte del Ente. Con el objetivo de analizar el perfil, los limitantes y las capacidades de las empresas radicadas en el Parque Industrial, Log\u00edstico y Tecnol\u00f3gico de Villa Mar\u00eda (PILT), [&hellip;]","og_url":"https:\/\/pilt.com.ar\/parque-industrial\/dependencia-de-la-unvm-realizo-estudio-sobre-las-empresas-del-parque\/","og_site_name":"PILT.com.ar","article_published_time":"2024-11-15T20:48:33+00:00","article_modified_time":"2024-11-15T20:48:34+00:00","og_image":[{"width":1599,"height":899,"url":"https:\/\/i0.wp.com\/pilt.com.ar\/parque-industrial\/wp-content\/uploads\/2024\/11\/WhatsApp-Image-2024-11-15-at-16.30.39.jpeg?fit=1599%2C899&ssl=1","type":"image\/jpeg"}],"author":"Parque Industrial Villa Maria","twitter_card":"summary_large_image","twitter_misc":{"Escrito por":"Parque Industrial Villa Maria","Tiempo de lectura":"2 minutos"},"schema":{"@context":"https:\/\/schema.org","@graph":[{"@type":"Article","@id":"https:\/\/pilt.com.ar\/parque-industrial\/dependencia-de-la-unvm-realizo-estudio-sobre-las-empresas-del-parque\/#article","isPartOf":{"@id":"https:\/\/pilt.com.ar\/parque-industrial\/dependencia-de-la-unvm-realizo-estudio-sobre-las-empresas-del-parque\/"},"author":{"name":"Parque Industrial Villa Maria","@id":"https:\/\/pilt.com.ar\/parque-industrial\/#\/schema\/person\/97af6d67c1a0eb85782ad2e439e29b41"},"headline":"DEPENDENCIA DE LA UNVM REALIZ\u00d3 ESTUDIO SOBRE LAS EMPRESAS DEL PARQUE","datePublished":"2024-11-15T20:48:33+00:00","dateModified":"2024-11-15T20:48:34+00:00","mainEntityOfPage":{"@id":"https:\/\/pilt.com.ar\/parque-industrial\/dependencia-de-la-unvm-realizo-estudio-sobre-las-empresas-del-parque\/"},"wordCount":382,"commentCount":0,"image":{"@id":"https:\/\/pilt.com.ar\/parque-industrial\/dependencia-de-la-unvm-realizo-estudio-sobre-las-empresas-del-parque\/#primaryimage"},"thumbnailUrl":"https:\/\/i0.wp.com\/pilt.com.ar\/parque-industrial\/wp-content\/uploads\/2024\/11\/WhatsApp-Image-2024-11-15-at-16.30.39.jpeg?fit=1599%2C899&ssl=1","keywords":["OIR","UNVM"],"articleSection":["Noticias"],"inLanguage":"es","potentialAction":[{"@type":"CommentAction","name":"Comment","target":["https:\/\/pilt.com.ar\/parque-industrial\/dependencia-de-la-unvm-realizo-estudio-sobre-las-empresas-del-parque\/#respond"]}]},{"@type":"WebPage","@id":"https:\/\/pilt.com.ar\/parque-industrial\/dependencia-de-la-unvm-realizo-estudio-sobre-las-empresas-del-parque\/","url":"https:\/\/pilt.com.ar\/parque-industrial\/dependencia-de-la-unvm-realizo-estudio-sobre-las-empresas-del-parque\/","name":"DEPENDENCIA DE LA UNVM REALIZ\u00d3 ESTUDIO SOBRE LAS EMPRESAS DEL PARQUE - PILT.com.ar","isPartOf":{"@id":"https:\/\/pilt.com.ar\/parque-industrial\/#website"},"primaryImageOfPage":{"@id":"https:\/\/pilt.com.ar\/parque-industrial\/dependencia-de-la-unvm-realizo-estudio-sobre-las-empresas-del-parque\/#primaryimage"},"image":{"@id":"https:\/\/pilt.com.ar\/parque-industrial\/dependencia-de-la-unvm-realizo-estudio-sobre-las-empresas-del-parque\/#primaryimage"},"thumbnailUrl":"https:\/\/i0.wp.com\/pilt.com.ar\/parque-industrial\/wp-content\/uploads\/2024\/11\/WhatsApp-Image-2024-11-15-at-16.30.39.jpeg?fit=1599%2C899&ssl=1","datePublished":"2024-11-15T20:48:33+00:00","dateModified":"2024-11-15T20:48:34+00:00","author":{"@id":"https:\/\/pilt.com.ar\/parque-industrial\/#\/schema\/person\/97af6d67c1a0eb85782ad2e439e29b41"},"inLanguage":"es","potentialAction":[{"@type":"ReadAction","target":["https:\/\/pilt.com.ar\/parque-industrial\/dependencia-de-la-unvm-realizo-estudio-sobre-las-empresas-del-parque\/"]}]},{"@type":"ImageObject","inLanguage":"es","@id":"https:\/\/pilt.com.ar\/parque-industrial\/dependencia-de-la-unvm-realizo-estudio-sobre-las-empresas-del-parque\/#primaryimage","url":"https:\/\/i0.wp.com\/pilt.com.ar\/parque-industrial\/wp-content\/uploads\/2024\/11\/WhatsApp-Image-2024-11-15-at-16.30.39.jpeg?fit=1599%2C899&ssl=1","contentUrl":"https:\/\/i0.wp.com\/pilt.com.ar\/parque-industrial\/wp-content\/uploads\/2024\/11\/WhatsApp-Image-2024-11-15-at-16.30.39.jpeg?fit=1599%2C899&ssl=1","width":1599,"height":899},{"@type":"WebSite","@id":"https:\/\/pilt.com.ar\/parque-industrial\/#website","url":"https:\/\/pilt.com.ar\/parque-industrial\/","name":"PILT.com.ar","description":"Parque Industrial, Log\u00edstico y Tecnol\u00f3gico Villa Mar\u00eda","potentialAction":[{"@type":"SearchAction","target":{"@type":"EntryPoint","urlTemplate":"https:\/\/pilt.com.ar\/parque-industrial\/?s={search_term_string}"},"query-input":{"@type":"PropertyValueSpecification","valueRequired":true,"valueName":"search_term_string"}}],"inLanguage":"es"},{"@type":"Person","@id":"https:\/\/pilt.com.ar\/parque-industrial\/#\/schema\/person\/97af6d67c1a0eb85782ad2e439e29b41","name":"Parque Industrial Villa Maria","image":{"@type":"ImageObject","inLanguage":"es","@id":"https:\/\/secure.gravatar.com\/avatar\/aa6b236a85f5b231f19a07958c0bb61a128df42de269157a53304737730551ce?s=96&d=mm&r=g","url":"https:\/\/secure.gravatar.com\/avatar\/aa6b236a85f5b231f19a07958c0bb61a128df42de269157a53304737730551ce?s=96&d=mm&r=g","contentUrl":"https:\/\/secure.gravatar.com\/avatar\/aa6b236a85f5b231f19a07958c0bb61a128df42de269157a53304737730551ce?s=96&d=mm&r=g","caption":"Parque Industrial Villa Maria"},"sameAs":["https:\/\/pilt.com.ar\/"],"url":"https:\/\/pilt.com.ar\/parque-industrial\/author\/pilt2\/"}]}},"jetpack_featured_media_url":"https:\/\/i0.wp.com\/pilt.com.ar\/parque-industrial\/wp-content\/uploads\/2024\/11\/WhatsApp-Image-2024-11-15-at-16.30.39.jpeg?fit=1599%2C899&ssl=1","jetpack_sharing_enabled":true,"_links":{"self":[{"href":"https:\/\/pilt.com.ar\/parque-industrial\/wp-json\/wp\/v2\/posts\/3453","targetHints":{"allow":["GET"]}}],"collection":[{"href":"https:\/\/pilt.com.ar\/parque-industrial\/wp-json\/wp\/v2\/posts"}],"about":[{"href":"https:\/\/pilt.com.ar\/parque-industrial\/wp-json\/wp\/v2\/types\/post"}],"author":[{"embeddable":true,"href":"https:\/\/pilt.com.ar\/parque-industrial\/wp-json\/wp\/v2\/users\/4"}],"replies":[{"embeddable":true,"href":"https:\/\/pilt.com.ar\/parque-industrial\/wp-json\/wp\/v2\/comments?post=3453"}],"version-history":[{"count":1,"href":"https:\/\/pilt.com.ar\/parque-industrial\/wp-json\/wp\/v2\/posts\/3453\/revisions"}],"predecessor-version":[{"id":3455,"href":"https:\/\/pilt.com.ar\/parque-industrial\/wp-json\/wp\/v2\/posts\/3453\/revisions\/3455"}],"wp:featuredmedia":[{"embeddable":true,"href":"https:\/\/pilt.com.ar\/parque-industrial\/wp-json\/wp\/v2\/media\/3454"}],"wp:attachment":[{"href":"https:\/\/pilt.com.ar\/parque-industrial\/wp-json\/wp\/v2\/media?parent=3453"}],"wp:term":[{"taxonomy":"category","embeddable":true,"href":"https:\/\/pilt.com.ar\/parque-industrial\/wp-json\/wp\/v2\/categories?post=3453"},{"taxonomy":"post_tag","embeddable":true,"href":"https:\/\/pilt.com.ar\/parque-industrial\/wp-json\/wp\/v2\/tags?post=3453"}],"curies":[{"name":"wp","href":"https:\/\/api.w.org\/{rel}","templated":true}]}}