{"id":3443,"date":"2024-11-08T09:24:53","date_gmt":"2024-11-08T12:24:53","guid":{"rendered":"https:\/\/pilt.com.ar\/parque-industrial\/?p=3443"},"modified":"2024-11-08T15:43:50","modified_gmt":"2024-11-08T18:43:50","slug":"terramar-finalizo-las-obras-de-su-nueva-planta-en-el-pilt","status":"publish","type":"post","link":"https:\/\/pilt.com.ar\/parque-industrial\/terramar-finalizo-las-obras-de-su-nueva-planta-en-el-pilt\/","title":{"rendered":"TERRAMAR FINALIZ\u00d3 LA CONSTRUCCI\u00d3N DEL DEP\u00d3SITO NACIONAL DE MERCADER\u00cdAS EN EL PILT"},"content":{"rendered":"\n<p class=\"has-text-align-center\"><em>La firma, que posee el Dep\u00f3sito Fiscal Aduanero en el predio, en pocos d\u00edas comenzar\u00e1 a operar el nuevo espacio.<\/em><\/p>\n\n\n\n<p>La empresa de log\u00edstica y comercio exterior Terramar culmin\u00f3 recientemente las obras correspondientes a la nueva nave que levant\u00f3 en el Parque Industrial Log\u00edstico y Tecnol\u00f3gico Villa Mar\u00eda (PILT), en un terreno contiguo al Dep\u00f3sito Fiscal Aduanero.<\/p>\n\n\n\n<p>Cabe mencionar que se trata de un galp\u00f3n de 1200 metros cuadrados que funcionar\u00e1 como dep\u00f3sito nacional de mercader\u00edas. Eso posibilitar\u00e1 a clientes de la firma con problemas de espacio f\u00edsico, poner en guarda sus productos all\u00ed hasta que se genere la operaci\u00f3n de comercio exterior, y despu\u00e9s directamente exportarlos desde el Dep\u00f3sito Fiscal Aduanero. Igualmente podr\u00e1 utilizarse de manera inversa, es decir, dejar all\u00ed los productos nacionalizados hasta que los clientes lo requieran.<\/p>\n\n\n\n<p>Asimismo, por las caracter\u00edsticas constructivas, el lugar tambi\u00e9n ser\u00e1 apto para almacenamiento de mercader\u00edas de origen animal, cumpliendo para ello con la respectiva normativa de SENASA.<\/p>\n\n\n\n<p>Seg\u00fan indicaron desde la empresa, solo restan algunas habilitaciones para que la nave comience a operar.<\/p>\n","protected":false},"excerpt":{"rendered":"<p>La firma, que posee el Dep\u00f3sito Fiscal Aduanero en el predio, en pocos d\u00edas comenzar\u00e1 a operar el nuevo espacio. La empresa de log\u00edstica y comercio exterior Terramar culmin\u00f3 recientemente las obras correspondientes a la nueva nave que levant\u00f3 en el Parque Industrial Log\u00edstico y Tecnol\u00f3gico Villa Mar\u00eda (PILT), en un terreno contiguo al Dep\u00f3sito [&hellip;]<\/p>\n","protected":false},"author":3,"featured_media":3444,"comment_status":"open","ping_status":"open","sticky":false,"template":"","format":"standard","meta":{"_jetpack_memberships_contains_paid_content":false,"footnotes":""},"categories":[2],"tags":[],"class_list":["post-3443","post","type-post","status-publish","format-standard","has-post-thumbnail","hentry","category-noticias"],"yoast_head":"<!-- This site is optimized with the Yoast SEO plugin v27.5 - https:\/\/yoast.com\/product\/yoast-seo-wordpress\/ -->\n<title>TERRAMAR FINALIZ\u00d3 LA CONSTRUCCI\u00d3N DEL DEP\u00d3SITO NACIONAL DE MERCADER\u00cdAS EN EL PILT - PILT.com.ar<\/title>\n<meta name=\"robots\" content=\"index, follow, max-snippet:-1, max-image-preview:large, max-video-preview:-1\" \/>\n<link rel=\"canonical\" href=\"https:\/\/pilt.com.ar\/parque-industrial\/terramar-finalizo-las-obras-de-su-nueva-planta-en-el-pilt\/\" \/>\n<meta property=\"og:locale\" content=\"es_ES\" \/>\n<meta property=\"og:type\" content=\"article\" \/>\n<meta property=\"og:title\" content=\"TERRAMAR FINALIZ\u00d3 LA CONSTRUCCI\u00d3N DEL DEP\u00d3SITO NACIONAL DE MERCADER\u00cdAS EN EL PILT - PILT.com.ar\" \/>\n<meta property=\"og:description\" content=\"La firma, que posee el Dep\u00f3sito Fiscal Aduanero en el predio, en pocos d\u00edas comenzar\u00e1 a operar el nuevo espacio. La empresa de log\u00edstica y comercio exterior Terramar culmin\u00f3 recientemente las obras correspondientes a la nueva nave que levant\u00f3 en el Parque Industrial Log\u00edstico y Tecnol\u00f3gico Villa Mar\u00eda (PILT), en un terreno contiguo al Dep\u00f3sito [&hellip;]\" \/>\n<meta property=\"og:url\" content=\"https:\/\/pilt.com.ar\/parque-industrial\/terramar-finalizo-las-obras-de-su-nueva-planta-en-el-pilt\/\" \/>\n<meta property=\"og:site_name\" content=\"PILT.com.ar\" \/>\n<meta property=\"article:published_time\" content=\"2024-11-08T12:24:53+00:00\" \/>\n<meta property=\"article:modified_time\" content=\"2024-11-08T18:43:50+00:00\" \/>\n<meta property=\"og:image\" content=\"https:\/\/i0.wp.com\/pilt.com.ar\/parque-industrial\/wp-content\/uploads\/2024\/11\/WhatsApp-Image-2024-11-07-at-18.35.55.jpeg?fit=1600%2C1200&ssl=1\" \/>\n\t<meta property=\"og:image:width\" content=\"1600\" \/>\n\t<meta property=\"og:image:height\" content=\"1200\" \/>\n\t<meta property=\"og:image:type\" content=\"image\/jpeg\" \/>\n<meta name=\"author\" content=\"PILT\" \/>\n<meta name=\"twitter:card\" content=\"summary_large_image\" \/>\n<meta name=\"twitter:label1\" content=\"Escrito por\" \/>\n\t<meta name=\"twitter:data1\" content=\"PILT\" \/>\n\t<meta name=\"twitter:label2\" content=\"Tiempo de lectura\" \/>\n\t<meta name=\"twitter:data2\" content=\"1 minuto\" \/>\n<script type=\"application\/ld+json\" class=\"yoast-schema-graph\">{\"@context\":\"https:\\\/\\\/schema.org\",\"@graph\":[{\"@type\":\"Article\",\"@id\":\"https:\\\/\\\/pilt.com.ar\\\/parque-industrial\\\/terramar-finalizo-las-obras-de-su-nueva-planta-en-el-pilt\\\/#article\",\"isPartOf\":{\"@id\":\"https:\\\/\\\/pilt.com.ar\\\/parque-industrial\\\/terramar-finalizo-las-obras-de-su-nueva-planta-en-el-pilt\\\/\"},\"author\":{\"name\":\"PILT\",\"@id\":\"https:\\\/\\\/pilt.com.ar\\\/parque-industrial\\\/#\\\/schema\\\/person\\\/2dfb9e2464de1c3deef20c25c30a8306\"},\"headline\":\"TERRAMAR FINALIZ\u00d3 LA CONSTRUCCI\u00d3N DEL DEP\u00d3SITO NACIONAL DE MERCADER\u00cdAS EN EL PILT\",\"datePublished\":\"2024-11-08T12:24:53+00:00\",\"dateModified\":\"2024-11-08T18:43:50+00:00\",\"mainEntityOfPage\":{\"@id\":\"https:\\\/\\\/pilt.com.ar\\\/parque-industrial\\\/terramar-finalizo-las-obras-de-su-nueva-planta-en-el-pilt\\\/\"},\"wordCount\":205,\"commentCount\":0,\"image\":{\"@id\":\"https:\\\/\\\/pilt.com.ar\\\/parque-industrial\\\/terramar-finalizo-las-obras-de-su-nueva-planta-en-el-pilt\\\/#primaryimage\"},\"thumbnailUrl\":\"https:\\\/\\\/i0.wp.com\\\/pilt.com.ar\\\/parque-industrial\\\/wp-content\\\/uploads\\\/2024\\\/11\\\/WhatsApp-Image-2024-11-07-at-18.35.55.jpeg?fit=1600%2C1200&ssl=1\",\"articleSection\":[\"Noticias\"],\"inLanguage\":\"es\",\"potentialAction\":[{\"@type\":\"CommentAction\",\"name\":\"Comment\",\"target\":[\"https:\\\/\\\/pilt.com.ar\\\/parque-industrial\\\/terramar-finalizo-las-obras-de-su-nueva-planta-en-el-pilt\\\/#respond\"]}]},{\"@type\":\"WebPage\",\"@id\":\"https:\\\/\\\/pilt.com.ar\\\/parque-industrial\\\/terramar-finalizo-las-obras-de-su-nueva-planta-en-el-pilt\\\/\",\"url\":\"https:\\\/\\\/pilt.com.ar\\\/parque-industrial\\\/terramar-finalizo-las-obras-de-su-nueva-planta-en-el-pilt\\\/\",\"name\":\"TERRAMAR FINALIZ\u00d3 LA CONSTRUCCI\u00d3N DEL DEP\u00d3SITO NACIONAL DE MERCADER\u00cdAS EN EL PILT - PILT.com.ar\",\"isPartOf\":{\"@id\":\"https:\\\/\\\/pilt.com.ar\\\/parque-industrial\\\/#website\"},\"primaryImageOfPage\":{\"@id\":\"https:\\\/\\\/pilt.com.ar\\\/parque-industrial\\\/terramar-finalizo-las-obras-de-su-nueva-planta-en-el-pilt\\\/#primaryimage\"},\"image\":{\"@id\":\"https:\\\/\\\/pilt.com.ar\\\/parque-industrial\\\/terramar-finalizo-las-obras-de-su-nueva-planta-en-el-pilt\\\/#primaryimage\"},\"thumbnailUrl\":\"https:\\\/\\\/i0.wp.com\\\/pilt.com.ar\\\/parque-industrial\\\/wp-content\\\/uploads\\\/2024\\\/11\\\/WhatsApp-Image-2024-11-07-at-18.35.55.jpeg?fit=1600%2C1200&ssl=1\",\"datePublished\":\"2024-11-08T12:24:53+00:00\",\"dateModified\":\"2024-11-08T18:43:50+00:00\",\"author\":{\"@id\":\"https:\\\/\\\/pilt.com.ar\\\/parque-industrial\\\/#\\\/schema\\\/person\\\/2dfb9e2464de1c3deef20c25c30a8306\"},\"inLanguage\":\"es\",\"potentialAction\":[{\"@type\":\"ReadAction\",\"target\":[\"https:\\\/\\\/pilt.com.ar\\\/parque-industrial\\\/terramar-finalizo-las-obras-de-su-nueva-planta-en-el-pilt\\\/\"]}]},{\"@type\":\"ImageObject\",\"inLanguage\":\"es\",\"@id\":\"https:\\\/\\\/pilt.com.ar\\\/parque-industrial\\\/terramar-finalizo-las-obras-de-su-nueva-planta-en-el-pilt\\\/#primaryimage\",\"url\":\"https:\\\/\\\/i0.wp.com\\\/pilt.com.ar\\\/parque-industrial\\\/wp-content\\\/uploads\\\/2024\\\/11\\\/WhatsApp-Image-2024-11-07-at-18.35.55.jpeg?fit=1600%2C1200&ssl=1\",\"contentUrl\":\"https:\\\/\\\/i0.wp.com\\\/pilt.com.ar\\\/parque-industrial\\\/wp-content\\\/uploads\\\/2024\\\/11\\\/WhatsApp-Image-2024-11-07-at-18.35.55.jpeg?fit=1600%2C1200&ssl=1\",\"width\":1600,\"height\":1200},{\"@type\":\"WebSite\",\"@id\":\"https:\\\/\\\/pilt.com.ar\\\/parque-industrial\\\/#website\",\"url\":\"https:\\\/\\\/pilt.com.ar\\\/parque-industrial\\\/\",\"name\":\"PILT.com.ar\",\"description\":\"Parque Industrial, Log\u00edstico y Tecnol\u00f3gico Villa Mar\u00eda\",\"potentialAction\":[{\"@type\":\"SearchAction\",\"target\":{\"@type\":\"EntryPoint\",\"urlTemplate\":\"https:\\\/\\\/pilt.com.ar\\\/parque-industrial\\\/?s={search_term_string}\"},\"query-input\":{\"@type\":\"PropertyValueSpecification\",\"valueRequired\":true,\"valueName\":\"search_term_string\"}}],\"inLanguage\":\"es\"},{\"@type\":\"Person\",\"@id\":\"https:\\\/\\\/pilt.com.ar\\\/parque-industrial\\\/#\\\/schema\\\/person\\\/2dfb9e2464de1c3deef20c25c30a8306\",\"name\":\"PILT\",\"image\":{\"@type\":\"ImageObject\",\"inLanguage\":\"es\",\"@id\":\"https:\\\/\\\/secure.gravatar.com\\\/avatar\\\/5e3734c8d8c8e0b0d45f923c14a14d7b90521d573d02f0d91360a777095ee42b?s=96&d=mm&r=g\",\"url\":\"https:\\\/\\\/secure.gravatar.com\\\/avatar\\\/5e3734c8d8c8e0b0d45f923c14a14d7b90521d573d02f0d91360a777095ee42b?s=96&d=mm&r=g\",\"contentUrl\":\"https:\\\/\\\/secure.gravatar.com\\\/avatar\\\/5e3734c8d8c8e0b0d45f923c14a14d7b90521d573d02f0d91360a777095ee42b?s=96&d=mm&r=g\",\"caption\":\"PILT\"},\"url\":\"https:\\\/\\\/pilt.com.ar\\\/parque-industrial\\\/author\\\/pilt\\\/\"}]}<\/script>\n<!-- \/ Yoast SEO plugin. -->","yoast_head_json":{"title":"TERRAMAR FINALIZ\u00d3 LA CONSTRUCCI\u00d3N DEL DEP\u00d3SITO NACIONAL DE MERCADER\u00cdAS EN EL PILT - PILT.com.ar","robots":{"index":"index","follow":"follow","max-snippet":"max-snippet:-1","max-image-preview":"max-image-preview:large","max-video-preview":"max-video-preview:-1"},"canonical":"https:\/\/pilt.com.ar\/parque-industrial\/terramar-finalizo-las-obras-de-su-nueva-planta-en-el-pilt\/","og_locale":"es_ES","og_type":"article","og_title":"TERRAMAR FINALIZ\u00d3 LA CONSTRUCCI\u00d3N DEL DEP\u00d3SITO NACIONAL DE MERCADER\u00cdAS EN EL PILT - PILT.com.ar","og_description":"La firma, que posee el Dep\u00f3sito Fiscal Aduanero en el predio, en pocos d\u00edas comenzar\u00e1 a operar el nuevo espacio. La empresa de log\u00edstica y comercio exterior Terramar culmin\u00f3 recientemente las obras correspondientes a la nueva nave que levant\u00f3 en el Parque Industrial Log\u00edstico y Tecnol\u00f3gico Villa Mar\u00eda (PILT), en un terreno contiguo al Dep\u00f3sito [&hellip;]","og_url":"https:\/\/pilt.com.ar\/parque-industrial\/terramar-finalizo-las-obras-de-su-nueva-planta-en-el-pilt\/","og_site_name":"PILT.com.ar","article_published_time":"2024-11-08T12:24:53+00:00","article_modified_time":"2024-11-08T18:43:50+00:00","og_image":[{"width":1600,"height":1200,"url":"https:\/\/i0.wp.com\/pilt.com.ar\/parque-industrial\/wp-content\/uploads\/2024\/11\/WhatsApp-Image-2024-11-07-at-18.35.55.jpeg?fit=1600%2C1200&ssl=1","type":"image\/jpeg"}],"author":"PILT","twitter_card":"summary_large_image","twitter_misc":{"Escrito por":"PILT","Tiempo de lectura":"1 minuto"},"schema":{"@context":"https:\/\/schema.org","@graph":[{"@type":"Article","@id":"https:\/\/pilt.com.ar\/parque-industrial\/terramar-finalizo-las-obras-de-su-nueva-planta-en-el-pilt\/#article","isPartOf":{"@id":"https:\/\/pilt.com.ar\/parque-industrial\/terramar-finalizo-las-obras-de-su-nueva-planta-en-el-pilt\/"},"author":{"name":"PILT","@id":"https:\/\/pilt.com.ar\/parque-industrial\/#\/schema\/person\/2dfb9e2464de1c3deef20c25c30a8306"},"headline":"TERRAMAR FINALIZ\u00d3 LA CONSTRUCCI\u00d3N DEL DEP\u00d3SITO NACIONAL DE MERCADER\u00cdAS EN EL PILT","datePublished":"2024-11-08T12:24:53+00:00","dateModified":"2024-11-08T18:43:50+00:00","mainEntityOfPage":{"@id":"https:\/\/pilt.com.ar\/parque-industrial\/terramar-finalizo-las-obras-de-su-nueva-planta-en-el-pilt\/"},"wordCount":205,"commentCount":0,"image":{"@id":"https:\/\/pilt.com.ar\/parque-industrial\/terramar-finalizo-las-obras-de-su-nueva-planta-en-el-pilt\/#primaryimage"},"thumbnailUrl":"https:\/\/i0.wp.com\/pilt.com.ar\/parque-industrial\/wp-content\/uploads\/2024\/11\/WhatsApp-Image-2024-11-07-at-18.35.55.jpeg?fit=1600%2C1200&ssl=1","articleSection":["Noticias"],"inLanguage":"es","potentialAction":[{"@type":"CommentAction","name":"Comment","target":["https:\/\/pilt.com.ar\/parque-industrial\/terramar-finalizo-las-obras-de-su-nueva-planta-en-el-pilt\/#respond"]}]},{"@type":"WebPage","@id":"https:\/\/pilt.com.ar\/parque-industrial\/terramar-finalizo-las-obras-de-su-nueva-planta-en-el-pilt\/","url":"https:\/\/pilt.com.ar\/parque-industrial\/terramar-finalizo-las-obras-de-su-nueva-planta-en-el-pilt\/","name":"TERRAMAR FINALIZ\u00d3 LA CONSTRUCCI\u00d3N DEL DEP\u00d3SITO NACIONAL DE MERCADER\u00cdAS EN EL PILT - PILT.com.ar","isPartOf":{"@id":"https:\/\/pilt.com.ar\/parque-industrial\/#website"},"primaryImageOfPage":{"@id":"https:\/\/pilt.com.ar\/parque-industrial\/terramar-finalizo-las-obras-de-su-nueva-planta-en-el-pilt\/#primaryimage"},"image":{"@id":"https:\/\/pilt.com.ar\/parque-industrial\/terramar-finalizo-las-obras-de-su-nueva-planta-en-el-pilt\/#primaryimage"},"thumbnailUrl":"https:\/\/i0.wp.com\/pilt.com.ar\/parque-industrial\/wp-content\/uploads\/2024\/11\/WhatsApp-Image-2024-11-07-at-18.35.55.jpeg?fit=1600%2C1200&ssl=1","datePublished":"2024-11-08T12:24:53+00:00","dateModified":"2024-11-08T18:43:50+00:00","author":{"@id":"https:\/\/pilt.com.ar\/parque-industrial\/#\/schema\/person\/2dfb9e2464de1c3deef20c25c30a8306"},"inLanguage":"es","potentialAction":[{"@type":"ReadAction","target":["https:\/\/pilt.com.ar\/parque-industrial\/terramar-finalizo-las-obras-de-su-nueva-planta-en-el-pilt\/"]}]},{"@type":"ImageObject","inLanguage":"es","@id":"https:\/\/pilt.com.ar\/parque-industrial\/terramar-finalizo-las-obras-de-su-nueva-planta-en-el-pilt\/#primaryimage","url":"https:\/\/i0.wp.com\/pilt.com.ar\/parque-industrial\/wp-content\/uploads\/2024\/11\/WhatsApp-Image-2024-11-07-at-18.35.55.jpeg?fit=1600%2C1200&ssl=1","contentUrl":"https:\/\/i0.wp.com\/pilt.com.ar\/parque-industrial\/wp-content\/uploads\/2024\/11\/WhatsApp-Image-2024-11-07-at-18.35.55.jpeg?fit=1600%2C1200&ssl=1","width":1600,"height":1200},{"@type":"WebSite","@id":"https:\/\/pilt.com.ar\/parque-industrial\/#website","url":"https:\/\/pilt.com.ar\/parque-industrial\/","name":"PILT.com.ar","description":"Parque Industrial, Log\u00edstico y Tecnol\u00f3gico Villa Mar\u00eda","potentialAction":[{"@type":"SearchAction","target":{"@type":"EntryPoint","urlTemplate":"https:\/\/pilt.com.ar\/parque-industrial\/?s={search_term_string}"},"query-input":{"@type":"PropertyValueSpecification","valueRequired":true,"valueName":"search_term_string"}}],"inLanguage":"es"},{"@type":"Person","@id":"https:\/\/pilt.com.ar\/parque-industrial\/#\/schema\/person\/2dfb9e2464de1c3deef20c25c30a8306","name":"PILT","image":{"@type":"ImageObject","inLanguage":"es","@id":"https:\/\/secure.gravatar.com\/avatar\/5e3734c8d8c8e0b0d45f923c14a14d7b90521d573d02f0d91360a777095ee42b?s=96&d=mm&r=g","url":"https:\/\/secure.gravatar.com\/avatar\/5e3734c8d8c8e0b0d45f923c14a14d7b90521d573d02f0d91360a777095ee42b?s=96&d=mm&r=g","contentUrl":"https:\/\/secure.gravatar.com\/avatar\/5e3734c8d8c8e0b0d45f923c14a14d7b90521d573d02f0d91360a777095ee42b?s=96&d=mm&r=g","caption":"PILT"},"url":"https:\/\/pilt.com.ar\/parque-industrial\/author\/pilt\/"}]}},"jetpack_featured_media_url":"https:\/\/i0.wp.com\/pilt.com.ar\/parque-industrial\/wp-content\/uploads\/2024\/11\/WhatsApp-Image-2024-11-07-at-18.35.55.jpeg?fit=1600%2C1200&ssl=1","jetpack_sharing_enabled":true,"_links":{"self":[{"href":"https:\/\/pilt.com.ar\/parque-industrial\/wp-json\/wp\/v2\/posts\/3443","targetHints":{"allow":["GET"]}}],"collection":[{"href":"https:\/\/pilt.com.ar\/parque-industrial\/wp-json\/wp\/v2\/posts"}],"about":[{"href":"https:\/\/pilt.com.ar\/parque-industrial\/wp-json\/wp\/v2\/types\/post"}],"author":[{"embeddable":true,"href":"https:\/\/pilt.com.ar\/parque-industrial\/wp-json\/wp\/v2\/users\/3"}],"replies":[{"embeddable":true,"href":"https:\/\/pilt.com.ar\/parque-industrial\/wp-json\/wp\/v2\/comments?post=3443"}],"version-history":[{"count":2,"href":"https:\/\/pilt.com.ar\/parque-industrial\/wp-json\/wp\/v2\/posts\/3443\/revisions"}],"predecessor-version":[{"id":3452,"href":"https:\/\/pilt.com.ar\/parque-industrial\/wp-json\/wp\/v2\/posts\/3443\/revisions\/3452"}],"wp:featuredmedia":[{"embeddable":true,"href":"https:\/\/pilt.com.ar\/parque-industrial\/wp-json\/wp\/v2\/media\/3444"}],"wp:attachment":[{"href":"https:\/\/pilt.com.ar\/parque-industrial\/wp-json\/wp\/v2\/media?parent=3443"}],"wp:term":[{"taxonomy":"category","embeddable":true,"href":"https:\/\/pilt.com.ar\/parque-industrial\/wp-json\/wp\/v2\/categories?post=3443"},{"taxonomy":"post_tag","embeddable":true,"href":"https:\/\/pilt.com.ar\/parque-industrial\/wp-json\/wp\/v2\/tags?post=3443"}],"curies":[{"name":"wp","href":"https:\/\/api.w.org\/{rel}","templated":true}]}}