{"id":3407,"date":"2024-10-25T15:40:07","date_gmt":"2024-10-25T18:40:07","guid":{"rendered":"https:\/\/pilt.com.ar\/parque-industrial\/?p=3407"},"modified":"2024-10-25T15:45:49","modified_gmt":"2024-10-25T18:45:49","slug":"instituciones-educativas-visitaron-el-pilt","status":"publish","type":"post","link":"https:\/\/pilt.com.ar\/parque-industrial\/instituciones-educativas-visitaron-el-pilt\/","title":{"rendered":"INSTITUCIONES EDUCATIVAS VISITARON EL PILT"},"content":{"rendered":"\n<p class=\"has-text-align-center\"><em>En las \u00faltimas semanas estudiantes de distintos colegios concurrieron al Parque para conocer las actividades que se llevan a cabo.<\/em><\/p>\n\n\n\n<p>Como sucede habitualmente, alumnos de diversas instituciones educativas de la ciudad y regi\u00f3n visitan el Parque Industrial, Log\u00edstico y Tecnol\u00f3gico Villa Mar\u00eda (PILT), a los fines de interiorizase acera de las acciones que se desarrollan y conocer por dentro a empresas que lo conforman.&nbsp;&nbsp;<\/p>\n\n\n\n<p>Tal es as\u00ed que, en lo va del corriente mes de octubre, estuvieron en el Ente estudiantes de 5\u00b0 a\u00f1o de la orientaci\u00f3n en Econom\u00eda y Administraci\u00f3n del Instituto la Sant\u00edsima Trinidad; de 6\u00b0 a\u00f1o del IPEM 147 Manuel Anselmo Ocampo, de la especialidad Econom\u00eda; del Ciclo de Especializaci\u00f3n de la Escuela Especial Clotilde M. de Sabattini, y alumnos de 6\u00b0 grado de la escuela primaria Jos\u00e9 M\u00e1rmol. Para la pr\u00f3xima semana est\u00e1 previsto que concurra una comitiva de 5\u00b0 a\u00f1o del Complejo Educativo El Caminante.<\/p>\n\n\n\n<p>Cabe mencionar que en todos los casos se reciben a los visitantes en el sal\u00f3n de usos m\u00faltiples del PILT, en donde se explican las caracter\u00edsticas de la entidad, las tareas administrativas que se realizan, como as\u00ed tambi\u00e9n se informa sobre la infraestructura y servicios que posee para potenciar el desarrollo industrial. Posteriormente los j\u00f3venes recorren empresas para conocer acerca de la elaboraci\u00f3n de sus productos. As\u00ed, estuvieron en la planta de reconstrucci\u00f3n de neum\u00e1ticos de la empresa P&amp;L Neum\u00e1ticos; en Alimentos y Servicios, firma dedicada a la elaboraci\u00f3n de productos l\u00e1cteos, como yogures, flanes y postres; Pedrolga, empresa de log\u00edstica y Terramar, organizaci\u00f3n dedicada al comercio exterior. Adem\u00e1s, alumnos visitaron Dyfma (maquinaria para cosecha y poscosecha de frutos secos) y Magno (equipamiento para tambos), ambas alojadas en la Nave para Emprendedores I.<\/p>\n\n\n\n<p><\/p>\n","protected":false},"excerpt":{"rendered":"<p>En las \u00faltimas semanas estudiantes de distintos colegios concurrieron al Parque para conocer las actividades que se llevan a cabo. Como sucede habitualmente, alumnos de diversas instituciones educativas de la ciudad y regi\u00f3n visitan el Parque Industrial, Log\u00edstico y Tecnol\u00f3gico Villa Mar\u00eda (PILT), a los fines de interiorizase acera de las acciones que se desarrollan [&hellip;]<\/p>\n","protected":false},"author":3,"featured_media":3408,"comment_status":"open","ping_status":"open","sticky":false,"template":"","format":"standard","meta":{"_jetpack_memberships_contains_paid_content":false,"footnotes":""},"categories":[2],"tags":[],"class_list":["post-3407","post","type-post","status-publish","format-standard","has-post-thumbnail","hentry","category-noticias"],"yoast_head":"<!-- This site is optimized with the Yoast SEO plugin v27.5 - https:\/\/yoast.com\/product\/yoast-seo-wordpress\/ -->\n<title>INSTITUCIONES EDUCATIVAS VISITARON EL PILT - PILT.com.ar<\/title>\n<meta name=\"robots\" content=\"index, follow, max-snippet:-1, max-image-preview:large, max-video-preview:-1\" \/>\n<link rel=\"canonical\" href=\"https:\/\/pilt.com.ar\/parque-industrial\/instituciones-educativas-visitaron-el-pilt\/\" \/>\n<meta property=\"og:locale\" content=\"es_ES\" \/>\n<meta property=\"og:type\" content=\"article\" \/>\n<meta property=\"og:title\" content=\"INSTITUCIONES EDUCATIVAS VISITARON EL PILT - PILT.com.ar\" \/>\n<meta property=\"og:description\" content=\"En las \u00faltimas semanas estudiantes de distintos colegios concurrieron al Parque para conocer las actividades que se llevan a cabo. Como sucede habitualmente, alumnos de diversas instituciones educativas de la ciudad y regi\u00f3n visitan el Parque Industrial, Log\u00edstico y Tecnol\u00f3gico Villa Mar\u00eda (PILT), a los fines de interiorizase acera de las acciones que se desarrollan [&hellip;]\" \/>\n<meta property=\"og:url\" content=\"https:\/\/pilt.com.ar\/parque-industrial\/instituciones-educativas-visitaron-el-pilt\/\" \/>\n<meta property=\"og:site_name\" content=\"PILT.com.ar\" \/>\n<meta property=\"article:published_time\" content=\"2024-10-25T18:40:07+00:00\" \/>\n<meta property=\"article:modified_time\" content=\"2024-10-25T18:45:49+00:00\" \/>\n<meta property=\"og:image\" content=\"https:\/\/i0.wp.com\/pilt.com.ar\/parque-industrial\/wp-content\/uploads\/2024\/10\/WhatsApp-Image-2024-10-24-at-13.24.20.jpeg?fit=1600%2C985&ssl=1\" \/>\n\t<meta property=\"og:image:width\" content=\"1600\" \/>\n\t<meta property=\"og:image:height\" content=\"985\" \/>\n\t<meta property=\"og:image:type\" content=\"image\/jpeg\" \/>\n<meta name=\"author\" content=\"PILT\" \/>\n<meta name=\"twitter:card\" content=\"summary_large_image\" \/>\n<meta name=\"twitter:label1\" content=\"Escrito por\" \/>\n\t<meta name=\"twitter:data1\" content=\"PILT\" \/>\n\t<meta name=\"twitter:label2\" content=\"Tiempo de lectura\" \/>\n\t<meta name=\"twitter:data2\" content=\"2 minutos\" \/>\n<script type=\"application\/ld+json\" class=\"yoast-schema-graph\">{\"@context\":\"https:\\\/\\\/schema.org\",\"@graph\":[{\"@type\":\"Article\",\"@id\":\"https:\\\/\\\/pilt.com.ar\\\/parque-industrial\\\/instituciones-educativas-visitaron-el-pilt\\\/#article\",\"isPartOf\":{\"@id\":\"https:\\\/\\\/pilt.com.ar\\\/parque-industrial\\\/instituciones-educativas-visitaron-el-pilt\\\/\"},\"author\":{\"name\":\"PILT\",\"@id\":\"https:\\\/\\\/pilt.com.ar\\\/parque-industrial\\\/#\\\/schema\\\/person\\\/2dfb9e2464de1c3deef20c25c30a8306\"},\"headline\":\"INSTITUCIONES EDUCATIVAS VISITARON EL PILT\",\"datePublished\":\"2024-10-25T18:40:07+00:00\",\"dateModified\":\"2024-10-25T18:45:49+00:00\",\"mainEntityOfPage\":{\"@id\":\"https:\\\/\\\/pilt.com.ar\\\/parque-industrial\\\/instituciones-educativas-visitaron-el-pilt\\\/\"},\"wordCount\":316,\"commentCount\":0,\"image\":{\"@id\":\"https:\\\/\\\/pilt.com.ar\\\/parque-industrial\\\/instituciones-educativas-visitaron-el-pilt\\\/#primaryimage\"},\"thumbnailUrl\":\"https:\\\/\\\/i0.wp.com\\\/pilt.com.ar\\\/parque-industrial\\\/wp-content\\\/uploads\\\/2024\\\/10\\\/WhatsApp-Image-2024-10-24-at-13.24.20.jpeg?fit=1600%2C985&ssl=1\",\"articleSection\":[\"Noticias\"],\"inLanguage\":\"es\",\"potentialAction\":[{\"@type\":\"CommentAction\",\"name\":\"Comment\",\"target\":[\"https:\\\/\\\/pilt.com.ar\\\/parque-industrial\\\/instituciones-educativas-visitaron-el-pilt\\\/#respond\"]}]},{\"@type\":\"WebPage\",\"@id\":\"https:\\\/\\\/pilt.com.ar\\\/parque-industrial\\\/instituciones-educativas-visitaron-el-pilt\\\/\",\"url\":\"https:\\\/\\\/pilt.com.ar\\\/parque-industrial\\\/instituciones-educativas-visitaron-el-pilt\\\/\",\"name\":\"INSTITUCIONES EDUCATIVAS VISITARON EL PILT - PILT.com.ar\",\"isPartOf\":{\"@id\":\"https:\\\/\\\/pilt.com.ar\\\/parque-industrial\\\/#website\"},\"primaryImageOfPage\":{\"@id\":\"https:\\\/\\\/pilt.com.ar\\\/parque-industrial\\\/instituciones-educativas-visitaron-el-pilt\\\/#primaryimage\"},\"image\":{\"@id\":\"https:\\\/\\\/pilt.com.ar\\\/parque-industrial\\\/instituciones-educativas-visitaron-el-pilt\\\/#primaryimage\"},\"thumbnailUrl\":\"https:\\\/\\\/i0.wp.com\\\/pilt.com.ar\\\/parque-industrial\\\/wp-content\\\/uploads\\\/2024\\\/10\\\/WhatsApp-Image-2024-10-24-at-13.24.20.jpeg?fit=1600%2C985&ssl=1\",\"datePublished\":\"2024-10-25T18:40:07+00:00\",\"dateModified\":\"2024-10-25T18:45:49+00:00\",\"author\":{\"@id\":\"https:\\\/\\\/pilt.com.ar\\\/parque-industrial\\\/#\\\/schema\\\/person\\\/2dfb9e2464de1c3deef20c25c30a8306\"},\"inLanguage\":\"es\",\"potentialAction\":[{\"@type\":\"ReadAction\",\"target\":[\"https:\\\/\\\/pilt.com.ar\\\/parque-industrial\\\/instituciones-educativas-visitaron-el-pilt\\\/\"]}]},{\"@type\":\"ImageObject\",\"inLanguage\":\"es\",\"@id\":\"https:\\\/\\\/pilt.com.ar\\\/parque-industrial\\\/instituciones-educativas-visitaron-el-pilt\\\/#primaryimage\",\"url\":\"https:\\\/\\\/i0.wp.com\\\/pilt.com.ar\\\/parque-industrial\\\/wp-content\\\/uploads\\\/2024\\\/10\\\/WhatsApp-Image-2024-10-24-at-13.24.20.jpeg?fit=1600%2C985&ssl=1\",\"contentUrl\":\"https:\\\/\\\/i0.wp.com\\\/pilt.com.ar\\\/parque-industrial\\\/wp-content\\\/uploads\\\/2024\\\/10\\\/WhatsApp-Image-2024-10-24-at-13.24.20.jpeg?fit=1600%2C985&ssl=1\",\"width\":1600,\"height\":985},{\"@type\":\"WebSite\",\"@id\":\"https:\\\/\\\/pilt.com.ar\\\/parque-industrial\\\/#website\",\"url\":\"https:\\\/\\\/pilt.com.ar\\\/parque-industrial\\\/\",\"name\":\"PILT.com.ar\",\"description\":\"Parque Industrial, Log\u00edstico y Tecnol\u00f3gico Villa Mar\u00eda\",\"potentialAction\":[{\"@type\":\"SearchAction\",\"target\":{\"@type\":\"EntryPoint\",\"urlTemplate\":\"https:\\\/\\\/pilt.com.ar\\\/parque-industrial\\\/?s={search_term_string}\"},\"query-input\":{\"@type\":\"PropertyValueSpecification\",\"valueRequired\":true,\"valueName\":\"search_term_string\"}}],\"inLanguage\":\"es\"},{\"@type\":\"Person\",\"@id\":\"https:\\\/\\\/pilt.com.ar\\\/parque-industrial\\\/#\\\/schema\\\/person\\\/2dfb9e2464de1c3deef20c25c30a8306\",\"name\":\"PILT\",\"image\":{\"@type\":\"ImageObject\",\"inLanguage\":\"es\",\"@id\":\"https:\\\/\\\/secure.gravatar.com\\\/avatar\\\/5e3734c8d8c8e0b0d45f923c14a14d7b90521d573d02f0d91360a777095ee42b?s=96&d=mm&r=g\",\"url\":\"https:\\\/\\\/secure.gravatar.com\\\/avatar\\\/5e3734c8d8c8e0b0d45f923c14a14d7b90521d573d02f0d91360a777095ee42b?s=96&d=mm&r=g\",\"contentUrl\":\"https:\\\/\\\/secure.gravatar.com\\\/avatar\\\/5e3734c8d8c8e0b0d45f923c14a14d7b90521d573d02f0d91360a777095ee42b?s=96&d=mm&r=g\",\"caption\":\"PILT\"},\"url\":\"https:\\\/\\\/pilt.com.ar\\\/parque-industrial\\\/author\\\/pilt\\\/\"}]}<\/script>\n<!-- \/ Yoast SEO plugin. -->","yoast_head_json":{"title":"INSTITUCIONES EDUCATIVAS VISITARON EL PILT - PILT.com.ar","robots":{"index":"index","follow":"follow","max-snippet":"max-snippet:-1","max-image-preview":"max-image-preview:large","max-video-preview":"max-video-preview:-1"},"canonical":"https:\/\/pilt.com.ar\/parque-industrial\/instituciones-educativas-visitaron-el-pilt\/","og_locale":"es_ES","og_type":"article","og_title":"INSTITUCIONES EDUCATIVAS VISITARON EL PILT - PILT.com.ar","og_description":"En las \u00faltimas semanas estudiantes de distintos colegios concurrieron al Parque para conocer las actividades que se llevan a cabo. Como sucede habitualmente, alumnos de diversas instituciones educativas de la ciudad y regi\u00f3n visitan el Parque Industrial, Log\u00edstico y Tecnol\u00f3gico Villa Mar\u00eda (PILT), a los fines de interiorizase acera de las acciones que se desarrollan [&hellip;]","og_url":"https:\/\/pilt.com.ar\/parque-industrial\/instituciones-educativas-visitaron-el-pilt\/","og_site_name":"PILT.com.ar","article_published_time":"2024-10-25T18:40:07+00:00","article_modified_time":"2024-10-25T18:45:49+00:00","og_image":[{"width":1600,"height":985,"url":"https:\/\/i0.wp.com\/pilt.com.ar\/parque-industrial\/wp-content\/uploads\/2024\/10\/WhatsApp-Image-2024-10-24-at-13.24.20.jpeg?fit=1600%2C985&ssl=1","type":"image\/jpeg"}],"author":"PILT","twitter_card":"summary_large_image","twitter_misc":{"Escrito por":"PILT","Tiempo de lectura":"2 minutos"},"schema":{"@context":"https:\/\/schema.org","@graph":[{"@type":"Article","@id":"https:\/\/pilt.com.ar\/parque-industrial\/instituciones-educativas-visitaron-el-pilt\/#article","isPartOf":{"@id":"https:\/\/pilt.com.ar\/parque-industrial\/instituciones-educativas-visitaron-el-pilt\/"},"author":{"name":"PILT","@id":"https:\/\/pilt.com.ar\/parque-industrial\/#\/schema\/person\/2dfb9e2464de1c3deef20c25c30a8306"},"headline":"INSTITUCIONES EDUCATIVAS VISITARON EL PILT","datePublished":"2024-10-25T18:40:07+00:00","dateModified":"2024-10-25T18:45:49+00:00","mainEntityOfPage":{"@id":"https:\/\/pilt.com.ar\/parque-industrial\/instituciones-educativas-visitaron-el-pilt\/"},"wordCount":316,"commentCount":0,"image":{"@id":"https:\/\/pilt.com.ar\/parque-industrial\/instituciones-educativas-visitaron-el-pilt\/#primaryimage"},"thumbnailUrl":"https:\/\/i0.wp.com\/pilt.com.ar\/parque-industrial\/wp-content\/uploads\/2024\/10\/WhatsApp-Image-2024-10-24-at-13.24.20.jpeg?fit=1600%2C985&ssl=1","articleSection":["Noticias"],"inLanguage":"es","potentialAction":[{"@type":"CommentAction","name":"Comment","target":["https:\/\/pilt.com.ar\/parque-industrial\/instituciones-educativas-visitaron-el-pilt\/#respond"]}]},{"@type":"WebPage","@id":"https:\/\/pilt.com.ar\/parque-industrial\/instituciones-educativas-visitaron-el-pilt\/","url":"https:\/\/pilt.com.ar\/parque-industrial\/instituciones-educativas-visitaron-el-pilt\/","name":"INSTITUCIONES EDUCATIVAS VISITARON EL PILT - PILT.com.ar","isPartOf":{"@id":"https:\/\/pilt.com.ar\/parque-industrial\/#website"},"primaryImageOfPage":{"@id":"https:\/\/pilt.com.ar\/parque-industrial\/instituciones-educativas-visitaron-el-pilt\/#primaryimage"},"image":{"@id":"https:\/\/pilt.com.ar\/parque-industrial\/instituciones-educativas-visitaron-el-pilt\/#primaryimage"},"thumbnailUrl":"https:\/\/i0.wp.com\/pilt.com.ar\/parque-industrial\/wp-content\/uploads\/2024\/10\/WhatsApp-Image-2024-10-24-at-13.24.20.jpeg?fit=1600%2C985&ssl=1","datePublished":"2024-10-25T18:40:07+00:00","dateModified":"2024-10-25T18:45:49+00:00","author":{"@id":"https:\/\/pilt.com.ar\/parque-industrial\/#\/schema\/person\/2dfb9e2464de1c3deef20c25c30a8306"},"inLanguage":"es","potentialAction":[{"@type":"ReadAction","target":["https:\/\/pilt.com.ar\/parque-industrial\/instituciones-educativas-visitaron-el-pilt\/"]}]},{"@type":"ImageObject","inLanguage":"es","@id":"https:\/\/pilt.com.ar\/parque-industrial\/instituciones-educativas-visitaron-el-pilt\/#primaryimage","url":"https:\/\/i0.wp.com\/pilt.com.ar\/parque-industrial\/wp-content\/uploads\/2024\/10\/WhatsApp-Image-2024-10-24-at-13.24.20.jpeg?fit=1600%2C985&ssl=1","contentUrl":"https:\/\/i0.wp.com\/pilt.com.ar\/parque-industrial\/wp-content\/uploads\/2024\/10\/WhatsApp-Image-2024-10-24-at-13.24.20.jpeg?fit=1600%2C985&ssl=1","width":1600,"height":985},{"@type":"WebSite","@id":"https:\/\/pilt.com.ar\/parque-industrial\/#website","url":"https:\/\/pilt.com.ar\/parque-industrial\/","name":"PILT.com.ar","description":"Parque Industrial, Log\u00edstico y Tecnol\u00f3gico Villa Mar\u00eda","potentialAction":[{"@type":"SearchAction","target":{"@type":"EntryPoint","urlTemplate":"https:\/\/pilt.com.ar\/parque-industrial\/?s={search_term_string}"},"query-input":{"@type":"PropertyValueSpecification","valueRequired":true,"valueName":"search_term_string"}}],"inLanguage":"es"},{"@type":"Person","@id":"https:\/\/pilt.com.ar\/parque-industrial\/#\/schema\/person\/2dfb9e2464de1c3deef20c25c30a8306","name":"PILT","image":{"@type":"ImageObject","inLanguage":"es","@id":"https:\/\/secure.gravatar.com\/avatar\/5e3734c8d8c8e0b0d45f923c14a14d7b90521d573d02f0d91360a777095ee42b?s=96&d=mm&r=g","url":"https:\/\/secure.gravatar.com\/avatar\/5e3734c8d8c8e0b0d45f923c14a14d7b90521d573d02f0d91360a777095ee42b?s=96&d=mm&r=g","contentUrl":"https:\/\/secure.gravatar.com\/avatar\/5e3734c8d8c8e0b0d45f923c14a14d7b90521d573d02f0d91360a777095ee42b?s=96&d=mm&r=g","caption":"PILT"},"url":"https:\/\/pilt.com.ar\/parque-industrial\/author\/pilt\/"}]}},"jetpack_featured_media_url":"https:\/\/i0.wp.com\/pilt.com.ar\/parque-industrial\/wp-content\/uploads\/2024\/10\/WhatsApp-Image-2024-10-24-at-13.24.20.jpeg?fit=1600%2C985&ssl=1","jetpack_sharing_enabled":true,"_links":{"self":[{"href":"https:\/\/pilt.com.ar\/parque-industrial\/wp-json\/wp\/v2\/posts\/3407","targetHints":{"allow":["GET"]}}],"collection":[{"href":"https:\/\/pilt.com.ar\/parque-industrial\/wp-json\/wp\/v2\/posts"}],"about":[{"href":"https:\/\/pilt.com.ar\/parque-industrial\/wp-json\/wp\/v2\/types\/post"}],"author":[{"embeddable":true,"href":"https:\/\/pilt.com.ar\/parque-industrial\/wp-json\/wp\/v2\/users\/3"}],"replies":[{"embeddable":true,"href":"https:\/\/pilt.com.ar\/parque-industrial\/wp-json\/wp\/v2\/comments?post=3407"}],"version-history":[{"count":2,"href":"https:\/\/pilt.com.ar\/parque-industrial\/wp-json\/wp\/v2\/posts\/3407\/revisions"}],"predecessor-version":[{"id":3410,"href":"https:\/\/pilt.com.ar\/parque-industrial\/wp-json\/wp\/v2\/posts\/3407\/revisions\/3410"}],"wp:featuredmedia":[{"embeddable":true,"href":"https:\/\/pilt.com.ar\/parque-industrial\/wp-json\/wp\/v2\/media\/3408"}],"wp:attachment":[{"href":"https:\/\/pilt.com.ar\/parque-industrial\/wp-json\/wp\/v2\/media?parent=3407"}],"wp:term":[{"taxonomy":"category","embeddable":true,"href":"https:\/\/pilt.com.ar\/parque-industrial\/wp-json\/wp\/v2\/categories?post=3407"},{"taxonomy":"post_tag","embeddable":true,"href":"https:\/\/pilt.com.ar\/parque-industrial\/wp-json\/wp\/v2\/tags?post=3407"}],"curies":[{"name":"wp","href":"https:\/\/api.w.org\/{rel}","templated":true}]}}