{"id":3379,"date":"2024-10-10T11:07:12","date_gmt":"2024-10-10T14:07:12","guid":{"rendered":"https:\/\/pilt.com.ar\/parque-industrial\/?p=3379"},"modified":"2024-10-10T11:07:14","modified_gmt":"2024-10-10T14:07:14","slug":"el-pilt-presente-en-el-coloquio-de-la-uic","status":"publish","type":"post","link":"https:\/\/pilt.com.ar\/parque-industrial\/el-pilt-presente-en-el-coloquio-de-la-uic\/","title":{"rendered":"EL PILT PRESENTE EN EL COLOQUIO DE LA UIC"},"content":{"rendered":"\n<p class=\"has-text-align-center\"><em>El gerente del Ente, Lic. Carlos Montoto Galiano, form\u00f3 parte junto a miembros del directorio del principal evento de la industria cordobesa.<\/em><\/p>\n\n\n\n<p>D\u00edas pasados se concret\u00f3 en el Centro de Convenciones C\u00f3rdoba el 16\u00b0 Coloquio Industrial, organizado por la Uni\u00f3n Industrial de C\u00f3rdoba (UIC). El evento reuni\u00f3 a autoridades gubernamentales, como el jefe de Gabinete de la Naci\u00f3n, Guillermo Francos, y el gobernador Mart\u00edn Llaryora, junto a referentes institucionales y especialistas que abordaron distintas tem\u00e1ticas. Formaron parte del encuentro 700 empresarios y destacadas figuras del \u00e1mbito pol\u00edtico, econ\u00f3mico y acad\u00e9mico<\/p>\n\n\n\n<p>Vale mencionar que estuvieron presentes representantes de parques industriales situados en distintas localidades provinciales, adem\u00e1s del secretario del \u00e1rea en C\u00f3rdoba, \u00c1lvaro Garc\u00eda Defilippi.<\/p>\n\n\n\n<p>El gerente del Parque Industrial, Log\u00edstico y Tecnol\u00f3gico Villa Mar\u00eda (PILT), Lic. Carlos Montoto Galiano, resalt\u00f3 la significaci\u00f3n del Coloquio destacando la trascendencia de \u201ctodos los temas que se abordaron en los paneles, pensando en las perspectivas para el sector industrial en lo que queda del a\u00f1o y el pr\u00f3ximo. Tambi\u00e9n estuvieron tres CEOs de empresas de primera l\u00ednea, quienes dieron su visi\u00f3n sobre el pa\u00eds, como as\u00ed tambi\u00e9n una presentaci\u00f3n acerca de inteligencia artificial y la importancia que Argentina aproveche las oportunidades que genera\u201d.<\/p>\n","protected":false},"excerpt":{"rendered":"<p>El gerente del Ente, Lic. Carlos Montoto Galiano, form\u00f3 parte junto a miembros del directorio del principal evento de la industria cordobesa. D\u00edas pasados se concret\u00f3 en el Centro de Convenciones C\u00f3rdoba el 16\u00b0 Coloquio Industrial, organizado por la Uni\u00f3n Industrial de C\u00f3rdoba (UIC). El evento reuni\u00f3 a autoridades gubernamentales, como el jefe de Gabinete [&hellip;]<\/p>\n","protected":false},"author":3,"featured_media":3380,"comment_status":"open","ping_status":"open","sticky":false,"template":"","format":"standard","meta":{"_jetpack_memberships_contains_paid_content":false,"footnotes":""},"categories":[2],"tags":[],"class_list":["post-3379","post","type-post","status-publish","format-standard","has-post-thumbnail","hentry","category-noticias"],"yoast_head":"<!-- This site is optimized with the Yoast SEO plugin v27.5 - https:\/\/yoast.com\/product\/yoast-seo-wordpress\/ -->\n<title>EL PILT PRESENTE EN EL COLOQUIO DE LA UIC - PILT.com.ar<\/title>\n<meta name=\"robots\" content=\"index, follow, max-snippet:-1, max-image-preview:large, max-video-preview:-1\" \/>\n<link rel=\"canonical\" href=\"https:\/\/pilt.com.ar\/parque-industrial\/el-pilt-presente-en-el-coloquio-de-la-uic\/\" \/>\n<meta property=\"og:locale\" content=\"es_ES\" \/>\n<meta property=\"og:type\" content=\"article\" \/>\n<meta property=\"og:title\" content=\"EL PILT PRESENTE EN EL COLOQUIO DE LA UIC - PILT.com.ar\" \/>\n<meta property=\"og:description\" content=\"El gerente del Ente, Lic. Carlos Montoto Galiano, form\u00f3 parte junto a miembros del directorio del principal evento de la industria cordobesa. D\u00edas pasados se concret\u00f3 en el Centro de Convenciones C\u00f3rdoba el 16\u00b0 Coloquio Industrial, organizado por la Uni\u00f3n Industrial de C\u00f3rdoba (UIC). El evento reuni\u00f3 a autoridades gubernamentales, como el jefe de Gabinete [&hellip;]\" \/>\n<meta property=\"og:url\" content=\"https:\/\/pilt.com.ar\/parque-industrial\/el-pilt-presente-en-el-coloquio-de-la-uic\/\" \/>\n<meta property=\"og:site_name\" content=\"PILT.com.ar\" \/>\n<meta property=\"article:published_time\" content=\"2024-10-10T14:07:12+00:00\" \/>\n<meta property=\"article:modified_time\" content=\"2024-10-10T14:07:14+00:00\" \/>\n<meta property=\"og:image\" content=\"https:\/\/i0.wp.com\/pilt.com.ar\/parque-industrial\/wp-content\/uploads\/2024\/10\/WhatsApp-Image-2024-10-10-at-10.40.51.jpeg?fit=1600%2C1066&ssl=1\" \/>\n\t<meta property=\"og:image:width\" content=\"1600\" \/>\n\t<meta property=\"og:image:height\" content=\"1066\" \/>\n\t<meta property=\"og:image:type\" content=\"image\/jpeg\" \/>\n<meta name=\"author\" content=\"PILT\" \/>\n<meta name=\"twitter:card\" content=\"summary_large_image\" \/>\n<meta name=\"twitter:label1\" content=\"Escrito por\" \/>\n\t<meta name=\"twitter:data1\" content=\"PILT\" \/>\n\t<meta name=\"twitter:label2\" content=\"Tiempo de lectura\" \/>\n\t<meta name=\"twitter:data2\" content=\"2 minutos\" \/>\n<script type=\"application\/ld+json\" class=\"yoast-schema-graph\">{\"@context\":\"https:\\\/\\\/schema.org\",\"@graph\":[{\"@type\":\"Article\",\"@id\":\"https:\\\/\\\/pilt.com.ar\\\/parque-industrial\\\/el-pilt-presente-en-el-coloquio-de-la-uic\\\/#article\",\"isPartOf\":{\"@id\":\"https:\\\/\\\/pilt.com.ar\\\/parque-industrial\\\/el-pilt-presente-en-el-coloquio-de-la-uic\\\/\"},\"author\":{\"name\":\"PILT\",\"@id\":\"https:\\\/\\\/pilt.com.ar\\\/parque-industrial\\\/#\\\/schema\\\/person\\\/2dfb9e2464de1c3deef20c25c30a8306\"},\"headline\":\"EL PILT PRESENTE EN EL COLOQUIO DE LA UIC\",\"datePublished\":\"2024-10-10T14:07:12+00:00\",\"dateModified\":\"2024-10-10T14:07:14+00:00\",\"mainEntityOfPage\":{\"@id\":\"https:\\\/\\\/pilt.com.ar\\\/parque-industrial\\\/el-pilt-presente-en-el-coloquio-de-la-uic\\\/\"},\"wordCount\":231,\"commentCount\":0,\"image\":{\"@id\":\"https:\\\/\\\/pilt.com.ar\\\/parque-industrial\\\/el-pilt-presente-en-el-coloquio-de-la-uic\\\/#primaryimage\"},\"thumbnailUrl\":\"https:\\\/\\\/i0.wp.com\\\/pilt.com.ar\\\/parque-industrial\\\/wp-content\\\/uploads\\\/2024\\\/10\\\/WhatsApp-Image-2024-10-10-at-10.40.51.jpeg?fit=1600%2C1066&ssl=1\",\"articleSection\":[\"Noticias\"],\"inLanguage\":\"es\",\"potentialAction\":[{\"@type\":\"CommentAction\",\"name\":\"Comment\",\"target\":[\"https:\\\/\\\/pilt.com.ar\\\/parque-industrial\\\/el-pilt-presente-en-el-coloquio-de-la-uic\\\/#respond\"]}]},{\"@type\":\"WebPage\",\"@id\":\"https:\\\/\\\/pilt.com.ar\\\/parque-industrial\\\/el-pilt-presente-en-el-coloquio-de-la-uic\\\/\",\"url\":\"https:\\\/\\\/pilt.com.ar\\\/parque-industrial\\\/el-pilt-presente-en-el-coloquio-de-la-uic\\\/\",\"name\":\"EL PILT PRESENTE EN EL COLOQUIO DE LA UIC - PILT.com.ar\",\"isPartOf\":{\"@id\":\"https:\\\/\\\/pilt.com.ar\\\/parque-industrial\\\/#website\"},\"primaryImageOfPage\":{\"@id\":\"https:\\\/\\\/pilt.com.ar\\\/parque-industrial\\\/el-pilt-presente-en-el-coloquio-de-la-uic\\\/#primaryimage\"},\"image\":{\"@id\":\"https:\\\/\\\/pilt.com.ar\\\/parque-industrial\\\/el-pilt-presente-en-el-coloquio-de-la-uic\\\/#primaryimage\"},\"thumbnailUrl\":\"https:\\\/\\\/i0.wp.com\\\/pilt.com.ar\\\/parque-industrial\\\/wp-content\\\/uploads\\\/2024\\\/10\\\/WhatsApp-Image-2024-10-10-at-10.40.51.jpeg?fit=1600%2C1066&ssl=1\",\"datePublished\":\"2024-10-10T14:07:12+00:00\",\"dateModified\":\"2024-10-10T14:07:14+00:00\",\"author\":{\"@id\":\"https:\\\/\\\/pilt.com.ar\\\/parque-industrial\\\/#\\\/schema\\\/person\\\/2dfb9e2464de1c3deef20c25c30a8306\"},\"inLanguage\":\"es\",\"potentialAction\":[{\"@type\":\"ReadAction\",\"target\":[\"https:\\\/\\\/pilt.com.ar\\\/parque-industrial\\\/el-pilt-presente-en-el-coloquio-de-la-uic\\\/\"]}]},{\"@type\":\"ImageObject\",\"inLanguage\":\"es\",\"@id\":\"https:\\\/\\\/pilt.com.ar\\\/parque-industrial\\\/el-pilt-presente-en-el-coloquio-de-la-uic\\\/#primaryimage\",\"url\":\"https:\\\/\\\/i0.wp.com\\\/pilt.com.ar\\\/parque-industrial\\\/wp-content\\\/uploads\\\/2024\\\/10\\\/WhatsApp-Image-2024-10-10-at-10.40.51.jpeg?fit=1600%2C1066&ssl=1\",\"contentUrl\":\"https:\\\/\\\/i0.wp.com\\\/pilt.com.ar\\\/parque-industrial\\\/wp-content\\\/uploads\\\/2024\\\/10\\\/WhatsApp-Image-2024-10-10-at-10.40.51.jpeg?fit=1600%2C1066&ssl=1\",\"width\":1600,\"height\":1066},{\"@type\":\"WebSite\",\"@id\":\"https:\\\/\\\/pilt.com.ar\\\/parque-industrial\\\/#website\",\"url\":\"https:\\\/\\\/pilt.com.ar\\\/parque-industrial\\\/\",\"name\":\"PILT.com.ar\",\"description\":\"Parque Industrial, Log\u00edstico y Tecnol\u00f3gico Villa Mar\u00eda\",\"potentialAction\":[{\"@type\":\"SearchAction\",\"target\":{\"@type\":\"EntryPoint\",\"urlTemplate\":\"https:\\\/\\\/pilt.com.ar\\\/parque-industrial\\\/?s={search_term_string}\"},\"query-input\":{\"@type\":\"PropertyValueSpecification\",\"valueRequired\":true,\"valueName\":\"search_term_string\"}}],\"inLanguage\":\"es\"},{\"@type\":\"Person\",\"@id\":\"https:\\\/\\\/pilt.com.ar\\\/parque-industrial\\\/#\\\/schema\\\/person\\\/2dfb9e2464de1c3deef20c25c30a8306\",\"name\":\"PILT\",\"image\":{\"@type\":\"ImageObject\",\"inLanguage\":\"es\",\"@id\":\"https:\\\/\\\/secure.gravatar.com\\\/avatar\\\/5e3734c8d8c8e0b0d45f923c14a14d7b90521d573d02f0d91360a777095ee42b?s=96&d=mm&r=g\",\"url\":\"https:\\\/\\\/secure.gravatar.com\\\/avatar\\\/5e3734c8d8c8e0b0d45f923c14a14d7b90521d573d02f0d91360a777095ee42b?s=96&d=mm&r=g\",\"contentUrl\":\"https:\\\/\\\/secure.gravatar.com\\\/avatar\\\/5e3734c8d8c8e0b0d45f923c14a14d7b90521d573d02f0d91360a777095ee42b?s=96&d=mm&r=g\",\"caption\":\"PILT\"},\"url\":\"https:\\\/\\\/pilt.com.ar\\\/parque-industrial\\\/author\\\/pilt\\\/\"}]}<\/script>\n<!-- \/ Yoast SEO plugin. -->","yoast_head_json":{"title":"EL PILT PRESENTE EN EL COLOQUIO DE LA UIC - PILT.com.ar","robots":{"index":"index","follow":"follow","max-snippet":"max-snippet:-1","max-image-preview":"max-image-preview:large","max-video-preview":"max-video-preview:-1"},"canonical":"https:\/\/pilt.com.ar\/parque-industrial\/el-pilt-presente-en-el-coloquio-de-la-uic\/","og_locale":"es_ES","og_type":"article","og_title":"EL PILT PRESENTE EN EL COLOQUIO DE LA UIC - PILT.com.ar","og_description":"El gerente del Ente, Lic. Carlos Montoto Galiano, form\u00f3 parte junto a miembros del directorio del principal evento de la industria cordobesa. D\u00edas pasados se concret\u00f3 en el Centro de Convenciones C\u00f3rdoba el 16\u00b0 Coloquio Industrial, organizado por la Uni\u00f3n Industrial de C\u00f3rdoba (UIC). El evento reuni\u00f3 a autoridades gubernamentales, como el jefe de Gabinete [&hellip;]","og_url":"https:\/\/pilt.com.ar\/parque-industrial\/el-pilt-presente-en-el-coloquio-de-la-uic\/","og_site_name":"PILT.com.ar","article_published_time":"2024-10-10T14:07:12+00:00","article_modified_time":"2024-10-10T14:07:14+00:00","og_image":[{"width":1600,"height":1066,"url":"https:\/\/i0.wp.com\/pilt.com.ar\/parque-industrial\/wp-content\/uploads\/2024\/10\/WhatsApp-Image-2024-10-10-at-10.40.51.jpeg?fit=1600%2C1066&ssl=1","type":"image\/jpeg"}],"author":"PILT","twitter_card":"summary_large_image","twitter_misc":{"Escrito por":"PILT","Tiempo de lectura":"2 minutos"},"schema":{"@context":"https:\/\/schema.org","@graph":[{"@type":"Article","@id":"https:\/\/pilt.com.ar\/parque-industrial\/el-pilt-presente-en-el-coloquio-de-la-uic\/#article","isPartOf":{"@id":"https:\/\/pilt.com.ar\/parque-industrial\/el-pilt-presente-en-el-coloquio-de-la-uic\/"},"author":{"name":"PILT","@id":"https:\/\/pilt.com.ar\/parque-industrial\/#\/schema\/person\/2dfb9e2464de1c3deef20c25c30a8306"},"headline":"EL PILT PRESENTE EN EL COLOQUIO DE LA UIC","datePublished":"2024-10-10T14:07:12+00:00","dateModified":"2024-10-10T14:07:14+00:00","mainEntityOfPage":{"@id":"https:\/\/pilt.com.ar\/parque-industrial\/el-pilt-presente-en-el-coloquio-de-la-uic\/"},"wordCount":231,"commentCount":0,"image":{"@id":"https:\/\/pilt.com.ar\/parque-industrial\/el-pilt-presente-en-el-coloquio-de-la-uic\/#primaryimage"},"thumbnailUrl":"https:\/\/i0.wp.com\/pilt.com.ar\/parque-industrial\/wp-content\/uploads\/2024\/10\/WhatsApp-Image-2024-10-10-at-10.40.51.jpeg?fit=1600%2C1066&ssl=1","articleSection":["Noticias"],"inLanguage":"es","potentialAction":[{"@type":"CommentAction","name":"Comment","target":["https:\/\/pilt.com.ar\/parque-industrial\/el-pilt-presente-en-el-coloquio-de-la-uic\/#respond"]}]},{"@type":"WebPage","@id":"https:\/\/pilt.com.ar\/parque-industrial\/el-pilt-presente-en-el-coloquio-de-la-uic\/","url":"https:\/\/pilt.com.ar\/parque-industrial\/el-pilt-presente-en-el-coloquio-de-la-uic\/","name":"EL PILT PRESENTE EN EL COLOQUIO DE LA UIC - PILT.com.ar","isPartOf":{"@id":"https:\/\/pilt.com.ar\/parque-industrial\/#website"},"primaryImageOfPage":{"@id":"https:\/\/pilt.com.ar\/parque-industrial\/el-pilt-presente-en-el-coloquio-de-la-uic\/#primaryimage"},"image":{"@id":"https:\/\/pilt.com.ar\/parque-industrial\/el-pilt-presente-en-el-coloquio-de-la-uic\/#primaryimage"},"thumbnailUrl":"https:\/\/i0.wp.com\/pilt.com.ar\/parque-industrial\/wp-content\/uploads\/2024\/10\/WhatsApp-Image-2024-10-10-at-10.40.51.jpeg?fit=1600%2C1066&ssl=1","datePublished":"2024-10-10T14:07:12+00:00","dateModified":"2024-10-10T14:07:14+00:00","author":{"@id":"https:\/\/pilt.com.ar\/parque-industrial\/#\/schema\/person\/2dfb9e2464de1c3deef20c25c30a8306"},"inLanguage":"es","potentialAction":[{"@type":"ReadAction","target":["https:\/\/pilt.com.ar\/parque-industrial\/el-pilt-presente-en-el-coloquio-de-la-uic\/"]}]},{"@type":"ImageObject","inLanguage":"es","@id":"https:\/\/pilt.com.ar\/parque-industrial\/el-pilt-presente-en-el-coloquio-de-la-uic\/#primaryimage","url":"https:\/\/i0.wp.com\/pilt.com.ar\/parque-industrial\/wp-content\/uploads\/2024\/10\/WhatsApp-Image-2024-10-10-at-10.40.51.jpeg?fit=1600%2C1066&ssl=1","contentUrl":"https:\/\/i0.wp.com\/pilt.com.ar\/parque-industrial\/wp-content\/uploads\/2024\/10\/WhatsApp-Image-2024-10-10-at-10.40.51.jpeg?fit=1600%2C1066&ssl=1","width":1600,"height":1066},{"@type":"WebSite","@id":"https:\/\/pilt.com.ar\/parque-industrial\/#website","url":"https:\/\/pilt.com.ar\/parque-industrial\/","name":"PILT.com.ar","description":"Parque Industrial, Log\u00edstico y Tecnol\u00f3gico Villa Mar\u00eda","potentialAction":[{"@type":"SearchAction","target":{"@type":"EntryPoint","urlTemplate":"https:\/\/pilt.com.ar\/parque-industrial\/?s={search_term_string}"},"query-input":{"@type":"PropertyValueSpecification","valueRequired":true,"valueName":"search_term_string"}}],"inLanguage":"es"},{"@type":"Person","@id":"https:\/\/pilt.com.ar\/parque-industrial\/#\/schema\/person\/2dfb9e2464de1c3deef20c25c30a8306","name":"PILT","image":{"@type":"ImageObject","inLanguage":"es","@id":"https:\/\/secure.gravatar.com\/avatar\/5e3734c8d8c8e0b0d45f923c14a14d7b90521d573d02f0d91360a777095ee42b?s=96&d=mm&r=g","url":"https:\/\/secure.gravatar.com\/avatar\/5e3734c8d8c8e0b0d45f923c14a14d7b90521d573d02f0d91360a777095ee42b?s=96&d=mm&r=g","contentUrl":"https:\/\/secure.gravatar.com\/avatar\/5e3734c8d8c8e0b0d45f923c14a14d7b90521d573d02f0d91360a777095ee42b?s=96&d=mm&r=g","caption":"PILT"},"url":"https:\/\/pilt.com.ar\/parque-industrial\/author\/pilt\/"}]}},"jetpack_featured_media_url":"https:\/\/i0.wp.com\/pilt.com.ar\/parque-industrial\/wp-content\/uploads\/2024\/10\/WhatsApp-Image-2024-10-10-at-10.40.51.jpeg?fit=1600%2C1066&ssl=1","jetpack_sharing_enabled":true,"_links":{"self":[{"href":"https:\/\/pilt.com.ar\/parque-industrial\/wp-json\/wp\/v2\/posts\/3379","targetHints":{"allow":["GET"]}}],"collection":[{"href":"https:\/\/pilt.com.ar\/parque-industrial\/wp-json\/wp\/v2\/posts"}],"about":[{"href":"https:\/\/pilt.com.ar\/parque-industrial\/wp-json\/wp\/v2\/types\/post"}],"author":[{"embeddable":true,"href":"https:\/\/pilt.com.ar\/parque-industrial\/wp-json\/wp\/v2\/users\/3"}],"replies":[{"embeddable":true,"href":"https:\/\/pilt.com.ar\/parque-industrial\/wp-json\/wp\/v2\/comments?post=3379"}],"version-history":[{"count":1,"href":"https:\/\/pilt.com.ar\/parque-industrial\/wp-json\/wp\/v2\/posts\/3379\/revisions"}],"predecessor-version":[{"id":3381,"href":"https:\/\/pilt.com.ar\/parque-industrial\/wp-json\/wp\/v2\/posts\/3379\/revisions\/3381"}],"wp:featuredmedia":[{"embeddable":true,"href":"https:\/\/pilt.com.ar\/parque-industrial\/wp-json\/wp\/v2\/media\/3380"}],"wp:attachment":[{"href":"https:\/\/pilt.com.ar\/parque-industrial\/wp-json\/wp\/v2\/media?parent=3379"}],"wp:term":[{"taxonomy":"category","embeddable":true,"href":"https:\/\/pilt.com.ar\/parque-industrial\/wp-json\/wp\/v2\/categories?post=3379"},{"taxonomy":"post_tag","embeddable":true,"href":"https:\/\/pilt.com.ar\/parque-industrial\/wp-json\/wp\/v2\/tags?post=3379"}],"curies":[{"name":"wp","href":"https:\/\/api.w.org\/{rel}","templated":true}]}}