{"id":3373,"date":"2024-09-26T12:00:50","date_gmt":"2024-09-26T15:00:50","guid":{"rendered":"https:\/\/pilt.com.ar\/parque-industrial\/?p=3373"},"modified":"2024-09-26T12:00:51","modified_gmt":"2024-09-26T15:00:51","slug":"nueva-empresa-se-suma-al-pilt","status":"publish","type":"post","link":"https:\/\/pilt.com.ar\/parque-industrial\/nueva-empresa-se-suma-al-pilt\/","title":{"rendered":"NUEVA EMPRESA SE SUMA AL PILT"},"content":{"rendered":"\n<p class=\"has-text-align-center\"><em><strong>Nanomix ya est\u00e1 trasladando sus actividades a una nave que alquil\u00f3 en el predio, a los fines de iniciar su producci\u00f3n previendo una etapa de importante crecimiento.<\/strong><\/em><\/p>\n\n\n\n<p>Una nueva empresa est\u00e1 comenzando a desarrollar tareas en el Parque Industrial, Log\u00edstico y Tecnol\u00f3gico Villa Mar\u00eda (PILT). Se trata de Nanomix, firma dedicada a la producci\u00f3n de fertilizantes en suspensi\u00f3n en tama\u00f1o nanom\u00e9trico, destinados tanto al mercado interno como al externo.<\/p>\n\n\n\n<p>Nanomix inici\u00f3 actividades hacia fines de 2022 y sus directivos definieron su traslado al PILT por distintas razones, entre ellas la necesidad de mayor espacio ante el crecimiento que est\u00e1 experimentando, como as\u00ed tambi\u00e9n por cuestiones propias del parque, como la visibilidad, vinculaci\u00f3n y dem\u00e1s beneficios que tienen las empresas asociadas.&nbsp;<\/p>\n\n\n\n<p>En una primera etapa el galp\u00f3n ser\u00e1 utilizado como dep\u00f3sito de mercader\u00eda, mientras que el pr\u00f3ximo mes se trasladar\u00e1 el \u00e1rea de envasado, para continuar la mudanza de todas las actividades al PILT. Vale mencionar que la empresa cuenta con cinco productos registrados, a la vez que realiza los tr\u00e1mites ante las \u00e1reas gubernamentales pertinentes para registrar cinco m\u00e1s. Varios de ellos cuentan con certificaci\u00f3n org\u00e1nica, lo que habilita la utilizaci\u00f3n de los fertilizantes en variadas producciones extensivas o intensivas.<\/p>\n\n\n\n<p>Actualmente la firma exporta productos a Paraguay, aunque la certificaci\u00f3n org\u00e1nica obtenida le abre la posibilidad de ingresar en mercados exigentes, como la Uni\u00f3n Europea o Jap\u00f3n.<\/p>\n\n\n\n<p>Cabe agregar que Nanomix gan\u00f3 recientemente el concurso Emprender e Innovar con Conciencia Ecol\u00f3gica, iniciativa llevada a cabo por el Programa de Desarrollo Integrado, financiado por la Uni\u00f3n Europea. Por ese motivo miembros de la empresa acceder\u00e1n a una instancia formativa en la Startup Braga, en Portugal. &nbsp;<\/p>\n","protected":false},"excerpt":{"rendered":"<p>Nanomix ya est\u00e1 trasladando sus actividades a una nave que alquil\u00f3 en el predio, a los fines de iniciar su producci\u00f3n previendo una etapa de importante crecimiento. Una nueva empresa est\u00e1 comenzando a desarrollar tareas en el Parque Industrial, Log\u00edstico y Tecnol\u00f3gico Villa Mar\u00eda (PILT). Se trata de Nanomix, firma dedicada a la producci\u00f3n de [&hellip;]<\/p>\n","protected":false},"author":3,"featured_media":3374,"comment_status":"open","ping_status":"open","sticky":false,"template":"","format":"standard","meta":{"_jetpack_memberships_contains_paid_content":false,"footnotes":""},"categories":[2],"tags":[],"class_list":["post-3373","post","type-post","status-publish","format-standard","has-post-thumbnail","hentry","category-noticias"],"yoast_head":"<!-- This site is optimized with the Yoast SEO plugin v27.5 - https:\/\/yoast.com\/product\/yoast-seo-wordpress\/ -->\n<title>NUEVA EMPRESA SE SUMA AL PILT - PILT.com.ar<\/title>\n<meta name=\"robots\" content=\"index, follow, max-snippet:-1, max-image-preview:large, max-video-preview:-1\" \/>\n<link rel=\"canonical\" href=\"https:\/\/pilt.com.ar\/parque-industrial\/nueva-empresa-se-suma-al-pilt\/\" \/>\n<meta property=\"og:locale\" content=\"es_ES\" \/>\n<meta property=\"og:type\" content=\"article\" \/>\n<meta property=\"og:title\" content=\"NUEVA EMPRESA SE SUMA AL PILT - PILT.com.ar\" \/>\n<meta property=\"og:description\" content=\"Nanomix ya est\u00e1 trasladando sus actividades a una nave que alquil\u00f3 en el predio, a los fines de iniciar su producci\u00f3n previendo una etapa de importante crecimiento. Una nueva empresa est\u00e1 comenzando a desarrollar tareas en el Parque Industrial, Log\u00edstico y Tecnol\u00f3gico Villa Mar\u00eda (PILT). Se trata de Nanomix, firma dedicada a la producci\u00f3n de [&hellip;]\" \/>\n<meta property=\"og:url\" content=\"https:\/\/pilt.com.ar\/parque-industrial\/nueva-empresa-se-suma-al-pilt\/\" \/>\n<meta property=\"og:site_name\" content=\"PILT.com.ar\" \/>\n<meta property=\"article:published_time\" content=\"2024-09-26T15:00:50+00:00\" \/>\n<meta property=\"article:modified_time\" content=\"2024-09-26T15:00:51+00:00\" \/>\n<meta property=\"og:image\" content=\"https:\/\/i0.wp.com\/pilt.com.ar\/parque-industrial\/wp-content\/uploads\/2024\/09\/WhatsApp-Image-2024-09-26-at-10.40.14.jpeg?fit=1600%2C1200&ssl=1\" \/>\n\t<meta property=\"og:image:width\" content=\"1600\" \/>\n\t<meta property=\"og:image:height\" content=\"1200\" \/>\n\t<meta property=\"og:image:type\" content=\"image\/jpeg\" \/>\n<meta name=\"author\" content=\"PILT\" \/>\n<meta name=\"twitter:card\" content=\"summary_large_image\" \/>\n<meta name=\"twitter:label1\" content=\"Escrito por\" \/>\n\t<meta name=\"twitter:data1\" content=\"PILT\" \/>\n\t<meta name=\"twitter:label2\" content=\"Tiempo de lectura\" \/>\n\t<meta name=\"twitter:data2\" content=\"2 minutos\" \/>\n<script type=\"application\/ld+json\" class=\"yoast-schema-graph\">{\"@context\":\"https:\\\/\\\/schema.org\",\"@graph\":[{\"@type\":\"Article\",\"@id\":\"https:\\\/\\\/pilt.com.ar\\\/parque-industrial\\\/nueva-empresa-se-suma-al-pilt\\\/#article\",\"isPartOf\":{\"@id\":\"https:\\\/\\\/pilt.com.ar\\\/parque-industrial\\\/nueva-empresa-se-suma-al-pilt\\\/\"},\"author\":{\"name\":\"PILT\",\"@id\":\"https:\\\/\\\/pilt.com.ar\\\/parque-industrial\\\/#\\\/schema\\\/person\\\/2dfb9e2464de1c3deef20c25c30a8306\"},\"headline\":\"NUEVA EMPRESA SE SUMA AL PILT\",\"datePublished\":\"2024-09-26T15:00:50+00:00\",\"dateModified\":\"2024-09-26T15:00:51+00:00\",\"mainEntityOfPage\":{\"@id\":\"https:\\\/\\\/pilt.com.ar\\\/parque-industrial\\\/nueva-empresa-se-suma-al-pilt\\\/\"},\"wordCount\":308,\"commentCount\":0,\"image\":{\"@id\":\"https:\\\/\\\/pilt.com.ar\\\/parque-industrial\\\/nueva-empresa-se-suma-al-pilt\\\/#primaryimage\"},\"thumbnailUrl\":\"https:\\\/\\\/i0.wp.com\\\/pilt.com.ar\\\/parque-industrial\\\/wp-content\\\/uploads\\\/2024\\\/09\\\/WhatsApp-Image-2024-09-26-at-10.40.14.jpeg?fit=1600%2C1200&ssl=1\",\"articleSection\":[\"Noticias\"],\"inLanguage\":\"es\",\"potentialAction\":[{\"@type\":\"CommentAction\",\"name\":\"Comment\",\"target\":[\"https:\\\/\\\/pilt.com.ar\\\/parque-industrial\\\/nueva-empresa-se-suma-al-pilt\\\/#respond\"]}]},{\"@type\":\"WebPage\",\"@id\":\"https:\\\/\\\/pilt.com.ar\\\/parque-industrial\\\/nueva-empresa-se-suma-al-pilt\\\/\",\"url\":\"https:\\\/\\\/pilt.com.ar\\\/parque-industrial\\\/nueva-empresa-se-suma-al-pilt\\\/\",\"name\":\"NUEVA EMPRESA SE SUMA AL PILT - PILT.com.ar\",\"isPartOf\":{\"@id\":\"https:\\\/\\\/pilt.com.ar\\\/parque-industrial\\\/#website\"},\"primaryImageOfPage\":{\"@id\":\"https:\\\/\\\/pilt.com.ar\\\/parque-industrial\\\/nueva-empresa-se-suma-al-pilt\\\/#primaryimage\"},\"image\":{\"@id\":\"https:\\\/\\\/pilt.com.ar\\\/parque-industrial\\\/nueva-empresa-se-suma-al-pilt\\\/#primaryimage\"},\"thumbnailUrl\":\"https:\\\/\\\/i0.wp.com\\\/pilt.com.ar\\\/parque-industrial\\\/wp-content\\\/uploads\\\/2024\\\/09\\\/WhatsApp-Image-2024-09-26-at-10.40.14.jpeg?fit=1600%2C1200&ssl=1\",\"datePublished\":\"2024-09-26T15:00:50+00:00\",\"dateModified\":\"2024-09-26T15:00:51+00:00\",\"author\":{\"@id\":\"https:\\\/\\\/pilt.com.ar\\\/parque-industrial\\\/#\\\/schema\\\/person\\\/2dfb9e2464de1c3deef20c25c30a8306\"},\"inLanguage\":\"es\",\"potentialAction\":[{\"@type\":\"ReadAction\",\"target\":[\"https:\\\/\\\/pilt.com.ar\\\/parque-industrial\\\/nueva-empresa-se-suma-al-pilt\\\/\"]}]},{\"@type\":\"ImageObject\",\"inLanguage\":\"es\",\"@id\":\"https:\\\/\\\/pilt.com.ar\\\/parque-industrial\\\/nueva-empresa-se-suma-al-pilt\\\/#primaryimage\",\"url\":\"https:\\\/\\\/i0.wp.com\\\/pilt.com.ar\\\/parque-industrial\\\/wp-content\\\/uploads\\\/2024\\\/09\\\/WhatsApp-Image-2024-09-26-at-10.40.14.jpeg?fit=1600%2C1200&ssl=1\",\"contentUrl\":\"https:\\\/\\\/i0.wp.com\\\/pilt.com.ar\\\/parque-industrial\\\/wp-content\\\/uploads\\\/2024\\\/09\\\/WhatsApp-Image-2024-09-26-at-10.40.14.jpeg?fit=1600%2C1200&ssl=1\",\"width\":1600,\"height\":1200},{\"@type\":\"WebSite\",\"@id\":\"https:\\\/\\\/pilt.com.ar\\\/parque-industrial\\\/#website\",\"url\":\"https:\\\/\\\/pilt.com.ar\\\/parque-industrial\\\/\",\"name\":\"PILT.com.ar\",\"description\":\"Parque Industrial, Log\u00edstico y Tecnol\u00f3gico Villa Mar\u00eda\",\"potentialAction\":[{\"@type\":\"SearchAction\",\"target\":{\"@type\":\"EntryPoint\",\"urlTemplate\":\"https:\\\/\\\/pilt.com.ar\\\/parque-industrial\\\/?s={search_term_string}\"},\"query-input\":{\"@type\":\"PropertyValueSpecification\",\"valueRequired\":true,\"valueName\":\"search_term_string\"}}],\"inLanguage\":\"es\"},{\"@type\":\"Person\",\"@id\":\"https:\\\/\\\/pilt.com.ar\\\/parque-industrial\\\/#\\\/schema\\\/person\\\/2dfb9e2464de1c3deef20c25c30a8306\",\"name\":\"PILT\",\"image\":{\"@type\":\"ImageObject\",\"inLanguage\":\"es\",\"@id\":\"https:\\\/\\\/secure.gravatar.com\\\/avatar\\\/5e3734c8d8c8e0b0d45f923c14a14d7b90521d573d02f0d91360a777095ee42b?s=96&d=mm&r=g\",\"url\":\"https:\\\/\\\/secure.gravatar.com\\\/avatar\\\/5e3734c8d8c8e0b0d45f923c14a14d7b90521d573d02f0d91360a777095ee42b?s=96&d=mm&r=g\",\"contentUrl\":\"https:\\\/\\\/secure.gravatar.com\\\/avatar\\\/5e3734c8d8c8e0b0d45f923c14a14d7b90521d573d02f0d91360a777095ee42b?s=96&d=mm&r=g\",\"caption\":\"PILT\"},\"url\":\"https:\\\/\\\/pilt.com.ar\\\/parque-industrial\\\/author\\\/pilt\\\/\"}]}<\/script>\n<!-- \/ Yoast SEO plugin. -->","yoast_head_json":{"title":"NUEVA EMPRESA SE SUMA AL PILT - PILT.com.ar","robots":{"index":"index","follow":"follow","max-snippet":"max-snippet:-1","max-image-preview":"max-image-preview:large","max-video-preview":"max-video-preview:-1"},"canonical":"https:\/\/pilt.com.ar\/parque-industrial\/nueva-empresa-se-suma-al-pilt\/","og_locale":"es_ES","og_type":"article","og_title":"NUEVA EMPRESA SE SUMA AL PILT - PILT.com.ar","og_description":"Nanomix ya est\u00e1 trasladando sus actividades a una nave que alquil\u00f3 en el predio, a los fines de iniciar su producci\u00f3n previendo una etapa de importante crecimiento. Una nueva empresa est\u00e1 comenzando a desarrollar tareas en el Parque Industrial, Log\u00edstico y Tecnol\u00f3gico Villa Mar\u00eda (PILT). Se trata de Nanomix, firma dedicada a la producci\u00f3n de [&hellip;]","og_url":"https:\/\/pilt.com.ar\/parque-industrial\/nueva-empresa-se-suma-al-pilt\/","og_site_name":"PILT.com.ar","article_published_time":"2024-09-26T15:00:50+00:00","article_modified_time":"2024-09-26T15:00:51+00:00","og_image":[{"width":1600,"height":1200,"url":"https:\/\/i0.wp.com\/pilt.com.ar\/parque-industrial\/wp-content\/uploads\/2024\/09\/WhatsApp-Image-2024-09-26-at-10.40.14.jpeg?fit=1600%2C1200&ssl=1","type":"image\/jpeg"}],"author":"PILT","twitter_card":"summary_large_image","twitter_misc":{"Escrito por":"PILT","Tiempo de lectura":"2 minutos"},"schema":{"@context":"https:\/\/schema.org","@graph":[{"@type":"Article","@id":"https:\/\/pilt.com.ar\/parque-industrial\/nueva-empresa-se-suma-al-pilt\/#article","isPartOf":{"@id":"https:\/\/pilt.com.ar\/parque-industrial\/nueva-empresa-se-suma-al-pilt\/"},"author":{"name":"PILT","@id":"https:\/\/pilt.com.ar\/parque-industrial\/#\/schema\/person\/2dfb9e2464de1c3deef20c25c30a8306"},"headline":"NUEVA EMPRESA SE SUMA AL PILT","datePublished":"2024-09-26T15:00:50+00:00","dateModified":"2024-09-26T15:00:51+00:00","mainEntityOfPage":{"@id":"https:\/\/pilt.com.ar\/parque-industrial\/nueva-empresa-se-suma-al-pilt\/"},"wordCount":308,"commentCount":0,"image":{"@id":"https:\/\/pilt.com.ar\/parque-industrial\/nueva-empresa-se-suma-al-pilt\/#primaryimage"},"thumbnailUrl":"https:\/\/i0.wp.com\/pilt.com.ar\/parque-industrial\/wp-content\/uploads\/2024\/09\/WhatsApp-Image-2024-09-26-at-10.40.14.jpeg?fit=1600%2C1200&ssl=1","articleSection":["Noticias"],"inLanguage":"es","potentialAction":[{"@type":"CommentAction","name":"Comment","target":["https:\/\/pilt.com.ar\/parque-industrial\/nueva-empresa-se-suma-al-pilt\/#respond"]}]},{"@type":"WebPage","@id":"https:\/\/pilt.com.ar\/parque-industrial\/nueva-empresa-se-suma-al-pilt\/","url":"https:\/\/pilt.com.ar\/parque-industrial\/nueva-empresa-se-suma-al-pilt\/","name":"NUEVA EMPRESA SE SUMA AL PILT - PILT.com.ar","isPartOf":{"@id":"https:\/\/pilt.com.ar\/parque-industrial\/#website"},"primaryImageOfPage":{"@id":"https:\/\/pilt.com.ar\/parque-industrial\/nueva-empresa-se-suma-al-pilt\/#primaryimage"},"image":{"@id":"https:\/\/pilt.com.ar\/parque-industrial\/nueva-empresa-se-suma-al-pilt\/#primaryimage"},"thumbnailUrl":"https:\/\/i0.wp.com\/pilt.com.ar\/parque-industrial\/wp-content\/uploads\/2024\/09\/WhatsApp-Image-2024-09-26-at-10.40.14.jpeg?fit=1600%2C1200&ssl=1","datePublished":"2024-09-26T15:00:50+00:00","dateModified":"2024-09-26T15:00:51+00:00","author":{"@id":"https:\/\/pilt.com.ar\/parque-industrial\/#\/schema\/person\/2dfb9e2464de1c3deef20c25c30a8306"},"inLanguage":"es","potentialAction":[{"@type":"ReadAction","target":["https:\/\/pilt.com.ar\/parque-industrial\/nueva-empresa-se-suma-al-pilt\/"]}]},{"@type":"ImageObject","inLanguage":"es","@id":"https:\/\/pilt.com.ar\/parque-industrial\/nueva-empresa-se-suma-al-pilt\/#primaryimage","url":"https:\/\/i0.wp.com\/pilt.com.ar\/parque-industrial\/wp-content\/uploads\/2024\/09\/WhatsApp-Image-2024-09-26-at-10.40.14.jpeg?fit=1600%2C1200&ssl=1","contentUrl":"https:\/\/i0.wp.com\/pilt.com.ar\/parque-industrial\/wp-content\/uploads\/2024\/09\/WhatsApp-Image-2024-09-26-at-10.40.14.jpeg?fit=1600%2C1200&ssl=1","width":1600,"height":1200},{"@type":"WebSite","@id":"https:\/\/pilt.com.ar\/parque-industrial\/#website","url":"https:\/\/pilt.com.ar\/parque-industrial\/","name":"PILT.com.ar","description":"Parque Industrial, Log\u00edstico y Tecnol\u00f3gico Villa Mar\u00eda","potentialAction":[{"@type":"SearchAction","target":{"@type":"EntryPoint","urlTemplate":"https:\/\/pilt.com.ar\/parque-industrial\/?s={search_term_string}"},"query-input":{"@type":"PropertyValueSpecification","valueRequired":true,"valueName":"search_term_string"}}],"inLanguage":"es"},{"@type":"Person","@id":"https:\/\/pilt.com.ar\/parque-industrial\/#\/schema\/person\/2dfb9e2464de1c3deef20c25c30a8306","name":"PILT","image":{"@type":"ImageObject","inLanguage":"es","@id":"https:\/\/secure.gravatar.com\/avatar\/5e3734c8d8c8e0b0d45f923c14a14d7b90521d573d02f0d91360a777095ee42b?s=96&d=mm&r=g","url":"https:\/\/secure.gravatar.com\/avatar\/5e3734c8d8c8e0b0d45f923c14a14d7b90521d573d02f0d91360a777095ee42b?s=96&d=mm&r=g","contentUrl":"https:\/\/secure.gravatar.com\/avatar\/5e3734c8d8c8e0b0d45f923c14a14d7b90521d573d02f0d91360a777095ee42b?s=96&d=mm&r=g","caption":"PILT"},"url":"https:\/\/pilt.com.ar\/parque-industrial\/author\/pilt\/"}]}},"jetpack_featured_media_url":"https:\/\/i0.wp.com\/pilt.com.ar\/parque-industrial\/wp-content\/uploads\/2024\/09\/WhatsApp-Image-2024-09-26-at-10.40.14.jpeg?fit=1600%2C1200&ssl=1","jetpack_sharing_enabled":true,"_links":{"self":[{"href":"https:\/\/pilt.com.ar\/parque-industrial\/wp-json\/wp\/v2\/posts\/3373","targetHints":{"allow":["GET"]}}],"collection":[{"href":"https:\/\/pilt.com.ar\/parque-industrial\/wp-json\/wp\/v2\/posts"}],"about":[{"href":"https:\/\/pilt.com.ar\/parque-industrial\/wp-json\/wp\/v2\/types\/post"}],"author":[{"embeddable":true,"href":"https:\/\/pilt.com.ar\/parque-industrial\/wp-json\/wp\/v2\/users\/3"}],"replies":[{"embeddable":true,"href":"https:\/\/pilt.com.ar\/parque-industrial\/wp-json\/wp\/v2\/comments?post=3373"}],"version-history":[{"count":1,"href":"https:\/\/pilt.com.ar\/parque-industrial\/wp-json\/wp\/v2\/posts\/3373\/revisions"}],"predecessor-version":[{"id":3375,"href":"https:\/\/pilt.com.ar\/parque-industrial\/wp-json\/wp\/v2\/posts\/3373\/revisions\/3375"}],"wp:featuredmedia":[{"embeddable":true,"href":"https:\/\/pilt.com.ar\/parque-industrial\/wp-json\/wp\/v2\/media\/3374"}],"wp:attachment":[{"href":"https:\/\/pilt.com.ar\/parque-industrial\/wp-json\/wp\/v2\/media?parent=3373"}],"wp:term":[{"taxonomy":"category","embeddable":true,"href":"https:\/\/pilt.com.ar\/parque-industrial\/wp-json\/wp\/v2\/categories?post=3373"},{"taxonomy":"post_tag","embeddable":true,"href":"https:\/\/pilt.com.ar\/parque-industrial\/wp-json\/wp\/v2\/tags?post=3373"}],"curies":[{"name":"wp","href":"https:\/\/api.w.org\/{rel}","templated":true}]}}