{"id":3370,"date":"2024-09-20T10:52:07","date_gmt":"2024-09-20T13:52:07","guid":{"rendered":"https:\/\/pilt.com.ar\/parque-industrial\/?p=3370"},"modified":"2024-09-20T10:52:08","modified_gmt":"2024-09-20T13:52:08","slug":"el-pilt-participo-de-la-expo-parques-industriales","status":"publish","type":"post","link":"https:\/\/pilt.com.ar\/parque-industrial\/el-pilt-participo-de-la-expo-parques-industriales\/","title":{"rendered":"EL PILT PARTICIP\u00d3 DE LA EXPO PARQUES INDUSTRIALES"},"content":{"rendered":"\n<p class=\"has-text-align-center\"><em>El evento, que se llev\u00f3 a cabo en el Centro de Convenciones C\u00f3rdoba, cont\u00f3 con la presencia del Gobernador Mart\u00edn Llaryora y funcionarios de distintas \u00e1reas.<\/em><\/p>\n\n\n\n<p>Durante el d\u00eda de ayer se concret\u00f3 en el Centro de Convenciones C\u00f3rdoba la primera Expo de Parques Industriales, encuentro que congreg\u00f3 a m\u00e1s de 1100 asistentes, 40 expositores y una nutrida representaci\u00f3n institucional.<\/p>\n\n\n\n<p>La expo estuvo encabezada por el Gobernador de la Provincia, Mart\u00edn Llaryora; los ministros de Producci\u00f3n, Ciencia e Innovaci\u00f3n Tecnol\u00f3gica, Pedro Dellarossa; de Bioagroindustria, Sergio Busso; y de Ambiente y Econom\u00eda Circular, Victoria Flores. En representaci\u00f3n del Parque Industrial, Log\u00edstico y Tecnol\u00f3gico Villa Mar\u00eda (PILT) concurri\u00f3 el gerente de la entidad, Lic. Carlos Montoto Galiano.<\/p>\n\n\n\n<p>En la oportunidad, el secretario de Parques Industriales de la Provincia, \u00c1lvaro Garc\u00eda Defilippi, destac\u00f3 la importancia que tienen los predios para el desarrollo industrial en todo el territorio provincial, se\u00f1alando que las pol\u00edticas hacia el sector est\u00e1n enfocadas en promover el crecimiento en cantidad de empresas y empleo generado, y tambi\u00e9n sumar nuevos parques<\/p>\n\n\n\n<p>Por otra parte, en la oportunidad se lanz\u00f3 el Portal Estrat\u00e9gico de Parques Industriales, herramienta tecnol\u00f3gica que ofrece un mapeo detallado de la geolocalizaci\u00f3n de parques industriales en la provincia de C\u00f3rdoba, incluyendo su estado, disponibilidad de lotes, infraestructura y servicios. Tambi\u00e9n proporciona informaci\u00f3n sobre pymes y plantas industriales, como as\u00ed tambi\u00e9n sus perfiles y necesidades.<\/p>\n\n\n\n<p>El gerente del PILT valor\u00f3 la puesta en marcha del portal por parte de la Secretar\u00eda de Parques Industriales de la Provincia, ya que \u201cser\u00e1 una herramienta muy \u00fatil tanto para las entidades como para las empresas que busquen instalarse en un predio, porque cuenta con toda la informaci\u00f3n necesaria, normativa, programas de apoyo financiero o de capacitaci\u00f3n, ferias para mostrar productos, entre otras opciones\u201d.<\/p>\n","protected":false},"excerpt":{"rendered":"<p>El evento, que se llev\u00f3 a cabo en el Centro de Convenciones C\u00f3rdoba, cont\u00f3 con la presencia del Gobernador Mart\u00edn Llaryora y funcionarios de distintas \u00e1reas. Durante el d\u00eda de ayer se concret\u00f3 en el Centro de Convenciones C\u00f3rdoba la primera Expo de Parques Industriales, encuentro que congreg\u00f3 a m\u00e1s de 1100 asistentes, 40 expositores [&hellip;]<\/p>\n","protected":false},"author":3,"featured_media":3371,"comment_status":"open","ping_status":"open","sticky":false,"template":"","format":"standard","meta":{"_jetpack_memberships_contains_paid_content":false,"footnotes":""},"categories":[2],"tags":[],"class_list":["post-3370","post","type-post","status-publish","format-standard","has-post-thumbnail","hentry","category-noticias"],"yoast_head":"<!-- This site is optimized with the Yoast SEO plugin v27.5 - https:\/\/yoast.com\/product\/yoast-seo-wordpress\/ -->\n<title>EL PILT PARTICIP\u00d3 DE LA EXPO PARQUES INDUSTRIALES - PILT.com.ar<\/title>\n<meta name=\"robots\" content=\"index, follow, max-snippet:-1, max-image-preview:large, max-video-preview:-1\" \/>\n<link rel=\"canonical\" href=\"https:\/\/pilt.com.ar\/parque-industrial\/el-pilt-participo-de-la-expo-parques-industriales\/\" \/>\n<meta property=\"og:locale\" content=\"es_ES\" \/>\n<meta property=\"og:type\" content=\"article\" \/>\n<meta property=\"og:title\" content=\"EL PILT PARTICIP\u00d3 DE LA EXPO PARQUES INDUSTRIALES - PILT.com.ar\" \/>\n<meta property=\"og:description\" content=\"El evento, que se llev\u00f3 a cabo en el Centro de Convenciones C\u00f3rdoba, cont\u00f3 con la presencia del Gobernador Mart\u00edn Llaryora y funcionarios de distintas \u00e1reas. Durante el d\u00eda de ayer se concret\u00f3 en el Centro de Convenciones C\u00f3rdoba la primera Expo de Parques Industriales, encuentro que congreg\u00f3 a m\u00e1s de 1100 asistentes, 40 expositores [&hellip;]\" \/>\n<meta property=\"og:url\" content=\"https:\/\/pilt.com.ar\/parque-industrial\/el-pilt-participo-de-la-expo-parques-industriales\/\" \/>\n<meta property=\"og:site_name\" content=\"PILT.com.ar\" \/>\n<meta property=\"article:published_time\" content=\"2024-09-20T13:52:07+00:00\" \/>\n<meta property=\"article:modified_time\" content=\"2024-09-20T13:52:08+00:00\" \/>\n<meta property=\"og:image\" content=\"https:\/\/i0.wp.com\/pilt.com.ar\/parque-industrial\/wp-content\/uploads\/2024\/09\/Expo-Parques.jpeg?fit=1200%2C798&ssl=1\" \/>\n\t<meta property=\"og:image:width\" content=\"1200\" \/>\n\t<meta property=\"og:image:height\" content=\"798\" \/>\n\t<meta property=\"og:image:type\" content=\"image\/jpeg\" \/>\n<meta name=\"author\" content=\"PILT\" \/>\n<meta name=\"twitter:card\" content=\"summary_large_image\" \/>\n<meta name=\"twitter:label1\" content=\"Escrito por\" \/>\n\t<meta name=\"twitter:data1\" content=\"PILT\" \/>\n\t<meta name=\"twitter:label2\" content=\"Tiempo de lectura\" \/>\n\t<meta name=\"twitter:data2\" content=\"2 minutos\" \/>\n<script type=\"application\/ld+json\" class=\"yoast-schema-graph\">{\"@context\":\"https:\\\/\\\/schema.org\",\"@graph\":[{\"@type\":\"Article\",\"@id\":\"https:\\\/\\\/pilt.com.ar\\\/parque-industrial\\\/el-pilt-participo-de-la-expo-parques-industriales\\\/#article\",\"isPartOf\":{\"@id\":\"https:\\\/\\\/pilt.com.ar\\\/parque-industrial\\\/el-pilt-participo-de-la-expo-parques-industriales\\\/\"},\"author\":{\"name\":\"PILT\",\"@id\":\"https:\\\/\\\/pilt.com.ar\\\/parque-industrial\\\/#\\\/schema\\\/person\\\/2dfb9e2464de1c3deef20c25c30a8306\"},\"headline\":\"EL PILT PARTICIP\u00d3 DE LA EXPO PARQUES INDUSTRIALES\",\"datePublished\":\"2024-09-20T13:52:07+00:00\",\"dateModified\":\"2024-09-20T13:52:08+00:00\",\"mainEntityOfPage\":{\"@id\":\"https:\\\/\\\/pilt.com.ar\\\/parque-industrial\\\/el-pilt-participo-de-la-expo-parques-industriales\\\/\"},\"wordCount\":327,\"commentCount\":0,\"image\":{\"@id\":\"https:\\\/\\\/pilt.com.ar\\\/parque-industrial\\\/el-pilt-participo-de-la-expo-parques-industriales\\\/#primaryimage\"},\"thumbnailUrl\":\"https:\\\/\\\/i0.wp.com\\\/pilt.com.ar\\\/parque-industrial\\\/wp-content\\\/uploads\\\/2024\\\/09\\\/Expo-Parques.jpeg?fit=1200%2C798&ssl=1\",\"articleSection\":[\"Noticias\"],\"inLanguage\":\"es\",\"potentialAction\":[{\"@type\":\"CommentAction\",\"name\":\"Comment\",\"target\":[\"https:\\\/\\\/pilt.com.ar\\\/parque-industrial\\\/el-pilt-participo-de-la-expo-parques-industriales\\\/#respond\"]}]},{\"@type\":\"WebPage\",\"@id\":\"https:\\\/\\\/pilt.com.ar\\\/parque-industrial\\\/el-pilt-participo-de-la-expo-parques-industriales\\\/\",\"url\":\"https:\\\/\\\/pilt.com.ar\\\/parque-industrial\\\/el-pilt-participo-de-la-expo-parques-industriales\\\/\",\"name\":\"EL PILT PARTICIP\u00d3 DE LA EXPO PARQUES INDUSTRIALES - PILT.com.ar\",\"isPartOf\":{\"@id\":\"https:\\\/\\\/pilt.com.ar\\\/parque-industrial\\\/#website\"},\"primaryImageOfPage\":{\"@id\":\"https:\\\/\\\/pilt.com.ar\\\/parque-industrial\\\/el-pilt-participo-de-la-expo-parques-industriales\\\/#primaryimage\"},\"image\":{\"@id\":\"https:\\\/\\\/pilt.com.ar\\\/parque-industrial\\\/el-pilt-participo-de-la-expo-parques-industriales\\\/#primaryimage\"},\"thumbnailUrl\":\"https:\\\/\\\/i0.wp.com\\\/pilt.com.ar\\\/parque-industrial\\\/wp-content\\\/uploads\\\/2024\\\/09\\\/Expo-Parques.jpeg?fit=1200%2C798&ssl=1\",\"datePublished\":\"2024-09-20T13:52:07+00:00\",\"dateModified\":\"2024-09-20T13:52:08+00:00\",\"author\":{\"@id\":\"https:\\\/\\\/pilt.com.ar\\\/parque-industrial\\\/#\\\/schema\\\/person\\\/2dfb9e2464de1c3deef20c25c30a8306\"},\"inLanguage\":\"es\",\"potentialAction\":[{\"@type\":\"ReadAction\",\"target\":[\"https:\\\/\\\/pilt.com.ar\\\/parque-industrial\\\/el-pilt-participo-de-la-expo-parques-industriales\\\/\"]}]},{\"@type\":\"ImageObject\",\"inLanguage\":\"es\",\"@id\":\"https:\\\/\\\/pilt.com.ar\\\/parque-industrial\\\/el-pilt-participo-de-la-expo-parques-industriales\\\/#primaryimage\",\"url\":\"https:\\\/\\\/i0.wp.com\\\/pilt.com.ar\\\/parque-industrial\\\/wp-content\\\/uploads\\\/2024\\\/09\\\/Expo-Parques.jpeg?fit=1200%2C798&ssl=1\",\"contentUrl\":\"https:\\\/\\\/i0.wp.com\\\/pilt.com.ar\\\/parque-industrial\\\/wp-content\\\/uploads\\\/2024\\\/09\\\/Expo-Parques.jpeg?fit=1200%2C798&ssl=1\",\"width\":1200,\"height\":798},{\"@type\":\"WebSite\",\"@id\":\"https:\\\/\\\/pilt.com.ar\\\/parque-industrial\\\/#website\",\"url\":\"https:\\\/\\\/pilt.com.ar\\\/parque-industrial\\\/\",\"name\":\"PILT.com.ar\",\"description\":\"Parque Industrial, Log\u00edstico y Tecnol\u00f3gico Villa Mar\u00eda\",\"potentialAction\":[{\"@type\":\"SearchAction\",\"target\":{\"@type\":\"EntryPoint\",\"urlTemplate\":\"https:\\\/\\\/pilt.com.ar\\\/parque-industrial\\\/?s={search_term_string}\"},\"query-input\":{\"@type\":\"PropertyValueSpecification\",\"valueRequired\":true,\"valueName\":\"search_term_string\"}}],\"inLanguage\":\"es\"},{\"@type\":\"Person\",\"@id\":\"https:\\\/\\\/pilt.com.ar\\\/parque-industrial\\\/#\\\/schema\\\/person\\\/2dfb9e2464de1c3deef20c25c30a8306\",\"name\":\"PILT\",\"image\":{\"@type\":\"ImageObject\",\"inLanguage\":\"es\",\"@id\":\"https:\\\/\\\/secure.gravatar.com\\\/avatar\\\/5e3734c8d8c8e0b0d45f923c14a14d7b90521d573d02f0d91360a777095ee42b?s=96&d=mm&r=g\",\"url\":\"https:\\\/\\\/secure.gravatar.com\\\/avatar\\\/5e3734c8d8c8e0b0d45f923c14a14d7b90521d573d02f0d91360a777095ee42b?s=96&d=mm&r=g\",\"contentUrl\":\"https:\\\/\\\/secure.gravatar.com\\\/avatar\\\/5e3734c8d8c8e0b0d45f923c14a14d7b90521d573d02f0d91360a777095ee42b?s=96&d=mm&r=g\",\"caption\":\"PILT\"},\"url\":\"https:\\\/\\\/pilt.com.ar\\\/parque-industrial\\\/author\\\/pilt\\\/\"}]}<\/script>\n<!-- \/ Yoast SEO plugin. -->","yoast_head_json":{"title":"EL PILT PARTICIP\u00d3 DE LA EXPO PARQUES INDUSTRIALES - PILT.com.ar","robots":{"index":"index","follow":"follow","max-snippet":"max-snippet:-1","max-image-preview":"max-image-preview:large","max-video-preview":"max-video-preview:-1"},"canonical":"https:\/\/pilt.com.ar\/parque-industrial\/el-pilt-participo-de-la-expo-parques-industriales\/","og_locale":"es_ES","og_type":"article","og_title":"EL PILT PARTICIP\u00d3 DE LA EXPO PARQUES INDUSTRIALES - PILT.com.ar","og_description":"El evento, que se llev\u00f3 a cabo en el Centro de Convenciones C\u00f3rdoba, cont\u00f3 con la presencia del Gobernador Mart\u00edn Llaryora y funcionarios de distintas \u00e1reas. Durante el d\u00eda de ayer se concret\u00f3 en el Centro de Convenciones C\u00f3rdoba la primera Expo de Parques Industriales, encuentro que congreg\u00f3 a m\u00e1s de 1100 asistentes, 40 expositores [&hellip;]","og_url":"https:\/\/pilt.com.ar\/parque-industrial\/el-pilt-participo-de-la-expo-parques-industriales\/","og_site_name":"PILT.com.ar","article_published_time":"2024-09-20T13:52:07+00:00","article_modified_time":"2024-09-20T13:52:08+00:00","og_image":[{"width":1200,"height":798,"url":"https:\/\/i0.wp.com\/pilt.com.ar\/parque-industrial\/wp-content\/uploads\/2024\/09\/Expo-Parques.jpeg?fit=1200%2C798&ssl=1","type":"image\/jpeg"}],"author":"PILT","twitter_card":"summary_large_image","twitter_misc":{"Escrito por":"PILT","Tiempo de lectura":"2 minutos"},"schema":{"@context":"https:\/\/schema.org","@graph":[{"@type":"Article","@id":"https:\/\/pilt.com.ar\/parque-industrial\/el-pilt-participo-de-la-expo-parques-industriales\/#article","isPartOf":{"@id":"https:\/\/pilt.com.ar\/parque-industrial\/el-pilt-participo-de-la-expo-parques-industriales\/"},"author":{"name":"PILT","@id":"https:\/\/pilt.com.ar\/parque-industrial\/#\/schema\/person\/2dfb9e2464de1c3deef20c25c30a8306"},"headline":"EL PILT PARTICIP\u00d3 DE LA EXPO PARQUES INDUSTRIALES","datePublished":"2024-09-20T13:52:07+00:00","dateModified":"2024-09-20T13:52:08+00:00","mainEntityOfPage":{"@id":"https:\/\/pilt.com.ar\/parque-industrial\/el-pilt-participo-de-la-expo-parques-industriales\/"},"wordCount":327,"commentCount":0,"image":{"@id":"https:\/\/pilt.com.ar\/parque-industrial\/el-pilt-participo-de-la-expo-parques-industriales\/#primaryimage"},"thumbnailUrl":"https:\/\/i0.wp.com\/pilt.com.ar\/parque-industrial\/wp-content\/uploads\/2024\/09\/Expo-Parques.jpeg?fit=1200%2C798&ssl=1","articleSection":["Noticias"],"inLanguage":"es","potentialAction":[{"@type":"CommentAction","name":"Comment","target":["https:\/\/pilt.com.ar\/parque-industrial\/el-pilt-participo-de-la-expo-parques-industriales\/#respond"]}]},{"@type":"WebPage","@id":"https:\/\/pilt.com.ar\/parque-industrial\/el-pilt-participo-de-la-expo-parques-industriales\/","url":"https:\/\/pilt.com.ar\/parque-industrial\/el-pilt-participo-de-la-expo-parques-industriales\/","name":"EL PILT PARTICIP\u00d3 DE LA EXPO PARQUES INDUSTRIALES - PILT.com.ar","isPartOf":{"@id":"https:\/\/pilt.com.ar\/parque-industrial\/#website"},"primaryImageOfPage":{"@id":"https:\/\/pilt.com.ar\/parque-industrial\/el-pilt-participo-de-la-expo-parques-industriales\/#primaryimage"},"image":{"@id":"https:\/\/pilt.com.ar\/parque-industrial\/el-pilt-participo-de-la-expo-parques-industriales\/#primaryimage"},"thumbnailUrl":"https:\/\/i0.wp.com\/pilt.com.ar\/parque-industrial\/wp-content\/uploads\/2024\/09\/Expo-Parques.jpeg?fit=1200%2C798&ssl=1","datePublished":"2024-09-20T13:52:07+00:00","dateModified":"2024-09-20T13:52:08+00:00","author":{"@id":"https:\/\/pilt.com.ar\/parque-industrial\/#\/schema\/person\/2dfb9e2464de1c3deef20c25c30a8306"},"inLanguage":"es","potentialAction":[{"@type":"ReadAction","target":["https:\/\/pilt.com.ar\/parque-industrial\/el-pilt-participo-de-la-expo-parques-industriales\/"]}]},{"@type":"ImageObject","inLanguage":"es","@id":"https:\/\/pilt.com.ar\/parque-industrial\/el-pilt-participo-de-la-expo-parques-industriales\/#primaryimage","url":"https:\/\/i0.wp.com\/pilt.com.ar\/parque-industrial\/wp-content\/uploads\/2024\/09\/Expo-Parques.jpeg?fit=1200%2C798&ssl=1","contentUrl":"https:\/\/i0.wp.com\/pilt.com.ar\/parque-industrial\/wp-content\/uploads\/2024\/09\/Expo-Parques.jpeg?fit=1200%2C798&ssl=1","width":1200,"height":798},{"@type":"WebSite","@id":"https:\/\/pilt.com.ar\/parque-industrial\/#website","url":"https:\/\/pilt.com.ar\/parque-industrial\/","name":"PILT.com.ar","description":"Parque Industrial, Log\u00edstico y Tecnol\u00f3gico Villa Mar\u00eda","potentialAction":[{"@type":"SearchAction","target":{"@type":"EntryPoint","urlTemplate":"https:\/\/pilt.com.ar\/parque-industrial\/?s={search_term_string}"},"query-input":{"@type":"PropertyValueSpecification","valueRequired":true,"valueName":"search_term_string"}}],"inLanguage":"es"},{"@type":"Person","@id":"https:\/\/pilt.com.ar\/parque-industrial\/#\/schema\/person\/2dfb9e2464de1c3deef20c25c30a8306","name":"PILT","image":{"@type":"ImageObject","inLanguage":"es","@id":"https:\/\/secure.gravatar.com\/avatar\/5e3734c8d8c8e0b0d45f923c14a14d7b90521d573d02f0d91360a777095ee42b?s=96&d=mm&r=g","url":"https:\/\/secure.gravatar.com\/avatar\/5e3734c8d8c8e0b0d45f923c14a14d7b90521d573d02f0d91360a777095ee42b?s=96&d=mm&r=g","contentUrl":"https:\/\/secure.gravatar.com\/avatar\/5e3734c8d8c8e0b0d45f923c14a14d7b90521d573d02f0d91360a777095ee42b?s=96&d=mm&r=g","caption":"PILT"},"url":"https:\/\/pilt.com.ar\/parque-industrial\/author\/pilt\/"}]}},"jetpack_featured_media_url":"https:\/\/i0.wp.com\/pilt.com.ar\/parque-industrial\/wp-content\/uploads\/2024\/09\/Expo-Parques.jpeg?fit=1200%2C798&ssl=1","jetpack_sharing_enabled":true,"_links":{"self":[{"href":"https:\/\/pilt.com.ar\/parque-industrial\/wp-json\/wp\/v2\/posts\/3370","targetHints":{"allow":["GET"]}}],"collection":[{"href":"https:\/\/pilt.com.ar\/parque-industrial\/wp-json\/wp\/v2\/posts"}],"about":[{"href":"https:\/\/pilt.com.ar\/parque-industrial\/wp-json\/wp\/v2\/types\/post"}],"author":[{"embeddable":true,"href":"https:\/\/pilt.com.ar\/parque-industrial\/wp-json\/wp\/v2\/users\/3"}],"replies":[{"embeddable":true,"href":"https:\/\/pilt.com.ar\/parque-industrial\/wp-json\/wp\/v2\/comments?post=3370"}],"version-history":[{"count":1,"href":"https:\/\/pilt.com.ar\/parque-industrial\/wp-json\/wp\/v2\/posts\/3370\/revisions"}],"predecessor-version":[{"id":3372,"href":"https:\/\/pilt.com.ar\/parque-industrial\/wp-json\/wp\/v2\/posts\/3370\/revisions\/3372"}],"wp:featuredmedia":[{"embeddable":true,"href":"https:\/\/pilt.com.ar\/parque-industrial\/wp-json\/wp\/v2\/media\/3371"}],"wp:attachment":[{"href":"https:\/\/pilt.com.ar\/parque-industrial\/wp-json\/wp\/v2\/media?parent=3370"}],"wp:term":[{"taxonomy":"category","embeddable":true,"href":"https:\/\/pilt.com.ar\/parque-industrial\/wp-json\/wp\/v2\/categories?post=3370"},{"taxonomy":"post_tag","embeddable":true,"href":"https:\/\/pilt.com.ar\/parque-industrial\/wp-json\/wp\/v2\/tags?post=3370"}],"curies":[{"name":"wp","href":"https:\/\/api.w.org\/{rel}","templated":true}]}}