{"id":3367,"date":"2024-09-13T15:32:33","date_gmt":"2024-09-13T18:32:33","guid":{"rendered":"https:\/\/pilt.com.ar\/parque-industrial\/?p=3367"},"modified":"2024-09-13T15:32:34","modified_gmt":"2024-09-13T18:32:34","slug":"el-pilt-apoyando-el-dictado-de-la-carrera-de-ingenieria-civil-en-la-unt-villa-maria","status":"publish","type":"post","link":"https:\/\/pilt.com.ar\/parque-industrial\/el-pilt-apoyando-el-dictado-de-la-carrera-de-ingenieria-civil-en-la-unt-villa-maria\/","title":{"rendered":"EL PILT, APOYANDO EL DICTADO DE LA CARRERA DE INGENIER\u00cdA CIVIL EN LA UNT VILLA MAR\u00cdA"},"content":{"rendered":"\n<p><em>A partir de la sinergia entre municipio, colegios profesionales y empresas, la casa de alto estudios sumar\u00e1 una nueva oferta acad\u00e9mica demandada por j\u00f3venes de la ciudad y regi\u00f3n<\/em>.<\/p>\n\n\n\n<p>En la sede de la Facultad Regional Villa Mar\u00eda de la UTN se firmaron distintos acuerdos para iniciar a partir del pr\u00f3ximo ciclo lectivo el dictado de la carrera de Ingenier\u00eda Civil. Del acto de lanzamiento particip\u00f3 el Intendente Municipal, Eduardo Accastello, junto al titular de ese espacio educativo, Gaspar Cena, representantes de otros estamentos de la Universidad y del Colegio de Ingenieros Civiles.<\/p>\n\n\n\n<p>Vale la pena mencionar que para hacer realidad la propuesta participan, adem\u00e1s del municipio y las entidades mencionadas, empresas privadas y organizaciones, como el Parque Industrial, Log\u00edstico y Tecnol\u00f3gico Villa Mar\u00eda (PILT).<\/p>\n\n\n\n<p>Sobre los motivos que llevaron al PILT a involucrase con la iniciativa, el Ing. Carlos Pizzorno, presidente del Ente, se\u00f1al\u00f3 que \u201ctenemos la certeza que el desarrollo intelectual de una poblaci\u00f3n es uno de los motores fundamentales para el crecimiento econ\u00f3mico. La internacionalizaci\u00f3n de las empresas depende de la calidad de los que gestionan la unidad productiva y econ\u00f3mica. Crear esta carrera en Villa Mar\u00eda es un progreso enorme; hay que crecer en todos los sentidos, pero sin duda que uno de los grandes motores es la calidad de la educaci\u00f3n\u201d.<\/p>\n\n\n\n<p>Sobre la contribuci\u00f3n concreta de la entidad para materializar el proyecto, el directivo indic\u00f3 que \u201cel Parque har\u00e1 un aporte mensual importante para que en los primeros a\u00f1os se puedan pagar los sueldos de los docentes. El concepto del Directorio es que esto, a la postre, es beneficioso para las empresas; y con su crecimiento el beneficio es para toda la comunidad\u201d.<\/p>\n","protected":false},"excerpt":{"rendered":"<p>A partir de la sinergia entre municipio, colegios profesionales y empresas, la casa de alto estudios sumar\u00e1 una nueva oferta acad\u00e9mica demandada por j\u00f3venes de la ciudad y regi\u00f3n. En la sede de la Facultad Regional Villa Mar\u00eda de la UTN se firmaron distintos acuerdos para iniciar a partir del pr\u00f3ximo ciclo lectivo el dictado [&hellip;]<\/p>\n","protected":false},"author":3,"featured_media":3368,"comment_status":"open","ping_status":"open","sticky":false,"template":"","format":"standard","meta":{"_jetpack_memberships_contains_paid_content":false,"footnotes":""},"categories":[2],"tags":[],"class_list":["post-3367","post","type-post","status-publish","format-standard","has-post-thumbnail","hentry","category-noticias"],"yoast_head":"<!-- This site is optimized with the Yoast SEO plugin v27.5 - https:\/\/yoast.com\/product\/yoast-seo-wordpress\/ -->\n<title>EL PILT, APOYANDO EL DICTADO DE LA CARRERA DE INGENIER\u00cdA CIVIL EN LA UNT VILLA MAR\u00cdA - PILT.com.ar<\/title>\n<meta name=\"robots\" content=\"index, follow, max-snippet:-1, max-image-preview:large, max-video-preview:-1\" \/>\n<link rel=\"canonical\" href=\"https:\/\/pilt.com.ar\/parque-industrial\/el-pilt-apoyando-el-dictado-de-la-carrera-de-ingenieria-civil-en-la-unt-villa-maria\/\" \/>\n<meta property=\"og:locale\" content=\"es_ES\" \/>\n<meta property=\"og:type\" content=\"article\" \/>\n<meta property=\"og:title\" content=\"EL PILT, APOYANDO EL DICTADO DE LA CARRERA DE INGENIER\u00cdA CIVIL EN LA UNT VILLA MAR\u00cdA - PILT.com.ar\" \/>\n<meta property=\"og:description\" content=\"A partir de la sinergia entre municipio, colegios profesionales y empresas, la casa de alto estudios sumar\u00e1 una nueva oferta acad\u00e9mica demandada por j\u00f3venes de la ciudad y regi\u00f3n. En la sede de la Facultad Regional Villa Mar\u00eda de la UTN se firmaron distintos acuerdos para iniciar a partir del pr\u00f3ximo ciclo lectivo el dictado [&hellip;]\" \/>\n<meta property=\"og:url\" content=\"https:\/\/pilt.com.ar\/parque-industrial\/el-pilt-apoyando-el-dictado-de-la-carrera-de-ingenieria-civil-en-la-unt-villa-maria\/\" \/>\n<meta property=\"og:site_name\" content=\"PILT.com.ar\" \/>\n<meta property=\"article:published_time\" content=\"2024-09-13T18:32:33+00:00\" \/>\n<meta property=\"article:modified_time\" content=\"2024-09-13T18:32:34+00:00\" \/>\n<meta property=\"og:image\" content=\"https:\/\/i0.wp.com\/pilt.com.ar\/parque-industrial\/wp-content\/uploads\/2024\/09\/WhatsApp-Image-2024-09-13-at-15.15.06.jpeg?fit=1106%2C895&ssl=1\" \/>\n\t<meta property=\"og:image:width\" content=\"1106\" \/>\n\t<meta property=\"og:image:height\" content=\"895\" \/>\n\t<meta property=\"og:image:type\" content=\"image\/jpeg\" \/>\n<meta name=\"author\" content=\"PILT\" \/>\n<meta name=\"twitter:card\" content=\"summary_large_image\" \/>\n<meta name=\"twitter:label1\" content=\"Escrito por\" \/>\n\t<meta name=\"twitter:data1\" content=\"PILT\" \/>\n\t<meta name=\"twitter:label2\" content=\"Tiempo de lectura\" \/>\n\t<meta name=\"twitter:data2\" content=\"2 minutos\" \/>\n<script type=\"application\/ld+json\" class=\"yoast-schema-graph\">{\"@context\":\"https:\\\/\\\/schema.org\",\"@graph\":[{\"@type\":\"Article\",\"@id\":\"https:\\\/\\\/pilt.com.ar\\\/parque-industrial\\\/el-pilt-apoyando-el-dictado-de-la-carrera-de-ingenieria-civil-en-la-unt-villa-maria\\\/#article\",\"isPartOf\":{\"@id\":\"https:\\\/\\\/pilt.com.ar\\\/parque-industrial\\\/el-pilt-apoyando-el-dictado-de-la-carrera-de-ingenieria-civil-en-la-unt-villa-maria\\\/\"},\"author\":{\"name\":\"PILT\",\"@id\":\"https:\\\/\\\/pilt.com.ar\\\/parque-industrial\\\/#\\\/schema\\\/person\\\/2dfb9e2464de1c3deef20c25c30a8306\"},\"headline\":\"EL PILT, APOYANDO EL DICTADO DE LA CARRERA DE INGENIER\u00cdA CIVIL EN LA UNT VILLA MAR\u00cdA\",\"datePublished\":\"2024-09-13T18:32:33+00:00\",\"dateModified\":\"2024-09-13T18:32:34+00:00\",\"mainEntityOfPage\":{\"@id\":\"https:\\\/\\\/pilt.com.ar\\\/parque-industrial\\\/el-pilt-apoyando-el-dictado-de-la-carrera-de-ingenieria-civil-en-la-unt-villa-maria\\\/\"},\"wordCount\":315,\"commentCount\":0,\"image\":{\"@id\":\"https:\\\/\\\/pilt.com.ar\\\/parque-industrial\\\/el-pilt-apoyando-el-dictado-de-la-carrera-de-ingenieria-civil-en-la-unt-villa-maria\\\/#primaryimage\"},\"thumbnailUrl\":\"https:\\\/\\\/i0.wp.com\\\/pilt.com.ar\\\/parque-industrial\\\/wp-content\\\/uploads\\\/2024\\\/09\\\/WhatsApp-Image-2024-09-13-at-15.15.06.jpeg?fit=1106%2C895&ssl=1\",\"articleSection\":[\"Noticias\"],\"inLanguage\":\"es\",\"potentialAction\":[{\"@type\":\"CommentAction\",\"name\":\"Comment\",\"target\":[\"https:\\\/\\\/pilt.com.ar\\\/parque-industrial\\\/el-pilt-apoyando-el-dictado-de-la-carrera-de-ingenieria-civil-en-la-unt-villa-maria\\\/#respond\"]}]},{\"@type\":\"WebPage\",\"@id\":\"https:\\\/\\\/pilt.com.ar\\\/parque-industrial\\\/el-pilt-apoyando-el-dictado-de-la-carrera-de-ingenieria-civil-en-la-unt-villa-maria\\\/\",\"url\":\"https:\\\/\\\/pilt.com.ar\\\/parque-industrial\\\/el-pilt-apoyando-el-dictado-de-la-carrera-de-ingenieria-civil-en-la-unt-villa-maria\\\/\",\"name\":\"EL PILT, APOYANDO EL DICTADO DE LA CARRERA DE INGENIER\u00cdA CIVIL EN LA UNT VILLA MAR\u00cdA - PILT.com.ar\",\"isPartOf\":{\"@id\":\"https:\\\/\\\/pilt.com.ar\\\/parque-industrial\\\/#website\"},\"primaryImageOfPage\":{\"@id\":\"https:\\\/\\\/pilt.com.ar\\\/parque-industrial\\\/el-pilt-apoyando-el-dictado-de-la-carrera-de-ingenieria-civil-en-la-unt-villa-maria\\\/#primaryimage\"},\"image\":{\"@id\":\"https:\\\/\\\/pilt.com.ar\\\/parque-industrial\\\/el-pilt-apoyando-el-dictado-de-la-carrera-de-ingenieria-civil-en-la-unt-villa-maria\\\/#primaryimage\"},\"thumbnailUrl\":\"https:\\\/\\\/i0.wp.com\\\/pilt.com.ar\\\/parque-industrial\\\/wp-content\\\/uploads\\\/2024\\\/09\\\/WhatsApp-Image-2024-09-13-at-15.15.06.jpeg?fit=1106%2C895&ssl=1\",\"datePublished\":\"2024-09-13T18:32:33+00:00\",\"dateModified\":\"2024-09-13T18:32:34+00:00\",\"author\":{\"@id\":\"https:\\\/\\\/pilt.com.ar\\\/parque-industrial\\\/#\\\/schema\\\/person\\\/2dfb9e2464de1c3deef20c25c30a8306\"},\"inLanguage\":\"es\",\"potentialAction\":[{\"@type\":\"ReadAction\",\"target\":[\"https:\\\/\\\/pilt.com.ar\\\/parque-industrial\\\/el-pilt-apoyando-el-dictado-de-la-carrera-de-ingenieria-civil-en-la-unt-villa-maria\\\/\"]}]},{\"@type\":\"ImageObject\",\"inLanguage\":\"es\",\"@id\":\"https:\\\/\\\/pilt.com.ar\\\/parque-industrial\\\/el-pilt-apoyando-el-dictado-de-la-carrera-de-ingenieria-civil-en-la-unt-villa-maria\\\/#primaryimage\",\"url\":\"https:\\\/\\\/i0.wp.com\\\/pilt.com.ar\\\/parque-industrial\\\/wp-content\\\/uploads\\\/2024\\\/09\\\/WhatsApp-Image-2024-09-13-at-15.15.06.jpeg?fit=1106%2C895&ssl=1\",\"contentUrl\":\"https:\\\/\\\/i0.wp.com\\\/pilt.com.ar\\\/parque-industrial\\\/wp-content\\\/uploads\\\/2024\\\/09\\\/WhatsApp-Image-2024-09-13-at-15.15.06.jpeg?fit=1106%2C895&ssl=1\",\"width\":1106,\"height\":895},{\"@type\":\"WebSite\",\"@id\":\"https:\\\/\\\/pilt.com.ar\\\/parque-industrial\\\/#website\",\"url\":\"https:\\\/\\\/pilt.com.ar\\\/parque-industrial\\\/\",\"name\":\"PILT.com.ar\",\"description\":\"Parque Industrial, Log\u00edstico y Tecnol\u00f3gico Villa Mar\u00eda\",\"potentialAction\":[{\"@type\":\"SearchAction\",\"target\":{\"@type\":\"EntryPoint\",\"urlTemplate\":\"https:\\\/\\\/pilt.com.ar\\\/parque-industrial\\\/?s={search_term_string}\"},\"query-input\":{\"@type\":\"PropertyValueSpecification\",\"valueRequired\":true,\"valueName\":\"search_term_string\"}}],\"inLanguage\":\"es\"},{\"@type\":\"Person\",\"@id\":\"https:\\\/\\\/pilt.com.ar\\\/parque-industrial\\\/#\\\/schema\\\/person\\\/2dfb9e2464de1c3deef20c25c30a8306\",\"name\":\"PILT\",\"image\":{\"@type\":\"ImageObject\",\"inLanguage\":\"es\",\"@id\":\"https:\\\/\\\/secure.gravatar.com\\\/avatar\\\/5e3734c8d8c8e0b0d45f923c14a14d7b90521d573d02f0d91360a777095ee42b?s=96&d=mm&r=g\",\"url\":\"https:\\\/\\\/secure.gravatar.com\\\/avatar\\\/5e3734c8d8c8e0b0d45f923c14a14d7b90521d573d02f0d91360a777095ee42b?s=96&d=mm&r=g\",\"contentUrl\":\"https:\\\/\\\/secure.gravatar.com\\\/avatar\\\/5e3734c8d8c8e0b0d45f923c14a14d7b90521d573d02f0d91360a777095ee42b?s=96&d=mm&r=g\",\"caption\":\"PILT\"},\"url\":\"https:\\\/\\\/pilt.com.ar\\\/parque-industrial\\\/author\\\/pilt\\\/\"}]}<\/script>\n<!-- \/ Yoast SEO plugin. -->","yoast_head_json":{"title":"EL PILT, APOYANDO EL DICTADO DE LA CARRERA DE INGENIER\u00cdA CIVIL EN LA UNT VILLA MAR\u00cdA - PILT.com.ar","robots":{"index":"index","follow":"follow","max-snippet":"max-snippet:-1","max-image-preview":"max-image-preview:large","max-video-preview":"max-video-preview:-1"},"canonical":"https:\/\/pilt.com.ar\/parque-industrial\/el-pilt-apoyando-el-dictado-de-la-carrera-de-ingenieria-civil-en-la-unt-villa-maria\/","og_locale":"es_ES","og_type":"article","og_title":"EL PILT, APOYANDO EL DICTADO DE LA CARRERA DE INGENIER\u00cdA CIVIL EN LA UNT VILLA MAR\u00cdA - PILT.com.ar","og_description":"A partir de la sinergia entre municipio, colegios profesionales y empresas, la casa de alto estudios sumar\u00e1 una nueva oferta acad\u00e9mica demandada por j\u00f3venes de la ciudad y regi\u00f3n. En la sede de la Facultad Regional Villa Mar\u00eda de la UTN se firmaron distintos acuerdos para iniciar a partir del pr\u00f3ximo ciclo lectivo el dictado [&hellip;]","og_url":"https:\/\/pilt.com.ar\/parque-industrial\/el-pilt-apoyando-el-dictado-de-la-carrera-de-ingenieria-civil-en-la-unt-villa-maria\/","og_site_name":"PILT.com.ar","article_published_time":"2024-09-13T18:32:33+00:00","article_modified_time":"2024-09-13T18:32:34+00:00","og_image":[{"width":1106,"height":895,"url":"https:\/\/i0.wp.com\/pilt.com.ar\/parque-industrial\/wp-content\/uploads\/2024\/09\/WhatsApp-Image-2024-09-13-at-15.15.06.jpeg?fit=1106%2C895&ssl=1","type":"image\/jpeg"}],"author":"PILT","twitter_card":"summary_large_image","twitter_misc":{"Escrito por":"PILT","Tiempo de lectura":"2 minutos"},"schema":{"@context":"https:\/\/schema.org","@graph":[{"@type":"Article","@id":"https:\/\/pilt.com.ar\/parque-industrial\/el-pilt-apoyando-el-dictado-de-la-carrera-de-ingenieria-civil-en-la-unt-villa-maria\/#article","isPartOf":{"@id":"https:\/\/pilt.com.ar\/parque-industrial\/el-pilt-apoyando-el-dictado-de-la-carrera-de-ingenieria-civil-en-la-unt-villa-maria\/"},"author":{"name":"PILT","@id":"https:\/\/pilt.com.ar\/parque-industrial\/#\/schema\/person\/2dfb9e2464de1c3deef20c25c30a8306"},"headline":"EL PILT, APOYANDO EL DICTADO DE LA CARRERA DE INGENIER\u00cdA CIVIL EN LA UNT VILLA MAR\u00cdA","datePublished":"2024-09-13T18:32:33+00:00","dateModified":"2024-09-13T18:32:34+00:00","mainEntityOfPage":{"@id":"https:\/\/pilt.com.ar\/parque-industrial\/el-pilt-apoyando-el-dictado-de-la-carrera-de-ingenieria-civil-en-la-unt-villa-maria\/"},"wordCount":315,"commentCount":0,"image":{"@id":"https:\/\/pilt.com.ar\/parque-industrial\/el-pilt-apoyando-el-dictado-de-la-carrera-de-ingenieria-civil-en-la-unt-villa-maria\/#primaryimage"},"thumbnailUrl":"https:\/\/i0.wp.com\/pilt.com.ar\/parque-industrial\/wp-content\/uploads\/2024\/09\/WhatsApp-Image-2024-09-13-at-15.15.06.jpeg?fit=1106%2C895&ssl=1","articleSection":["Noticias"],"inLanguage":"es","potentialAction":[{"@type":"CommentAction","name":"Comment","target":["https:\/\/pilt.com.ar\/parque-industrial\/el-pilt-apoyando-el-dictado-de-la-carrera-de-ingenieria-civil-en-la-unt-villa-maria\/#respond"]}]},{"@type":"WebPage","@id":"https:\/\/pilt.com.ar\/parque-industrial\/el-pilt-apoyando-el-dictado-de-la-carrera-de-ingenieria-civil-en-la-unt-villa-maria\/","url":"https:\/\/pilt.com.ar\/parque-industrial\/el-pilt-apoyando-el-dictado-de-la-carrera-de-ingenieria-civil-en-la-unt-villa-maria\/","name":"EL PILT, APOYANDO EL DICTADO DE LA CARRERA DE INGENIER\u00cdA CIVIL EN LA UNT VILLA MAR\u00cdA - PILT.com.ar","isPartOf":{"@id":"https:\/\/pilt.com.ar\/parque-industrial\/#website"},"primaryImageOfPage":{"@id":"https:\/\/pilt.com.ar\/parque-industrial\/el-pilt-apoyando-el-dictado-de-la-carrera-de-ingenieria-civil-en-la-unt-villa-maria\/#primaryimage"},"image":{"@id":"https:\/\/pilt.com.ar\/parque-industrial\/el-pilt-apoyando-el-dictado-de-la-carrera-de-ingenieria-civil-en-la-unt-villa-maria\/#primaryimage"},"thumbnailUrl":"https:\/\/i0.wp.com\/pilt.com.ar\/parque-industrial\/wp-content\/uploads\/2024\/09\/WhatsApp-Image-2024-09-13-at-15.15.06.jpeg?fit=1106%2C895&ssl=1","datePublished":"2024-09-13T18:32:33+00:00","dateModified":"2024-09-13T18:32:34+00:00","author":{"@id":"https:\/\/pilt.com.ar\/parque-industrial\/#\/schema\/person\/2dfb9e2464de1c3deef20c25c30a8306"},"inLanguage":"es","potentialAction":[{"@type":"ReadAction","target":["https:\/\/pilt.com.ar\/parque-industrial\/el-pilt-apoyando-el-dictado-de-la-carrera-de-ingenieria-civil-en-la-unt-villa-maria\/"]}]},{"@type":"ImageObject","inLanguage":"es","@id":"https:\/\/pilt.com.ar\/parque-industrial\/el-pilt-apoyando-el-dictado-de-la-carrera-de-ingenieria-civil-en-la-unt-villa-maria\/#primaryimage","url":"https:\/\/i0.wp.com\/pilt.com.ar\/parque-industrial\/wp-content\/uploads\/2024\/09\/WhatsApp-Image-2024-09-13-at-15.15.06.jpeg?fit=1106%2C895&ssl=1","contentUrl":"https:\/\/i0.wp.com\/pilt.com.ar\/parque-industrial\/wp-content\/uploads\/2024\/09\/WhatsApp-Image-2024-09-13-at-15.15.06.jpeg?fit=1106%2C895&ssl=1","width":1106,"height":895},{"@type":"WebSite","@id":"https:\/\/pilt.com.ar\/parque-industrial\/#website","url":"https:\/\/pilt.com.ar\/parque-industrial\/","name":"PILT.com.ar","description":"Parque Industrial, Log\u00edstico y Tecnol\u00f3gico Villa Mar\u00eda","potentialAction":[{"@type":"SearchAction","target":{"@type":"EntryPoint","urlTemplate":"https:\/\/pilt.com.ar\/parque-industrial\/?s={search_term_string}"},"query-input":{"@type":"PropertyValueSpecification","valueRequired":true,"valueName":"search_term_string"}}],"inLanguage":"es"},{"@type":"Person","@id":"https:\/\/pilt.com.ar\/parque-industrial\/#\/schema\/person\/2dfb9e2464de1c3deef20c25c30a8306","name":"PILT","image":{"@type":"ImageObject","inLanguage":"es","@id":"https:\/\/secure.gravatar.com\/avatar\/5e3734c8d8c8e0b0d45f923c14a14d7b90521d573d02f0d91360a777095ee42b?s=96&d=mm&r=g","url":"https:\/\/secure.gravatar.com\/avatar\/5e3734c8d8c8e0b0d45f923c14a14d7b90521d573d02f0d91360a777095ee42b?s=96&d=mm&r=g","contentUrl":"https:\/\/secure.gravatar.com\/avatar\/5e3734c8d8c8e0b0d45f923c14a14d7b90521d573d02f0d91360a777095ee42b?s=96&d=mm&r=g","caption":"PILT"},"url":"https:\/\/pilt.com.ar\/parque-industrial\/author\/pilt\/"}]}},"jetpack_featured_media_url":"https:\/\/i0.wp.com\/pilt.com.ar\/parque-industrial\/wp-content\/uploads\/2024\/09\/WhatsApp-Image-2024-09-13-at-15.15.06.jpeg?fit=1106%2C895&ssl=1","jetpack_sharing_enabled":true,"_links":{"self":[{"href":"https:\/\/pilt.com.ar\/parque-industrial\/wp-json\/wp\/v2\/posts\/3367","targetHints":{"allow":["GET"]}}],"collection":[{"href":"https:\/\/pilt.com.ar\/parque-industrial\/wp-json\/wp\/v2\/posts"}],"about":[{"href":"https:\/\/pilt.com.ar\/parque-industrial\/wp-json\/wp\/v2\/types\/post"}],"author":[{"embeddable":true,"href":"https:\/\/pilt.com.ar\/parque-industrial\/wp-json\/wp\/v2\/users\/3"}],"replies":[{"embeddable":true,"href":"https:\/\/pilt.com.ar\/parque-industrial\/wp-json\/wp\/v2\/comments?post=3367"}],"version-history":[{"count":1,"href":"https:\/\/pilt.com.ar\/parque-industrial\/wp-json\/wp\/v2\/posts\/3367\/revisions"}],"predecessor-version":[{"id":3369,"href":"https:\/\/pilt.com.ar\/parque-industrial\/wp-json\/wp\/v2\/posts\/3367\/revisions\/3369"}],"wp:featuredmedia":[{"embeddable":true,"href":"https:\/\/pilt.com.ar\/parque-industrial\/wp-json\/wp\/v2\/media\/3368"}],"wp:attachment":[{"href":"https:\/\/pilt.com.ar\/parque-industrial\/wp-json\/wp\/v2\/media?parent=3367"}],"wp:term":[{"taxonomy":"category","embeddable":true,"href":"https:\/\/pilt.com.ar\/parque-industrial\/wp-json\/wp\/v2\/categories?post=3367"},{"taxonomy":"post_tag","embeddable":true,"href":"https:\/\/pilt.com.ar\/parque-industrial\/wp-json\/wp\/v2\/tags?post=3367"}],"curies":[{"name":"wp","href":"https:\/\/api.w.org\/{rel}","templated":true}]}}