{"id":3361,"date":"2024-09-06T10:39:51","date_gmt":"2024-09-06T13:39:51","guid":{"rendered":"https:\/\/pilt.com.ar\/parque-industrial\/?p=3361"},"modified":"2024-09-06T12:32:29","modified_gmt":"2024-09-06T15:32:29","slug":"estudiantes-de-escuela-proa-estuvieron-en-el-pilt","status":"publish","type":"post","link":"https:\/\/pilt.com.ar\/parque-industrial\/estudiantes-de-escuela-proa-estuvieron-en-el-pilt\/","title":{"rendered":"ESTUDIANTES DE ESCUELA PROA ESTUVIERON EN EL PILT"},"content":{"rendered":"\n<p class=\"has-text-align-center\"><em>Alumnos de la instituci\u00f3n educativa, cuya especialidad es el Desarrollo de Software.<\/em><\/p>\n\n\n\n<p><a><\/a>Un nutrido grupo de alumnos de 5\u00b0 y 6\u00b0 a\u00f1o de la Escuela ProA de Villa Nueva, orientada al Desarrollo de Software, visit\u00f3 el Parque Industrial, Log\u00edstico y Tecnol\u00f3gico Villa Mar\u00eda (PILT), en donde fueron recibidos en primera instancia por el gerente de la entidad, Lic. Carlos Montoto Galiano, para luego recorrer empresas emplazadas en el predio.<\/p>\n\n\n\n<p>En ese sentido, el directivo explic\u00f3 en el sal\u00f3n de usos m\u00faltiples de la entidad las tareas que realizan en la Administraci\u00f3n, los servicios e infraestructura que ofrece el PILT para las industrias, brindando a la vez un paneo sobre las organizaciones que lo conforman.<\/p>\n\n\n\n<p>Por otra parte, los estudiantes estuvieron en las instalaciones de la firma P&amp;L Neum\u00e1ticos, que reconstruye neum\u00e1ticos de camiones y tractores, como as\u00ed tambi\u00e9n en AutexOpen, empresa dedicada brindar distintas soluciones tecnol\u00f3gicas a empresa, entre ellas, automatizaci\u00f3n de procesos y procesamiento de datos.&nbsp;<\/p>\n","protected":false},"excerpt":{"rendered":"<p>Alumnos de la instituci\u00f3n educativa, cuya especialidad es el Desarrollo de Software. Un nutrido grupo de alumnos de 5\u00b0 y 6\u00b0 a\u00f1o de la Escuela ProA de Villa Nueva, orientada al Desarrollo de Software, visit\u00f3 el Parque Industrial, Log\u00edstico y Tecnol\u00f3gico Villa Mar\u00eda (PILT), en donde fueron recibidos en primera instancia por el gerente de [&hellip;]<\/p>\n","protected":false},"author":3,"featured_media":3362,"comment_status":"open","ping_status":"open","sticky":false,"template":"","format":"standard","meta":{"_jetpack_memberships_contains_paid_content":false,"footnotes":""},"categories":[2],"tags":[],"class_list":["post-3361","post","type-post","status-publish","format-standard","has-post-thumbnail","hentry","category-noticias"],"yoast_head":"<!-- This site is optimized with the Yoast SEO plugin v27.5 - https:\/\/yoast.com\/product\/yoast-seo-wordpress\/ -->\n<title>ESTUDIANTES DE ESCUELA PROA ESTUVIERON EN EL PILT - PILT.com.ar<\/title>\n<meta name=\"robots\" content=\"index, follow, max-snippet:-1, max-image-preview:large, max-video-preview:-1\" \/>\n<link rel=\"canonical\" href=\"https:\/\/pilt.com.ar\/parque-industrial\/estudiantes-de-escuela-proa-estuvieron-en-el-pilt\/\" \/>\n<meta property=\"og:locale\" content=\"es_ES\" \/>\n<meta property=\"og:type\" content=\"article\" \/>\n<meta property=\"og:title\" content=\"ESTUDIANTES DE ESCUELA PROA ESTUVIERON EN EL PILT - PILT.com.ar\" \/>\n<meta property=\"og:description\" content=\"Alumnos de la instituci\u00f3n educativa, cuya especialidad es el Desarrollo de Software. Un nutrido grupo de alumnos de 5\u00b0 y 6\u00b0 a\u00f1o de la Escuela ProA de Villa Nueva, orientada al Desarrollo de Software, visit\u00f3 el Parque Industrial, Log\u00edstico y Tecnol\u00f3gico Villa Mar\u00eda (PILT), en donde fueron recibidos en primera instancia por el gerente de [&hellip;]\" \/>\n<meta property=\"og:url\" content=\"https:\/\/pilt.com.ar\/parque-industrial\/estudiantes-de-escuela-proa-estuvieron-en-el-pilt\/\" \/>\n<meta property=\"og:site_name\" content=\"PILT.com.ar\" \/>\n<meta property=\"article:published_time\" content=\"2024-09-06T13:39:51+00:00\" \/>\n<meta property=\"article:modified_time\" content=\"2024-09-06T15:32:29+00:00\" \/>\n<meta property=\"og:image\" content=\"https:\/\/i0.wp.com\/pilt.com.ar\/parque-industrial\/wp-content\/uploads\/2024\/09\/WhatsApp-Image-2024-09-05-at-09.08.38.jpeg?fit=1600%2C900&ssl=1\" \/>\n\t<meta property=\"og:image:width\" content=\"1600\" \/>\n\t<meta property=\"og:image:height\" content=\"900\" \/>\n\t<meta property=\"og:image:type\" content=\"image\/jpeg\" \/>\n<meta name=\"author\" content=\"PILT\" \/>\n<meta name=\"twitter:card\" content=\"summary_large_image\" \/>\n<meta name=\"twitter:label1\" content=\"Escrito por\" \/>\n\t<meta name=\"twitter:data1\" content=\"PILT\" \/>\n\t<meta name=\"twitter:label2\" content=\"Tiempo de lectura\" \/>\n\t<meta name=\"twitter:data2\" content=\"1 minuto\" \/>\n<script type=\"application\/ld+json\" class=\"yoast-schema-graph\">{\"@context\":\"https:\\\/\\\/schema.org\",\"@graph\":[{\"@type\":\"Article\",\"@id\":\"https:\\\/\\\/pilt.com.ar\\\/parque-industrial\\\/estudiantes-de-escuela-proa-estuvieron-en-el-pilt\\\/#article\",\"isPartOf\":{\"@id\":\"https:\\\/\\\/pilt.com.ar\\\/parque-industrial\\\/estudiantes-de-escuela-proa-estuvieron-en-el-pilt\\\/\"},\"author\":{\"name\":\"PILT\",\"@id\":\"https:\\\/\\\/pilt.com.ar\\\/parque-industrial\\\/#\\\/schema\\\/person\\\/2dfb9e2464de1c3deef20c25c30a8306\"},\"headline\":\"ESTUDIANTES DE ESCUELA PROA ESTUVIERON EN EL PILT\",\"datePublished\":\"2024-09-06T13:39:51+00:00\",\"dateModified\":\"2024-09-06T15:32:29+00:00\",\"mainEntityOfPage\":{\"@id\":\"https:\\\/\\\/pilt.com.ar\\\/parque-industrial\\\/estudiantes-de-escuela-proa-estuvieron-en-el-pilt\\\/\"},\"wordCount\":179,\"commentCount\":0,\"image\":{\"@id\":\"https:\\\/\\\/pilt.com.ar\\\/parque-industrial\\\/estudiantes-de-escuela-proa-estuvieron-en-el-pilt\\\/#primaryimage\"},\"thumbnailUrl\":\"https:\\\/\\\/i0.wp.com\\\/pilt.com.ar\\\/parque-industrial\\\/wp-content\\\/uploads\\\/2024\\\/09\\\/WhatsApp-Image-2024-09-05-at-09.08.38.jpeg?fit=1600%2C900&ssl=1\",\"articleSection\":[\"Noticias\"],\"inLanguage\":\"es\",\"potentialAction\":[{\"@type\":\"CommentAction\",\"name\":\"Comment\",\"target\":[\"https:\\\/\\\/pilt.com.ar\\\/parque-industrial\\\/estudiantes-de-escuela-proa-estuvieron-en-el-pilt\\\/#respond\"]}]},{\"@type\":\"WebPage\",\"@id\":\"https:\\\/\\\/pilt.com.ar\\\/parque-industrial\\\/estudiantes-de-escuela-proa-estuvieron-en-el-pilt\\\/\",\"url\":\"https:\\\/\\\/pilt.com.ar\\\/parque-industrial\\\/estudiantes-de-escuela-proa-estuvieron-en-el-pilt\\\/\",\"name\":\"ESTUDIANTES DE ESCUELA PROA ESTUVIERON EN EL PILT - PILT.com.ar\",\"isPartOf\":{\"@id\":\"https:\\\/\\\/pilt.com.ar\\\/parque-industrial\\\/#website\"},\"primaryImageOfPage\":{\"@id\":\"https:\\\/\\\/pilt.com.ar\\\/parque-industrial\\\/estudiantes-de-escuela-proa-estuvieron-en-el-pilt\\\/#primaryimage\"},\"image\":{\"@id\":\"https:\\\/\\\/pilt.com.ar\\\/parque-industrial\\\/estudiantes-de-escuela-proa-estuvieron-en-el-pilt\\\/#primaryimage\"},\"thumbnailUrl\":\"https:\\\/\\\/i0.wp.com\\\/pilt.com.ar\\\/parque-industrial\\\/wp-content\\\/uploads\\\/2024\\\/09\\\/WhatsApp-Image-2024-09-05-at-09.08.38.jpeg?fit=1600%2C900&ssl=1\",\"datePublished\":\"2024-09-06T13:39:51+00:00\",\"dateModified\":\"2024-09-06T15:32:29+00:00\",\"author\":{\"@id\":\"https:\\\/\\\/pilt.com.ar\\\/parque-industrial\\\/#\\\/schema\\\/person\\\/2dfb9e2464de1c3deef20c25c30a8306\"},\"inLanguage\":\"es\",\"potentialAction\":[{\"@type\":\"ReadAction\",\"target\":[\"https:\\\/\\\/pilt.com.ar\\\/parque-industrial\\\/estudiantes-de-escuela-proa-estuvieron-en-el-pilt\\\/\"]}]},{\"@type\":\"ImageObject\",\"inLanguage\":\"es\",\"@id\":\"https:\\\/\\\/pilt.com.ar\\\/parque-industrial\\\/estudiantes-de-escuela-proa-estuvieron-en-el-pilt\\\/#primaryimage\",\"url\":\"https:\\\/\\\/i0.wp.com\\\/pilt.com.ar\\\/parque-industrial\\\/wp-content\\\/uploads\\\/2024\\\/09\\\/WhatsApp-Image-2024-09-05-at-09.08.38.jpeg?fit=1600%2C900&ssl=1\",\"contentUrl\":\"https:\\\/\\\/i0.wp.com\\\/pilt.com.ar\\\/parque-industrial\\\/wp-content\\\/uploads\\\/2024\\\/09\\\/WhatsApp-Image-2024-09-05-at-09.08.38.jpeg?fit=1600%2C900&ssl=1\",\"width\":1600,\"height\":900},{\"@type\":\"WebSite\",\"@id\":\"https:\\\/\\\/pilt.com.ar\\\/parque-industrial\\\/#website\",\"url\":\"https:\\\/\\\/pilt.com.ar\\\/parque-industrial\\\/\",\"name\":\"PILT.com.ar\",\"description\":\"Parque Industrial, Log\u00edstico y Tecnol\u00f3gico Villa Mar\u00eda\",\"potentialAction\":[{\"@type\":\"SearchAction\",\"target\":{\"@type\":\"EntryPoint\",\"urlTemplate\":\"https:\\\/\\\/pilt.com.ar\\\/parque-industrial\\\/?s={search_term_string}\"},\"query-input\":{\"@type\":\"PropertyValueSpecification\",\"valueRequired\":true,\"valueName\":\"search_term_string\"}}],\"inLanguage\":\"es\"},{\"@type\":\"Person\",\"@id\":\"https:\\\/\\\/pilt.com.ar\\\/parque-industrial\\\/#\\\/schema\\\/person\\\/2dfb9e2464de1c3deef20c25c30a8306\",\"name\":\"PILT\",\"image\":{\"@type\":\"ImageObject\",\"inLanguage\":\"es\",\"@id\":\"https:\\\/\\\/secure.gravatar.com\\\/avatar\\\/5e3734c8d8c8e0b0d45f923c14a14d7b90521d573d02f0d91360a777095ee42b?s=96&d=mm&r=g\",\"url\":\"https:\\\/\\\/secure.gravatar.com\\\/avatar\\\/5e3734c8d8c8e0b0d45f923c14a14d7b90521d573d02f0d91360a777095ee42b?s=96&d=mm&r=g\",\"contentUrl\":\"https:\\\/\\\/secure.gravatar.com\\\/avatar\\\/5e3734c8d8c8e0b0d45f923c14a14d7b90521d573d02f0d91360a777095ee42b?s=96&d=mm&r=g\",\"caption\":\"PILT\"},\"url\":\"https:\\\/\\\/pilt.com.ar\\\/parque-industrial\\\/author\\\/pilt\\\/\"}]}<\/script>\n<!-- \/ Yoast SEO plugin. -->","yoast_head_json":{"title":"ESTUDIANTES DE ESCUELA PROA ESTUVIERON EN EL PILT - PILT.com.ar","robots":{"index":"index","follow":"follow","max-snippet":"max-snippet:-1","max-image-preview":"max-image-preview:large","max-video-preview":"max-video-preview:-1"},"canonical":"https:\/\/pilt.com.ar\/parque-industrial\/estudiantes-de-escuela-proa-estuvieron-en-el-pilt\/","og_locale":"es_ES","og_type":"article","og_title":"ESTUDIANTES DE ESCUELA PROA ESTUVIERON EN EL PILT - PILT.com.ar","og_description":"Alumnos de la instituci\u00f3n educativa, cuya especialidad es el Desarrollo de Software. Un nutrido grupo de alumnos de 5\u00b0 y 6\u00b0 a\u00f1o de la Escuela ProA de Villa Nueva, orientada al Desarrollo de Software, visit\u00f3 el Parque Industrial, Log\u00edstico y Tecnol\u00f3gico Villa Mar\u00eda (PILT), en donde fueron recibidos en primera instancia por el gerente de [&hellip;]","og_url":"https:\/\/pilt.com.ar\/parque-industrial\/estudiantes-de-escuela-proa-estuvieron-en-el-pilt\/","og_site_name":"PILT.com.ar","article_published_time":"2024-09-06T13:39:51+00:00","article_modified_time":"2024-09-06T15:32:29+00:00","og_image":[{"width":1600,"height":900,"url":"https:\/\/i0.wp.com\/pilt.com.ar\/parque-industrial\/wp-content\/uploads\/2024\/09\/WhatsApp-Image-2024-09-05-at-09.08.38.jpeg?fit=1600%2C900&ssl=1","type":"image\/jpeg"}],"author":"PILT","twitter_card":"summary_large_image","twitter_misc":{"Escrito por":"PILT","Tiempo de lectura":"1 minuto"},"schema":{"@context":"https:\/\/schema.org","@graph":[{"@type":"Article","@id":"https:\/\/pilt.com.ar\/parque-industrial\/estudiantes-de-escuela-proa-estuvieron-en-el-pilt\/#article","isPartOf":{"@id":"https:\/\/pilt.com.ar\/parque-industrial\/estudiantes-de-escuela-proa-estuvieron-en-el-pilt\/"},"author":{"name":"PILT","@id":"https:\/\/pilt.com.ar\/parque-industrial\/#\/schema\/person\/2dfb9e2464de1c3deef20c25c30a8306"},"headline":"ESTUDIANTES DE ESCUELA PROA ESTUVIERON EN EL PILT","datePublished":"2024-09-06T13:39:51+00:00","dateModified":"2024-09-06T15:32:29+00:00","mainEntityOfPage":{"@id":"https:\/\/pilt.com.ar\/parque-industrial\/estudiantes-de-escuela-proa-estuvieron-en-el-pilt\/"},"wordCount":179,"commentCount":0,"image":{"@id":"https:\/\/pilt.com.ar\/parque-industrial\/estudiantes-de-escuela-proa-estuvieron-en-el-pilt\/#primaryimage"},"thumbnailUrl":"https:\/\/i0.wp.com\/pilt.com.ar\/parque-industrial\/wp-content\/uploads\/2024\/09\/WhatsApp-Image-2024-09-05-at-09.08.38.jpeg?fit=1600%2C900&ssl=1","articleSection":["Noticias"],"inLanguage":"es","potentialAction":[{"@type":"CommentAction","name":"Comment","target":["https:\/\/pilt.com.ar\/parque-industrial\/estudiantes-de-escuela-proa-estuvieron-en-el-pilt\/#respond"]}]},{"@type":"WebPage","@id":"https:\/\/pilt.com.ar\/parque-industrial\/estudiantes-de-escuela-proa-estuvieron-en-el-pilt\/","url":"https:\/\/pilt.com.ar\/parque-industrial\/estudiantes-de-escuela-proa-estuvieron-en-el-pilt\/","name":"ESTUDIANTES DE ESCUELA PROA ESTUVIERON EN EL PILT - PILT.com.ar","isPartOf":{"@id":"https:\/\/pilt.com.ar\/parque-industrial\/#website"},"primaryImageOfPage":{"@id":"https:\/\/pilt.com.ar\/parque-industrial\/estudiantes-de-escuela-proa-estuvieron-en-el-pilt\/#primaryimage"},"image":{"@id":"https:\/\/pilt.com.ar\/parque-industrial\/estudiantes-de-escuela-proa-estuvieron-en-el-pilt\/#primaryimage"},"thumbnailUrl":"https:\/\/i0.wp.com\/pilt.com.ar\/parque-industrial\/wp-content\/uploads\/2024\/09\/WhatsApp-Image-2024-09-05-at-09.08.38.jpeg?fit=1600%2C900&ssl=1","datePublished":"2024-09-06T13:39:51+00:00","dateModified":"2024-09-06T15:32:29+00:00","author":{"@id":"https:\/\/pilt.com.ar\/parque-industrial\/#\/schema\/person\/2dfb9e2464de1c3deef20c25c30a8306"},"inLanguage":"es","potentialAction":[{"@type":"ReadAction","target":["https:\/\/pilt.com.ar\/parque-industrial\/estudiantes-de-escuela-proa-estuvieron-en-el-pilt\/"]}]},{"@type":"ImageObject","inLanguage":"es","@id":"https:\/\/pilt.com.ar\/parque-industrial\/estudiantes-de-escuela-proa-estuvieron-en-el-pilt\/#primaryimage","url":"https:\/\/i0.wp.com\/pilt.com.ar\/parque-industrial\/wp-content\/uploads\/2024\/09\/WhatsApp-Image-2024-09-05-at-09.08.38.jpeg?fit=1600%2C900&ssl=1","contentUrl":"https:\/\/i0.wp.com\/pilt.com.ar\/parque-industrial\/wp-content\/uploads\/2024\/09\/WhatsApp-Image-2024-09-05-at-09.08.38.jpeg?fit=1600%2C900&ssl=1","width":1600,"height":900},{"@type":"WebSite","@id":"https:\/\/pilt.com.ar\/parque-industrial\/#website","url":"https:\/\/pilt.com.ar\/parque-industrial\/","name":"PILT.com.ar","description":"Parque Industrial, Log\u00edstico y Tecnol\u00f3gico Villa Mar\u00eda","potentialAction":[{"@type":"SearchAction","target":{"@type":"EntryPoint","urlTemplate":"https:\/\/pilt.com.ar\/parque-industrial\/?s={search_term_string}"},"query-input":{"@type":"PropertyValueSpecification","valueRequired":true,"valueName":"search_term_string"}}],"inLanguage":"es"},{"@type":"Person","@id":"https:\/\/pilt.com.ar\/parque-industrial\/#\/schema\/person\/2dfb9e2464de1c3deef20c25c30a8306","name":"PILT","image":{"@type":"ImageObject","inLanguage":"es","@id":"https:\/\/secure.gravatar.com\/avatar\/5e3734c8d8c8e0b0d45f923c14a14d7b90521d573d02f0d91360a777095ee42b?s=96&d=mm&r=g","url":"https:\/\/secure.gravatar.com\/avatar\/5e3734c8d8c8e0b0d45f923c14a14d7b90521d573d02f0d91360a777095ee42b?s=96&d=mm&r=g","contentUrl":"https:\/\/secure.gravatar.com\/avatar\/5e3734c8d8c8e0b0d45f923c14a14d7b90521d573d02f0d91360a777095ee42b?s=96&d=mm&r=g","caption":"PILT"},"url":"https:\/\/pilt.com.ar\/parque-industrial\/author\/pilt\/"}]}},"jetpack_featured_media_url":"https:\/\/i0.wp.com\/pilt.com.ar\/parque-industrial\/wp-content\/uploads\/2024\/09\/WhatsApp-Image-2024-09-05-at-09.08.38.jpeg?fit=1600%2C900&ssl=1","jetpack_sharing_enabled":true,"_links":{"self":[{"href":"https:\/\/pilt.com.ar\/parque-industrial\/wp-json\/wp\/v2\/posts\/3361","targetHints":{"allow":["GET"]}}],"collection":[{"href":"https:\/\/pilt.com.ar\/parque-industrial\/wp-json\/wp\/v2\/posts"}],"about":[{"href":"https:\/\/pilt.com.ar\/parque-industrial\/wp-json\/wp\/v2\/types\/post"}],"author":[{"embeddable":true,"href":"https:\/\/pilt.com.ar\/parque-industrial\/wp-json\/wp\/v2\/users\/3"}],"replies":[{"embeddable":true,"href":"https:\/\/pilt.com.ar\/parque-industrial\/wp-json\/wp\/v2\/comments?post=3361"}],"version-history":[{"count":1,"href":"https:\/\/pilt.com.ar\/parque-industrial\/wp-json\/wp\/v2\/posts\/3361\/revisions"}],"predecessor-version":[{"id":3363,"href":"https:\/\/pilt.com.ar\/parque-industrial\/wp-json\/wp\/v2\/posts\/3361\/revisions\/3363"}],"wp:featuredmedia":[{"embeddable":true,"href":"https:\/\/pilt.com.ar\/parque-industrial\/wp-json\/wp\/v2\/media\/3362"}],"wp:attachment":[{"href":"https:\/\/pilt.com.ar\/parque-industrial\/wp-json\/wp\/v2\/media?parent=3361"}],"wp:term":[{"taxonomy":"category","embeddable":true,"href":"https:\/\/pilt.com.ar\/parque-industrial\/wp-json\/wp\/v2\/categories?post=3361"},{"taxonomy":"post_tag","embeddable":true,"href":"https:\/\/pilt.com.ar\/parque-industrial\/wp-json\/wp\/v2\/tags?post=3361"}],"curies":[{"name":"wp","href":"https:\/\/api.w.org\/{rel}","templated":true}]}}