{"id":3355,"date":"2024-08-23T16:03:40","date_gmt":"2024-08-23T19:03:40","guid":{"rendered":"https:\/\/pilt.com.ar\/parque-industrial\/?p=3355"},"modified":"2024-08-23T16:03:41","modified_gmt":"2024-08-23T19:03:41","slug":"ya-esta-casi-finalizada-la-nave-de-transporte-ochoa-en-el-pilt","status":"publish","type":"post","link":"https:\/\/pilt.com.ar\/parque-industrial\/ya-esta-casi-finalizada-la-nave-de-transporte-ochoa-en-el-pilt\/","title":{"rendered":"YA EST\u00c1 CASI FINALIZADA LA NAVE DE TRANSPORTE OCHOA EN EL PILT"},"content":{"rendered":"\n<p><em>En pocos d\u00edas m\u00e1s la empresa comenzar\u00e1 a operar desde el Parque, trasladando la flota de camiones.<\/em><\/p>\n\n\n\n<p>La firma Transporte Ochoa, dedicada a cargas generales y log\u00edstica, est\u00e1 culminando los \u00faltimos detalles de la obra concretada en el Parque Industrial, Log\u00edstico y Tecnol\u00f3gico Villa Mar\u00eda (PILT).<\/p>\n\n\n\n<p>Se trata de un galp\u00f3n de 360 metros cuadrados, que se utilizar\u00e1 para el lavado y mantenimiento de los veh\u00edculos. Vale decir que el edificio ya se encuentra construido en su totalidad, con los cerramientos colocados, realiz\u00e1ndose por estas horas tareas necesarias para conectarse a la red el\u00e9ctrica. Seg\u00fan sostuvieron desde la firma, seguramente la pr\u00f3xima semana podr\u00e1n iniciar la mudanza del equipamiento y las unidades al Parque. Con posterioridad, el proyecto contempla la ejecuci\u00f3n de oficinas.<\/p>\n\n\n\n<p>Transporte Ochoa ofrece el servicio de cargas generales y log\u00edstica a todo el territorio nacional y tambi\u00e9n al exterior, particularmente hacia Uruguay.<\/p>\n","protected":false},"excerpt":{"rendered":"<p>En pocos d\u00edas m\u00e1s la empresa comenzar\u00e1 a operar desde el Parque, trasladando la flota de camiones. La firma Transporte Ochoa, dedicada a cargas generales y log\u00edstica, est\u00e1 culminando los \u00faltimos detalles de la obra concretada en el Parque Industrial, Log\u00edstico y Tecnol\u00f3gico Villa Mar\u00eda (PILT). Se trata de un galp\u00f3n de 360 metros cuadrados, [&hellip;]<\/p>\n","protected":false},"author":4,"featured_media":3356,"comment_status":"open","ping_status":"open","sticky":false,"template":"","format":"standard","meta":{"_jetpack_memberships_contains_paid_content":false,"footnotes":""},"categories":[2],"tags":[16],"class_list":["post-3355","post","type-post","status-publish","format-standard","has-post-thumbnail","hentry","category-noticias","tag-obras"],"yoast_head":"<!-- This site is optimized with the Yoast SEO plugin v27.5 - https:\/\/yoast.com\/product\/yoast-seo-wordpress\/ -->\n<title>YA EST\u00c1 CASI FINALIZADA LA NAVE DE TRANSPORTE OCHOA EN EL PILT - PILT.com.ar<\/title>\n<meta name=\"robots\" content=\"index, follow, max-snippet:-1, max-image-preview:large, max-video-preview:-1\" \/>\n<link rel=\"canonical\" href=\"https:\/\/pilt.com.ar\/parque-industrial\/ya-esta-casi-finalizada-la-nave-de-transporte-ochoa-en-el-pilt\/\" \/>\n<meta property=\"og:locale\" content=\"es_ES\" \/>\n<meta property=\"og:type\" content=\"article\" \/>\n<meta property=\"og:title\" content=\"YA EST\u00c1 CASI FINALIZADA LA NAVE DE TRANSPORTE OCHOA EN EL PILT - PILT.com.ar\" \/>\n<meta property=\"og:description\" content=\"En pocos d\u00edas m\u00e1s la empresa comenzar\u00e1 a operar desde el Parque, trasladando la flota de camiones. La firma Transporte Ochoa, dedicada a cargas generales y log\u00edstica, est\u00e1 culminando los \u00faltimos detalles de la obra concretada en el Parque Industrial, Log\u00edstico y Tecnol\u00f3gico Villa Mar\u00eda (PILT). Se trata de un galp\u00f3n de 360 metros cuadrados, [&hellip;]\" \/>\n<meta property=\"og:url\" content=\"https:\/\/pilt.com.ar\/parque-industrial\/ya-esta-casi-finalizada-la-nave-de-transporte-ochoa-en-el-pilt\/\" \/>\n<meta property=\"og:site_name\" content=\"PILT.com.ar\" \/>\n<meta property=\"article:published_time\" content=\"2024-08-23T19:03:40+00:00\" \/>\n<meta property=\"article:modified_time\" content=\"2024-08-23T19:03:41+00:00\" \/>\n<meta property=\"og:image\" content=\"https:\/\/i0.wp.com\/pilt.com.ar\/parque-industrial\/wp-content\/uploads\/2024\/08\/IMG-20240823-WA0037.jpg?fit=1600%2C900&ssl=1\" \/>\n\t<meta property=\"og:image:width\" content=\"1600\" \/>\n\t<meta property=\"og:image:height\" content=\"900\" \/>\n\t<meta property=\"og:image:type\" content=\"image\/jpeg\" \/>\n<meta name=\"author\" content=\"Parque Industrial Villa Maria\" \/>\n<meta name=\"twitter:card\" content=\"summary_large_image\" \/>\n<meta name=\"twitter:label1\" content=\"Escrito por\" \/>\n\t<meta name=\"twitter:data1\" content=\"Parque Industrial Villa Maria\" \/>\n\t<meta name=\"twitter:label2\" content=\"Tiempo de lectura\" \/>\n\t<meta name=\"twitter:data2\" content=\"1 minuto\" \/>\n<script type=\"application\/ld+json\" class=\"yoast-schema-graph\">{\"@context\":\"https:\\\/\\\/schema.org\",\"@graph\":[{\"@type\":\"Article\",\"@id\":\"https:\\\/\\\/pilt.com.ar\\\/parque-industrial\\\/ya-esta-casi-finalizada-la-nave-de-transporte-ochoa-en-el-pilt\\\/#article\",\"isPartOf\":{\"@id\":\"https:\\\/\\\/pilt.com.ar\\\/parque-industrial\\\/ya-esta-casi-finalizada-la-nave-de-transporte-ochoa-en-el-pilt\\\/\"},\"author\":{\"name\":\"Parque Industrial Villa Maria\",\"@id\":\"https:\\\/\\\/pilt.com.ar\\\/parque-industrial\\\/#\\\/schema\\\/person\\\/97af6d67c1a0eb85782ad2e439e29b41\"},\"headline\":\"YA EST\u00c1 CASI FINALIZADA LA NAVE DE TRANSPORTE OCHOA EN EL PILT\",\"datePublished\":\"2024-08-23T19:03:40+00:00\",\"dateModified\":\"2024-08-23T19:03:41+00:00\",\"mainEntityOfPage\":{\"@id\":\"https:\\\/\\\/pilt.com.ar\\\/parque-industrial\\\/ya-esta-casi-finalizada-la-nave-de-transporte-ochoa-en-el-pilt\\\/\"},\"wordCount\":172,\"commentCount\":0,\"image\":{\"@id\":\"https:\\\/\\\/pilt.com.ar\\\/parque-industrial\\\/ya-esta-casi-finalizada-la-nave-de-transporte-ochoa-en-el-pilt\\\/#primaryimage\"},\"thumbnailUrl\":\"https:\\\/\\\/i0.wp.com\\\/pilt.com.ar\\\/parque-industrial\\\/wp-content\\\/uploads\\\/2024\\\/08\\\/IMG-20240823-WA0037.jpg?fit=1600%2C900&ssl=1\",\"keywords\":[\"obras\"],\"articleSection\":[\"Noticias\"],\"inLanguage\":\"es\",\"potentialAction\":[{\"@type\":\"CommentAction\",\"name\":\"Comment\",\"target\":[\"https:\\\/\\\/pilt.com.ar\\\/parque-industrial\\\/ya-esta-casi-finalizada-la-nave-de-transporte-ochoa-en-el-pilt\\\/#respond\"]}]},{\"@type\":\"WebPage\",\"@id\":\"https:\\\/\\\/pilt.com.ar\\\/parque-industrial\\\/ya-esta-casi-finalizada-la-nave-de-transporte-ochoa-en-el-pilt\\\/\",\"url\":\"https:\\\/\\\/pilt.com.ar\\\/parque-industrial\\\/ya-esta-casi-finalizada-la-nave-de-transporte-ochoa-en-el-pilt\\\/\",\"name\":\"YA EST\u00c1 CASI FINALIZADA LA NAVE DE TRANSPORTE OCHOA EN EL PILT - PILT.com.ar\",\"isPartOf\":{\"@id\":\"https:\\\/\\\/pilt.com.ar\\\/parque-industrial\\\/#website\"},\"primaryImageOfPage\":{\"@id\":\"https:\\\/\\\/pilt.com.ar\\\/parque-industrial\\\/ya-esta-casi-finalizada-la-nave-de-transporte-ochoa-en-el-pilt\\\/#primaryimage\"},\"image\":{\"@id\":\"https:\\\/\\\/pilt.com.ar\\\/parque-industrial\\\/ya-esta-casi-finalizada-la-nave-de-transporte-ochoa-en-el-pilt\\\/#primaryimage\"},\"thumbnailUrl\":\"https:\\\/\\\/i0.wp.com\\\/pilt.com.ar\\\/parque-industrial\\\/wp-content\\\/uploads\\\/2024\\\/08\\\/IMG-20240823-WA0037.jpg?fit=1600%2C900&ssl=1\",\"datePublished\":\"2024-08-23T19:03:40+00:00\",\"dateModified\":\"2024-08-23T19:03:41+00:00\",\"author\":{\"@id\":\"https:\\\/\\\/pilt.com.ar\\\/parque-industrial\\\/#\\\/schema\\\/person\\\/97af6d67c1a0eb85782ad2e439e29b41\"},\"inLanguage\":\"es\",\"potentialAction\":[{\"@type\":\"ReadAction\",\"target\":[\"https:\\\/\\\/pilt.com.ar\\\/parque-industrial\\\/ya-esta-casi-finalizada-la-nave-de-transporte-ochoa-en-el-pilt\\\/\"]}]},{\"@type\":\"ImageObject\",\"inLanguage\":\"es\",\"@id\":\"https:\\\/\\\/pilt.com.ar\\\/parque-industrial\\\/ya-esta-casi-finalizada-la-nave-de-transporte-ochoa-en-el-pilt\\\/#primaryimage\",\"url\":\"https:\\\/\\\/i0.wp.com\\\/pilt.com.ar\\\/parque-industrial\\\/wp-content\\\/uploads\\\/2024\\\/08\\\/IMG-20240823-WA0037.jpg?fit=1600%2C900&ssl=1\",\"contentUrl\":\"https:\\\/\\\/i0.wp.com\\\/pilt.com.ar\\\/parque-industrial\\\/wp-content\\\/uploads\\\/2024\\\/08\\\/IMG-20240823-WA0037.jpg?fit=1600%2C900&ssl=1\",\"width\":1600,\"height\":900},{\"@type\":\"WebSite\",\"@id\":\"https:\\\/\\\/pilt.com.ar\\\/parque-industrial\\\/#website\",\"url\":\"https:\\\/\\\/pilt.com.ar\\\/parque-industrial\\\/\",\"name\":\"PILT.com.ar\",\"description\":\"Parque Industrial, Log\u00edstico y Tecnol\u00f3gico Villa Mar\u00eda\",\"potentialAction\":[{\"@type\":\"SearchAction\",\"target\":{\"@type\":\"EntryPoint\",\"urlTemplate\":\"https:\\\/\\\/pilt.com.ar\\\/parque-industrial\\\/?s={search_term_string}\"},\"query-input\":{\"@type\":\"PropertyValueSpecification\",\"valueRequired\":true,\"valueName\":\"search_term_string\"}}],\"inLanguage\":\"es\"},{\"@type\":\"Person\",\"@id\":\"https:\\\/\\\/pilt.com.ar\\\/parque-industrial\\\/#\\\/schema\\\/person\\\/97af6d67c1a0eb85782ad2e439e29b41\",\"name\":\"Parque Industrial Villa Maria\",\"image\":{\"@type\":\"ImageObject\",\"inLanguage\":\"es\",\"@id\":\"https:\\\/\\\/secure.gravatar.com\\\/avatar\\\/aa6b236a85f5b231f19a07958c0bb61a128df42de269157a53304737730551ce?s=96&d=mm&r=g\",\"url\":\"https:\\\/\\\/secure.gravatar.com\\\/avatar\\\/aa6b236a85f5b231f19a07958c0bb61a128df42de269157a53304737730551ce?s=96&d=mm&r=g\",\"contentUrl\":\"https:\\\/\\\/secure.gravatar.com\\\/avatar\\\/aa6b236a85f5b231f19a07958c0bb61a128df42de269157a53304737730551ce?s=96&d=mm&r=g\",\"caption\":\"Parque Industrial Villa Maria\"},\"sameAs\":[\"https:\\\/\\\/pilt.com.ar\\\/\"],\"url\":\"https:\\\/\\\/pilt.com.ar\\\/parque-industrial\\\/author\\\/pilt2\\\/\"}]}<\/script>\n<!-- \/ Yoast SEO plugin. -->","yoast_head_json":{"title":"YA EST\u00c1 CASI FINALIZADA LA NAVE DE TRANSPORTE OCHOA EN EL PILT - PILT.com.ar","robots":{"index":"index","follow":"follow","max-snippet":"max-snippet:-1","max-image-preview":"max-image-preview:large","max-video-preview":"max-video-preview:-1"},"canonical":"https:\/\/pilt.com.ar\/parque-industrial\/ya-esta-casi-finalizada-la-nave-de-transporte-ochoa-en-el-pilt\/","og_locale":"es_ES","og_type":"article","og_title":"YA EST\u00c1 CASI FINALIZADA LA NAVE DE TRANSPORTE OCHOA EN EL PILT - PILT.com.ar","og_description":"En pocos d\u00edas m\u00e1s la empresa comenzar\u00e1 a operar desde el Parque, trasladando la flota de camiones. La firma Transporte Ochoa, dedicada a cargas generales y log\u00edstica, est\u00e1 culminando los \u00faltimos detalles de la obra concretada en el Parque Industrial, Log\u00edstico y Tecnol\u00f3gico Villa Mar\u00eda (PILT). Se trata de un galp\u00f3n de 360 metros cuadrados, [&hellip;]","og_url":"https:\/\/pilt.com.ar\/parque-industrial\/ya-esta-casi-finalizada-la-nave-de-transporte-ochoa-en-el-pilt\/","og_site_name":"PILT.com.ar","article_published_time":"2024-08-23T19:03:40+00:00","article_modified_time":"2024-08-23T19:03:41+00:00","og_image":[{"width":1600,"height":900,"url":"https:\/\/i0.wp.com\/pilt.com.ar\/parque-industrial\/wp-content\/uploads\/2024\/08\/IMG-20240823-WA0037.jpg?fit=1600%2C900&ssl=1","type":"image\/jpeg"}],"author":"Parque Industrial Villa Maria","twitter_card":"summary_large_image","twitter_misc":{"Escrito por":"Parque Industrial Villa Maria","Tiempo de lectura":"1 minuto"},"schema":{"@context":"https:\/\/schema.org","@graph":[{"@type":"Article","@id":"https:\/\/pilt.com.ar\/parque-industrial\/ya-esta-casi-finalizada-la-nave-de-transporte-ochoa-en-el-pilt\/#article","isPartOf":{"@id":"https:\/\/pilt.com.ar\/parque-industrial\/ya-esta-casi-finalizada-la-nave-de-transporte-ochoa-en-el-pilt\/"},"author":{"name":"Parque Industrial Villa Maria","@id":"https:\/\/pilt.com.ar\/parque-industrial\/#\/schema\/person\/97af6d67c1a0eb85782ad2e439e29b41"},"headline":"YA EST\u00c1 CASI FINALIZADA LA NAVE DE TRANSPORTE OCHOA EN EL PILT","datePublished":"2024-08-23T19:03:40+00:00","dateModified":"2024-08-23T19:03:41+00:00","mainEntityOfPage":{"@id":"https:\/\/pilt.com.ar\/parque-industrial\/ya-esta-casi-finalizada-la-nave-de-transporte-ochoa-en-el-pilt\/"},"wordCount":172,"commentCount":0,"image":{"@id":"https:\/\/pilt.com.ar\/parque-industrial\/ya-esta-casi-finalizada-la-nave-de-transporte-ochoa-en-el-pilt\/#primaryimage"},"thumbnailUrl":"https:\/\/i0.wp.com\/pilt.com.ar\/parque-industrial\/wp-content\/uploads\/2024\/08\/IMG-20240823-WA0037.jpg?fit=1600%2C900&ssl=1","keywords":["obras"],"articleSection":["Noticias"],"inLanguage":"es","potentialAction":[{"@type":"CommentAction","name":"Comment","target":["https:\/\/pilt.com.ar\/parque-industrial\/ya-esta-casi-finalizada-la-nave-de-transporte-ochoa-en-el-pilt\/#respond"]}]},{"@type":"WebPage","@id":"https:\/\/pilt.com.ar\/parque-industrial\/ya-esta-casi-finalizada-la-nave-de-transporte-ochoa-en-el-pilt\/","url":"https:\/\/pilt.com.ar\/parque-industrial\/ya-esta-casi-finalizada-la-nave-de-transporte-ochoa-en-el-pilt\/","name":"YA EST\u00c1 CASI FINALIZADA LA NAVE DE TRANSPORTE OCHOA EN EL PILT - PILT.com.ar","isPartOf":{"@id":"https:\/\/pilt.com.ar\/parque-industrial\/#website"},"primaryImageOfPage":{"@id":"https:\/\/pilt.com.ar\/parque-industrial\/ya-esta-casi-finalizada-la-nave-de-transporte-ochoa-en-el-pilt\/#primaryimage"},"image":{"@id":"https:\/\/pilt.com.ar\/parque-industrial\/ya-esta-casi-finalizada-la-nave-de-transporte-ochoa-en-el-pilt\/#primaryimage"},"thumbnailUrl":"https:\/\/i0.wp.com\/pilt.com.ar\/parque-industrial\/wp-content\/uploads\/2024\/08\/IMG-20240823-WA0037.jpg?fit=1600%2C900&ssl=1","datePublished":"2024-08-23T19:03:40+00:00","dateModified":"2024-08-23T19:03:41+00:00","author":{"@id":"https:\/\/pilt.com.ar\/parque-industrial\/#\/schema\/person\/97af6d67c1a0eb85782ad2e439e29b41"},"inLanguage":"es","potentialAction":[{"@type":"ReadAction","target":["https:\/\/pilt.com.ar\/parque-industrial\/ya-esta-casi-finalizada-la-nave-de-transporte-ochoa-en-el-pilt\/"]}]},{"@type":"ImageObject","inLanguage":"es","@id":"https:\/\/pilt.com.ar\/parque-industrial\/ya-esta-casi-finalizada-la-nave-de-transporte-ochoa-en-el-pilt\/#primaryimage","url":"https:\/\/i0.wp.com\/pilt.com.ar\/parque-industrial\/wp-content\/uploads\/2024\/08\/IMG-20240823-WA0037.jpg?fit=1600%2C900&ssl=1","contentUrl":"https:\/\/i0.wp.com\/pilt.com.ar\/parque-industrial\/wp-content\/uploads\/2024\/08\/IMG-20240823-WA0037.jpg?fit=1600%2C900&ssl=1","width":1600,"height":900},{"@type":"WebSite","@id":"https:\/\/pilt.com.ar\/parque-industrial\/#website","url":"https:\/\/pilt.com.ar\/parque-industrial\/","name":"PILT.com.ar","description":"Parque Industrial, Log\u00edstico y Tecnol\u00f3gico Villa Mar\u00eda","potentialAction":[{"@type":"SearchAction","target":{"@type":"EntryPoint","urlTemplate":"https:\/\/pilt.com.ar\/parque-industrial\/?s={search_term_string}"},"query-input":{"@type":"PropertyValueSpecification","valueRequired":true,"valueName":"search_term_string"}}],"inLanguage":"es"},{"@type":"Person","@id":"https:\/\/pilt.com.ar\/parque-industrial\/#\/schema\/person\/97af6d67c1a0eb85782ad2e439e29b41","name":"Parque Industrial Villa Maria","image":{"@type":"ImageObject","inLanguage":"es","@id":"https:\/\/secure.gravatar.com\/avatar\/aa6b236a85f5b231f19a07958c0bb61a128df42de269157a53304737730551ce?s=96&d=mm&r=g","url":"https:\/\/secure.gravatar.com\/avatar\/aa6b236a85f5b231f19a07958c0bb61a128df42de269157a53304737730551ce?s=96&d=mm&r=g","contentUrl":"https:\/\/secure.gravatar.com\/avatar\/aa6b236a85f5b231f19a07958c0bb61a128df42de269157a53304737730551ce?s=96&d=mm&r=g","caption":"Parque Industrial Villa Maria"},"sameAs":["https:\/\/pilt.com.ar\/"],"url":"https:\/\/pilt.com.ar\/parque-industrial\/author\/pilt2\/"}]}},"jetpack_featured_media_url":"https:\/\/i0.wp.com\/pilt.com.ar\/parque-industrial\/wp-content\/uploads\/2024\/08\/IMG-20240823-WA0037.jpg?fit=1600%2C900&ssl=1","jetpack_sharing_enabled":true,"_links":{"self":[{"href":"https:\/\/pilt.com.ar\/parque-industrial\/wp-json\/wp\/v2\/posts\/3355","targetHints":{"allow":["GET"]}}],"collection":[{"href":"https:\/\/pilt.com.ar\/parque-industrial\/wp-json\/wp\/v2\/posts"}],"about":[{"href":"https:\/\/pilt.com.ar\/parque-industrial\/wp-json\/wp\/v2\/types\/post"}],"author":[{"embeddable":true,"href":"https:\/\/pilt.com.ar\/parque-industrial\/wp-json\/wp\/v2\/users\/4"}],"replies":[{"embeddable":true,"href":"https:\/\/pilt.com.ar\/parque-industrial\/wp-json\/wp\/v2\/comments?post=3355"}],"version-history":[{"count":1,"href":"https:\/\/pilt.com.ar\/parque-industrial\/wp-json\/wp\/v2\/posts\/3355\/revisions"}],"predecessor-version":[{"id":3357,"href":"https:\/\/pilt.com.ar\/parque-industrial\/wp-json\/wp\/v2\/posts\/3355\/revisions\/3357"}],"wp:featuredmedia":[{"embeddable":true,"href":"https:\/\/pilt.com.ar\/parque-industrial\/wp-json\/wp\/v2\/media\/3356"}],"wp:attachment":[{"href":"https:\/\/pilt.com.ar\/parque-industrial\/wp-json\/wp\/v2\/media?parent=3355"}],"wp:term":[{"taxonomy":"category","embeddable":true,"href":"https:\/\/pilt.com.ar\/parque-industrial\/wp-json\/wp\/v2\/categories?post=3355"},{"taxonomy":"post_tag","embeddable":true,"href":"https:\/\/pilt.com.ar\/parque-industrial\/wp-json\/wp\/v2\/tags?post=3355"}],"curies":[{"name":"wp","href":"https:\/\/api.w.org\/{rel}","templated":true}]}}